{"id":8274,"date":"2025-07-23T12:12:25","date_gmt":"2025-07-23T10:12:25","guid":{"rendered":"https:\/\/www.tunisie-chirurgie-esthetique.com\/blog\/?p=8274"},"modified":"2025-07-23T12:20:51","modified_gmt":"2025-07-23T10:20:51","slug":"facetite-tunisie","status":"publish","type":"post","link":"https:\/\/www.tunisie-chirurgie-esthetique.com\/blog\/facetite-tunisie\/","title":{"rendered":"FaceTite : Redessinez l\u2019Ovale de Votre Visage et Rajeunissez Votre Cou, Sans Chirurgie Lourde"},"content":{"rendered":"<div id=\"ez-toc-container\" class=\"ez-toc-v2_0_82_2 counter-hierarchy ez-toc-counter ez-toc-light-blue ez-toc-container-direction\">\n<div class=\"ez-toc-title-container\">\n<p class=\"ez-toc-title ez-toc-toggle\" style=\"cursor:pointer\">Sommaire<\/p>\n<span class=\"ez-toc-title-toggle\"><a href=\"#\" class=\"ez-toc-pull-right ez-toc-btn ez-toc-btn-xs ez-toc-btn-default ez-toc-toggle\" aria-label=\"Toggle Table of Content\"><span class=\"ez-toc-js-icon-con\"><span class=\"\"><span class=\"eztoc-hide\" style=\"display:none;\">Toggle<\/span><span class=\"ez-toc-icon-toggle-span\"><svg style=\"fill: #999;color:#999\" xmlns=\"http:\/\/www.w3.org\/2000\/svg\" class=\"list-377408\" width=\"20px\" height=\"20px\" viewBox=\"0 0 24 24\" fill=\"none\"><path d=\"M6 6H4v2h2V6zm14 0H8v2h12V6zM4 11h2v2H4v-2zm16 0H8v2h12v-2zM4 16h2v2H4v-2zm16 0H8v2h12v-2z\" fill=\"currentColor\"><\/path><\/svg><svg style=\"fill: #999;color:#999\" class=\"arrow-unsorted-368013\" xmlns=\"http:\/\/www.w3.org\/2000\/svg\" width=\"10px\" height=\"10px\" viewBox=\"0 0 24 24\" version=\"1.2\" baseProfile=\"tiny\"><path d=\"M18.2 9.3l-6.2-6.3-6.2 6.3c-.2.2-.3.4-.3.7s.1.5.3.7c.2.2.4.3.7.3h11c.3 0 .5-.1.7-.3.2-.2.3-.5.3-.7s-.1-.5-.3-.7zM5.8 14.7l6.2 6.3 6.2-6.3c.2-.2.3-.5.3-.7s-.1-.5-.3-.7c-.2-.2-.4-.3-.7-.3h-11c-.3 0-.5.1-.7.3-.2.2-.3.5-.3.7s.1.5.3.7z\"\/><\/svg><\/span><\/span><\/span><\/a><\/span><\/div>\n<nav><ul class='ez-toc-list ez-toc-list-level-1 eztoc-toggle-hide-by-default' ><li class='ez-toc-page-1 ez-toc-heading-level-2'><a class=\"ez-toc-link ez-toc-heading-1\" href=\"https:\/\/www.tunisie-chirurgie-esthetique.com\/blog\/facetite-tunisie\/#Quest-ce_que_le_FaceTite\" >Qu\u2019est-ce que le FaceTite ?<\/a><\/li><li class='ez-toc-page-1 ez-toc-heading-level-2'><a class=\"ez-toc-link ez-toc-heading-2\" href=\"https:\/\/www.tunisie-chirurgie-esthetique.com\/blog\/facetite-tunisie\/#Pourquoi_choisir_FaceTite\" >Pourquoi choisir FaceTite ?<\/a><\/li><li class='ez-toc-page-1 ez-toc-heading-level-2'><a class=\"ez-toc-link ez-toc-heading-3\" href=\"https:\/\/www.tunisie-chirurgie-esthetique.com\/blog\/facetite-tunisie\/#Comment_se_deroule_une_seance_FaceTite\" >Comment se d\u00e9roule une s\u00e9ance FaceTite ?<\/a><\/li><li class='ez-toc-page-1 ez-toc-heading-level-2'><a class=\"ez-toc-link ez-toc-heading-4\" href=\"https:\/\/www.tunisie-chirurgie-esthetique.com\/blog\/facetite-tunisie\/#FaceTite_en_Tunisie_la_qualite_a_prix_doux\" >FaceTite en Tunisie : la qualit\u00e9 \u00e0 prix doux<\/a><ul class='ez-toc-list-level-3' ><li class='ez-toc-heading-level-3'><a class=\"ez-toc-link ez-toc-heading-5\" href=\"https:\/\/www.tunisie-chirurgie-esthetique.com\/blog\/facetite-tunisie\/#Dr_Youssef_Gam_Votre_Reference_du_FaceTite_en_Tunisie\" >Dr Youssef Gam : Votre R\u00e9f\u00e9rence du FaceTite en Tunisie<\/a><\/li><\/ul><\/li><li class='ez-toc-page-1 ez-toc-heading-level-2'><a class=\"ez-toc-link ez-toc-heading-6\" href=\"https:\/\/www.tunisie-chirurgie-esthetique.com\/blog\/facetite-tunisie\/#FAQ_FaceTite_ce_que_vous_vous_demandez_souvent\" >FAQ FaceTite : ce que vous vous demandez souvent<\/a><\/li><li class='ez-toc-page-1 ez-toc-heading-level-2'><a class=\"ez-toc-link ez-toc-heading-7\" href=\"https:\/\/www.tunisie-chirurgie-esthetique.com\/blog\/facetite-tunisie\/#Prete_a_redessiner_votre_visage_et_a_retrouver_confiance_en_vous\" >Pr\u00eat(e) \u00e0 redessiner votre visage et \u00e0 retrouver confiance en vous ?<\/a><\/li><\/ul><\/nav><\/div>\n<p>Avec le temps, notre visage \u00e9volue : les contours s\u2019adoucissent, la peau perd de sa tonicit\u00e9, un double menton s\u2019installe parfois, et le cou se rel\u00e2che. Ces petits changements, bien que naturels, peuvent \u00e9branler la confiance en soi. Mais si l\u2019id\u00e9e d\u2019un lifting chirurgical vous semble trop radicale ou si vous recherchez une alternative plus douce, sachez qu\u2019une innovation existe : le <strong>FaceTite<\/strong>.<\/p>\n<p>Imaginez-vous devant le miroir, d\u00e9couvrant un visage plus frais, des traits red\u00e9finis, sans cicatrices visibles ni p\u00e9riode de convalescence interminable. Le FaceTite, c\u2019est la promesse d\u2019une peau plus ferme, d\u2019un ovale redessin\u00e9 et d\u2019un cou rajeuni, gr\u00e2ce \u00e0 une technologie de pointe, s\u00fbre et respectueuse de votre naturel.<\/p>\n<h2><span class=\"ez-toc-section\" id=\"Quest-ce_que_le_FaceTite\"><\/span>Qu\u2019est-ce que le FaceTite ?<span class=\"ez-toc-section-end\"><\/span><\/h2>\n<p>Le FaceTite est une proc\u00e9dure mini-invasive de <strong><a href=\"https:\/\/www.tunisie-chirurgie-esthetique.com\/blog\/chirurgie-esthetique-sans-cicatrices\/\">m\u00e9decine esth\u00e9tique<\/a><\/strong> qui utilise l\u2019\u00e9nergie de la radiofr\u00e9quence pour retendre la peau et cibler les exc\u00e8s graisseux localis\u00e9s au niveau du visage et du cou. Concr\u00e8tement, une fine canule est introduite sous la peau via une minuscule incision (environ 2 mm), pendant qu\u2019une \u00e9lectrode externe glisse \u00e0 la surface. Ce duo \u00e9met une radiofr\u00e9quence contr\u00f4l\u00e9e qui chauffe les tissus en profondeur et en surface, provoquant un double effet :<\/p>\n<ul>\n<li><strong>Retendre la peau de fa\u00e7on imm\u00e9diate<\/strong> en contractant les fibres de collag\u00e8ne,<\/li>\n<li><strong>Stimuler la production de nouveau collag\u00e8ne<\/strong> pour un r\u00e9sultat qui s\u2019am\u00e9liore naturellement dans le temps.<br \/>\nEn parall\u00e8le, la chaleur liqu\u00e9fie les petits amas graisseux, qui sont ensuite aspir\u00e9s ou \u00e9limin\u00e9s naturellement par l\u2019organisme.<\/li>\n<\/ul>\n<p>Cette technique agit donc \u00e0 la fois sur la fermet\u00e9 de la peau et sur la r\u00e9duction des graisses, pour un remodelage global du visage et du cou, tout en restant douce et s\u00e9curis\u00e9e.<\/p>\n<h2><span class=\"ez-toc-section\" id=\"Pourquoi_choisir_FaceTite\"><\/span>Pourquoi choisir FaceTite ?<span class=\"ez-toc-section-end\"><\/span><\/h2>\n<p><strong>FaceTite s\u00e9duit de plus en plus pour plusieurs raisons fortes :<\/strong><\/p>\n<ul>\n<li><strong>Alternative au lifting chirurgical<\/strong> : pas d\u2019incisions majeures, ni d\u2019anesth\u00e9sie g\u00e9n\u00e9rale, ni longue convalescence.<\/li>\n<li><strong>R\u00e9sultats naturels et progressifs<\/strong> : la transformation se fait en douceur, au fil des semaines, personne ne saura \u201cce qui a chang\u00e9\u201d chez vous.<\/li>\n<li><strong>Efficace sur le rel\u00e2chement et les exc\u00e8s graisseux<\/strong> : adieu <a href=\"https:\/\/www.tunisie-chirurgie-esthetique.com\/blog\/chirurgie-double-menton\/\"><strong>double menton<\/strong><\/a> ou bajoues, bonjour ovale net et cou ferme.<\/li>\n<li><strong>Temps de r\u00e9cup\u00e9ration court<\/strong> : la plupart des patients reprennent une vie normale en 1 \u00e0 2 jours.<\/li>\n<li><strong>Pas de cicatrices visibles<\/strong> : les incisions sont minuscules et plac\u00e9es discr\u00e8tement.<\/li>\n<li><strong>R\u00e9sultats durables<\/strong> : souvent, une seule s\u00e9ance suffit, avec des effets qui persistent plusieurs ann\u00e9es.<\/li>\n<li><strong>Polyvalence<\/strong> : visage, cou, menton, contour de la m\u00e2choire, tout peut \u00eatre trait\u00e9.<\/li>\n<li><strong>Traitement personnalisable<\/strong> : FaceTite peut \u00eatre combin\u00e9 \u00e0 d\u2019autres soins (liposuccion, Morpheus8, peelings\u2026) pour un effet sur mesure.<\/li>\n<\/ul>\n<h2><span class=\"ez-toc-section\" id=\"Comment_se_deroule_une_seance_FaceTite\"><\/span>Comment se d\u00e9roule une s\u00e9ance FaceTite ?<span class=\"ez-toc-section-end\"><\/span><\/h2>\n<ol>\n<li><strong>Consultation personnalis\u00e9e<\/strong> : \u00e9change avec un chirurgien esth\u00e9tique qui \u00e9value vos besoins, vos attentes et v\u00e9rifie l\u2019absence de contre-indications.<\/li>\n<li><strong>Jour J<\/strong> : anesth\u00e9sie locale, trac\u00e9 des zones \u00e0 traiter, puis intervention d\u2019environ 45 minutes \u00e0 2 heures.<\/li>\n<li><strong>Proc\u00e9dure<\/strong> : insertion de la canule, \u00e9mission de radiofr\u00e9quence, aspiration \u00e9ventuelle de la graisse.<\/li>\n<li><strong>Suites l\u00e9g\u00e8res<\/strong> : \u0153d\u00e8me, petites ecchymoses et sensibilit\u00e9 disparaissent g\u00e9n\u00e9ralement en quelques jours. Retour aux activit\u00e9s d\u00e8s 1 \u00e0 2 jours.<\/li>\n<li><strong>R\u00e9sultats<\/strong> : am\u00e9lioration visible d\u00e8s la premi\u00e8re semaine, optimal entre 3 et 6 mois, durable jusqu\u2019\u00e0 5 ans.<\/li>\n<\/ol>\n<p style=\"text-align: center;\"><img loading=\"lazy\" decoding=\"async\" class=\"alignnone size-large wp-image-8279\" src=\"https:\/\/www.tunisie-chirurgie-esthetique.com\/blog\/wp-content\/uploads\/2025\/07\/resultat-facetite-1024x413.jpg\" alt=\"\" width=\"640\" height=\"258\" srcset=\"https:\/\/www.tunisie-chirurgie-esthetique.com\/blog\/wp-content\/uploads\/2025\/07\/resultat-facetite-1024x413.jpg 1024w, https:\/\/www.tunisie-chirurgie-esthetique.com\/blog\/wp-content\/uploads\/2025\/07\/resultat-facetite-300x121.jpg 300w, https:\/\/www.tunisie-chirurgie-esthetique.com\/blog\/wp-content\/uploads\/2025\/07\/resultat-facetite-768x310.jpg 768w, https:\/\/www.tunisie-chirurgie-esthetique.com\/blog\/wp-content\/uploads\/2025\/07\/resultat-facetite-1536x620.jpg 1536w, https:\/\/www.tunisie-chirurgie-esthetique.com\/blog\/wp-content\/uploads\/2025\/07\/resultat-facetite.jpg 1920w\" sizes=\"auto, (max-width: 640px) 100vw, 640px\" \/><\/p>\n<h2><span class=\"ez-toc-section\" id=\"FaceTite_en_Tunisie_la_qualite_a_prix_doux\"><\/span>FaceTite en Tunisie : la qualit\u00e9 \u00e0 prix doux<span class=\"ez-toc-section-end\"><\/span><\/h2>\n<p>La Tunisie s\u2019est impos\u00e9e comme une destination de r\u00e9f\u00e9rence pour la m\u00e9decine esth\u00e9tique, alliant qualit\u00e9 des soins, expertise m\u00e9dicale et tarifs tr\u00e8s comp\u00e9titifs. Le co\u00fbt d\u2019un FaceTite y commence autour de 1500 \u20ac et varie selon l\u2019\u00e9tendue du traitement, la r\u00e9putation de la clinique et les prestations incluses (h\u00e9bergement, suivi, etc.). Avant tout engagement, un devis d\u00e9taill\u00e9 et personnalis\u00e9 vous est remis pour une totale transparence.<\/p>\n<h3><span class=\"ez-toc-section\" id=\"Dr_Youssef_Gam_Votre_Reference_du_FaceTite_en_Tunisie\"><\/span>Dr Youssef Gam : Votre R\u00e9f\u00e9rence du FaceTite en Tunisie<span class=\"ez-toc-section-end\"><\/span><\/h3>\n<p>Choisir le bon praticien est essentiel pour garantir des r\u00e9sultats naturels, harmonieux et une exp\u00e9rience en toute s\u00e9curit\u00e9. Le <a href=\"https:\/\/www.tunisie-chirurgie-esthetique.com\/dr-youssef-gam\"><strong>Dr Youssef Gam<\/strong><\/a> s\u2019est impos\u00e9 comme l\u2019un des sp\u00e9cialistes incontournables du FaceTite en Tunisie. Fort d\u2019une solide formation en chirurgie esth\u00e9tique et d\u2019une exp\u00e9rience reconnue \u00e0 l\u2019international, il se distingue par sa ma\u00eetrise des techniques les plus innovantes de rajeunissement facial mini-invasif. \u00c0 l\u2019\u00e9coute de ses patients, le Dr Gam accorde une importance particuli\u00e8re \u00e0 la personnalisation du traitement et au suivi attentif de chaque cas. Sa r\u00e9putation repose sur la qualit\u00e9 de ses r\u00e9sultats, son sens du d\u00e9tail et son approche humaine, rassurante et \u00e9thique. Entre ses mains expertes, vous b\u00e9n\u00e9ficiez d\u2019une prise en charge globale, du premier rendez-vous jusqu\u2019au suivi post-intervention, pour une exp\u00e9rience FaceTite en toute confiance et en toute s\u00e9r\u00e9nit\u00e9.<\/p>\n<p style=\"text-align: center;\"><a class=\"maxbutton-1 maxbutton maxbutton-devis\" target=\"_blank\" rel=\"noopener\" href=\"https:\/\/www.tunisie-chirurgie-esthetique.com\/devis\"><span class='mb-text'>Contacter Dr. GAM<\/span><\/a><\/p>\n<h2><span class=\"ez-toc-section\" id=\"FAQ_FaceTite_ce_que_vous_vous_demandez_souvent\"><\/span>FAQ FaceTite : ce que vous vous demandez souvent<span class=\"ez-toc-section-end\"><\/span><\/h2>\n<p><strong>Le FaceTite est-il douloureux ?<\/strong><br \/>\nLa proc\u00e9dure se d\u00e9roule sous anesth\u00e9sie locale, et les douleurs post-intervention sont minimes, comparables \u00e0 de l\u00e9g\u00e8res courbatures.<\/p>\n<p><strong>Les cicatrices sont-elles visibles ?<\/strong><br \/>\nNon : les incisions font \u00e0 peine 2 mm et sont plac\u00e9es sous le menton ou les oreilles, elles deviennent invisibles apr\u00e8s la cicatrisation.<\/p>\n<p><strong>Combien de temps durent les r\u00e9sultats ?<\/strong><br \/>\nEntre 3 et 5 ans, parfois plus, selon votre hygi\u00e8ne de vie et l\u2019entretien de votre peau.<\/p>\n<p><strong>Qui peut b\u00e9n\u00e9ficier du FaceTite ?<\/strong><br \/>\nToute personne pr\u00e9sentant un rel\u00e2chement l\u00e9ger \u00e0 mod\u00e9r\u00e9 et\/ou de petits exc\u00e8s graisseux localis\u00e9s, g\u00e9n\u00e9ralement entre 35 et 70 ans.<\/p>\n<p><strong>Quand verrai-je les premiers effets ?<\/strong><br \/>\nUne am\u00e9lioration est visible d\u00e8s la premi\u00e8re semaine, mais l\u2019effet liftant maximal s\u2019observe entre 3 et 6 mois.<\/p>\n<p><strong>Le FaceTite remplace-t-il un lifting ?<\/strong><br \/>\nIl s\u2019en approche pour les rel\u00e2chements mod\u00e9r\u00e9s, mais ne peut \u00e9galer un lifting chirurgical complet dans les cas tr\u00e8s avanc\u00e9s.<\/p>\n<p><strong>Peut-on combiner FaceTite avec d\u2019autres soins ?<\/strong><br \/>\nAbsolument : liposuccion cibl\u00e9e, Morpheus8, injections d\u2019acide hyaluronique\u2026 pour un r\u00e9sultat harmonieux et global.<\/p>\n<h2><span class=\"ez-toc-section\" id=\"Prete_a_redessiner_votre_visage_et_a_retrouver_confiance_en_vous\"><\/span>Pr\u00eat(e) \u00e0 redessiner votre visage et \u00e0 retrouver confiance en vous ?<span class=\"ez-toc-section-end\"><\/span><\/h2>\n<p>Notre \u00e9quipe vous accompagne \u00e0 chaque \u00e9tape, de la premi\u00e8re consultation au suivi post-traitement. N\u2019h\u00e9sitez plus : contactez-nous pour un rendez-vous personnalis\u00e9, et faites le choix d\u2019un rajeunissement naturel, sans chirurgie lourde. Votre nouvelle jeunesse commence ici.<\/p>\n<p style=\"text-align: center;\"><a class=\"maxbutton-1 maxbutton maxbutton-devis\" target=\"_blank\" rel=\"noopener\" href=\"https:\/\/www.tunisie-chirurgie-esthetique.com\/devis\"><span class='mb-text'>Devis Gratuit !<\/span><\/a><\/p>\n","protected":false},"excerpt":{"rendered":"<p>Avec le temps, notre visage \u00e9volue : les contours s\u2019adoucissent, la peau perd de sa tonicit\u00e9, un double menton s\u2019installe parfois, et le cou se rel\u00e2che. Ces petits changements, bien que naturels, peuvent \u00e9branler la confiance en soi. Mais si l\u2019id\u00e9e d\u2019un lifting chirurgical vous semble trop radicale ou si vous recherchez une alternative plus [&hellip;]<\/p>\n","protected":false},"author":1,"featured_media":8278,"comment_status":"closed","ping_status":"closed","sticky":false,"template":"","format":"standard","meta":{"rop_custom_images_group":[],"rop_custom_messages_group":[],"rop_publish_now":"initial","rop_publish_now_accounts":{"facebook_2803965346576775_1735562453331861":"","twitter_4255985368_4255985368":""},"rop_publish_now_history":[],"rop_publish_now_status":"pending","footnotes":""},"categories":[3134,3363],"tags":[],"class_list":["post-8274","post","type-post","status-publish","format-standard","has-post-thumbnail","hentry","category-chirurgie-esthetique-plastique","category-chirurgie-esthetique-au-canada"],"yoast_head":"<!-- This site is optimized with the Yoast SEO plugin v27.4 - https:\/\/yoast.com\/product\/yoast-seo-wordpress\/ -->\n<title>FaceTite Tunisie : Rajeunissement Visage et Cou avec Dr Youssef Gam<\/title>\n<meta name=\"description\" content=\"D\u00e9couvrez le FaceTite en Tunisie avec le Dr Youssef Gam : une solution mini-invasive pour raffermir visage et cou, sans chirurgie lourde. R\u00e9sultats naturels et durables.\" \/>\n<meta name=\"robots\" content=\"index, follow, max-snippet:-1, max-image-preview:large, max-video-preview:-1\" \/>\n<link rel=\"canonical\" href=\"https:\/\/www.tunisie-chirurgie-esthetique.com\/blog\/facetite-tunisie\/\" \/>\n<meta property=\"og:locale\" content=\"fr_FR\" \/>\n<meta property=\"og:type\" content=\"article\" \/>\n<meta property=\"og:title\" content=\"FaceTite Tunisie : Rajeunissement Visage et Cou avec Dr Youssef Gam\" \/>\n<meta property=\"og:description\" content=\"D\u00e9couvrez le FaceTite en Tunisie avec le Dr Youssef Gam : une solution mini-invasive pour raffermir visage et cou, sans chirurgie lourde. R\u00e9sultats naturels et durables.\" \/>\n<meta property=\"og:url\" content=\"https:\/\/www.tunisie-chirurgie-esthetique.com\/blog\/facetite-tunisie\/\" \/>\n<meta property=\"og:site_name\" content=\"Actualit\u00e9s Chirurgie Esth\u00e9tique Tunisie\" \/>\n<meta property=\"article:publisher\" content=\"https:\/\/www.facebook.com\/TCETUNISIE\/\" \/>\n<meta property=\"article:published_time\" content=\"2025-07-23T10:12:25+00:00\" \/>\n<meta property=\"article:modified_time\" content=\"2025-07-23T10:20:51+00:00\" \/>\n<meta property=\"og:image\" content=\"https:\/\/www.tunisie-chirurgie-esthetique.com\/blog\/wp-content\/uploads\/2025\/07\/facetite-prix-tunisie.webp\" \/>\n\t<meta property=\"og:image:width\" content=\"1125\" \/>\n\t<meta property=\"og:image:height\" content=\"750\" \/>\n\t<meta property=\"og:image:type\" content=\"image\/webp\" \/>\n<meta name=\"author\" content=\"Dina Legrand\" \/>\n<meta name=\"twitter:card\" content=\"summary_large_image\" \/>\n<meta name=\"twitter:creator\" content=\"@Tunisie_CE\" \/>\n<meta name=\"twitter:site\" content=\"@Tunisie_CE\" \/>\n<meta name=\"twitter:label1\" content=\"\u00c9crit par\" \/>\n\t<meta name=\"twitter:data1\" content=\"Dina Legrand\" \/>\n\t<meta name=\"twitter:label2\" content=\"Dur\u00e9e de lecture estim\u00e9e\" \/>\n\t<meta name=\"twitter:data2\" content=\"6 minutes\" \/>\n<!-- \/ Yoast SEO plugin. -->","yoast_head_json":{"title":"FaceTite Tunisie : Rajeunissement Visage et Cou avec Dr Youssef Gam","description":"D\u00e9couvrez le FaceTite en Tunisie avec le Dr Youssef Gam : une solution mini-invasive pour raffermir visage et cou, sans chirurgie lourde. R\u00e9sultats naturels et durables.","robots":{"index":"index","follow":"follow","max-snippet":"max-snippet:-1","max-image-preview":"max-image-preview:large","max-video-preview":"max-video-preview:-1"},"canonical":"https:\/\/www.tunisie-chirurgie-esthetique.com\/blog\/facetite-tunisie\/","og_locale":"fr_FR","og_type":"article","og_title":"FaceTite Tunisie : Rajeunissement Visage et Cou avec Dr Youssef Gam","og_description":"D\u00e9couvrez le FaceTite en Tunisie avec le Dr Youssef Gam : une solution mini-invasive pour raffermir visage et cou, sans chirurgie lourde. R\u00e9sultats naturels et durables.","og_url":"https:\/\/www.tunisie-chirurgie-esthetique.com\/blog\/facetite-tunisie\/","og_site_name":"Actualit\u00e9s Chirurgie Esth\u00e9tique Tunisie","article_publisher":"https:\/\/www.facebook.com\/TCETUNISIE\/","article_published_time":"2025-07-23T10:12:25+00:00","article_modified_time":"2025-07-23T10:20:51+00:00","og_image":[{"width":1125,"height":750,"url":"https:\/\/www.tunisie-chirurgie-esthetique.com\/blog\/wp-content\/uploads\/2025\/07\/facetite-prix-tunisie.webp","type":"image\/webp"}],"author":"Dina Legrand","twitter_card":"summary_large_image","twitter_creator":"@Tunisie_CE","twitter_site":"@Tunisie_CE","twitter_misc":{"\u00c9crit par":"Dina Legrand","Dur\u00e9e de lecture estim\u00e9e":"6 minutes"},"schema":{"@context":"https:\/\/schema.org","@graph":[{"@type":["Article","BlogPosting"],"@id":"https:\/\/www.tunisie-chirurgie-esthetique.com\/blog\/facetite-tunisie\/#article","isPartOf":{"@id":"https:\/\/www.tunisie-chirurgie-esthetique.com\/blog\/facetite-tunisie\/"},"author":{"name":"Dina Legrand","@id":"https:\/\/www.tunisie-chirurgie-esthetique.com\/blog\/#\/schema\/person\/55f99d583f39ff82c83ea8d20bfb8dac"},"headline":"FaceTite : Redessinez l\u2019Ovale de Votre Visage et Rajeunissez Votre Cou, Sans Chirurgie Lourde","datePublished":"2025-07-23T10:12:25+00:00","dateModified":"2025-07-23T10:20:51+00:00","mainEntityOfPage":{"@id":"https:\/\/www.tunisie-chirurgie-esthetique.com\/blog\/facetite-tunisie\/"},"wordCount":1083,"publisher":{"@id":"https:\/\/www.tunisie-chirurgie-esthetique.com\/blog\/#organization"},"image":{"@id":"https:\/\/www.tunisie-chirurgie-esthetique.com\/blog\/facetite-tunisie\/#primaryimage"},"thumbnailUrl":"https:\/\/www.tunisie-chirurgie-esthetique.com\/blog\/wp-content\/uploads\/2025\/07\/facetite-prix-tunisie.webp","articleSection":["Chirurgie esth\u00e9tique &amp; plastique","Chirurgie esthetique au Canada"],"inLanguage":"fr-FR"},{"@type":"WebPage","@id":"https:\/\/www.tunisie-chirurgie-esthetique.com\/blog\/facetite-tunisie\/","url":"https:\/\/www.tunisie-chirurgie-esthetique.com\/blog\/facetite-tunisie\/","name":"FaceTite Tunisie : Rajeunissement Visage et Cou avec Dr Youssef Gam","isPartOf":{"@id":"https:\/\/www.tunisie-chirurgie-esthetique.com\/blog\/#website"},"primaryImageOfPage":{"@id":"https:\/\/www.tunisie-chirurgie-esthetique.com\/blog\/facetite-tunisie\/#primaryimage"},"image":{"@id":"https:\/\/www.tunisie-chirurgie-esthetique.com\/blog\/facetite-tunisie\/#primaryimage"},"thumbnailUrl":"https:\/\/www.tunisie-chirurgie-esthetique.com\/blog\/wp-content\/uploads\/2025\/07\/facetite-prix-tunisie.webp","datePublished":"2025-07-23T10:12:25+00:00","dateModified":"2025-07-23T10:20:51+00:00","description":"D\u00e9couvrez le FaceTite en Tunisie avec le Dr Youssef Gam : une solution mini-invasive pour raffermir visage et cou, sans chirurgie lourde. R\u00e9sultats naturels et durables.","breadcrumb":{"@id":"https:\/\/www.tunisie-chirurgie-esthetique.com\/blog\/facetite-tunisie\/#breadcrumb"},"inLanguage":"fr-FR","potentialAction":[{"@type":"ReadAction","target":["https:\/\/www.tunisie-chirurgie-esthetique.com\/blog\/facetite-tunisie\/"]}]},{"@type":"ImageObject","inLanguage":"fr-FR","@id":"https:\/\/www.tunisie-chirurgie-esthetique.com\/blog\/facetite-tunisie\/#primaryimage","url":"https:\/\/www.tunisie-chirurgie-esthetique.com\/blog\/wp-content\/uploads\/2025\/07\/facetite-prix-tunisie.webp","contentUrl":"https:\/\/www.tunisie-chirurgie-esthetique.com\/blog\/wp-content\/uploads\/2025\/07\/facetite-prix-tunisie.webp","width":1125,"height":750},{"@type":"BreadcrumbList","@id":"https:\/\/www.tunisie-chirurgie-esthetique.com\/blog\/facetite-tunisie\/#breadcrumb","itemListElement":[{"@type":"ListItem","position":1,"name":"Accueil","item":"https:\/\/www.tunisie-chirurgie-esthetique.com\/blog\/"},{"@type":"ListItem","position":2,"name":"Chirurgie esth\u00e9tique &amp; plastique","item":"https:\/\/www.tunisie-chirurgie-esthetique.com\/blog\/chirurgie-esthetique-plastique\/"},{"@type":"ListItem","position":3,"name":"FaceTite : Redessinez l\u2019Ovale de Votre Visage et Rajeunissez Votre Cou, Sans Chirurgie Lourde"}]},{"@type":"WebSite","@id":"https:\/\/www.tunisie-chirurgie-esthetique.com\/blog\/#website","url":"https:\/\/www.tunisie-chirurgie-esthetique.com\/blog\/","name":"Actualit\u00e9s en chirurgie et m\u00e9decine esth\u00e9tique Tunisie","description":"Chirurgie en Tunisie","publisher":{"@id":"https:\/\/www.tunisie-chirurgie-esthetique.com\/blog\/#organization"},"alternateName":"Forfaits chirurgie esth\u00e9tique Tunisie prix tout compris","potentialAction":[{"@type":"SearchAction","target":{"@type":"EntryPoint","urlTemplate":"https:\/\/www.tunisie-chirurgie-esthetique.com\/blog\/?s={search_term_string}"},"query-input":{"@type":"PropertyValueSpecification","valueRequired":true,"valueName":"search_term_string"}}],"inLanguage":"fr-FR"},{"@type":"Organization","@id":"https:\/\/www.tunisie-chirurgie-esthetique.com\/blog\/#organization","name":"TCE TUNISIE","alternateName":"Chirurgie esth\u00e9tique en Tunisie","url":"https:\/\/www.tunisie-chirurgie-esthetique.com\/blog\/","logo":{"@type":"ImageObject","inLanguage":"fr-FR","@id":"https:\/\/www.tunisie-chirurgie-esthetique.com\/blog\/#\/schema\/logo\/image\/","url":"https:\/\/www.tunisie-chirurgie-esthetique.com\/blog\/wp-content\/uploads\/2022\/08\/fav-tce.png","contentUrl":"https:\/\/www.tunisie-chirurgie-esthetique.com\/blog\/wp-content\/uploads\/2022\/08\/fav-tce.png","width":512,"height":512,"caption":"TCE TUNISIE"},"image":{"@id":"https:\/\/www.tunisie-chirurgie-esthetique.com\/blog\/#\/schema\/logo\/image\/"},"sameAs":["https:\/\/www.facebook.com\/TCETUNISIE\/","https:\/\/x.com\/Tunisie_CE","https:\/\/www.instagram.com\/tunisiece\/","https:\/\/www.linkedin.com\/company\/tunisie-chirurgie-etshetique-tce\/","https:\/\/www.pinterest.fr\/tunisiechirurgi\/","https:\/\/www.youtube.com\/channel\/UCFZHPINDbYAa_yhOk121j7A\/?sub_confirmation=1"]},{"@type":"Person","@id":"https:\/\/www.tunisie-chirurgie-esthetique.com\/blog\/#\/schema\/person\/55f99d583f39ff82c83ea8d20bfb8dac","name":"Dina Legrand","description":"Je m'appelle Dina Legrand, dipl\u00f4m\u00e9e d'un Master en sciences de la sant\u00e9 de l'Universit\u00e9 de Tunis et de Paris. Forte d'une exp\u00e9rience de plus de 15 ans dans le domaine m\u00e9dical, je me suis sp\u00e9cialis\u00e9e dans la r\u00e9daction, la vulgarisation et la gestion de projets scientifiques. Dot\u00e9e d'une grande aisance r\u00e9dactionnelle, j'ai ensuite \u0153uvr\u00e9 en free-lance pour diverses institutions de sant\u00e9. J'ai organis\u00e9 avec succ\u00e8s plusieurs congr\u00e8s m\u00e9dicaux internationaux, requ\u00e9rant rigueur et capacit\u00e9 de gestion de projets complexes. Aimant partager mon savoir, j'anime aujourd'hui le blog Tunisie-chirurgie-esth\u00e9tique.com, v\u00e9ritable r\u00e9f\u00e9rence en mati\u00e8re d'information m\u00e9dicale grand public. Mon objectif est de rendre accessibles des notions parfois ardues, en adoptant un ton p\u00e9dagogique et une plume clarifiant les derni\u00e8res avanc\u00e9es. Forte de ma double comp\u00e9tence m\u00e9dicale et r\u00e9dactionnelle, je me tiens \u00e0 la disposition des professionnels et particuliers pour toute mission d'\u00e9criture, de traduction ou de vulgarisation scientifique.","url":"https:\/\/www.tunisie-chirurgie-esthetique.com\/blog\/author\/nisieshi_tunesth\/"}]}},"_links":{"self":[{"href":"https:\/\/www.tunisie-chirurgie-esthetique.com\/blog\/wp-json\/wp\/v2\/posts\/8274","targetHints":{"allow":["GET"]}}],"collection":[{"href":"https:\/\/www.tunisie-chirurgie-esthetique.com\/blog\/wp-json\/wp\/v2\/posts"}],"about":[{"href":"https:\/\/www.tunisie-chirurgie-esthetique.com\/blog\/wp-json\/wp\/v2\/types\/post"}],"author":[{"embeddable":true,"href":"https:\/\/www.tunisie-chirurgie-esthetique.com\/blog\/wp-json\/wp\/v2\/users\/1"}],"replies":[{"embeddable":true,"href":"https:\/\/www.tunisie-chirurgie-esthetique.com\/blog\/wp-json\/wp\/v2\/comments?post=8274"}],"version-history":[{"count":4,"href":"https:\/\/www.tunisie-chirurgie-esthetique.com\/blog\/wp-json\/wp\/v2\/posts\/8274\/revisions"}],"predecessor-version":[{"id":8280,"href":"https:\/\/www.tunisie-chirurgie-esthetique.com\/blog\/wp-json\/wp\/v2\/posts\/8274\/revisions\/8280"}],"wp:featuredmedia":[{"embeddable":true,"href":"https:\/\/www.tunisie-chirurgie-esthetique.com\/blog\/wp-json\/wp\/v2\/media\/8278"}],"wp:attachment":[{"href":"https:\/\/www.tunisie-chirurgie-esthetique.com\/blog\/wp-json\/wp\/v2\/media?parent=8274"}],"wp:term":[{"taxonomy":"category","embeddable":true,"href":"https:\/\/www.tunisie-chirurgie-esthetique.com\/blog\/wp-json\/wp\/v2\/categories?post=8274"},{"taxonomy":"post_tag","embeddable":true,"href":"https:\/\/www.tunisie-chirurgie-esthetique.com\/blog\/wp-json\/wp\/v2\/tags?post=8274"}],"curies":[{"name":"wp","href":"https:\/\/api.w.org\/{rel}","templated":true}]}}