{"id":7943,"date":"2024-12-30T13:23:18","date_gmt":"2024-12-30T12:23:18","guid":{"rendered":"https:\/\/www.tunisie-chirurgie-esthetique.com\/blog\/?p=7943"},"modified":"2024-12-30T14:02:04","modified_gmt":"2024-12-30T13:02:04","slug":"combiner-chirurgie-esthetique-et-fonctionnelle-du-nez","status":"publish","type":"post","link":"https:\/\/www.tunisie-chirurgie-esthetique.com\/blog\/combiner-chirurgie-esthetique-et-fonctionnelle-du-nez\/","title":{"rendered":"Combiner chirurgie esth\u00e9tique et fonctionnelle du nez : Une approche mixe pour un nez parfait"},"content":{"rendered":"<div id=\"ez-toc-container\" class=\"ez-toc-v2_0_82_2 counter-hierarchy ez-toc-counter ez-toc-light-blue ez-toc-container-direction\">\n<div class=\"ez-toc-title-container\">\n<p class=\"ez-toc-title ez-toc-toggle\" style=\"cursor:pointer\">Sommaire<\/p>\n<span class=\"ez-toc-title-toggle\"><a href=\"#\" class=\"ez-toc-pull-right ez-toc-btn ez-toc-btn-xs ez-toc-btn-default ez-toc-toggle\" aria-label=\"Toggle Table of Content\"><span class=\"ez-toc-js-icon-con\"><span class=\"\"><span class=\"eztoc-hide\" style=\"display:none;\">Toggle<\/span><span class=\"ez-toc-icon-toggle-span\"><svg style=\"fill: #999;color:#999\" xmlns=\"http:\/\/www.w3.org\/2000\/svg\" class=\"list-377408\" width=\"20px\" height=\"20px\" viewBox=\"0 0 24 24\" fill=\"none\"><path d=\"M6 6H4v2h2V6zm14 0H8v2h12V6zM4 11h2v2H4v-2zm16 0H8v2h12v-2zM4 16h2v2H4v-2zm16 0H8v2h12v-2z\" fill=\"currentColor\"><\/path><\/svg><svg style=\"fill: #999;color:#999\" class=\"arrow-unsorted-368013\" xmlns=\"http:\/\/www.w3.org\/2000\/svg\" width=\"10px\" height=\"10px\" viewBox=\"0 0 24 24\" version=\"1.2\" baseProfile=\"tiny\"><path d=\"M18.2 9.3l-6.2-6.3-6.2 6.3c-.2.2-.3.4-.3.7s.1.5.3.7c.2.2.4.3.7.3h11c.3 0 .5-.1.7-.3.2-.2.3-.5.3-.7s-.1-.5-.3-.7zM5.8 14.7l6.2 6.3 6.2-6.3c.2-.2.3-.5.3-.7s-.1-.5-.3-.7c-.2-.2-.4-.3-.7-.3h-11c-.3 0-.5.1-.7.3-.2.2-.3.5-.3.7s.1.5.3.7z\"\/><\/svg><\/span><\/span><\/span><\/a><\/span><\/div>\n<nav><ul class='ez-toc-list ez-toc-list-level-1 eztoc-toggle-hide-by-default' ><li class='ez-toc-page-1 ez-toc-heading-level-2'><a class=\"ez-toc-link ez-toc-heading-1\" href=\"https:\/\/www.tunisie-chirurgie-esthetique.com\/blog\/combiner-chirurgie-esthetique-et-fonctionnelle-du-nez\/#Comprendre_les_objectifs_de_la_chirurgie_esthetique_et_fonctionnelle_du_nez\" >Comprendre les objectifs de la chirurgie esth\u00e9tique et fonctionnelle du nez<\/a><\/li><li class='ez-toc-page-1 ez-toc-heading-level-2'><a class=\"ez-toc-link ez-toc-heading-2\" href=\"https:\/\/www.tunisie-chirurgie-esthetique.com\/blog\/combiner-chirurgie-esthetique-et-fonctionnelle-du-nez\/#Les_avantages_dune_approche_combinee\" >Les avantages d&#8217;une approche combin\u00e9e<\/a><ul class='ez-toc-list-level-3' ><li class='ez-toc-heading-level-3'><a class=\"ez-toc-link ez-toc-heading-3\" href=\"https:\/\/www.tunisie-chirurgie-esthetique.com\/blog\/combiner-chirurgie-esthetique-et-fonctionnelle-du-nez\/#1_Resultats_esthetiques_et_fonctionnels_optimaux\" >1. R\u00e9sultats esth\u00e9tiques et fonctionnels optimaux<\/a><\/li><li class='ez-toc-page-1 ez-toc-heading-level-3'><a class=\"ez-toc-link ez-toc-heading-4\" href=\"https:\/\/www.tunisie-chirurgie-esthetique.com\/blog\/combiner-chirurgie-esthetique-et-fonctionnelle-du-nez\/#2_Efficacite_accrue\" >2. Efficacit\u00e9 accrue<\/a><\/li><li class='ez-toc-page-1 ez-toc-heading-level-3'><a class=\"ez-toc-link ez-toc-heading-5\" href=\"https:\/\/www.tunisie-chirurgie-esthetique.com\/blog\/combiner-chirurgie-esthetique-et-fonctionnelle-du-nez\/#3_Satisfaction_du_patient\" >3. Satisfaction du patient<\/a><\/li><li class='ez-toc-page-1 ez-toc-heading-level-3'><a class=\"ez-toc-link ez-toc-heading-6\" href=\"https:\/\/www.tunisie-chirurgie-esthetique.com\/blog\/combiner-chirurgie-esthetique-et-fonctionnelle-du-nez\/#4_Prevention_des_complications\" >4. Pr\u00e9vention des complications<\/a><\/li><\/ul><\/li><li class='ez-toc-page-1 ez-toc-heading-level-2'><a class=\"ez-toc-link ez-toc-heading-7\" href=\"https:\/\/www.tunisie-chirurgie-esthetique.com\/blog\/combiner-chirurgie-esthetique-et-fonctionnelle-du-nez\/#Les_differentes_interventions_de_chirurgie_du_nez\" >Les diff\u00e9rentes interventions de chirurgie du nez<\/a><ul class='ez-toc-list-level-3' ><li class='ez-toc-heading-level-3'><a class=\"ez-toc-link ez-toc-heading-8\" href=\"https:\/\/www.tunisie-chirurgie-esthetique.com\/blog\/combiner-chirurgie-esthetique-et-fonctionnelle-du-nez\/#Chirurgie_esthetique_du_nez_rhinoplastie\" >Chirurgie esth\u00e9tique du nez (rhinoplastie)<\/a><\/li><li class='ez-toc-page-1 ez-toc-heading-level-3'><a class=\"ez-toc-link ez-toc-heading-9\" href=\"https:\/\/www.tunisie-chirurgie-esthetique.com\/blog\/combiner-chirurgie-esthetique-et-fonctionnelle-du-nez\/#Chirurgie_fonctionnelle_du_nez\" >Chirurgie fonctionnelle du nez<\/a><\/li><li class='ez-toc-page-1 ez-toc-heading-level-3'><a class=\"ez-toc-link ez-toc-heading-10\" href=\"https:\/\/www.tunisie-chirurgie-esthetique.com\/blog\/combiner-chirurgie-esthetique-et-fonctionnelle-du-nez\/#Septorhinoplastie_La_combinaison_ideale\" >Septorhinoplastie : La combinaison id\u00e9ale<\/a><\/li><\/ul><\/li><li class='ez-toc-page-1 ez-toc-heading-level-2'><a class=\"ez-toc-link ez-toc-heading-11\" href=\"https:\/\/www.tunisie-chirurgie-esthetique.com\/blog\/combiner-chirurgie-esthetique-et-fonctionnelle-du-nez\/#Evaluation_et_planification_preoperatoire\" >\u00c9valuation et planification pr\u00e9op\u00e9ratoire<\/a><\/li><li class='ez-toc-page-1 ez-toc-heading-level-2'><a class=\"ez-toc-link ez-toc-heading-12\" href=\"https:\/\/www.tunisie-chirurgie-esthetique.com\/blog\/combiner-chirurgie-esthetique-et-fonctionnelle-du-nez\/#Couts_rhinoplastie_mixte\" >Couts rhinoplastie mixte<\/a><ul class='ez-toc-list-level-3' ><li class='ez-toc-heading-level-3'><a class=\"ez-toc-link ez-toc-heading-13\" href=\"https:\/\/www.tunisie-chirurgie-esthetique.com\/blog\/combiner-chirurgie-esthetique-et-fonctionnelle-du-nez\/#2_Prix_en_Tunisie\" >2. Prix en Tunisie<\/a><\/li><li class='ez-toc-page-1 ez-toc-heading-level-3'><a class=\"ez-toc-link ez-toc-heading-14\" href=\"https:\/\/www.tunisie-chirurgie-esthetique.com\/blog\/combiner-chirurgie-esthetique-et-fonctionnelle-du-nez\/#3_Comparaison_des_couts\" >3. Comparaison des co\u00fbts<\/a><\/li><\/ul><\/li><li class='ez-toc-page-1 ez-toc-heading-level-2'><a class=\"ez-toc-link ez-toc-heading-15\" href=\"https:\/\/www.tunisie-chirurgie-esthetique.com\/blog\/combiner-chirurgie-esthetique-et-fonctionnelle-du-nez\/#Considerations_techniques_et_chirurgicales\" >Consid\u00e9rations techniques et chirurgicales<\/a><ul class='ez-toc-list-level-3' ><li class='ez-toc-heading-level-3'><a class=\"ez-toc-link ez-toc-heading-16\" href=\"https:\/\/www.tunisie-chirurgie-esthetique.com\/blog\/combiner-chirurgie-esthetique-et-fonctionnelle-du-nez\/#Approche_chirurgicale\" >Approche chirurgicale<\/a><\/li><li class='ez-toc-page-1 ez-toc-heading-level-3'><a class=\"ez-toc-link ez-toc-heading-17\" href=\"https:\/\/www.tunisie-chirurgie-esthetique.com\/blog\/combiner-chirurgie-esthetique-et-fonctionnelle-du-nez\/#Techniques_de_correction\" >Techniques de correction<\/a><\/li><li class='ez-toc-page-1 ez-toc-heading-level-3'><a class=\"ez-toc-link ez-toc-heading-18\" href=\"https:\/\/www.tunisie-chirurgie-esthetique.com\/blog\/combiner-chirurgie-esthetique-et-fonctionnelle-du-nez\/#Gestion_des_tissus_et_des_structures\" >Gestion des tissus et des structures<\/a><\/li><li class='ez-toc-page-1 ez-toc-heading-level-3'><a class=\"ez-toc-link ez-toc-heading-19\" href=\"https:\/\/www.tunisie-chirurgie-esthetique.com\/blog\/combiner-chirurgie-esthetique-et-fonctionnelle-du-nez\/#Techniques_de_suture_et_de_cicatrisation\" >Techniques de suture et de cicatrisation<\/a><\/li><\/ul><\/li><li class='ez-toc-page-1 ez-toc-heading-level-2'><a class=\"ez-toc-link ez-toc-heading-20\" href=\"https:\/\/www.tunisie-chirurgie-esthetique.com\/blog\/combiner-chirurgie-esthetique-et-fonctionnelle-du-nez\/#Recuperation_et_suivi_postoperatoire\" >R\u00e9cup\u00e9ration et suivi postop\u00e9ratoire<\/a><\/li><li class='ez-toc-page-1 ez-toc-heading-level-2'><a class=\"ez-toc-link ez-toc-heading-21\" href=\"https:\/\/www.tunisie-chirurgie-esthetique.com\/blog\/combiner-chirurgie-esthetique-et-fonctionnelle-du-nez\/#Resultats_et_satisfaction_des_patients\" >R\u00e9sultats et satisfaction des patients<\/a><\/li><\/ul><\/nav><\/div>\n<div class=\"\" data-v-0b55153e=\"\">\n<p>Le nez joue un r\u00f4le crucial dans notre apparence et notre sant\u00e9 globale. Il ne s&#8217;agit pas seulement d&#8217;un \u00e9l\u00e9ment esth\u00e9tique, mais aussi d&#8217;un organe essentiel \u00e0 notre respiration et \u00e0 notre bien-\u00eatre. Lorsque des probl\u00e8mes fonctionnels ou esth\u00e9tiques se pr\u00e9sentent, il est souvent b\u00e9n\u00e9fique de consid\u00e9rer une approche combin\u00e9e appel\u00e9e <strong>rhinoplastie mixte<\/strong>, alliant la chirurgie esth\u00e9tique et la chirurgie fonctionnelle du nez.<\/p>\n<h2><span class=\"ez-toc-section\" id=\"Comprendre_les_objectifs_de_la_chirurgie_esthetique_et_fonctionnelle_du_nez\"><\/span>Comprendre les objectifs de la chirurgie esth\u00e9tique et fonctionnelle du nez<span class=\"ez-toc-section-end\"><\/span><\/h2>\n<p>La <strong><a href=\"https:\/\/www.tunisie-chirurgie-esthetique.com\/blog\/pourquoi-une-rhinoplastie-en-tunisie\/\">chirurgie esth\u00e9tique du nez<\/a><\/strong>, \u00e9galement connue sous le nom de rhinoplastie, vise \u00e0 am\u00e9liorer l&#8217;apparence du nez et \u00e0 harmoniser les traits du visage. Les principaux objectifs peuvent inclure :<\/p>\n<ul>\n<li>Corriger une bosse ou une d\u00e9viation du nez<\/li>\n<li>Affiner ou redessiner la forme du nez<\/li>\n<li>R\u00e9duire la taille du nez<\/li>\n<li>Am\u00e9liorer la sym\u00e9trie et l&#8217;\u00e9quilibre des traits du visage<\/li>\n<\/ul>\n<p>D&#8217;un autre c\u00f4t\u00e9, la chirurgie fonctionnelle du nez, ou <strong>chirurgie endonasale<\/strong>, se concentre sur le traitement des probl\u00e8mes respiratoires et de sant\u00e9. Voici quelques-uns des objectifs de cette approche :<\/p>\n<ul>\n<li>Corriger une d\u00e9viation de la cloison nasale (septorahinoplastie)<\/li>\n<li>Traiter une obstruction nasale chronique<\/li>\n<li>Am\u00e9liorer la respiration et le passage de l&#8217;air<\/li>\n<li>Soulager les sympt\u00f4mes li\u00e9s aux troubles des sinus<\/li>\n<\/ul>\n<p>Bien que ces deux types de chirurgie puissent \u00eatre r\u00e9alis\u00e9s s\u00e9par\u00e9ment, une approche combin\u00e9e peut souvent offrir des avantages significatifs pour le patient.<\/p>\n<h2><span class=\"ez-toc-section\" id=\"Les_avantages_dune_approche_combinee\"><\/span>Les avantages d&#8217;une approche combin\u00e9e<span class=\"ez-toc-section-end\"><\/span><\/h2>\n<p>Lorsque la chirurgie esth\u00e9tique et fonctionnelle du nez sont r\u00e9alis\u00e9es conjointement, les patients peuvent b\u00e9n\u00e9ficier d&#8217;un certain nombre d&#8217;avantages :<\/p>\n<h3><span class=\"ez-toc-section\" id=\"1_Resultats_esthetiques_et_fonctionnels_optimaux\"><\/span>1. R\u00e9sultats esth\u00e9tiques et fonctionnels optimaux<span class=\"ez-toc-section-end\"><\/span><\/h3>\n<p>En combinant les deux interventions, les chirurgiens peuvent traiter \u00e0 la fois les probl\u00e8mes esth\u00e9tiques et fonctionnels du nez de mani\u00e8re holistique. Cela permet d&#8217;obtenir des r\u00e9sultats plus harmonieux et naturels, o\u00f9 l&#8217;apparence du nez est am\u00e9lior\u00e9e tout en pr\u00e9servant ou en am\u00e9liorant sa fonction respiratoire.<\/p>\n<h3><span class=\"ez-toc-section\" id=\"2_Efficacite_accrue\"><\/span>2. Efficacit\u00e9 accrue<span class=\"ez-toc-section-end\"><\/span><\/h3>\n<p>Lorsque les interventions esth\u00e9tiques et fonctionnelles sont r\u00e9alis\u00e9es simultan\u00e9ment, le temps de r\u00e9cup\u00e9ration global est souvent r\u00e9duit par rapport \u00e0 des interventions distinctes. De plus, les co\u00fbts peuvent \u00eatre moins \u00e9lev\u00e9s que s&#8217;il s&#8217;agissait de deux op\u00e9rations s\u00e9par\u00e9es.<\/p>\n<h3><span class=\"ez-toc-section\" id=\"3_Satisfaction_du_patient\"><\/span>3. Satisfaction du patient<span class=\"ez-toc-section-end\"><\/span><\/h3>\n<p>Les patients qui b\u00e9n\u00e9ficient d&#8217;une approche combin\u00e9e sont g\u00e9n\u00e9ralement plus satisfaits des r\u00e9sultats, car leurs attentes en mati\u00e8re d&#8217;apparence et de fonctionnalit\u00e9 sont mieux prises en compte. Cela se traduit souvent par une meilleure estime de soi et une qualit\u00e9 de vie am\u00e9lior\u00e9e.<\/p>\n<h3><span class=\"ez-toc-section\" id=\"4_Prevention_des_complications\"><\/span>4. Pr\u00e9vention des complications<span class=\"ez-toc-section-end\"><\/span><\/h3>\n<p>Certaines complications li\u00e9es \u00e0 la chirurgie du nez, comme les probl\u00e8mes de respiration ou les d\u00e9formations esth\u00e9tiques, peuvent \u00eatre \u00e9vit\u00e9es lorsque les deux aspects sont trait\u00e9s de mani\u00e8re coordonn\u00e9e par un chirurgien exp\u00e9riment\u00e9.<\/p>\n<h2><span class=\"ez-toc-section\" id=\"Les_differentes_interventions_de_chirurgie_du_nez\"><\/span>Les diff\u00e9rentes interventions de chirurgie du nez<span class=\"ez-toc-section-end\"><\/span><\/h2>\n<p>Voyons maintenant plus en d\u00e9tail les principales interventions de chirurgie esth\u00e9tique et fonctionnelle du nez qui peuvent \u00eatre combin\u00e9es :<\/p>\n<h3><span class=\"ez-toc-section\" id=\"Chirurgie_esthetique_du_nez_rhinoplastie\"><\/span>Chirurgie esth\u00e9tique du nez (rhinoplastie)<span class=\"ez-toc-section-end\"><\/span><\/h3>\n<p>La rhinoplastie est la intervention la plus courante dans la chirurgie esth\u00e9tique du nez. Elle vise \u00e0 modifier la forme, la taille ou la proportion du nez pour obtenir un r\u00e9sultat plus harmonieux et \u00e9quilibr\u00e9 avec le reste du visage. Les principales techniques incluent :<\/p>\n<ul>\n<li><strong>R\u00e9duction de la bosse nasale<\/strong><\/li>\n<li><strong>Affinement de la pointe du nez<\/strong><\/li>\n<li><strong>Correction de la d\u00e9viation du nez<\/strong><\/li>\n<li><strong>R\u00e9duction de la largeur du nez<\/strong><\/li>\n<li><strong>Red\u00e9finition de la forme du nez<\/strong><\/li>\n<\/ul>\n<h3><span class=\"ez-toc-section\" id=\"Chirurgie_fonctionnelle_du_nez\"><\/span>Chirurgie fonctionnelle du nez<span class=\"ez-toc-section-end\"><\/span><\/h3>\n<p>La chirurgie fonctionnelle du nez, quant \u00e0 elle, se concentre sur le traitement des probl\u00e8mes respiratoires et de sant\u00e9. Voici quelques-unes des interventions les plus courantes :<\/p>\n<ul>\n<li><a href=\"https:\/\/www.tunisie-chirurgie-esthetique.com\/blog\/rhinoplastie-france-prix\/\"><strong>Septoplastie <\/strong><\/a>: Correction de la d\u00e9viation de la cloison nasale<\/li>\n<li>Turbinoplastie : R\u00e9duction des cornets nasaux hypertrophi\u00e9s<\/li>\n<li>Chirurgie des sinus : Traitement des probl\u00e8mes sinusiens chroniques<\/li>\n<li>Reconstruction nasale : R\u00e9paration de d\u00e9formations nasales apr\u00e8s traumatisme ou maladie<\/li>\n<\/ul>\n<h3><span class=\"ez-toc-section\" id=\"Septorhinoplastie_La_combinaison_ideale\"><\/span>Septorhinoplastie : La combinaison id\u00e9ale<span class=\"ez-toc-section-end\"><\/span><\/h3>\n<p>La septorhinoplastie est la intervention qui allie \u00e0 la fois la chirurgie esth\u00e9tique et la chirurgie fonctionnelle du nez. Elle permet de traiter simultan\u00e9ment les probl\u00e8mes de forme et de fonction du nez.<\/p>\n<p>Lors d&#8217;une <strong>septorhinoplastie<\/strong>, le chirurgien corrige g\u00e9n\u00e9ralement les <strong>d\u00e9viations de la cloison nasale<\/strong> (septoplastie) tout en modifiant l&#8217;apparence ext\u00e9rieure du nez (rhinoplastie). Cela permet d&#8217;obtenir des r\u00e9sultats esth\u00e9tiques harmonieux tout en am\u00e9liorant la respiration et le fonctionnement nasal.<\/p>\n<p>Cette approche combin\u00e9e est particuli\u00e8rement b\u00e9n\u00e9fique pour les patients souffrant \u00e0 la fois de probl\u00e8mes esth\u00e9tiques et de probl\u00e8mes respiratoires li\u00e9s au nez.<\/p>\n<h2><span class=\"ez-toc-section\" id=\"Evaluation_et_planification_preoperatoire\"><\/span>\u00c9valuation et planification pr\u00e9op\u00e9ratoire<span class=\"ez-toc-section-end\"><\/span><\/h2>\n<p>Avant toute intervention chirurgicale, une \u00e9valuation approfondie du patient est essentielle. Le chirurgien r\u00e9alisera un examen physique d\u00e9taill\u00e9, ainsi que des examens d&#8217;imagerie m\u00e9dicale comme une tomodensitom\u00e9trie ou une endoscopie nasale.<\/p>\n<p>Cette \u00e9valuation permettra de d\u00e9terminer avec pr\u00e9cision les probl\u00e8mes esth\u00e9tiques et fonctionnels du nez, ainsi que les options de traitement les plus adapt\u00e9es. Le chirurgien pourra alors \u00e9laborer un plan op\u00e9ratoire personnalis\u00e9, en tenant compte des objectifs du patient et de ses attentes.<\/p>\n<p>La phase de planification pr\u00e9op\u00e9ratoire est cruciale pour garantir des r\u00e9sultats optimaux et une satisfaction durable du patient. Elle permet \u00e9galement d&#8217;identifier et de pr\u00e9venir d&#8217;\u00e9ventuelles complications.<\/p>\n<h2><span class=\"ez-toc-section\" id=\"Couts_rhinoplastie_mixte\"><\/span>Couts rhinoplastie mixte<span class=\"ez-toc-section-end\"><\/span><\/h2>\n<p>Le prix d&#8217;une rhinoplastie mixte (chirurgie esth\u00e9tique et fonctionnelle du nez) varie en fonction du pays, de la complexit\u00e9 de l&#8217;intervention, de l&#8217;exp\u00e9rience du chirurgien et de la structure m\u00e9dicale choisie. Voici une estimation des co\u00fbts en <strong>France<\/strong> et en <strong>Tunisie<\/strong> :<\/p>\n<p><strong>1. Prix en France<\/strong>En France, la rhinoplastie mixte est souvent partiellement prise en charge par la S\u00e9curit\u00e9 sociale si elle inclut une correction fonctionnelle (comme une septoplastie pour une d\u00e9viation de la cloison nasale). Cependant, la partie esth\u00e9tique reste \u00e0 la charge du patient.<\/p>\n<ul>\n<li><strong>Prix total<\/strong> : Entre <strong>3 000 \u20ac et 8 000 \u20ac<\/strong>.\n<ul>\n<li>Partie fonctionnelle (septoplastie) : Prise en charge partiellement par la S\u00e9curit\u00e9 sociale.<\/li>\n<li>Partie esth\u00e9tique : Entre <strong>2 000 \u20ac et 6 000 \u20ac<\/strong> \u00e0 la charge du patient.<\/li>\n<\/ul>\n<\/li>\n<li><strong>Facteurs influen\u00e7ant le prix<\/strong> :\n<ul>\n<li>R\u00e9putation et exp\u00e9rience du chirurgien.<\/li>\n<li>Complexit\u00e9 de l&#8217;intervention.<\/li>\n<li>Frais de la clinique ou de l&#8217;h\u00f4pital.<\/li>\n<\/ul>\n<\/li>\n<\/ul>\n<h3><span class=\"ez-toc-section\" id=\"2_Prix_en_Tunisie\"><\/span><strong>2. Prix en Tunisie<\/strong><span class=\"ez-toc-section-end\"><\/span><\/h3>\n<p>La Tunisie est une destination populaire pour la chirurgie esth\u00e9tique en raison de ses co\u00fbts comp\u00e9titifs et de la qualit\u00e9 des soins. Les prix sont g\u00e9n\u00e9ralement plus bas qu&#8217;en France, mais il est essentiel de choisir un chirurgien qualifi\u00e9 et une clinique r\u00e9put\u00e9e.<\/p>\n<ul>\n<li><strong>Prix total<\/strong> : Entre <strong>1 500 \u20ac et 3 500 \u20ac<\/strong>.\n<ul>\n<li>La rhinoplastie mixte inclut souvent \u00e0 la fois les corrections esth\u00e9tiques et fonctionnelles.<\/li>\n<\/ul>\n<\/li>\n<li><strong>Avantages<\/strong> :\n<ul>\n<li>Co\u00fbts moins \u00e9lev\u00e9s qu&#8217;en France.<\/li>\n<li>Forfaits souvent propos\u00e9s (incluant l&#8217;intervention, l&#8217;h\u00e9bergement et les soins postop\u00e9ratoires).<\/li>\n<\/ul>\n<\/li>\n<li><strong>Attention<\/strong> :\n<ul>\n<li>V\u00e9rifier les qualifications du chirurgien et les accr\u00e9ditations de la clinique.<\/li>\n<li>Pr\u00e9voir un budget pour les \u00e9ventuels frais de voyage et d&#8217;h\u00e9bergement.<\/li>\n<\/ul>\n<\/li>\n<\/ul>\n<h3><span class=\"ez-toc-section\" id=\"3_Comparaison_des_couts\"><\/span><strong>3. Comparaison des co\u00fbts<\/strong><span class=\"ez-toc-section-end\"><\/span><\/h3>\n<table border=\"1\" width=\"100%\" align=\"center\">\n<thead>\n<tr>\n<th style=\"text-align: center;\"><strong>Pays<\/strong><\/th>\n<th style=\"text-align: center;\"><strong>Prix moyen<\/strong><\/th>\n<th style=\"text-align: center;\"><strong>Remarques<\/strong><\/th>\n<\/tr>\n<\/thead>\n<tbody>\n<tr>\n<td style=\"text-align: center;\"><strong>France<\/strong><\/td>\n<td style=\"text-align: center;\">3 000 \u20ac \u00e0 8 000 \u20ac<\/td>\n<td style=\"text-align: center;\">Partie fonctionnelle partiellement rembours\u00e9e par la S\u00e9curit\u00e9 sociale.<\/td>\n<\/tr>\n<tr>\n<td style=\"text-align: center;\"><strong>Tunisie<\/strong><\/td>\n<td style=\"text-align: center;\">1 500 \u20ac \u00e0 3 500 \u20ac<\/td>\n<td style=\"text-align: center;\">Co\u00fbts comp\u00e9titifs<\/td>\n<\/tr>\n<\/tbody>\n<\/table>\n<p style=\"text-align: center;\"><a class=\"maxbutton-4 maxbutton maxbutton-devis\" target=\"_blank\" rel=\"noopener\" href=\"https:\/\/www.tunisie-chirurgie-esthetique.com\/devis\"><span class='mb-text'>Consultation &amp; Devis<\/span><\/a><\/p>\n<h2><span class=\"ez-toc-section\" id=\"Considerations_techniques_et_chirurgicales\"><\/span>Consid\u00e9rations techniques et chirurgicales<span class=\"ez-toc-section-end\"><\/span><\/h2>\n<p>La r\u00e9alisation d&#8217;une chirurgie combin\u00e9e esth\u00e9tique et fonctionnelle du nez n\u00e9cessite une expertise et une exp\u00e9rience sp\u00e9cifiques de la part du chirurgien. Voici quelques-unes des consid\u00e9rations techniques importantes :<\/p>\n<h3><span class=\"ez-toc-section\" id=\"Approche_chirurgicale\"><\/span>Approche chirurgicale<span class=\"ez-toc-section-end\"><\/span><\/h3>\n<p>Le chirurgien devra choisir l&#8217;approche la plus appropri\u00e9e, qu&#8217;il s&#8217;agisse d&#8217;une incision ouverte (avec une incision sur la columelle) ou d&#8217;une approche ferm\u00e9e (par voie endonasale). Le choix d\u00e9pendra de la complexit\u00e9 de l&#8217;intervention et des objectifs \u00e0 atteindre.<\/p>\n<h3><span class=\"ez-toc-section\" id=\"Techniques_de_correction\"><\/span>Techniques de correction<span class=\"ez-toc-section-end\"><\/span><\/h3>\n<p>Pour la partie esth\u00e9tique, le chirurgien pourra utiliser diverses techniques de modification de la forme, de la taille ou de la proportion du nez, comme la r\u00e9duction de la bosse, l&#8217;affinement de la pointe ou la correction des d\u00e9viations.<\/p>\n<p>Pour la partie fonctionnelle, les techniques de <strong>septoplastie<\/strong>, de <strong>turbinoplastie<\/strong> ou de <strong>chirurgie des sinus<\/strong> seront mises en \u0153uvre pour am\u00e9liorer la respiration et le drainage nasal.<\/p>\n<h3><span class=\"ez-toc-section\" id=\"Gestion_des_tissus_et_des_structures\"><\/span>Gestion des tissus et des structures<span class=\"ez-toc-section-end\"><\/span><\/h3>\n<p>Une attention particuli\u00e8re sera accord\u00e9e \u00e0 la pr\u00e9servation des structures anatomiques essentielles, telles que la cloison nasale, les cornets et les parois des sinus. Cela permet de garantir la stabilit\u00e9 \u00e0 long terme des r\u00e9sultats esth\u00e9tiques et fonctionnels.<\/p>\n<h3><span class=\"ez-toc-section\" id=\"Techniques_de_suture_et_de_cicatrisation\"><\/span>Techniques de suture et de cicatrisation<span class=\"ez-toc-section-end\"><\/span><\/h3>\n<p>Le chirurgien utilisera des techniques de suture avanc\u00e9es pour minimiser les cicatrices visibles et favoriser une gu\u00e9rison rapide et esth\u00e9tique.<\/p>\n<h2><span class=\"ez-toc-section\" id=\"Recuperation_et_suivi_postoperatoire\"><\/span>R\u00e9cup\u00e9ration et suivi postop\u00e9ratoire<span class=\"ez-toc-section-end\"><\/span><\/h2>\n<p>Apr\u00e8s une chirurgie combin\u00e9e esth\u00e9tique et fonctionnelle du nez, le patient devra suivre un protocole de r\u00e9cup\u00e9ration bien d\u00e9fini. Cela comprend g\u00e9n\u00e9ralement :<\/p>\n<ul>\n<li>Une p\u00e9riode de repos et de convalescence de 1 \u00e0 2 semaines<\/li>\n<li>L&#8217;application de compresses de glace pour r\u00e9duire l&#8217;enflure et les ecchymoses<\/li>\n<li>La prise de m\u00e9dicaments anti-inflammatoires et antidouleurs<\/li>\n<li>Le port d&#8217;un pansement ou d&#8217;un pl\u00e2tre nasal pendant quelques jours<\/li>\n<li>Des suivis r\u00e9guliers avec le chirurgien pour surveiller la gu\u00e9rison<\/li>\n<\/ul>\n<p>Pendant cette p\u00e9riode, il est important que le patient suive scrupuleusement les instructions de son chirurgien afin de favoriser une r\u00e9cup\u00e9ration optimale et des r\u00e9sultats durables.<\/p>\n<h2><span class=\"ez-toc-section\" id=\"Resultats_et_satisfaction_des_patients\"><\/span>R\u00e9sultats et satisfaction des patients<span class=\"ez-toc-section-end\"><\/span><\/h2>\n<p>Lorsque la chirurgie combin\u00e9e esth\u00e9tique et fonctionnelle du nez est r\u00e9alis\u00e9e avec succ\u00e8s, les patients peuvent b\u00e9n\u00e9ficier d&#8217;une am\u00e9lioration significative de leur apparence et de leur respiration. Les principaux b\u00e9n\u00e9fices incluent :<\/p>\n<ul>\n<li>Un nez mieux proportionn\u00e9 et harmonieux avec le reste du visage<\/li>\n<li>Une respiration plus fluide et plus confortable<\/li>\n<li>Une meilleure estime de soi et une confiance en soi renforc\u00e9e<\/li>\n<li>Une qualit\u00e9 de vie am\u00e9lior\u00e9e, avec une diminution des probl\u00e8mes respiratoires chroniques<\/li>\n<\/ul>\n<p>La combinaison de la chirurgie esth\u00e9tique et fonctionnelle du nez offre une approche holistique et efficace pour traiter les probl\u00e8mes li\u00e9s \u00e0 cet organe essentiel. En alliant les techniques de rhinoplastie et de chirurgie endonasale, les chirurgiens peuvent obtenir des r\u00e9sultats optimaux, \u00e0 la fois sur le plan esth\u00e9tique et sur le plan fonctionnel.<\/p>\n<p>Cette approche combin\u00e9e permet de r\u00e9pondre de mani\u00e8re globale aux attentes et aux besoins des patients, en am\u00e9liorant leur apparence tout en pr\u00e9servant ou en restaurant la sant\u00e9 et le bon fonctionnement de leur nez. Gr\u00e2ce \u00e0 une \u00e9valuation approfondie, une planification minutieuse et une ex\u00e9cution chirurgicale experte, les patients peuvent ainsi b\u00e9n\u00e9ficier d&#8217;une am\u00e9lioration durable de leur qualit\u00e9 de vie.<\/p>\n<p>Si vous \u00eates concern\u00e9 par des probl\u00e8mes esth\u00e9tiques ou fonctionnels de votre nez, n&#8217;h\u00e9sitez pas \u00e0 consulter un chirurgien sp\u00e9cialis\u00e9 qui pourra vous guider vers la meilleure solution pour vous.<\/p>\n<p style=\"text-align: center;\"><a class=\"maxbutton-1 maxbutton maxbutton-devis\" target=\"_blank\" rel=\"noopener\" href=\"https:\/\/www.tunisie-chirurgie-esthetique.com\/devis\"><span class='mb-text'>Devis Gratuit !<\/span><\/a><\/p>\n<\/div>\n","protected":false},"excerpt":{"rendered":"<p>Le nez joue un r\u00f4le crucial dans notre apparence et notre sant\u00e9 globale. Il ne s&#8217;agit pas seulement d&#8217;un \u00e9l\u00e9ment esth\u00e9tique, mais aussi d&#8217;un organe essentiel \u00e0 notre respiration et \u00e0 notre bien-\u00eatre. Lorsque des probl\u00e8mes fonctionnels ou esth\u00e9tiques se pr\u00e9sentent, il est souvent b\u00e9n\u00e9fique de consid\u00e9rer une approche combin\u00e9e appel\u00e9e rhinoplastie mixte, alliant la [&hellip;]<\/p>\n","protected":false},"author":1,"featured_media":7946,"comment_status":"closed","ping_status":"closed","sticky":false,"template":"","format":"standard","meta":{"rop_custom_images_group":[],"rop_custom_messages_group":[],"rop_publish_now":"initial","rop_publish_now_accounts":{"facebook_2803965346576775_1735562453331861":"","twitter_4255985368_4255985368":""},"rop_publish_now_history":[],"rop_publish_now_status":"pending","footnotes":""},"categories":[3134,3347],"tags":[],"class_list":["post-7943","post","type-post","status-publish","format-standard","has-post-thumbnail","hentry","category-chirurgie-esthetique-plastique","category-chirurgie-tunisie"],"yoast_head":"<!-- This site is optimized with the Yoast SEO plugin v27.4 - https:\/\/yoast.com\/product\/yoast-seo-wordpress\/ -->\n<title>Combiner chirurgie esth\u00e9tique et fonctionnelle du nez : Avantages<\/title>\n<meta name=\"description\" content=\"La combinaison de la chirurgie esth\u00e9tique et fonctionnelle du nez offre une approche holistique et efficace pour traiter les probl\u00e8mes li\u00e9s \u00e0 cet organe essentiel. En alliant les techniques de rhinoplastie et de chirurgie endonasale, les chirurgiens peuvent obtenir des r\u00e9sultats optimaux, \u00e0 la fois sur le plan esth\u00e9tique et sur le plan fonctionnel.\" \/>\n<meta name=\"robots\" content=\"index, follow, max-snippet:-1, max-image-preview:large, max-video-preview:-1\" \/>\n<link rel=\"canonical\" href=\"https:\/\/www.tunisie-chirurgie-esthetique.com\/blog\/combiner-chirurgie-esthetique-et-fonctionnelle-du-nez\/\" \/>\n<meta property=\"og:locale\" content=\"fr_FR\" \/>\n<meta property=\"og:type\" content=\"article\" \/>\n<meta property=\"og:title\" content=\"Combiner chirurgie esth\u00e9tique et fonctionnelle du nez : Avantages\" \/>\n<meta property=\"og:description\" content=\"La combinaison de la chirurgie esth\u00e9tique et fonctionnelle du nez offre une approche holistique et efficace pour traiter les probl\u00e8mes li\u00e9s \u00e0 cet organe essentiel. En alliant les techniques de rhinoplastie et de chirurgie endonasale, les chirurgiens peuvent obtenir des r\u00e9sultats optimaux, \u00e0 la fois sur le plan esth\u00e9tique et sur le plan fonctionnel.\" \/>\n<meta property=\"og:url\" content=\"https:\/\/www.tunisie-chirurgie-esthetique.com\/blog\/combiner-chirurgie-esthetique-et-fonctionnelle-du-nez\/\" \/>\n<meta property=\"og:site_name\" content=\"Actualit\u00e9s Chirurgie Esth\u00e9tique Tunisie\" \/>\n<meta property=\"article:publisher\" content=\"https:\/\/www.facebook.com\/TCETUNISIE\/\" \/>\n<meta property=\"article:published_time\" content=\"2024-12-30T12:23:18+00:00\" \/>\n<meta property=\"article:modified_time\" content=\"2024-12-30T13:02:04+00:00\" \/>\n<meta property=\"og:image\" content=\"https:\/\/www.tunisie-chirurgie-esthetique.com\/blog\/wp-content\/uploads\/2024\/12\/combiner-rhinoplastie-plus-septoplastie.jpeg\" \/>\n\t<meta property=\"og:image:width\" content=\"1280\" \/>\n\t<meta property=\"og:image:height\" content=\"854\" \/>\n\t<meta property=\"og:image:type\" content=\"image\/jpeg\" \/>\n<meta name=\"author\" content=\"Dina Legrand\" \/>\n<meta name=\"twitter:card\" content=\"summary_large_image\" \/>\n<meta name=\"twitter:creator\" content=\"@Tunisie_CE\" \/>\n<meta name=\"twitter:site\" content=\"@Tunisie_CE\" \/>\n<meta name=\"twitter:label1\" content=\"\u00c9crit par\" \/>\n\t<meta name=\"twitter:data1\" content=\"Dina Legrand\" \/>\n\t<meta name=\"twitter:label2\" content=\"Dur\u00e9e de lecture estim\u00e9e\" \/>\n\t<meta name=\"twitter:data2\" content=\"9 minutes\" \/>\n<!-- \/ Yoast SEO plugin. -->","yoast_head_json":{"title":"Combiner chirurgie esth\u00e9tique et fonctionnelle du nez : Avantages","description":"La combinaison de la chirurgie esth\u00e9tique et fonctionnelle du nez offre une approche holistique et efficace pour traiter les probl\u00e8mes li\u00e9s \u00e0 cet organe essentiel. En alliant les techniques de rhinoplastie et de chirurgie endonasale, les chirurgiens peuvent obtenir des r\u00e9sultats optimaux, \u00e0 la fois sur le plan esth\u00e9tique et sur le plan fonctionnel.","robots":{"index":"index","follow":"follow","max-snippet":"max-snippet:-1","max-image-preview":"max-image-preview:large","max-video-preview":"max-video-preview:-1"},"canonical":"https:\/\/www.tunisie-chirurgie-esthetique.com\/blog\/combiner-chirurgie-esthetique-et-fonctionnelle-du-nez\/","og_locale":"fr_FR","og_type":"article","og_title":"Combiner chirurgie esth\u00e9tique et fonctionnelle du nez : Avantages","og_description":"La combinaison de la chirurgie esth\u00e9tique et fonctionnelle du nez offre une approche holistique et efficace pour traiter les probl\u00e8mes li\u00e9s \u00e0 cet organe essentiel. En alliant les techniques de rhinoplastie et de chirurgie endonasale, les chirurgiens peuvent obtenir des r\u00e9sultats optimaux, \u00e0 la fois sur le plan esth\u00e9tique et sur le plan fonctionnel.","og_url":"https:\/\/www.tunisie-chirurgie-esthetique.com\/blog\/combiner-chirurgie-esthetique-et-fonctionnelle-du-nez\/","og_site_name":"Actualit\u00e9s Chirurgie Esth\u00e9tique Tunisie","article_publisher":"https:\/\/www.facebook.com\/TCETUNISIE\/","article_published_time":"2024-12-30T12:23:18+00:00","article_modified_time":"2024-12-30T13:02:04+00:00","og_image":[{"width":1280,"height":854,"url":"https:\/\/www.tunisie-chirurgie-esthetique.com\/blog\/wp-content\/uploads\/2024\/12\/combiner-rhinoplastie-plus-septoplastie.jpeg","type":"image\/jpeg"}],"author":"Dina Legrand","twitter_card":"summary_large_image","twitter_creator":"@Tunisie_CE","twitter_site":"@Tunisie_CE","twitter_misc":{"\u00c9crit par":"Dina Legrand","Dur\u00e9e de lecture estim\u00e9e":"9 minutes"},"schema":{"@context":"https:\/\/schema.org","@graph":[{"@type":["Article","BlogPosting"],"@id":"https:\/\/www.tunisie-chirurgie-esthetique.com\/blog\/combiner-chirurgie-esthetique-et-fonctionnelle-du-nez\/#article","isPartOf":{"@id":"https:\/\/www.tunisie-chirurgie-esthetique.com\/blog\/combiner-chirurgie-esthetique-et-fonctionnelle-du-nez\/"},"author":{"name":"Dina Legrand","@id":"https:\/\/www.tunisie-chirurgie-esthetique.com\/blog\/#\/schema\/person\/55f99d583f39ff82c83ea8d20bfb8dac"},"headline":"Combiner chirurgie esth\u00e9tique et fonctionnelle du nez : Une approche mixe pour un nez parfait","datePublished":"2024-12-30T12:23:18+00:00","dateModified":"2024-12-30T13:02:04+00:00","mainEntityOfPage":{"@id":"https:\/\/www.tunisie-chirurgie-esthetique.com\/blog\/combiner-chirurgie-esthetique-et-fonctionnelle-du-nez\/"},"wordCount":1811,"publisher":{"@id":"https:\/\/www.tunisie-chirurgie-esthetique.com\/blog\/#organization"},"image":{"@id":"https:\/\/www.tunisie-chirurgie-esthetique.com\/blog\/combiner-chirurgie-esthetique-et-fonctionnelle-du-nez\/#primaryimage"},"thumbnailUrl":"https:\/\/www.tunisie-chirurgie-esthetique.com\/blog\/wp-content\/uploads\/2024\/12\/combiner-rhinoplastie-plus-septoplastie.jpeg","articleSection":["Chirurgie esth\u00e9tique &amp; plastique","Chirurgie Tunisie"],"inLanguage":"fr-FR"},{"@type":"WebPage","@id":"https:\/\/www.tunisie-chirurgie-esthetique.com\/blog\/combiner-chirurgie-esthetique-et-fonctionnelle-du-nez\/","url":"https:\/\/www.tunisie-chirurgie-esthetique.com\/blog\/combiner-chirurgie-esthetique-et-fonctionnelle-du-nez\/","name":"Combiner chirurgie esth\u00e9tique et fonctionnelle du nez : Avantages","isPartOf":{"@id":"https:\/\/www.tunisie-chirurgie-esthetique.com\/blog\/#website"},"primaryImageOfPage":{"@id":"https:\/\/www.tunisie-chirurgie-esthetique.com\/blog\/combiner-chirurgie-esthetique-et-fonctionnelle-du-nez\/#primaryimage"},"image":{"@id":"https:\/\/www.tunisie-chirurgie-esthetique.com\/blog\/combiner-chirurgie-esthetique-et-fonctionnelle-du-nez\/#primaryimage"},"thumbnailUrl":"https:\/\/www.tunisie-chirurgie-esthetique.com\/blog\/wp-content\/uploads\/2024\/12\/combiner-rhinoplastie-plus-septoplastie.jpeg","datePublished":"2024-12-30T12:23:18+00:00","dateModified":"2024-12-30T13:02:04+00:00","description":"La combinaison de la chirurgie esth\u00e9tique et fonctionnelle du nez offre une approche holistique et efficace pour traiter les probl\u00e8mes li\u00e9s \u00e0 cet organe essentiel. En alliant les techniques de rhinoplastie et de chirurgie endonasale, les chirurgiens peuvent obtenir des r\u00e9sultats optimaux, \u00e0 la fois sur le plan esth\u00e9tique et sur le plan fonctionnel.","breadcrumb":{"@id":"https:\/\/www.tunisie-chirurgie-esthetique.com\/blog\/combiner-chirurgie-esthetique-et-fonctionnelle-du-nez\/#breadcrumb"},"inLanguage":"fr-FR","potentialAction":[{"@type":"ReadAction","target":["https:\/\/www.tunisie-chirurgie-esthetique.com\/blog\/combiner-chirurgie-esthetique-et-fonctionnelle-du-nez\/"]}]},{"@type":"ImageObject","inLanguage":"fr-FR","@id":"https:\/\/www.tunisie-chirurgie-esthetique.com\/blog\/combiner-chirurgie-esthetique-et-fonctionnelle-du-nez\/#primaryimage","url":"https:\/\/www.tunisie-chirurgie-esthetique.com\/blog\/wp-content\/uploads\/2024\/12\/combiner-rhinoplastie-plus-septoplastie.jpeg","contentUrl":"https:\/\/www.tunisie-chirurgie-esthetique.com\/blog\/wp-content\/uploads\/2024\/12\/combiner-rhinoplastie-plus-septoplastie.jpeg","width":1280,"height":854,"caption":"combiner chirurgie esthetique et r\u00e9paratrice du nez"},{"@type":"BreadcrumbList","@id":"https:\/\/www.tunisie-chirurgie-esthetique.com\/blog\/combiner-chirurgie-esthetique-et-fonctionnelle-du-nez\/#breadcrumb","itemListElement":[{"@type":"ListItem","position":1,"name":"Accueil","item":"https:\/\/www.tunisie-chirurgie-esthetique.com\/blog\/"},{"@type":"ListItem","position":2,"name":"Chirurgie esth\u00e9tique &amp; plastique","item":"https:\/\/www.tunisie-chirurgie-esthetique.com\/blog\/chirurgie-esthetique-plastique\/"},{"@type":"ListItem","position":3,"name":"Combiner chirurgie esth\u00e9tique et fonctionnelle du nez : Une approche mixe pour un nez parfait"}]},{"@type":"WebSite","@id":"https:\/\/www.tunisie-chirurgie-esthetique.com\/blog\/#website","url":"https:\/\/www.tunisie-chirurgie-esthetique.com\/blog\/","name":"Actualit\u00e9s en chirurgie et m\u00e9decine esth\u00e9tique Tunisie","description":"Chirurgie en Tunisie","publisher":{"@id":"https:\/\/www.tunisie-chirurgie-esthetique.com\/blog\/#organization"},"alternateName":"Forfaits chirurgie esth\u00e9tique Tunisie prix tout compris","potentialAction":[{"@type":"SearchAction","target":{"@type":"EntryPoint","urlTemplate":"https:\/\/www.tunisie-chirurgie-esthetique.com\/blog\/?s={search_term_string}"},"query-input":{"@type":"PropertyValueSpecification","valueRequired":true,"valueName":"search_term_string"}}],"inLanguage":"fr-FR"},{"@type":"Organization","@id":"https:\/\/www.tunisie-chirurgie-esthetique.com\/blog\/#organization","name":"TCE TUNISIE","alternateName":"Chirurgie esth\u00e9tique en Tunisie","url":"https:\/\/www.tunisie-chirurgie-esthetique.com\/blog\/","logo":{"@type":"ImageObject","inLanguage":"fr-FR","@id":"https:\/\/www.tunisie-chirurgie-esthetique.com\/blog\/#\/schema\/logo\/image\/","url":"https:\/\/www.tunisie-chirurgie-esthetique.com\/blog\/wp-content\/uploads\/2022\/08\/fav-tce.png","contentUrl":"https:\/\/www.tunisie-chirurgie-esthetique.com\/blog\/wp-content\/uploads\/2022\/08\/fav-tce.png","width":512,"height":512,"caption":"TCE TUNISIE"},"image":{"@id":"https:\/\/www.tunisie-chirurgie-esthetique.com\/blog\/#\/schema\/logo\/image\/"},"sameAs":["https:\/\/www.facebook.com\/TCETUNISIE\/","https:\/\/x.com\/Tunisie_CE","https:\/\/www.instagram.com\/tunisiece\/","https:\/\/www.linkedin.com\/company\/tunisie-chirurgie-etshetique-tce\/","https:\/\/www.pinterest.fr\/tunisiechirurgi\/","https:\/\/www.youtube.com\/channel\/UCFZHPINDbYAa_yhOk121j7A\/?sub_confirmation=1"]},{"@type":"Person","@id":"https:\/\/www.tunisie-chirurgie-esthetique.com\/blog\/#\/schema\/person\/55f99d583f39ff82c83ea8d20bfb8dac","name":"Dina Legrand","description":"Je m'appelle Dina Legrand, dipl\u00f4m\u00e9e d'un Master en sciences de la sant\u00e9 de l'Universit\u00e9 de Tunis et de Paris. Forte d'une exp\u00e9rience de plus de 15 ans dans le domaine m\u00e9dical, je me suis sp\u00e9cialis\u00e9e dans la r\u00e9daction, la vulgarisation et la gestion de projets scientifiques. Dot\u00e9e d'une grande aisance r\u00e9dactionnelle, j'ai ensuite \u0153uvr\u00e9 en free-lance pour diverses institutions de sant\u00e9. J'ai organis\u00e9 avec succ\u00e8s plusieurs congr\u00e8s m\u00e9dicaux internationaux, requ\u00e9rant rigueur et capacit\u00e9 de gestion de projets complexes. Aimant partager mon savoir, j'anime aujourd'hui le blog Tunisie-chirurgie-esth\u00e9tique.com, v\u00e9ritable r\u00e9f\u00e9rence en mati\u00e8re d'information m\u00e9dicale grand public. Mon objectif est de rendre accessibles des notions parfois ardues, en adoptant un ton p\u00e9dagogique et une plume clarifiant les derni\u00e8res avanc\u00e9es. Forte de ma double comp\u00e9tence m\u00e9dicale et r\u00e9dactionnelle, je me tiens \u00e0 la disposition des professionnels et particuliers pour toute mission d'\u00e9criture, de traduction ou de vulgarisation scientifique.","url":"https:\/\/www.tunisie-chirurgie-esthetique.com\/blog\/author\/nisieshi_tunesth\/"}]}},"_links":{"self":[{"href":"https:\/\/www.tunisie-chirurgie-esthetique.com\/blog\/wp-json\/wp\/v2\/posts\/7943","targetHints":{"allow":["GET"]}}],"collection":[{"href":"https:\/\/www.tunisie-chirurgie-esthetique.com\/blog\/wp-json\/wp\/v2\/posts"}],"about":[{"href":"https:\/\/www.tunisie-chirurgie-esthetique.com\/blog\/wp-json\/wp\/v2\/types\/post"}],"author":[{"embeddable":true,"href":"https:\/\/www.tunisie-chirurgie-esthetique.com\/blog\/wp-json\/wp\/v2\/users\/1"}],"replies":[{"embeddable":true,"href":"https:\/\/www.tunisie-chirurgie-esthetique.com\/blog\/wp-json\/wp\/v2\/comments?post=7943"}],"version-history":[{"count":12,"href":"https:\/\/www.tunisie-chirurgie-esthetique.com\/blog\/wp-json\/wp\/v2\/posts\/7943\/revisions"}],"predecessor-version":[{"id":7957,"href":"https:\/\/www.tunisie-chirurgie-esthetique.com\/blog\/wp-json\/wp\/v2\/posts\/7943\/revisions\/7957"}],"wp:featuredmedia":[{"embeddable":true,"href":"https:\/\/www.tunisie-chirurgie-esthetique.com\/blog\/wp-json\/wp\/v2\/media\/7946"}],"wp:attachment":[{"href":"https:\/\/www.tunisie-chirurgie-esthetique.com\/blog\/wp-json\/wp\/v2\/media?parent=7943"}],"wp:term":[{"taxonomy":"category","embeddable":true,"href":"https:\/\/www.tunisie-chirurgie-esthetique.com\/blog\/wp-json\/wp\/v2\/categories?post=7943"},{"taxonomy":"post_tag","embeddable":true,"href":"https:\/\/www.tunisie-chirurgie-esthetique.com\/blog\/wp-json\/wp\/v2\/tags?post=7943"}],"curies":[{"name":"wp","href":"https:\/\/api.w.org\/{rel}","templated":true}]}}