{"id":7199,"date":"2024-05-07T18:50:04","date_gmt":"2024-05-07T16:50:04","guid":{"rendered":"https:\/\/www.tunisie-chirurgie-esthetique.com\/blog\/?p=7199"},"modified":"2024-05-08T14:29:17","modified_gmt":"2024-05-08T12:29:17","slug":"prix-facettes-dentaires-et-greffe-de-cheveux","status":"publish","type":"post","link":"https:\/\/www.tunisie-chirurgie-esthetique.com\/blog\/prix-facettes-dentaires-et-greffe-de-cheveux\/","title":{"rendered":"L&#8217;alliance parfaite : Facettes dentaires et greffe de cheveux forfait tout compris"},"content":{"rendered":"<div id=\"ez-toc-container\" class=\"ez-toc-v2_0_82_2 counter-hierarchy ez-toc-counter ez-toc-light-blue ez-toc-container-direction\">\n<div class=\"ez-toc-title-container\">\n<p class=\"ez-toc-title ez-toc-toggle\" style=\"cursor:pointer\">Sommaire<\/p>\n<span class=\"ez-toc-title-toggle\"><a href=\"#\" class=\"ez-toc-pull-right ez-toc-btn ez-toc-btn-xs ez-toc-btn-default ez-toc-toggle\" aria-label=\"Toggle Table of Content\"><span class=\"ez-toc-js-icon-con\"><span class=\"\"><span class=\"eztoc-hide\" style=\"display:none;\">Toggle<\/span><span class=\"ez-toc-icon-toggle-span\"><svg style=\"fill: #999;color:#999\" xmlns=\"http:\/\/www.w3.org\/2000\/svg\" class=\"list-377408\" width=\"20px\" height=\"20px\" viewBox=\"0 0 24 24\" fill=\"none\"><path d=\"M6 6H4v2h2V6zm14 0H8v2h12V6zM4 11h2v2H4v-2zm16 0H8v2h12v-2zM4 16h2v2H4v-2zm16 0H8v2h12v-2z\" fill=\"currentColor\"><\/path><\/svg><svg style=\"fill: #999;color:#999\" class=\"arrow-unsorted-368013\" xmlns=\"http:\/\/www.w3.org\/2000\/svg\" width=\"10px\" height=\"10px\" viewBox=\"0 0 24 24\" version=\"1.2\" baseProfile=\"tiny\"><path d=\"M18.2 9.3l-6.2-6.3-6.2 6.3c-.2.2-.3.4-.3.7s.1.5.3.7c.2.2.4.3.7.3h11c.3 0 .5-.1.7-.3.2-.2.3-.5.3-.7s-.1-.5-.3-.7zM5.8 14.7l6.2 6.3 6.2-6.3c.2-.2.3-.5.3-.7s-.1-.5-.3-.7c-.2-.2-.4-.3-.7-.3h-11c-.3 0-.5.1-.7.3-.2.2-.3.5-.3.7s.1.5.3.7z\"\/><\/svg><\/span><\/span><\/span><\/a><\/span><\/div>\n<nav><ul class='ez-toc-list ez-toc-list-level-1 eztoc-toggle-hide-by-default' ><li class='ez-toc-page-1 ez-toc-heading-level-2'><a class=\"ez-toc-link ez-toc-heading-1\" href=\"https:\/\/www.tunisie-chirurgie-esthetique.com\/blog\/prix-facettes-dentaires-et-greffe-de-cheveux\/#Les_avantages_des_facettes_dentaires\" >Les avantages des facettes dentaires<\/a><ul class='ez-toc-list-level-3' ><li class='ez-toc-heading-level-3'><a class=\"ez-toc-link ez-toc-heading-2\" href=\"https:\/\/www.tunisie-chirurgie-esthetique.com\/blog\/prix-facettes-dentaires-et-greffe-de-cheveux\/#Types_de_facettes_dentaires\" >Types de facettes dentaires<\/a><\/li><li class='ez-toc-page-1 ez-toc-heading-level-3'><a class=\"ez-toc-link ez-toc-heading-3\" href=\"https:\/\/www.tunisie-chirurgie-esthetique.com\/blog\/prix-facettes-dentaires-et-greffe-de-cheveux\/#Resultats_pose_facette_dentaire_Photos_AvantApres\" >R\u00e9sultats pose facette dentaire : Photos Avant\/Apr\u00e8s<\/a><\/li><\/ul><\/li><li class='ez-toc-page-1 ez-toc-heading-level-2'><a class=\"ez-toc-link ez-toc-heading-4\" href=\"https:\/\/www.tunisie-chirurgie-esthetique.com\/blog\/prix-facettes-dentaires-et-greffe-de-cheveux\/#Les_avantages_dune_greffe_de_cheveux\" >Les avantages d&#8217;une greffe de cheveux<\/a><ul class='ez-toc-list-level-3' ><li class='ez-toc-heading-level-3'><a class=\"ez-toc-link ez-toc-heading-5\" href=\"https:\/\/www.tunisie-chirurgie-esthetique.com\/blog\/prix-facettes-dentaires-et-greffe-de-cheveux\/#Methodes_et_Techniques_de_greffe_de_cheveux\" >M\u00e9thodes et Techniques de greffe de cheveux<\/a><\/li><li class='ez-toc-page-1 ez-toc-heading-level-3'><a class=\"ez-toc-link ez-toc-heading-6\" href=\"https:\/\/www.tunisie-chirurgie-esthetique.com\/blog\/prix-facettes-dentaires-et-greffe-de-cheveux\/#Resultats_greffe_capillaire_Photos_Avant_Apres\" >R\u00e9sultats greffe capillaire : Photos Avant &amp; Apr\u00e8s<\/a><\/li><\/ul><\/li><li class='ez-toc-page-1 ez-toc-heading-level-2'><a class=\"ez-toc-link ez-toc-heading-7\" href=\"https:\/\/www.tunisie-chirurgie-esthetique.com\/blog\/prix-facettes-dentaires-et-greffe-de-cheveux\/#Les_avantages_de_la_combinaison_facettes_dentaires_greffe_de_cheveux\" >Les avantages de la combinaison facettes dentaires + greffe de cheveux<\/a><\/li><li class='ez-toc-page-1 ez-toc-heading-level-2'><a class=\"ez-toc-link ez-toc-heading-8\" href=\"https:\/\/www.tunisie-chirurgie-esthetique.com\/blog\/prix-facettes-dentaires-et-greffe-de-cheveux\/#Top_10_des_celebrites_qui_ont_eu_recours_aux_facettes_dentaires_et_a_la_greffe_de_cheveux\" >Top 10 des c\u00e9l\u00e9brit\u00e9s qui ont eu recours aux facettes dentaires et \u00e0 la greffe de cheveux<\/a><\/li><li class='ez-toc-page-1 ez-toc-heading-level-2'><a class=\"ez-toc-link ez-toc-heading-9\" href=\"https:\/\/www.tunisie-chirurgie-esthetique.com\/blog\/prix-facettes-dentaires-et-greffe-de-cheveux\/#Le_deroulement_du_traitement_combine_pose_de_facettes_dentaires_greffe_de_cheveux\" >Le d\u00e9roulement du traitement combin\u00e9 pose de facettes dentaires + greffe de cheveux<\/a><\/li><li class='ez-toc-page-1 ez-toc-heading-level-2'><a class=\"ez-toc-link ez-toc-heading-10\" href=\"https:\/\/www.tunisie-chirurgie-esthetique.com\/blog\/prix-facettes-dentaires-et-greffe-de-cheveux\/#Le_cout_de_la_combinaison_facettes_dentaires_greffe_de_cheveux\" >Le co\u00fbt de la combinaison facettes dentaires + greffe de cheveux<\/a><ul class='ez-toc-list-level-3' ><li class='ez-toc-heading-level-3'><a class=\"ez-toc-link ez-toc-heading-11\" href=\"https:\/\/www.tunisie-chirurgie-esthetique.com\/blog\/prix-facettes-dentaires-et-greffe-de-cheveux\/#Prix_facette_dentaire_greffe_de_cheveux_en_Tunisie\" >Prix facette dentaire + greffe de cheveux en Tunisie<\/a><\/li><li class='ez-toc-page-1 ez-toc-heading-level-3'><a class=\"ez-toc-link ez-toc-heading-12\" href=\"https:\/\/www.tunisie-chirurgie-esthetique.com\/blog\/prix-facettes-dentaires-et-greffe-de-cheveux\/#Prix_facette_dentaire_greffe_de_cheveux_dans_dautres_pays\" >Prix facette dentaire + greffe de cheveux dans d&#8217;autres pays<\/a><\/li><\/ul><\/li><li class='ez-toc-page-1 ez-toc-heading-level-2'><a class=\"ez-toc-link ez-toc-heading-13\" href=\"https:\/\/www.tunisie-chirurgie-esthetique.com\/blog\/prix-facettes-dentaires-et-greffe-de-cheveux\/#Quels_sont_les_criteres_pour_etre_eligible_a_une_greffe_de_cheveux_et_des_facettes_dentaires\" >Quels sont les crit\u00e8res pour \u00eatre \u00e9ligible \u00e0 une greffe de cheveux et des facettes dentaires?<\/a><\/li><li class='ez-toc-page-1 ez-toc-heading-level-2'><a class=\"ez-toc-link ez-toc-heading-14\" href=\"https:\/\/www.tunisie-chirurgie-esthetique.com\/blog\/prix-facettes-dentaires-et-greffe-de-cheveux\/#Quelle_est_la_duree_de_vie_moyenne_des_facettes_dentaires_et_de_la_greffe_de_cheveux\" >Quelle est la dur\u00e9e de vie moyenne des facettes dentaires et de la greffe de cheveux?<\/a><\/li><li class='ez-toc-page-1 ez-toc-heading-level-2'><a class=\"ez-toc-link ez-toc-heading-15\" href=\"https:\/\/www.tunisie-chirurgie-esthetique.com\/blog\/prix-facettes-dentaires-et-greffe-de-cheveux\/#Quelles_autres_soins_esthetiques_puis-je_combiner_avec_la_pose_de_facette_dentaire_en_Tunisie\" >Quelles autres soins esth\u00e9tiques puis-je combiner avec la pose de facette dentaire en Tunisie ?<\/a><ul class='ez-toc-list-level-3' ><li class='ez-toc-heading-level-3'><a class=\"ez-toc-link ez-toc-heading-16\" href=\"https:\/\/www.tunisie-chirurgie-esthetique.com\/blog\/prix-facettes-dentaires-et-greffe-de-cheveux\/#A_Propos_De_lAuteur\" >A Propos De l&#8217;Auteur<\/a><\/li><\/ul><\/li><\/ul><\/nav><\/div>\n<p>De nos jours, de plus en plus de personnes cherchent \u00e0 am\u00e9liorer leur apparence de mani\u00e8re globale. Plut\u00f4t que de se concentrer sur un seul aspect, elles optent pour une approche holistique visant \u00e0 embellir l&#8217;ensemble de leur visage et de leur silhouette. C&#8217;est dans cette optique que la combinaison d&#8217;une pose de facettes dentaires et d&#8217;une greffe de cheveux a le vent en poupe.<\/p>\n<p>Cette intervention combin\u00e9e et innovante, permet de redonner \u00e9clat et harmonie \u00e0 votre sourire tout en revitalisant votre chevelure. Bien que cela puisse sembler ambitieux, les r\u00e9sultats sont souvent spectaculaires et peuvent v\u00e9ritablement transformer votre look.<\/p>\n<p style=\"text-align: center;\"><a href=\"https:\/\/www.tunisie-chirurgie-esthetique.com\/tarifs-chirurgie-esthetique-tunisie\"><strong>Facettes dentaires + Greffe de cheveux en Tunisie \u00e0 partir de 3000\u20ac tout compris!<\/strong><\/a><\/p>\n<h2><span class=\"ez-toc-section\" id=\"Les_avantages_des_facettes_dentaires\"><\/span>Les avantages des facettes dentaires<span class=\"ez-toc-section-end\"><\/span><\/h2>\n<p>Les <a href=\"https:\/\/www.tunisie-chirurgie-esthetique.com\/blog\/prix-facette-dentaire-tunisie\/\">facettes dentaires<\/a> sont des fines coquilles en c\u00e9ramique ou en composite qui se fixent sur la surface avant des dents. Elles permettent de corriger de nombreux d\u00e9fauts esth\u00e9tiques tels que :<\/p>\n<ul>\n<li>Les dents tach\u00e9es, d\u00e9color\u00e9es ou jaunies<\/li>\n<li>Les dents ab\u00eem\u00e9es, \u00e9br\u00e9ch\u00e9es ou fissur\u00e9es<\/li>\n<li>Les dents mal align\u00e9es ou espac\u00e9es<\/li>\n<li>Les dents trop petites ou de forme irr\u00e9guli\u00e8re<\/li>\n<\/ul>\n<p>En recouvrant l&#8217;int\u00e9gralit\u00e9 de la surface visible de la dent, les facettes offrent une solution esth\u00e9tique rapide et durable. Elles donnent instantan\u00e9ment un aspect plus sain, plus blanc et plus uniforme \u00e0 votre sourire.<\/p>\n<figure id=\"attachment_7210\" aria-describedby=\"caption-attachment-7210\" style=\"width: 629px\" class=\"wp-caption aligncenter\"><img loading=\"lazy\" decoding=\"async\" class=\" wp-image-7210\" src=\"https:\/\/www.tunisie-chirurgie-esthetique.com\/blog\/wp-content\/uploads\/2024\/05\/deroulement-pose-facettes-dentaires.jpg\" alt=\"deroulement-pose-facettes-dentaires\" width=\"629\" height=\"419\" srcset=\"https:\/\/www.tunisie-chirurgie-esthetique.com\/blog\/wp-content\/uploads\/2024\/05\/deroulement-pose-facettes-dentaires.jpg 996w, https:\/\/www.tunisie-chirurgie-esthetique.com\/blog\/wp-content\/uploads\/2024\/05\/deroulement-pose-facettes-dentaires-300x200.jpg 300w, https:\/\/www.tunisie-chirurgie-esthetique.com\/blog\/wp-content\/uploads\/2024\/05\/deroulement-pose-facettes-dentaires-768x512.jpg 768w\" sizes=\"auto, (max-width: 629px) 100vw, 629px\" \/><figcaption id=\"caption-attachment-7210\" class=\"wp-caption-text\">Pose facettes dentaires<\/figcaption><\/figure>\n<p>Au-del\u00e0 de l&#8217;aspect purement esth\u00e9tique, les facettes dentaires pr\u00e9sentent \u00e9galement de nombreux avantages fonctionnels :<\/p>\n<ul>\n<li>Elles renforcent la structure de la dent et la prot\u00e8gent des agressions ext\u00e9rieures<\/li>\n<li>Elles facilitent l&#8217;entretien et l&#8217;hygi\u00e8ne bucco-dentaire<\/li>\n<li>Elles am\u00e9liorent la mastication et la phonation<\/li>\n<li>Elles corrigent les probl\u00e8mes d&#8217;occlusion dentaire<\/li>\n<\/ul>\n<p>Gr\u00e2ce \u00e0 ces multiples b\u00e9n\u00e9fices, les facettes dentaires sont devenues une option de choix pour tous ceux qui souhaitent redonner \u00e9clat et harmonie \u00e0 leur sourire.<\/p>\n<h3><span class=\"ez-toc-section\" id=\"Types_de_facettes_dentaires\"><\/span>Types de facettes dentaires<span class=\"ez-toc-section-end\"><\/span><\/h3>\n<ul>\n<li><strong>Facettes en c\u00e9ramique<\/strong>: Classiques, elles sont compos\u00e9es d&#8217;oxyde de zirconium ou d&#8217;alumine, tr\u00e8s r\u00e9sistantes et biocompatibles. Couleur et translucidit\u00e9 proches des dents naturelles.<\/li>\n<li><a href=\"https:\/\/www.tunisie-chirurgie-esthetique.com\/blog\/prix-facettes-dentaires-emax-tunisie\/\"><strong>Facettes Emax<\/strong><\/a>: En disilicate de lithium, plus fines et transparantes que les c\u00e9ramiques. Moins r\u00e9sistantes aux chocs que les facettes en zircone.<\/li>\n<li><strong>Facettes Lumineers<\/strong>: Tr\u00e8s fines en composite de verre, pos\u00e9es sans pr\u00e9paration dentaire. Discr\u00e8tes mais moins durables que les c\u00e9ramiques.<\/li>\n<li><strong>Facettes pelliculaires<\/strong>: En r\u00e9sine composite, pos\u00e9es sans pr\u00e9paration. Moins esth\u00e9tiques et r\u00e9sistantes que les c\u00e9ramiques.<\/li>\n<li><strong>Facettes feldpathiques<\/strong>: Ancienne g\u00e9n\u00e9ration en porcelaine, plus opaques. Demandaient une abrasion dentaire importante.<\/li>\n<li><strong>Facettes Glamsmile<\/strong>: En composite translucide, r\u00e9sistant et esth\u00e9tique. Pose sans pr\u00e9paration dentaire, pour un r\u00e9sultat lumineux.<\/li>\n<li><strong>Facettes River 8<\/strong>: En composite enrichi en c\u00e9ramique, fines et tr\u00e8s esth\u00e9tiques. Pose sans fraisage, pour un rendu proche du naturel.<\/li>\n<li><strong>Facettes composites<\/strong>: En r\u00e9sine composite polychromatique, plus \u00e9conomiques. Moins r\u00e9sistantes et naturelles que les c\u00e9ramiques.<\/li>\n<li><strong>Facettes dentaires directes<\/strong> : Appel\u00e9es facettes provisoires ou mock-up, sont des coques en composite pos\u00e9s imm\u00e9diatement, de fa\u00e7on temporaire.<\/li>\n<\/ul>\n<h3><span class=\"ez-toc-section\" id=\"Resultats_pose_facette_dentaire_Photos_AvantApres\"><\/span>R\u00e9sultats pose facette dentaire : Photos Avant\/Apr\u00e8s<span class=\"ez-toc-section-end\"><\/span><\/h3>\n<figure id=\"attachment_7231\" aria-describedby=\"caption-attachment-7231\" style=\"width: 424px\" class=\"wp-caption aligncenter\"><img loading=\"lazy\" decoding=\"async\" class=\"size-full wp-image-7231\" src=\"https:\/\/www.tunisie-chirurgie-esthetique.com\/blog\/wp-content\/uploads\/2024\/05\/resultat-facette-dentaire-avant-apres.webp\" alt=\"resultat-facette-dentaire-avant-apres\" width=\"424\" height=\"714\" srcset=\"https:\/\/www.tunisie-chirurgie-esthetique.com\/blog\/wp-content\/uploads\/2024\/05\/resultat-facette-dentaire-avant-apres.webp 424w, https:\/\/www.tunisie-chirurgie-esthetique.com\/blog\/wp-content\/uploads\/2024\/05\/resultat-facette-dentaire-avant-apres-178x300.webp 178w\" sizes=\"auto, (max-width: 424px) 100vw, 424px\" \/><figcaption id=\"caption-attachment-7231\" class=\"wp-caption-text\">R\u00e9sultat facette dentaire<\/figcaption><\/figure>\n<h2><span class=\"ez-toc-section\" id=\"Les_avantages_dune_greffe_de_cheveux\"><\/span>Les avantages d&#8217;une greffe de cheveux<span class=\"ez-toc-section-end\"><\/span><\/h2>\n<p>La greffe de cheveux est une intervention chirurgicale visant \u00e0 transplanter des follicules pileux d&#8217;une zone du cuir chevelu (g\u00e9n\u00e9ralement \u00e0 l&#8217;arri\u00e8re ou sur les c\u00f4t\u00e9s) vers les zones clairsem\u00e9es ou alop\u00e9ciques. Cette technique permet de regarnir durablement les zones touch\u00e9es par la calvitie ou l&#8217;amincissement capillaire.<\/p>\n<figure id=\"attachment_7211\" aria-describedby=\"caption-attachment-7211\" style=\"width: 640px\" class=\"wp-caption aligncenter\"><img loading=\"lazy\" decoding=\"async\" class=\"size-large wp-image-7211\" src=\"https:\/\/www.tunisie-chirurgie-esthetique.com\/blog\/wp-content\/uploads\/2024\/05\/greffe-capillaire-1024x804.jpg\" alt=\"greffe capillaire\" width=\"640\" height=\"503\" srcset=\"https:\/\/www.tunisie-chirurgie-esthetique.com\/blog\/wp-content\/uploads\/2024\/05\/greffe-capillaire-1024x804.jpg 1024w, https:\/\/www.tunisie-chirurgie-esthetique.com\/blog\/wp-content\/uploads\/2024\/05\/greffe-capillaire-300x236.jpg 300w, https:\/\/www.tunisie-chirurgie-esthetique.com\/blog\/wp-content\/uploads\/2024\/05\/greffe-capillaire-768x603.jpg 768w, https:\/\/www.tunisie-chirurgie-esthetique.com\/blog\/wp-content\/uploads\/2024\/05\/greffe-capillaire-1536x1207.jpg 1536w, https:\/\/www.tunisie-chirurgie-esthetique.com\/blog\/wp-content\/uploads\/2024\/05\/greffe-capillaire.jpg 1600w\" sizes=\"auto, (max-width: 640px) 100vw, 640px\" \/><figcaption id=\"caption-attachment-7211\" class=\"wp-caption-text\">Greffe capillaire<\/figcaption><\/figure>\n<p>Outre l&#8217;aspect esth\u00e9tique \u00e9vident, la <a href=\"https:\/\/www.tunisie-chirurgie-esthetique.com\/blog\/greffe-cheveux-paris-france\/\">greffe de cheveux<\/a> apporte de nombreux autres b\u00e9n\u00e9fices :<\/p>\n<ul>\n<li>Restauration durable de la densit\u00e9 capillaire<\/li>\n<li>Am\u00e9lioration de la texture et de la qualit\u00e9 des cheveux<\/li>\n<li>Suppression d\u00e9finitive des zones d\u00e9garnies<\/li>\n<li>Boost de l&#8217;estime de soi et de la confiance en soi<\/li>\n<li>R\u00e9sultats naturels et personnalis\u00e9s<\/li>\n<\/ul>\n<p>Contrairement aux traitements m\u00e9dicamenteux ou aux proth\u00e8ses capillaires, la greffe de cheveux offre des r\u00e9sultats naturels et p\u00e9rennes. Les cheveux transplant\u00e9s poussent de mani\u00e8re permanente et s&#8217;int\u00e8grent parfaitement au reste de la chevelure.<\/p>\n<h3><span class=\"ez-toc-section\" id=\"Methodes_et_Techniques_de_greffe_de_cheveux\"><\/span>M\u00e9thodes et Techniques de greffe de cheveux<span class=\"ez-toc-section-end\"><\/span><\/h3>\n<ul>\n<li><strong>FUT (Follicular Unit Transplantation)<\/strong> : Extraction de bandelettes de peau contenant les unit\u00e9s folliculaires, recousues. Cicatrice lin\u00e9aire, mais moins pr\u00e9cis.<\/li>\n<li><strong>FUE (Follicular Unit Extraction)<\/strong> : Pr\u00e9l\u00e8vement uniquement des unit\u00e9s folliculaires, de mani\u00e8re individuelle, sans cicatrices lin\u00e9aires. Plus pr\u00e9cise.<\/li>\n<li><strong>IFA (Implantation Folliculaire Automatis\u00e9e)<\/strong> : Variante robotis\u00e9e de la FUE, plus rapide et pr\u00e9cise.<\/li>\n<li><strong><a href=\"https:\/\/www.tunisie-chirurgie-esthetique.com\/blog\/greffe-cils-tunisie\/\">DHI<\/a> (Direct Hair Implantation)<\/strong> : Variante de la FUE o\u00f9 les greffons sont implant\u00e9s le jour m\u00eame, sans conservation.<\/li>\n<li><strong>Greffe sur cheveux longs<\/strong> : N\u00e9cessite d\u00e9licatesse et patience accrue lors de la FUE pour \u00e9viter ab\u00eemes sur la chevelure existante.<\/li>\n<li><strong>Greffe sur cheveux fris\u00e9s\/afros<\/strong> : Demande une adaptation de la technique FUE, sur chevelure plus \u00e9paisse naturellement. Implant plus profond.<\/li>\n<\/ul>\n<p>Le choix de la m\u00e9thode d\u00e9pend du cas particulier, des attentes esth\u00e9tiques et des comp\u00e9tences du chirurgien.<\/p>\n<h3><span class=\"ez-toc-section\" id=\"Resultats_greffe_capillaire_Photos_Avant_Apres\"><\/span>R\u00e9sultats greffe capillaire : Photos Avant &amp; Apr\u00e8s<span class=\"ez-toc-section-end\"><\/span><\/h3>\n<figure id=\"attachment_7233\" aria-describedby=\"caption-attachment-7233\" style=\"width: 562px\" class=\"wp-caption aligncenter\"><img loading=\"lazy\" decoding=\"async\" class=\" wp-image-7233\" src=\"https:\/\/www.tunisie-chirurgie-esthetique.com\/blog\/wp-content\/uploads\/2024\/05\/resultat-greffe-cheveux-avant-apres-1024x683.jpg\" alt=\"resultat-greffe-cheveux-avant-apres\" width=\"562\" height=\"375\" srcset=\"https:\/\/www.tunisie-chirurgie-esthetique.com\/blog\/wp-content\/uploads\/2024\/05\/resultat-greffe-cheveux-avant-apres-1024x683.jpg 1024w, https:\/\/www.tunisie-chirurgie-esthetique.com\/blog\/wp-content\/uploads\/2024\/05\/resultat-greffe-cheveux-avant-apres-300x200.jpg 300w, https:\/\/www.tunisie-chirurgie-esthetique.com\/blog\/wp-content\/uploads\/2024\/05\/resultat-greffe-cheveux-avant-apres-768x512.jpg 768w, https:\/\/www.tunisie-chirurgie-esthetique.com\/blog\/wp-content\/uploads\/2024\/05\/resultat-greffe-cheveux-avant-apres.jpg 1200w\" sizes=\"auto, (max-width: 562px) 100vw, 562px\" \/><figcaption id=\"caption-attachment-7233\" class=\"wp-caption-text\">R\u00e9sultat greffe cheveux<\/figcaption><\/figure>\n<p>&nbsp;<\/p>\n<figure id=\"attachment_7234\" aria-describedby=\"caption-attachment-7234\" style=\"width: 564px\" class=\"wp-caption aligncenter\"><img loading=\"lazy\" decoding=\"async\" class=\"size-full wp-image-7234\" src=\"https:\/\/www.tunisie-chirurgie-esthetique.com\/blog\/wp-content\/uploads\/2024\/05\/geffe-cheveux-frises-afro-avant-apres.png\" alt=\"geffe-cheveux-frises-afro-avant-apres\" width=\"564\" height=\"570\" srcset=\"https:\/\/www.tunisie-chirurgie-esthetique.com\/blog\/wp-content\/uploads\/2024\/05\/geffe-cheveux-frises-afro-avant-apres.png 564w, https:\/\/www.tunisie-chirurgie-esthetique.com\/blog\/wp-content\/uploads\/2024\/05\/geffe-cheveux-frises-afro-avant-apres-297x300.png 297w\" sizes=\"auto, (max-width: 564px) 100vw, 564px\" \/><figcaption id=\"caption-attachment-7234\" class=\"wp-caption-text\">Greffe de cheveux fris\u00e9s \/ afro<\/figcaption><\/figure>\n<h2><span class=\"ez-toc-section\" id=\"Les_avantages_de_la_combinaison_facettes_dentaires_greffe_de_cheveux\"><\/span>Les avantages de la combinaison facettes dentaires + greffe de cheveux<span class=\"ez-toc-section-end\"><\/span><\/h2>\n<p>Lorsque l&#8217;on combine les facettes dentaires et la greffe de cheveux, on obtient une v\u00e9ritable transformation du visage. Cette approche globale permet de redonner \u00e9clat, harmonie et jeunesse \u00e0 votre apparence dans son ensemble.<\/p>\n<p>Parmi les principaux avantages de cette combinaison de traitements :<\/p>\n<p><strong>Embellissement du visage \u00e0 360\u00b0 :<\/strong> En agissant \u00e0 la fois sur le sourire et sur la chevelure, vous obtenez un r\u00e9sultat esth\u00e9tique global qui met en valeur tous vos traits de mani\u00e8re harmonieuse.<\/p>\n<p><strong>Regain de confiance en soi<\/strong> : Le fait de vous sentir mieux dans votre peau, avec un beau sourire et une chevelure dense, vous donnera un regain de confiance et d&#8217;estime de vous-m\u00eame.<\/p>\n<p><strong>R\u00e9sultats naturels et durables<\/strong> : Gr\u00e2ce \u00e0 la solidit\u00e9 des facettes dentaires et \u00e0 la p\u00e9rennit\u00e9 de la greffe de cheveux, les r\u00e9sultats obtenus sont naturels et peuvent durer de nombreuses ann\u00e9es.<\/p>\n<p><strong>Synergie des b\u00e9n\u00e9fices<\/strong> : Les avantages fonctionnels et esth\u00e9tiques des facettes dentaires et de la greffe de cheveux se renforcent mutuellement pour vous offrir une transformation globale.<\/p>\n<p><strong>Gain de temps et d&#8217;argent<\/strong> : En r\u00e9alisant ces deux interventions en parall\u00e8le, vous b\u00e9n\u00e9ficiez d&#8217;\u00e9conomies d&#8217;\u00e9chelle et gagnez du temps par rapport \u00e0 des interventions s\u00e9par\u00e9es.<\/p>\n<p>Que vous souhaitiez simplement vous embellir ou corriger des probl\u00e8mes esth\u00e9tiques, la combinaison facettes dentaires + greffe de cheveux est une solution compl\u00e8te et particuli\u00e8rement efficace.<\/p>\n<h2><span class=\"ez-toc-section\" id=\"Top_10_des_celebrites_qui_ont_eu_recours_aux_facettes_dentaires_et_a_la_greffe_de_cheveux\"><\/span>Top 10 des c\u00e9l\u00e9brit\u00e9s qui ont eu recours aux facettes dentaires et \u00e0 la greffe de cheveux<span class=\"ez-toc-section-end\"><\/span><\/h2>\n<ol>\n<li><strong>Johnny Depp<\/strong> : Facettes dentaires et greffe de cheveux pendant sa vingtaine pour am\u00e9liorer son apparence.<\/li>\n<li><strong>Elon Musk<\/strong> : Greffe de cheveux vers 40 ans pour combler le d\u00e9but de calvitie.<\/li>\n<li><strong>Wayne Rooney<\/strong> : Facettes dentaires blanches et align\u00e9es vers 30 ans pour son image de star.<\/li>\n<li><strong>Justin Bieber<\/strong> : Greffe de cheveux pr\u00e9coce d\u00e8s 16 ans face \u00e0 une calvitie acc\u00e9l\u00e9r\u00e9e.<\/li>\n<li><strong>Bradley Cooper<\/strong> : Greffe de cheveux et facettes dentaires blanches sur le tapis rouge apr\u00e8s 40 ans.<\/li>\n<li><strong>Gwyneth Paltrow<\/strong> : Facettes dentaires discr\u00e8tes pour corriger la couleur jaun\u00e2tre de ses dents.<\/li>\n<li><strong>George Clooney<\/strong> : Facettes dentaires pour rectifier la forme de son sourire vers la cinquantaine.<\/li>\n<li><strong>David Beckham<\/strong> : Greffe de cheveux \u00e0 plusieurs reprises pour conserver sa chevelure \u00e9paisse.<\/li>\n<li><strong>Meghan Markle<\/strong> : Greffe de cheveux f\u00e9minine discr\u00e8te pour renforcer sa chevelure peu fournie.<\/li>\n<li><strong>Leonardo DiCaprio<\/strong> : Greffe de cheveux et alignement dentaire \u00e0 l&#8217;adolescence pour l&#8217;aider \u00e0 percer dans le cin\u00e9ma.<\/li>\n<\/ol>\n<p>Ce top 10 montre que les <strong>greffes capillaires et facettes dentaires<\/strong> sont devenus des soins courants pour les c\u00e9l\u00e9brit\u00e9s, surtout face au vieillissement ou pour am\u00e9liorer leur image publique.<\/p>\n<h2><span class=\"ez-toc-section\" id=\"Le_deroulement_du_traitement_combine_pose_de_facettes_dentaires_greffe_de_cheveux\"><\/span>Le d\u00e9roulement du traitement combin\u00e9 pose de facettes dentaires + greffe de cheveux<span class=\"ez-toc-section-end\"><\/span><\/h2>\n<p>La intervention se d\u00e9roule g\u00e9n\u00e9ralement en deux temps :<\/p>\n<p>1. <strong>La pose des facettes dentaires<\/strong> : Cette \u00e9tape se d\u00e9roule sur plusieurs rendez-vous chez votre dentiste. Apr\u00e8s une pr\u00e9paration minutieuse des dents, les facettes sont coll\u00e9es une par une sur la surface visible. Le r\u00e9sultat final est instantan\u00e9 et vous pouvez retrouver un sourire \u00e9tincelant.<\/p>\n<p>2. <strong>La greffe de cheveux<\/strong> : Cette intervention chirurgicale est r\u00e9alis\u00e9e par un sp\u00e9cialiste en chirurgie esth\u00e9tique. Sous anesth\u00e9sie locale, les follicules pileux sont pr\u00e9lev\u00e9s puis transplant\u00e9s dans les zones \u00e0 traiter. La repousse des cheveux se fait progressivement sur plusieurs mois.<\/p>\n<p>Les deux interventions peuvent \u00eatre effectu\u00e9es dans la foul\u00e9e ou \u00e0 quelques semaines\/mois d&#8217;\u00e9cart, selon les recommandations de votre praticien et votre pr\u00e9f\u00e9rence.<\/p>\n<h2><span class=\"ez-toc-section\" id=\"Le_cout_de_la_combinaison_facettes_dentaires_greffe_de_cheveux\"><\/span>Le co\u00fbt de la combinaison facettes dentaires + greffe de cheveux<span class=\"ez-toc-section-end\"><\/span><\/h2>\n<p>Le co\u00fbt total de cette combinaison de traitements esth\u00e9tiques varie en fonction de plusieurs facteurs :<\/p>\n<ul>\n<li>Le nombre de facettes dentaires \u00e0 poser<\/li>\n<li>L&#8217;\u00e9tendue de la zone \u00e0 traiter pour la greffe de cheveux<\/li>\n<li>Le niveau d&#8217;expertise et la r\u00e9putation des praticiens<\/li>\n<li>La r\u00e9gion g\u00e9ographique o\u00f9 sont r\u00e9alis\u00e9es les interventions<\/li>\n<li>Les \u00e9ventuelles assurances ou mutuelles qui peuvent prendre en charge une partie des frais<\/li>\n<\/ul>\n<h3><span class=\"ez-toc-section\" id=\"Prix_facette_dentaire_greffe_de_cheveux_en_Tunisie\"><\/span>Prix facette dentaire + greffe de cheveux en Tunisie<span class=\"ez-toc-section-end\"><\/span><\/h3>\n<p>Tableau r\u00e9capitulatif des co\u00fbts estim\u00e9s en Tunisie pour une combinaison de traitements esth\u00e9tiques dentaires et capillaires:<\/p>\n<table border=\"1\" width=\"100%\" align=\"center\">\n<thead>\n<tr>\n<th style=\"text-align: center;\">Traitement<\/th>\n<th>Prix moyen en Tunisie<\/th>\n<\/tr>\n<\/thead>\n<tbody>\n<tr>\n<td>Facettes c\u00e9ramiques pour 8 dents<\/td>\n<td style=\"text-align: center;\">1000-1500\u20ac<\/td>\n<\/tr>\n<tr>\n<td>Greffe de cheveux FUE<\/td>\n<td style=\"text-align: center;\">1500-2500\u20ac<\/td>\n<\/tr>\n<tr>\n<td>S\u00e9jour m\u00e9dicalis\u00e9 d&#8217;une semaine<\/td>\n<td style=\"text-align: center;\">500-800\u20ac<\/td>\n<\/tr>\n<tr>\n<td style=\"text-align: center;\"><strong>Total<\/strong><\/td>\n<td style=\"text-align: center;\"><strong>2800-4000\u20ac<\/strong><\/td>\n<\/tr>\n<\/tbody>\n<\/table>\n<p style=\"text-align: center;\"><a class=\"maxbutton-1 maxbutton maxbutton-devis\" target=\"_blank\" rel=\"noopener\" href=\"https:\/\/www.tunisie-chirurgie-esthetique.com\/devis\"><span class='mb-text'>Devis Gratuit !<\/span><\/a><\/p>\n<p>Ce tableau synth\u00e9tise les principales estimations de co\u00fbts qui ont \u00e9t\u00e9 d\u00e9taill\u00e9es pr\u00e9c\u00e9demment pour:<\/p>\n<ul>\n<li>Des traitements esth\u00e9tiques dentaires de type facettes c\u00e9ramiques sur 8 dents<\/li>\n<li>Une greffe de cheveux complexe par la m\u00e9thode FUE<\/li>\n<li>Des s\u00e9ances pr\u00e9paratoires de laser capillaire<\/li>\n<li>L&#8217;organisation d&#8217;un s\u00e9jour m\u00e9dicalis\u00e9 d&#8217;une semaine en clinique tunisienne<\/li>\n<\/ul>\n<p>Le prix total estim\u00e9 pour cette combinaison de<strong> soins esth\u00e9tiques bucco-dentaires et capillaires<\/strong> se situe entre <strong>2800 et 4000\u20ac<\/strong>. Soit une \u00e9conomie substantielle par rapport aux tarifs pratiqu\u00e9s en Europe pour des prestations \u00e9quivalentes.<\/p>\n<h3><span class=\"ez-toc-section\" id=\"Prix_facette_dentaire_greffe_de_cheveux_dans_dautres_pays\"><\/span>Prix facette dentaire + greffe de cheveux dans d&#8217;autres pays<span class=\"ez-toc-section-end\"><\/span><\/h3>\n<p>Estimation des prix globaux pour une combinaison de pose de facettes dentaires et de greffe de cheveux dans diff\u00e9rents pays:<\/p>\n<table border=\"1\" width=\"100%\" align=\"center\">\n<thead>\n<tr>\n<th style=\"text-align: center;\">Pays<\/th>\n<th style=\"text-align: center;\">Prix global estim\u00e9<\/th>\n<\/tr>\n<\/thead>\n<tbody>\n<tr>\n<td>France (Paris)<\/td>\n<td style=\"text-align: center;\">7500-11 000\u20ac<\/td>\n<\/tr>\n<tr>\n<td>Belgique (Bruxelles)<\/td>\n<td style=\"text-align: center;\">6000-9000\u20ac<\/td>\n<\/tr>\n<tr>\n<td>Espagne (Barcelone)<\/td>\n<td style=\"text-align: center;\">6250-9500\u20ac<\/td>\n<\/tr>\n<tr>\n<td>Canada (Montr\u00e9al)<\/td>\n<td style=\"text-align: center;\">8500-12 000CAD soit 6500-8900\u20ac<\/td>\n<\/tr>\n<tr>\n<td>Allemagne (Munich)<\/td>\n<td style=\"text-align: center;\">6500-9500\u20ac<\/td>\n<\/tr>\n<tr>\n<td>Hongrie (Budapest)<\/td>\n<td style=\"text-align: center;\">4000-6000\u20ac<\/td>\n<\/tr>\n<tr>\n<td>Turquie (Istanbul)<\/td>\n<td style=\"text-align: center;\">3500-5500\u20ac<\/td>\n<\/tr>\n<tr>\n<td>Bulgarie (Sofia)<\/td>\n<td style=\"text-align: center;\">3000-5000\u20ac<\/td>\n<\/tr>\n<tr>\n<td>Alg\u00e9rie (Alger)<\/td>\n<td style=\"text-align: center;\">3500-5000\u20ac<\/td>\n<\/tr>\n<\/tbody>\n<\/table>\n<p style=\"text-align: center;\">\n<p>On constate que les prix sont les plus \u00e9lev\u00e9s en France, Belgique et Canada. Les destinations les plus abordables sont la Tunisie, la Turquie, la Bulgarie et l&#8217;Hongrie, o\u00f9 les co\u00fbts sont 2 \u00e0 3 fois moins chers qu&#8217;en Europe de l&#8217;Ouest.<\/p>\n<p>La combinaison de facettes dentaires et de greffe de cheveux est une solution esth\u00e9tique globale particuli\u00e8rement efficace. En agissant \u00e0 la fois sur le sourire et sur la chevelure, elle permet de redonner harmonie, \u00e9clat et jeunesse \u00e0 votre visage.<\/p>\n<p>Au-del\u00e0 des b\u00e9n\u00e9fices purement esth\u00e9tiques, cette approche holistique vous offrira un regain de confiance en vous qui se ressentira dans tous les aspects de votre vie. Que vous souhaitiez simplement vous embellir ou corriger des probl\u00e8mes sp\u00e9cifiques, ce traitement combin\u00e9 saura r\u00e9pondre \u00e0 vos attentes.<\/p>\n<p>Certes, l&#8217;investissement financier n&#8217;est pas n\u00e9gligeable, mais il s&#8217;agit d&#8217;un v\u00e9ritable investissement dans votre bien-\u00eatre et votre \u00e9panouissement \u00e0 long terme.<\/p>\n<p>N&#8217;h\u00e9sitez donc pas \u00e0 vous renseigner aupr\u00e8s de nos professionnels qualifi\u00e9s pour \u00e9tudier cette option et voir si elle correspond \u00e0 vos besoins et \u00e0 votre budget.<\/p>\n<p style=\"text-align: center;\"><a class=\"maxbutton-4 maxbutton maxbutton-devis\" target=\"_blank\" rel=\"noopener\" href=\"https:\/\/www.tunisie-chirurgie-esthetique.com\/devis\"><span class='mb-text'>Planifier Consultation<\/span><\/a><\/p>\n<h2><span class=\"ez-toc-section\" id=\"Quels_sont_les_criteres_pour_etre_eligible_a_une_greffe_de_cheveux_et_des_facettes_dentaires\"><\/span>Quels sont les crit\u00e8res pour \u00eatre \u00e9ligible \u00e0 une greffe de cheveux et des facettes dentaires?<span class=\"ez-toc-section-end\"><\/span><\/h2>\n<p>les principaux crit\u00e8res pour \u00eatre \u00e9ligible \u00e0 une greffe de cheveux et \u00e0 des facettes dentaires:<\/p>\n<p><strong>Pour la greffe de cheveux:<\/strong><\/p>\n<ul>\n<li>\u00catre majeur<\/li>\n<li>Pr\u00e9senter une calvitie masculine ou feminine stabilis\u00e9e<\/li>\n<li>Avoir une chevelure naturelle suffisante autour de la zone \u00e0 traiter<\/li>\n<li>Ne pas fumer ou arr\u00eater quelques semaines avant l&#8217;intervention<\/li>\n<li>\u00catre en bonne sant\u00e9 g\u00e9n\u00e9ral et ne pas pr\u00e9senter de contre-indications m\u00e9dicales<\/li>\n<\/ul>\n<p><strong>Pour les facettes dentaires:<\/strong><\/p>\n<ul>\n<li>Avoir des dents d\u00e9finitives matures, sans dents de lait restantes<\/li>\n<li>Avoir des dents bien align\u00e9es ou dispos\u00e9es \u00e0 corriger un l\u00e9ger d\u00e9calage<\/li>\n<li>Ne pas pr\u00e9senter de pathologies buccales comme parodontite ou caries actives<\/li>\n<li>Avoir une m\u00e2choire stable, sans probl\u00e8me d&#8217;articulation ou d&#8217;usure dentaire<\/li>\n<li>Accepter les contraintes d&#8217;hygi\u00e8ne et d&#8217;entretien li\u00e9es au port de facettes<\/li>\n<li>\u00catre non allergique aux c\u00e9ramiques et r\u00e9sines utilis\u00e9es<\/li>\n<li>Ne pas fumer ou s&#8217;engager \u00e0 ne plus fumer pendant la dur\u00e9e du traitement<\/li>\n<\/ul>\n<p>Un bilan bucco-dentaire complet permettra de v\u00e9rifier l&#8217;\u00e9ligibilit\u00e9 aux soins esth\u00e9tiques envisag\u00e9s.<\/p>\n<h2><span class=\"ez-toc-section\" id=\"Quelle_est_la_duree_de_vie_moyenne_des_facettes_dentaires_et_de_la_greffe_de_cheveux\"><\/span>Quelle est la dur\u00e9e de vie moyenne des facettes dentaires et de la greffe de cheveux?<span class=\"ez-toc-section-end\"><\/span><\/h2>\n<p><strong>Facettes dentaires:<\/strong><\/p>\n<p>La dur\u00e9e de vie moyenne d&#8217;un set de facettes est de 5 \u00e0 10 ans. Elle d\u00e9pend de plusieurs facteurs:<\/p>\n<ul>\n<li>L&#8217;hygi\u00e8ne bucco-dentaire<\/li>\n<li>Le degr\u00e9 d&#8217;usure naturelle des dents<\/li>\n<li>Les aliments et boissons consomm\u00e9s<\/li>\n<li>Les disinclusions \u00e9ventuelles<\/li>\n<\/ul>\n<p>Dans de bonnes conditions, des facettes peuvent durer jusqu&#8217;\u00e0 15 ans avant de n\u00e9cessiter un remplacement.<\/p>\n<p><strong>Greffe de cheveux:<\/strong><\/p>\n<p>Les cheveux greff\u00e9s sont \u00e0 vie, mais leur densit\u00e9 d\u00e9pend de:<\/p>\n<ul>\n<li>La qualit\u00e9 technique de la greffe<\/li>\n<li>La sensibilit\u00e9 naturelle \u00e0 la perte de cheveux<\/li>\n<li>Le respect des recommandations post-op\u00e9ratoires<\/li>\n<\/ul>\n<p>En moyenne, on estime que la transplantation capillaire garde 60-65% de sa densit\u00e9 initiale au bout de 10 ans. Un nouveau pr\u00e9l\u00e8vement peut alors \u00eatre envisag\u00e9 si n\u00e9cessaire pour rajouter des cheveux.<\/p>\n<p>Avec un entretien r\u00e9gulier et une greffe de qualit\u00e9, les r\u00e9sultats peuvent perdurer plus de 15-20 ans dans la plupart des cas.<\/p>\n<h2><span class=\"ez-toc-section\" id=\"Quelles_autres_soins_esthetiques_puis-je_combiner_avec_la_pose_de_facette_dentaire_en_Tunisie\"><\/span>Quelles autres soins esth\u00e9tiques puis-je combiner avec la pose de facette dentaire en Tunisie ?<span class=\"ez-toc-section-end\"><\/span><\/h2>\n<p><strong>Les options de soins esth\u00e9tiques \u00e0 combiner avec une pose de facette dentaire:<\/strong><\/p>\n<p><strong>Blanchiment dentaire professionnel:<\/strong> Le blanchiment dentaire professionnel peut compl\u00e9ter parfaitement une pose de facette dentaire en rendant vos dents environnantes encore plus \u00e9clatantes. En \u00e9liminant les taches et en \u00e9claircissant la teinte de vos dents naturelles, le blanchiment dentaire peut cr\u00e9er un contraste saisissant avec vos nouvelles facettes dentaires, mettant ainsi en valeur votre sourire.<\/p>\n<p><strong>Alignement orthodontique:<\/strong> Si vos dents sont l\u00e9g\u00e8rement d\u00e9salign\u00e9es ou si vous avez des probl\u00e8mes d&#8217;occlusion mineurs, envisagez un traitement d&#8217;alignement orthodontique. Aligner vos dents avant de poser des facettes dentaires garantit un ajustement parfait et un r\u00e9sultat esth\u00e9tique optimal. Les options telles que les goutti\u00e8res transparentes peuvent offrir un moyen discret et confortable d&#8217;aligner vos dents.<\/p>\n<p><strong>Injections de comblement facial:<\/strong> Pour un rajeunissement facial complet, vous pouvez envisager des injections de comblement facial en combinaison avec une pose de facette dentaire. En repulpant les l\u00e8vres ou en r\u00e9duisant l&#8217;apparence des rides et des ridules, les injections de comblement facial peuvent am\u00e9liorer l&#8217;harmonie globale de votre visage et de votre sourire.<\/p>\n<p>Plusieurs autres soins esth\u00e9tiques qui peuvent vous int\u00e9resser \u00e9galement et qui pouvez combiner avec la pose de facette dentaire :<\/p>\n<ul>\n<li>Lifting du visage sans cicatrices par la m\u00e9thode Flexerel.<\/li>\n<li>Chirurgie des yeux (bl\u00e9pharoplastie laser ) pour redessiner le contour des paupi\u00e8res.<\/li>\n<li>Rhinoplastie M\u00e9dicale pour retoucher la forme du nez.<\/li>\n<li>Lifting du cou ou de la poitrine par la m\u00e9thode thermique Thermage.<\/li>\n<li>Traitements anti-rides par laser CO2 fractionn\u00e9 ou comblement des rides.<\/li>\n<li>Gingivectomie ou traitement des gencives pour un arcade souriante.<\/li>\n<li>Maquillage permanent des sourcils ou des l\u00e8vres.<\/li>\n<li>S\u00e9ances aupr\u00e8s d&#8217;un dermatologue esth\u00e9tique pour une peau \u00e9clatante.<\/li>\n<li>S\u00e9jours en thalassoth\u00e9rapie pour une d\u00e9tente globale du corps et de l&#8217;esprit.<\/li>\n<\/ul>\n<p style=\"text-align: center;\"><a class=\"maxbutton-1 maxbutton maxbutton-devis\" target=\"_blank\" rel=\"noopener\" href=\"https:\/\/www.tunisie-chirurgie-esthetique.com\/devis\"><span class='mb-text'>Devis Gratuit !<\/span><\/a><\/p>\n<div style=\"background-color:#eaebec; padding:8px\"><h3><span class=\"ez-toc-section\" id=\"A_Propos_De_lAuteur\"><\/span>A Propos De l&#8217;Auteur<span class=\"ez-toc-section-end\"><\/span><\/h3>\r\n<img decoding=\"async\" class=\"aligncenter\" src=\"https:\/\/www.tunisie-chirurgie-esthetique.com\/blog\/wp-content\/uploads\/2024\/05\/legrand-dina.webp\" alt=\"dina legrand\" width=\"150px\" \/><br \/>\r\nJe m'appelle Dina Legrand, dipl\u00f4m\u00e9e d'un Master en sciences de la sant\u00e9 de l'Universit\u00e9 de Tunis et de Paris. Forte d'une exp\u00e9rience de plus de 15 ans dans le domaine m\u00e9dical, je me suis sp\u00e9cialis\u00e9e dans la r\u00e9daction, la vulgarisation et la gestion de projets scientifiques.<br \/>\r\nAimant partager mon savoir, j'anime aujourd'hui le blog Tunisie-chirurgie-esth\u00e9tique.com, v\u00e9ritable r\u00e9f\u00e9rence en mati\u00e8re d'information m\u00e9dicale grand public. <br \/>\r\n\tMon objectif est de rendre accessibles des notions parfois ardues, en adoptant un ton p\u00e9dagogique et une plume clarifiant les derni\u00e8res avanc\u00e9es.<\/div>\n","protected":false},"excerpt":{"rendered":"<p>De nos jours, de plus en plus de personnes cherchent \u00e0 am\u00e9liorer leur apparence de mani\u00e8re globale. Plut\u00f4t que de se concentrer sur un seul aspect, elles optent pour une approche holistique visant \u00e0 embellir l&#8217;ensemble de leur visage et de leur silhouette. C&#8217;est dans cette optique que la combinaison d&#8217;une pose de facettes dentaires [&hellip;]<\/p>\n","protected":false},"author":1,"featured_media":7230,"comment_status":"closed","ping_status":"closed","sticky":false,"template":"","format":"standard","meta":{"rop_custom_images_group":[],"rop_custom_messages_group":[],"rop_publish_now":"initial","rop_publish_now_accounts":{"facebook_2803965346576775_1735562453331861":"","twitter_4255985368_4255985368":""},"rop_publish_now_history":[],"rop_publish_now_status":"pending","footnotes":""},"categories":[3134,3347,3364,1,1422],"tags":[],"class_list":["post-7199","post","type-post","status-publish","format-standard","has-post-thumbnail","hentry","category-chirurgie-esthetique-plastique","category-chirurgie-tunisie","category-dentisterie-esthetique","category-actualite-chirurgie-plastique","category-guide-soins-dentaires-tunisie"],"yoast_head":"<!-- This site is optimized with the Yoast SEO plugin v27.4 - https:\/\/yoast.com\/product\/yoast-seo-wordpress\/ -->\n<title>Guide pratique pose facettes dentaires &amp; greffe de cheveux combin\u00e9es<\/title>\n<meta name=\"description\" content=\"En combinant un forfait facette dentaire avec une greffe de cheveux en Tunisie, vous pouvez non seulement am\u00e9liorer votre apparence esth\u00e9tique, mais aussi \u00e9conomiser sur les co\u00fbts tout en profitant d&#039;un traitement de qualit\u00e9 et d&#039;une exp\u00e9rience touristique enrichissante. Consultez d\u00e8s aujourd&#039;hui nos forfaits pour d\u00e9couvrir comment cette combinaison de traitements peut transformer votre vie.\" \/>\n<meta name=\"robots\" content=\"index, follow, max-snippet:-1, max-image-preview:large, max-video-preview:-1\" \/>\n<link rel=\"canonical\" href=\"https:\/\/www.tunisie-chirurgie-esthetique.com\/blog\/prix-facettes-dentaires-et-greffe-de-cheveux\/\" \/>\n<meta property=\"og:locale\" content=\"fr_FR\" \/>\n<meta property=\"og:type\" content=\"article\" \/>\n<meta property=\"og:title\" content=\"Guide pratique pose facettes dentaires &amp; greffe de cheveux combin\u00e9es\" \/>\n<meta property=\"og:description\" content=\"En combinant un forfait facette dentaire avec une greffe de cheveux en Tunisie, vous pouvez non seulement am\u00e9liorer votre apparence esth\u00e9tique, mais aussi \u00e9conomiser sur les co\u00fbts tout en profitant d&#039;un traitement de qualit\u00e9 et d&#039;une exp\u00e9rience touristique enrichissante. Consultez d\u00e8s aujourd&#039;hui nos forfaits pour d\u00e9couvrir comment cette combinaison de traitements peut transformer votre vie.\" \/>\n<meta property=\"og:url\" content=\"https:\/\/www.tunisie-chirurgie-esthetique.com\/blog\/prix-facettes-dentaires-et-greffe-de-cheveux\/\" \/>\n<meta property=\"og:site_name\" content=\"Actualit\u00e9s Chirurgie Esth\u00e9tique Tunisie\" \/>\n<meta property=\"article:publisher\" content=\"https:\/\/www.facebook.com\/TCETUNISIE\/\" \/>\n<meta property=\"article:published_time\" content=\"2024-05-07T16:50:04+00:00\" \/>\n<meta property=\"article:modified_time\" content=\"2024-05-08T12:29:17+00:00\" \/>\n<meta property=\"og:image\" content=\"https:\/\/www.tunisie-chirurgie-esthetique.com\/blog\/wp-content\/uploads\/2024\/05\/combiner-facette-dentaire-greffe-cheveux-Tunisie-scaled.webp\" \/>\n\t<meta property=\"og:image:width\" content=\"1811\" \/>\n\t<meta property=\"og:image:height\" content=\"2560\" \/>\n\t<meta property=\"og:image:type\" content=\"image\/webp\" \/>\n<meta name=\"author\" content=\"Dina Legrand\" \/>\n<meta name=\"twitter:card\" content=\"summary_large_image\" \/>\n<meta name=\"twitter:creator\" content=\"@Tunisie_CE\" \/>\n<meta name=\"twitter:site\" content=\"@Tunisie_CE\" \/>\n<meta name=\"twitter:label1\" content=\"\u00c9crit par\" \/>\n\t<meta name=\"twitter:data1\" content=\"Dina Legrand\" \/>\n\t<meta name=\"twitter:label2\" content=\"Dur\u00e9e de lecture estim\u00e9e\" \/>\n\t<meta name=\"twitter:data2\" content=\"14 minutes\" \/>\n<!-- \/ Yoast SEO plugin. -->","yoast_head_json":{"title":"Guide pratique pose facettes dentaires & greffe de cheveux combin\u00e9es","description":"En combinant un forfait facette dentaire avec une greffe de cheveux en Tunisie, vous pouvez non seulement am\u00e9liorer votre apparence esth\u00e9tique, mais aussi \u00e9conomiser sur les co\u00fbts tout en profitant d'un traitement de qualit\u00e9 et d'une exp\u00e9rience touristique enrichissante. Consultez d\u00e8s aujourd'hui nos forfaits pour d\u00e9couvrir comment cette combinaison de traitements peut transformer votre vie.","robots":{"index":"index","follow":"follow","max-snippet":"max-snippet:-1","max-image-preview":"max-image-preview:large","max-video-preview":"max-video-preview:-1"},"canonical":"https:\/\/www.tunisie-chirurgie-esthetique.com\/blog\/prix-facettes-dentaires-et-greffe-de-cheveux\/","og_locale":"fr_FR","og_type":"article","og_title":"Guide pratique pose facettes dentaires & greffe de cheveux combin\u00e9es","og_description":"En combinant un forfait facette dentaire avec une greffe de cheveux en Tunisie, vous pouvez non seulement am\u00e9liorer votre apparence esth\u00e9tique, mais aussi \u00e9conomiser sur les co\u00fbts tout en profitant d'un traitement de qualit\u00e9 et d'une exp\u00e9rience touristique enrichissante. Consultez d\u00e8s aujourd'hui nos forfaits pour d\u00e9couvrir comment cette combinaison de traitements peut transformer votre vie.","og_url":"https:\/\/www.tunisie-chirurgie-esthetique.com\/blog\/prix-facettes-dentaires-et-greffe-de-cheveux\/","og_site_name":"Actualit\u00e9s Chirurgie Esth\u00e9tique Tunisie","article_publisher":"https:\/\/www.facebook.com\/TCETUNISIE\/","article_published_time":"2024-05-07T16:50:04+00:00","article_modified_time":"2024-05-08T12:29:17+00:00","og_image":[{"width":1811,"height":2560,"url":"https:\/\/www.tunisie-chirurgie-esthetique.com\/blog\/wp-content\/uploads\/2024\/05\/combiner-facette-dentaire-greffe-cheveux-Tunisie-scaled.webp","type":"image\/webp"}],"author":"Dina Legrand","twitter_card":"summary_large_image","twitter_creator":"@Tunisie_CE","twitter_site":"@Tunisie_CE","twitter_misc":{"\u00c9crit par":"Dina Legrand","Dur\u00e9e de lecture estim\u00e9e":"14 minutes"},"schema":{"@context":"https:\/\/schema.org","@graph":[{"@type":["Article","BlogPosting"],"@id":"https:\/\/www.tunisie-chirurgie-esthetique.com\/blog\/prix-facettes-dentaires-et-greffe-de-cheveux\/#article","isPartOf":{"@id":"https:\/\/www.tunisie-chirurgie-esthetique.com\/blog\/prix-facettes-dentaires-et-greffe-de-cheveux\/"},"author":{"name":"Dina Legrand","@id":"https:\/\/www.tunisie-chirurgie-esthetique.com\/blog\/#\/schema\/person\/55f99d583f39ff82c83ea8d20bfb8dac"},"headline":"L&#8217;alliance parfaite : Facettes dentaires et greffe de cheveux forfait tout compris","datePublished":"2024-05-07T16:50:04+00:00","dateModified":"2024-05-08T12:29:17+00:00","mainEntityOfPage":{"@id":"https:\/\/www.tunisie-chirurgie-esthetique.com\/blog\/prix-facettes-dentaires-et-greffe-de-cheveux\/"},"wordCount":2661,"publisher":{"@id":"https:\/\/www.tunisie-chirurgie-esthetique.com\/blog\/#organization"},"image":{"@id":"https:\/\/www.tunisie-chirurgie-esthetique.com\/blog\/prix-facettes-dentaires-et-greffe-de-cheveux\/#primaryimage"},"thumbnailUrl":"https:\/\/www.tunisie-chirurgie-esthetique.com\/blog\/wp-content\/uploads\/2024\/05\/combiner-facette-dentaire-greffe-cheveux-Tunisie-scaled.webp","articleSection":["Chirurgie esth\u00e9tique &amp; plastique","Chirurgie Tunisie","dentisterie esthetique","Guide &amp; Actualit\u00e9 chirurgie plastique","Guide Soins Dentaires Tunisie"],"inLanguage":"fr-FR"},{"@type":"WebPage","@id":"https:\/\/www.tunisie-chirurgie-esthetique.com\/blog\/prix-facettes-dentaires-et-greffe-de-cheveux\/","url":"https:\/\/www.tunisie-chirurgie-esthetique.com\/blog\/prix-facettes-dentaires-et-greffe-de-cheveux\/","name":"Guide pratique pose facettes dentaires & greffe de cheveux combin\u00e9es","isPartOf":{"@id":"https:\/\/www.tunisie-chirurgie-esthetique.com\/blog\/#website"},"primaryImageOfPage":{"@id":"https:\/\/www.tunisie-chirurgie-esthetique.com\/blog\/prix-facettes-dentaires-et-greffe-de-cheveux\/#primaryimage"},"image":{"@id":"https:\/\/www.tunisie-chirurgie-esthetique.com\/blog\/prix-facettes-dentaires-et-greffe-de-cheveux\/#primaryimage"},"thumbnailUrl":"https:\/\/www.tunisie-chirurgie-esthetique.com\/blog\/wp-content\/uploads\/2024\/05\/combiner-facette-dentaire-greffe-cheveux-Tunisie-scaled.webp","datePublished":"2024-05-07T16:50:04+00:00","dateModified":"2024-05-08T12:29:17+00:00","description":"En combinant un forfait facette dentaire avec une greffe de cheveux en Tunisie, vous pouvez non seulement am\u00e9liorer votre apparence esth\u00e9tique, mais aussi \u00e9conomiser sur les co\u00fbts tout en profitant d'un traitement de qualit\u00e9 et d'une exp\u00e9rience touristique enrichissante. Consultez d\u00e8s aujourd'hui nos forfaits pour d\u00e9couvrir comment cette combinaison de traitements peut transformer votre vie.","breadcrumb":{"@id":"https:\/\/www.tunisie-chirurgie-esthetique.com\/blog\/prix-facettes-dentaires-et-greffe-de-cheveux\/#breadcrumb"},"inLanguage":"fr-FR","potentialAction":[{"@type":"ReadAction","target":["https:\/\/www.tunisie-chirurgie-esthetique.com\/blog\/prix-facettes-dentaires-et-greffe-de-cheveux\/"]}]},{"@type":"ImageObject","inLanguage":"fr-FR","@id":"https:\/\/www.tunisie-chirurgie-esthetique.com\/blog\/prix-facettes-dentaires-et-greffe-de-cheveux\/#primaryimage","url":"https:\/\/www.tunisie-chirurgie-esthetique.com\/blog\/wp-content\/uploads\/2024\/05\/combiner-facette-dentaire-greffe-cheveux-Tunisie-scaled.webp","contentUrl":"https:\/\/www.tunisie-chirurgie-esthetique.com\/blog\/wp-content\/uploads\/2024\/05\/combiner-facette-dentaire-greffe-cheveux-Tunisie-scaled.webp","width":1811,"height":2560,"caption":"combiner-facette-dentaire-greffe-cheveux-Tunisie"},{"@type":"BreadcrumbList","@id":"https:\/\/www.tunisie-chirurgie-esthetique.com\/blog\/prix-facettes-dentaires-et-greffe-de-cheveux\/#breadcrumb","itemListElement":[{"@type":"ListItem","position":1,"name":"Accueil","item":"https:\/\/www.tunisie-chirurgie-esthetique.com\/blog\/"},{"@type":"ListItem","position":2,"name":"Guide &amp; Actualit\u00e9 chirurgie plastique","item":"https:\/\/www.tunisie-chirurgie-esthetique.com\/blog\/actualite-chirurgie-plastique\/"},{"@type":"ListItem","position":3,"name":"L&#8217;alliance parfaite : Facettes dentaires et greffe de cheveux forfait tout compris"}]},{"@type":"WebSite","@id":"https:\/\/www.tunisie-chirurgie-esthetique.com\/blog\/#website","url":"https:\/\/www.tunisie-chirurgie-esthetique.com\/blog\/","name":"Actualit\u00e9s en chirurgie et m\u00e9decine esth\u00e9tique Tunisie","description":"Chirurgie en Tunisie","publisher":{"@id":"https:\/\/www.tunisie-chirurgie-esthetique.com\/blog\/#organization"},"alternateName":"Forfaits chirurgie esth\u00e9tique Tunisie prix tout compris","potentialAction":[{"@type":"SearchAction","target":{"@type":"EntryPoint","urlTemplate":"https:\/\/www.tunisie-chirurgie-esthetique.com\/blog\/?s={search_term_string}"},"query-input":{"@type":"PropertyValueSpecification","valueRequired":true,"valueName":"search_term_string"}}],"inLanguage":"fr-FR"},{"@type":"Organization","@id":"https:\/\/www.tunisie-chirurgie-esthetique.com\/blog\/#organization","name":"TCE TUNISIE","alternateName":"Chirurgie esth\u00e9tique en Tunisie","url":"https:\/\/www.tunisie-chirurgie-esthetique.com\/blog\/","logo":{"@type":"ImageObject","inLanguage":"fr-FR","@id":"https:\/\/www.tunisie-chirurgie-esthetique.com\/blog\/#\/schema\/logo\/image\/","url":"https:\/\/www.tunisie-chirurgie-esthetique.com\/blog\/wp-content\/uploads\/2022\/08\/fav-tce.png","contentUrl":"https:\/\/www.tunisie-chirurgie-esthetique.com\/blog\/wp-content\/uploads\/2022\/08\/fav-tce.png","width":512,"height":512,"caption":"TCE TUNISIE"},"image":{"@id":"https:\/\/www.tunisie-chirurgie-esthetique.com\/blog\/#\/schema\/logo\/image\/"},"sameAs":["https:\/\/www.facebook.com\/TCETUNISIE\/","https:\/\/x.com\/Tunisie_CE","https:\/\/www.instagram.com\/tunisiece\/","https:\/\/www.linkedin.com\/company\/tunisie-chirurgie-etshetique-tce\/","https:\/\/www.pinterest.fr\/tunisiechirurgi\/","https:\/\/www.youtube.com\/channel\/UCFZHPINDbYAa_yhOk121j7A\/?sub_confirmation=1"]},{"@type":"Person","@id":"https:\/\/www.tunisie-chirurgie-esthetique.com\/blog\/#\/schema\/person\/55f99d583f39ff82c83ea8d20bfb8dac","name":"Dina Legrand","description":"Je m'appelle Dina Legrand, dipl\u00f4m\u00e9e d'un Master en sciences de la sant\u00e9 de l'Universit\u00e9 de Tunis et de Paris. Forte d'une exp\u00e9rience de plus de 15 ans dans le domaine m\u00e9dical, je me suis sp\u00e9cialis\u00e9e dans la r\u00e9daction, la vulgarisation et la gestion de projets scientifiques. Dot\u00e9e d'une grande aisance r\u00e9dactionnelle, j'ai ensuite \u0153uvr\u00e9 en free-lance pour diverses institutions de sant\u00e9. J'ai organis\u00e9 avec succ\u00e8s plusieurs congr\u00e8s m\u00e9dicaux internationaux, requ\u00e9rant rigueur et capacit\u00e9 de gestion de projets complexes. Aimant partager mon savoir, j'anime aujourd'hui le blog Tunisie-chirurgie-esth\u00e9tique.com, v\u00e9ritable r\u00e9f\u00e9rence en mati\u00e8re d'information m\u00e9dicale grand public. Mon objectif est de rendre accessibles des notions parfois ardues, en adoptant un ton p\u00e9dagogique et une plume clarifiant les derni\u00e8res avanc\u00e9es. Forte de ma double comp\u00e9tence m\u00e9dicale et r\u00e9dactionnelle, je me tiens \u00e0 la disposition des professionnels et particuliers pour toute mission d'\u00e9criture, de traduction ou de vulgarisation scientifique.","url":"https:\/\/www.tunisie-chirurgie-esthetique.com\/blog\/author\/nisieshi_tunesth\/"}]}},"_links":{"self":[{"href":"https:\/\/www.tunisie-chirurgie-esthetique.com\/blog\/wp-json\/wp\/v2\/posts\/7199","targetHints":{"allow":["GET"]}}],"collection":[{"href":"https:\/\/www.tunisie-chirurgie-esthetique.com\/blog\/wp-json\/wp\/v2\/posts"}],"about":[{"href":"https:\/\/www.tunisie-chirurgie-esthetique.com\/blog\/wp-json\/wp\/v2\/types\/post"}],"author":[{"embeddable":true,"href":"https:\/\/www.tunisie-chirurgie-esthetique.com\/blog\/wp-json\/wp\/v2\/users\/1"}],"replies":[{"embeddable":true,"href":"https:\/\/www.tunisie-chirurgie-esthetique.com\/blog\/wp-json\/wp\/v2\/comments?post=7199"}],"version-history":[{"count":25,"href":"https:\/\/www.tunisie-chirurgie-esthetique.com\/blog\/wp-json\/wp\/v2\/posts\/7199\/revisions"}],"predecessor-version":[{"id":7257,"href":"https:\/\/www.tunisie-chirurgie-esthetique.com\/blog\/wp-json\/wp\/v2\/posts\/7199\/revisions\/7257"}],"wp:featuredmedia":[{"embeddable":true,"href":"https:\/\/www.tunisie-chirurgie-esthetique.com\/blog\/wp-json\/wp\/v2\/media\/7230"}],"wp:attachment":[{"href":"https:\/\/www.tunisie-chirurgie-esthetique.com\/blog\/wp-json\/wp\/v2\/media?parent=7199"}],"wp:term":[{"taxonomy":"category","embeddable":true,"href":"https:\/\/www.tunisie-chirurgie-esthetique.com\/blog\/wp-json\/wp\/v2\/categories?post=7199"},{"taxonomy":"post_tag","embeddable":true,"href":"https:\/\/www.tunisie-chirurgie-esthetique.com\/blog\/wp-json\/wp\/v2\/tags?post=7199"}],"curies":[{"name":"wp","href":"https:\/\/api.w.org\/{rel}","templated":true}]}}