{"id":670,"date":"2017-10-23T10:24:16","date_gmt":"2017-10-23T08:24:16","guid":{"rendered":"https:\/\/www.tunisie-chirurgie-esthetique.com\/blog\/?p=670"},"modified":"2023-07-26T13:34:18","modified_gmt":"2023-07-26T11:34:18","slug":"perte-cheveux-chez-hommes","status":"publish","type":"post","link":"https:\/\/www.tunisie-chirurgie-esthetique.com\/blog\/perte-cheveux-chez-hommes\/","title":{"rendered":"Perte des cheveux chez les hommes : calvitie"},"content":{"rendered":"<div id=\"ez-toc-container\" class=\"ez-toc-v2_0_82_2 counter-hierarchy ez-toc-counter ez-toc-light-blue ez-toc-container-direction\">\n<div class=\"ez-toc-title-container\">\n<p class=\"ez-toc-title ez-toc-toggle\" style=\"cursor:pointer\">Sommaire<\/p>\n<span class=\"ez-toc-title-toggle\"><a href=\"#\" class=\"ez-toc-pull-right ez-toc-btn ez-toc-btn-xs ez-toc-btn-default ez-toc-toggle\" aria-label=\"Toggle Table of Content\"><span class=\"ez-toc-js-icon-con\"><span class=\"\"><span class=\"eztoc-hide\" style=\"display:none;\">Toggle<\/span><span class=\"ez-toc-icon-toggle-span\"><svg style=\"fill: #999;color:#999\" xmlns=\"http:\/\/www.w3.org\/2000\/svg\" class=\"list-377408\" width=\"20px\" height=\"20px\" viewBox=\"0 0 24 24\" fill=\"none\"><path d=\"M6 6H4v2h2V6zm14 0H8v2h12V6zM4 11h2v2H4v-2zm16 0H8v2h12v-2zM4 16h2v2H4v-2zm16 0H8v2h12v-2z\" fill=\"currentColor\"><\/path><\/svg><svg style=\"fill: #999;color:#999\" class=\"arrow-unsorted-368013\" xmlns=\"http:\/\/www.w3.org\/2000\/svg\" width=\"10px\" height=\"10px\" viewBox=\"0 0 24 24\" version=\"1.2\" baseProfile=\"tiny\"><path d=\"M18.2 9.3l-6.2-6.3-6.2 6.3c-.2.2-.3.4-.3.7s.1.5.3.7c.2.2.4.3.7.3h11c.3 0 .5-.1.7-.3.2-.2.3-.5.3-.7s-.1-.5-.3-.7zM5.8 14.7l6.2 6.3 6.2-6.3c.2-.2.3-.5.3-.7s-.1-.5-.3-.7c-.2-.2-.4-.3-.7-.3h-11c-.3 0-.5.1-.7.3-.2.2-.3.5-.3.7s.1.5.3.7z\"\/><\/svg><\/span><\/span><\/span><\/a><\/span><\/div>\n<nav><ul class='ez-toc-list ez-toc-list-level-1 eztoc-toggle-hide-by-default' ><li class='ez-toc-page-1 ez-toc-heading-level-2'><a class=\"ez-toc-link ez-toc-heading-1\" href=\"https:\/\/www.tunisie-chirurgie-esthetique.com\/blog\/perte-cheveux-chez-hommes\/#La_calvitie_genetique_masculine\" >La calvitie g\u00e9n\u00e9tique masculine<\/a><\/li><li class='ez-toc-page-1 ez-toc-heading-level-2'><a class=\"ez-toc-link ez-toc-heading-2\" href=\"https:\/\/www.tunisie-chirurgie-esthetique.com\/blog\/perte-cheveux-chez-hommes\/#Quest-ce_que_la_DHT\" >Qu\u2019est-ce que la DHT?<\/a><\/li><li class='ez-toc-page-1 ez-toc-heading-level-2'><a class=\"ez-toc-link ez-toc-heading-3\" href=\"https:\/\/www.tunisie-chirurgie-esthetique.com\/blog\/perte-cheveux-chez-hommes\/#_Diagnostic_de_la_perte_de_cheveux_de_type_masculin\" >\u00a0Diagnostic de la perte de cheveux de type masculin<\/a><\/li><li class='ez-toc-page-1 ez-toc-heading-level-2'><a class=\"ez-toc-link ez-toc-heading-4\" href=\"https:\/\/www.tunisie-chirurgie-esthetique.com\/blog\/perte-cheveux-chez-hommes\/#Traitement_de_la_perte_de_cheveux_de_type_masculin\" >Traitement de la perte de cheveux de type masculin<\/a><\/li><\/ul><\/nav><\/div>\n<p>A partir de l\u2019\u00e2ge de 35 ans, la chute des cheveux concerne deux tiers des hommes et, \u00e0 l\u2019\u00e2ge de 50 ans, 80% des hommes devront faire face \u00e0 la baisse consid\u00e9rable de leur densit\u00e9 capillaire.<\/p>\n<h2><span class=\"ez-toc-section\" id=\"La_calvitie_genetique_masculine\"><\/span>La calvitie g\u00e9n\u00e9tique masculine<strong><br \/>\n<\/strong><span class=\"ez-toc-section-end\"><\/span><\/h2>\n<p>La calvitie g\u00e9n\u00e9tique est le cas le plus fr\u00e9quent chez les hommes. D\u2019autres facteurs \u2013 maladies, allergies, stress ou g\u00e8nes h\u00e9rit\u00e9s \u2013 peuvent \u00e9galement \u00eatre responsables de la perte des cheveux.<\/p>\n<p>En effet, les hommes affect\u00e9s de la calvitie masculine ont une certaine sensibilit\u00e9 d\u2019origine g\u00e9n\u00e9tique \u00e0 l\u2019hormone androstanolone \u00a0(dihydrotestost\u00e9rone DHT).<\/p>\n<p>La DHT miniaturise les cheveux et r\u00e9duit leur long\u00e9vit\u00e9. Les follicules sensibles \u00e0 la DHT ne produisent plus de cheveu.<\/p>\n<p>Les signes caract\u00e9ristiques de la perte de cheveux de <strong>g\u00e9n\u00e9tique <\/strong>sont le retrait progressif de la ligne des cheveux et la baisse de la densit\u00e9 dans la zone couronne. C\u2019est dans cette zone, aux tempes, partie post\u00e9rieure et sommet du cr\u00e2ne que les follicules sont les plus sensibles \u00e0 la DHT.<\/p>\n<p>Sans les soins de reconstruction capillaire, la baisse de la densit\u00e9 capillaire tourne \u00e0 la calvitie de plus en plus apparente et, dans la majorit\u00e9 des cas, les hommes doivent faire face \u00e0 la calvitie compl\u00e8te, except\u00e9 une bandelette appel\u00e9e couronne situ\u00e9e aux parties lat\u00e9rales et post\u00e9rieure du cuir chevelu.<\/p>\n<h2><span class=\"ez-toc-section\" id=\"Quest-ce_que_la_DHT\"><\/span>Qu\u2019est-ce que la DHT?<strong><br \/>\n<\/strong><span class=\"ez-toc-section-end\"><\/span><\/h2>\n<p>Quant \u00e0 la calvitie masculine, on a encore des questions non \u00e9clair\u00e9es n\u00e9anmoins, on sait d\u00e9j\u00e0 que la DHT provoque l\u2019atrophie des follicules et, sous l\u2019effet des agents supprimant la DHT, la pousse des cheveux sera r\u00e9tablie.<\/p>\n<p>La miniaturisation des follicules n\u2019aura lieu que si les follicules sensibles sont expos\u00e9s pendant longtemps \u00e0 l\u2019effet de la DHT.<\/p>\n<p>Les soins modernes de reconstruction capillaire ralentissent, voire peuvent arr\u00eater la perte des cheveux sous l\u2019effet de la DHT.<\/p>\n<h2><span class=\"ez-toc-section\" id=\"_Diagnostic_de_la_perte_de_cheveux_de_type_masculin\"><\/span><strong>\u00a0<\/strong><strong>Diagnostic de la perte de cheveux de type masculin<br \/>\n<\/strong><span class=\"ez-toc-section-end\"><\/span><\/h2>\n<p>Les m\u00e9decins sp\u00e9cialistes \u00e9tablissent le diagnostic de la perte de cheveux masculine de point de vue g\u00e9n\u00e9tique et h\u00e9r\u00e9ditaire en analysant l\u2019historique des cas de perte de cheveux au sein de la famille du patient.<\/p>\n<p>Les chirurgiens capillaires et les dermatologues examinent le cuir chevelu \u00e0 l\u2019aide d\u2019une loupe afin d\u2019\u00e9valuer la mesure de l\u2019atrophie des follicules. C\u2019est seul cet examen microscopique approfondi qui leur permettent d\u2019\u00e9tablir par la suite un plan de traitement personnalis\u00e9 contre la chute des cheveux.<\/p>\n<h2><span class=\"ez-toc-section\" id=\"Traitement_de_la_perte_de_cheveux_de_type_masculin\"><\/span><strong>Traitement de la perte de cheveux de type masculin<br \/>\n<\/strong><span class=\"ez-toc-section-end\"><\/span><\/h2>\n<p>Gr\u00e2ce au progr\u00e8s de la m\u00e9decine, de nos jours, personne n\u2019est plus oblig\u00e9 de vivre avec la calvitie.<\/p>\n<p>Les hommes ont le choix parmi des <a href=\"https:\/\/www.tunisie-chirurgie-esthetique.com\/greffe-capillaire\">techniques de greffe capillaire<\/a> de plus en plus modernes qui offrent un r\u00e9sultat absolument naturel tels que : <a href=\"https:\/\/www.tunisie-chirurgie-esthetique.com\/blog\/greffe-capillaire-fue-traditionnelle\/\">Fue<\/a>, Fut et la <a href=\"https:\/\/www.tunisie-chirurgie-esthetique.com\/blog\/greffe-cheveux-ifa-tunisie\/\">Fue automatis\u00e9e dite IFA<\/a>.<\/p>\n<p>En revanche, il est \u00e0 noter que la plupart des soins offerts de nos jours contre la chute de cheveux, sont inutiles.<\/p>\n<p>Il est primordial d\u2019obtenir des renseignements sur les techniques des soins r\u00e9ellement efficaces, aupr\u00e8s des sp\u00e9cialistes fiables afin de ne pas perdre de l\u2019argent ni de temps.<\/p>\n<p>Il est aussi recommand\u00e9 de commencer le traitement anti-chute aussit\u00f4t que possible car, on peut ainsi \u00e9conomiser les d\u00e9penses et augmenter les chances d\u2019avoir un meilleur r\u00e9sultat pour sa reconstruction capillaire.<\/p>\n<p>&nbsp;<\/p>\n","protected":false},"excerpt":{"rendered":"<p>A partir de l\u2019\u00e2ge de 35 ans, la chute des cheveux concerne deux tiers des hommes et, \u00e0 l\u2019\u00e2ge de 50 ans, 80% des hommes devront faire face \u00e0 la baisse consid\u00e9rable de leur densit\u00e9 capillaire. La calvitie g\u00e9n\u00e9tique masculine La calvitie g\u00e9n\u00e9tique est le cas le plus fr\u00e9quent chez les hommes. D\u2019autres facteurs \u2013 [&hellip;]<\/p>\n","protected":false},"author":2,"featured_media":671,"comment_status":"closed","ping_status":"closed","sticky":false,"template":"","format":"standard","meta":{"rop_custom_images_group":[],"rop_custom_messages_group":[],"rop_publish_now":"initial","rop_publish_now_accounts":{"facebook_2803965346576775_1735562453331861":"","twitter_4255985368_4255985368":""},"rop_publish_now_history":[],"rop_publish_now_status":"pending","footnotes":""},"categories":[1],"tags":[],"class_list":["post-670","post","type-post","status-publish","format-standard","has-post-thumbnail","hentry","category-actualite-chirurgie-plastique"],"yoast_head":"<!-- This site is optimized with the Yoast SEO plugin v27.4 - https:\/\/yoast.com\/product\/yoast-seo-wordpress\/ -->\n<title>Perte des cheveux chez les hommes : traitement de la calvitie<\/title>\n<meta name=\"description\" content=\"La calvitie g\u00e9n\u00e9tique est le cas le plus fr\u00e9quent chez les hommes. D\u2019autres facteurs \u2013 maladies, allergies, stress ou g\u00e8nes h\u00e9rit\u00e9s \u2013 peuvent \u00e9galement \u00eatre responsables de la perte des cheveux.\" \/>\n<meta name=\"robots\" content=\"index, follow, max-snippet:-1, max-image-preview:large, max-video-preview:-1\" \/>\n<link rel=\"canonical\" href=\"https:\/\/www.tunisie-chirurgie-esthetique.com\/blog\/perte-cheveux-chez-hommes\/\" \/>\n<meta property=\"og:locale\" content=\"fr_FR\" \/>\n<meta property=\"og:type\" content=\"article\" \/>\n<meta property=\"og:title\" content=\"Perte des cheveux chez les hommes : traitement de la calvitie\" \/>\n<meta property=\"og:description\" content=\"La calvitie g\u00e9n\u00e9tique est le cas le plus fr\u00e9quent chez les hommes. D\u2019autres facteurs \u2013 maladies, allergies, stress ou g\u00e8nes h\u00e9rit\u00e9s \u2013 peuvent \u00e9galement \u00eatre responsables de la perte des cheveux.\" \/>\n<meta property=\"og:url\" content=\"https:\/\/www.tunisie-chirurgie-esthetique.com\/blog\/perte-cheveux-chez-hommes\/\" \/>\n<meta property=\"og:site_name\" content=\"Actualit\u00e9s Chirurgie Esth\u00e9tique Tunisie\" \/>\n<meta property=\"article:publisher\" content=\"https:\/\/www.facebook.com\/TCETUNISIE\/\" \/>\n<meta property=\"article:published_time\" content=\"2017-10-23T08:24:16+00:00\" \/>\n<meta property=\"article:modified_time\" content=\"2023-07-26T11:34:18+00:00\" \/>\n<meta property=\"og:image\" content=\"https:\/\/www.tunisie-chirurgie-esthetique.com\/blog\/wp-content\/uploads\/2017\/10\/calvitie-masculine.jpg\" \/>\n\t<meta property=\"og:image:width\" content=\"600\" \/>\n\t<meta property=\"og:image:height\" content=\"325\" \/>\n\t<meta property=\"og:image:type\" content=\"image\/jpeg\" \/>\n<meta name=\"author\" content=\"TCEESTHETIQUE\" \/>\n<meta name=\"twitter:card\" content=\"summary_large_image\" \/>\n<meta name=\"twitter:creator\" content=\"@Tunisie_CE\" \/>\n<meta name=\"twitter:site\" content=\"@Tunisie_CE\" \/>\n<meta name=\"twitter:label1\" content=\"\u00c9crit par\" \/>\n\t<meta name=\"twitter:data1\" content=\"TCEESTHETIQUE\" \/>\n\t<meta name=\"twitter:label2\" content=\"Dur\u00e9e de lecture estim\u00e9e\" \/>\n\t<meta name=\"twitter:data2\" content=\"3 minutes\" \/>\n<!-- \/ Yoast SEO plugin. -->","yoast_head_json":{"title":"Perte des cheveux chez les hommes : traitement de la calvitie","description":"La calvitie g\u00e9n\u00e9tique est le cas le plus fr\u00e9quent chez les hommes. D\u2019autres facteurs \u2013 maladies, allergies, stress ou g\u00e8nes h\u00e9rit\u00e9s \u2013 peuvent \u00e9galement \u00eatre responsables de la perte des cheveux.","robots":{"index":"index","follow":"follow","max-snippet":"max-snippet:-1","max-image-preview":"max-image-preview:large","max-video-preview":"max-video-preview:-1"},"canonical":"https:\/\/www.tunisie-chirurgie-esthetique.com\/blog\/perte-cheveux-chez-hommes\/","og_locale":"fr_FR","og_type":"article","og_title":"Perte des cheveux chez les hommes : traitement de la calvitie","og_description":"La calvitie g\u00e9n\u00e9tique est le cas le plus fr\u00e9quent chez les hommes. D\u2019autres facteurs \u2013 maladies, allergies, stress ou g\u00e8nes h\u00e9rit\u00e9s \u2013 peuvent \u00e9galement \u00eatre responsables de la perte des cheveux.","og_url":"https:\/\/www.tunisie-chirurgie-esthetique.com\/blog\/perte-cheveux-chez-hommes\/","og_site_name":"Actualit\u00e9s Chirurgie Esth\u00e9tique Tunisie","article_publisher":"https:\/\/www.facebook.com\/TCETUNISIE\/","article_published_time":"2017-10-23T08:24:16+00:00","article_modified_time":"2023-07-26T11:34:18+00:00","og_image":[{"width":600,"height":325,"url":"https:\/\/www.tunisie-chirurgie-esthetique.com\/blog\/wp-content\/uploads\/2017\/10\/calvitie-masculine.jpg","type":"image\/jpeg"}],"author":"TCEESTHETIQUE","twitter_card":"summary_large_image","twitter_creator":"@Tunisie_CE","twitter_site":"@Tunisie_CE","twitter_misc":{"\u00c9crit par":"TCEESTHETIQUE","Dur\u00e9e de lecture estim\u00e9e":"3 minutes"},"schema":{"@context":"https:\/\/schema.org","@graph":[{"@type":["Article","BlogPosting"],"@id":"https:\/\/www.tunisie-chirurgie-esthetique.com\/blog\/perte-cheveux-chez-hommes\/#article","isPartOf":{"@id":"https:\/\/www.tunisie-chirurgie-esthetique.com\/blog\/perte-cheveux-chez-hommes\/"},"author":{"name":"TCEESTHETIQUE","@id":"https:\/\/www.tunisie-chirurgie-esthetique.com\/blog\/#\/schema\/person\/c679c19bf2d1eda97c737b2ee81c871f"},"headline":"Perte des cheveux chez les hommes : calvitie","datePublished":"2017-10-23T08:24:16+00:00","dateModified":"2023-07-26T11:34:18+00:00","mainEntityOfPage":{"@id":"https:\/\/www.tunisie-chirurgie-esthetique.com\/blog\/perte-cheveux-chez-hommes\/"},"wordCount":583,"publisher":{"@id":"https:\/\/www.tunisie-chirurgie-esthetique.com\/blog\/#organization"},"image":{"@id":"https:\/\/www.tunisie-chirurgie-esthetique.com\/blog\/perte-cheveux-chez-hommes\/#primaryimage"},"thumbnailUrl":"https:\/\/www.tunisie-chirurgie-esthetique.com\/blog\/wp-content\/uploads\/2017\/10\/calvitie-masculine.jpg","articleSection":["Guide &amp; Actualit\u00e9 chirurgie plastique"],"inLanguage":"fr-FR"},{"@type":"WebPage","@id":"https:\/\/www.tunisie-chirurgie-esthetique.com\/blog\/perte-cheveux-chez-hommes\/","url":"https:\/\/www.tunisie-chirurgie-esthetique.com\/blog\/perte-cheveux-chez-hommes\/","name":"Perte des cheveux chez les hommes : traitement de la calvitie","isPartOf":{"@id":"https:\/\/www.tunisie-chirurgie-esthetique.com\/blog\/#website"},"primaryImageOfPage":{"@id":"https:\/\/www.tunisie-chirurgie-esthetique.com\/blog\/perte-cheveux-chez-hommes\/#primaryimage"},"image":{"@id":"https:\/\/www.tunisie-chirurgie-esthetique.com\/blog\/perte-cheveux-chez-hommes\/#primaryimage"},"thumbnailUrl":"https:\/\/www.tunisie-chirurgie-esthetique.com\/blog\/wp-content\/uploads\/2017\/10\/calvitie-masculine.jpg","datePublished":"2017-10-23T08:24:16+00:00","dateModified":"2023-07-26T11:34:18+00:00","description":"La calvitie g\u00e9n\u00e9tique est le cas le plus fr\u00e9quent chez les hommes. D\u2019autres facteurs \u2013 maladies, allergies, stress ou g\u00e8nes h\u00e9rit\u00e9s \u2013 peuvent \u00e9galement \u00eatre responsables de la perte des cheveux.","breadcrumb":{"@id":"https:\/\/www.tunisie-chirurgie-esthetique.com\/blog\/perte-cheveux-chez-hommes\/#breadcrumb"},"inLanguage":"fr-FR","potentialAction":[{"@type":"ReadAction","target":["https:\/\/www.tunisie-chirurgie-esthetique.com\/blog\/perte-cheveux-chez-hommes\/"]}]},{"@type":"ImageObject","inLanguage":"fr-FR","@id":"https:\/\/www.tunisie-chirurgie-esthetique.com\/blog\/perte-cheveux-chez-hommes\/#primaryimage","url":"https:\/\/www.tunisie-chirurgie-esthetique.com\/blog\/wp-content\/uploads\/2017\/10\/calvitie-masculine.jpg","contentUrl":"https:\/\/www.tunisie-chirurgie-esthetique.com\/blog\/wp-content\/uploads\/2017\/10\/calvitie-masculine.jpg","width":600,"height":325,"caption":"calvitie-masculine"},{"@type":"BreadcrumbList","@id":"https:\/\/www.tunisie-chirurgie-esthetique.com\/blog\/perte-cheveux-chez-hommes\/#breadcrumb","itemListElement":[{"@type":"ListItem","position":1,"name":"Accueil","item":"https:\/\/www.tunisie-chirurgie-esthetique.com\/blog\/"},{"@type":"ListItem","position":2,"name":"Guide &amp; Actualit\u00e9 chirurgie plastique","item":"https:\/\/www.tunisie-chirurgie-esthetique.com\/blog\/actualite-chirurgie-plastique\/"},{"@type":"ListItem","position":3,"name":"Perte des cheveux chez les hommes : calvitie"}]},{"@type":"WebSite","@id":"https:\/\/www.tunisie-chirurgie-esthetique.com\/blog\/#website","url":"https:\/\/www.tunisie-chirurgie-esthetique.com\/blog\/","name":"Actualit\u00e9s en chirurgie et m\u00e9decine esth\u00e9tique Tunisie","description":"Chirurgie en Tunisie","publisher":{"@id":"https:\/\/www.tunisie-chirurgie-esthetique.com\/blog\/#organization"},"alternateName":"Forfaits chirurgie esth\u00e9tique Tunisie prix tout compris","potentialAction":[{"@type":"SearchAction","target":{"@type":"EntryPoint","urlTemplate":"https:\/\/www.tunisie-chirurgie-esthetique.com\/blog\/?s={search_term_string}"},"query-input":{"@type":"PropertyValueSpecification","valueRequired":true,"valueName":"search_term_string"}}],"inLanguage":"fr-FR"},{"@type":"Organization","@id":"https:\/\/www.tunisie-chirurgie-esthetique.com\/blog\/#organization","name":"TCE TUNISIE","alternateName":"Chirurgie esth\u00e9tique en Tunisie","url":"https:\/\/www.tunisie-chirurgie-esthetique.com\/blog\/","logo":{"@type":"ImageObject","inLanguage":"fr-FR","@id":"https:\/\/www.tunisie-chirurgie-esthetique.com\/blog\/#\/schema\/logo\/image\/","url":"https:\/\/www.tunisie-chirurgie-esthetique.com\/blog\/wp-content\/uploads\/2022\/08\/fav-tce.png","contentUrl":"https:\/\/www.tunisie-chirurgie-esthetique.com\/blog\/wp-content\/uploads\/2022\/08\/fav-tce.png","width":512,"height":512,"caption":"TCE TUNISIE"},"image":{"@id":"https:\/\/www.tunisie-chirurgie-esthetique.com\/blog\/#\/schema\/logo\/image\/"},"sameAs":["https:\/\/www.facebook.com\/TCETUNISIE\/","https:\/\/x.com\/Tunisie_CE","https:\/\/www.instagram.com\/tunisiece\/","https:\/\/www.linkedin.com\/company\/tunisie-chirurgie-etshetique-tce\/","https:\/\/www.pinterest.fr\/tunisiechirurgi\/","https:\/\/www.youtube.com\/channel\/UCFZHPINDbYAa_yhOk121j7A\/?sub_confirmation=1"]},{"@type":"Person","@id":"https:\/\/www.tunisie-chirurgie-esthetique.com\/blog\/#\/schema\/person\/c679c19bf2d1eda97c737b2ee81c871f","name":"TCEESTHETIQUE","description":"Chirurgie et medecine esthetique prix pas cher","sameAs":["https:\/\/x.com\/Tunisie_CE"],"url":"https:\/\/www.tunisie-chirurgie-esthetique.com\/blog\/author\/tc_esthetique\/"}]}},"_links":{"self":[{"href":"https:\/\/www.tunisie-chirurgie-esthetique.com\/blog\/wp-json\/wp\/v2\/posts\/670","targetHints":{"allow":["GET"]}}],"collection":[{"href":"https:\/\/www.tunisie-chirurgie-esthetique.com\/blog\/wp-json\/wp\/v2\/posts"}],"about":[{"href":"https:\/\/www.tunisie-chirurgie-esthetique.com\/blog\/wp-json\/wp\/v2\/types\/post"}],"author":[{"embeddable":true,"href":"https:\/\/www.tunisie-chirurgie-esthetique.com\/blog\/wp-json\/wp\/v2\/users\/2"}],"replies":[{"embeddable":true,"href":"https:\/\/www.tunisie-chirurgie-esthetique.com\/blog\/wp-json\/wp\/v2\/comments?post=670"}],"version-history":[{"count":3,"href":"https:\/\/www.tunisie-chirurgie-esthetique.com\/blog\/wp-json\/wp\/v2\/posts\/670\/revisions"}],"predecessor-version":[{"id":5467,"href":"https:\/\/www.tunisie-chirurgie-esthetique.com\/blog\/wp-json\/wp\/v2\/posts\/670\/revisions\/5467"}],"wp:featuredmedia":[{"embeddable":true,"href":"https:\/\/www.tunisie-chirurgie-esthetique.com\/blog\/wp-json\/wp\/v2\/media\/671"}],"wp:attachment":[{"href":"https:\/\/www.tunisie-chirurgie-esthetique.com\/blog\/wp-json\/wp\/v2\/media?parent=670"}],"wp:term":[{"taxonomy":"category","embeddable":true,"href":"https:\/\/www.tunisie-chirurgie-esthetique.com\/blog\/wp-json\/wp\/v2\/categories?post=670"},{"taxonomy":"post_tag","embeddable":true,"href":"https:\/\/www.tunisie-chirurgie-esthetique.com\/blog\/wp-json\/wp\/v2\/tags?post=670"}],"curies":[{"name":"wp","href":"https:\/\/api.w.org\/{rel}","templated":true}]}}