{"id":6610,"date":"2023-10-25T16:53:13","date_gmt":"2023-10-25T14:53:13","guid":{"rendered":"https:\/\/www.tunisie-chirurgie-esthetique.com\/blog\/?p=6610"},"modified":"2024-04-04T11:01:03","modified_gmt":"2024-04-04T09:01:03","slug":"helene-segara-chirurgie-esthetique","status":"publish","type":"post","link":"https:\/\/www.tunisie-chirurgie-esthetique.com\/blog\/helene-segara-chirurgie-esthetique\/","title":{"rendered":"H\u00e9l\u00e8ne S\u00e9gara : Sa maladie et ses chirurgies esth\u00e9tiques"},"content":{"rendered":"<div id=\"ez-toc-container\" class=\"ez-toc-v2_0_82_2 counter-hierarchy ez-toc-counter ez-toc-light-blue ez-toc-container-direction\">\n<div class=\"ez-toc-title-container\">\n<p class=\"ez-toc-title ez-toc-toggle\" style=\"cursor:pointer\">Sommaire<\/p>\n<span class=\"ez-toc-title-toggle\"><a href=\"#\" class=\"ez-toc-pull-right ez-toc-btn ez-toc-btn-xs ez-toc-btn-default ez-toc-toggle\" aria-label=\"Toggle Table of Content\"><span class=\"ez-toc-js-icon-con\"><span class=\"\"><span class=\"eztoc-hide\" style=\"display:none;\">Toggle<\/span><span class=\"ez-toc-icon-toggle-span\"><svg style=\"fill: #999;color:#999\" xmlns=\"http:\/\/www.w3.org\/2000\/svg\" class=\"list-377408\" width=\"20px\" height=\"20px\" viewBox=\"0 0 24 24\" fill=\"none\"><path d=\"M6 6H4v2h2V6zm14 0H8v2h12V6zM4 11h2v2H4v-2zm16 0H8v2h12v-2zM4 16h2v2H4v-2zm16 0H8v2h12v-2z\" fill=\"currentColor\"><\/path><\/svg><svg style=\"fill: #999;color:#999\" class=\"arrow-unsorted-368013\" xmlns=\"http:\/\/www.w3.org\/2000\/svg\" width=\"10px\" height=\"10px\" viewBox=\"0 0 24 24\" version=\"1.2\" baseProfile=\"tiny\"><path d=\"M18.2 9.3l-6.2-6.3-6.2 6.3c-.2.2-.3.4-.3.7s.1.5.3.7c.2.2.4.3.7.3h11c.3 0 .5-.1.7-.3.2-.2.3-.5.3-.7s-.1-.5-.3-.7zM5.8 14.7l6.2 6.3 6.2-6.3c.2-.2.3-.5.3-.7s-.1-.5-.3-.7c-.2-.2-.4-.3-.7-.3h-11c-.3 0-.5.1-.7.3-.2.2-.3.5-.3.7s.1.5.3.7z\"\/><\/svg><\/span><\/span><\/span><\/a><\/span><\/div>\n<nav><ul class='ez-toc-list ez-toc-list-level-1 eztoc-toggle-hide-by-default' ><li class='ez-toc-page-1 ez-toc-heading-level-2'><a class=\"ez-toc-link ez-toc-heading-1\" href=\"https:\/\/www.tunisie-chirurgie-esthetique.com\/blog\/helene-segara-chirurgie-esthetique\/#Qui_est_Helene_Segara\" >Qui est H\u00e9l\u00e8ne S\u00e9gara ?<\/a><\/li><li class='ez-toc-page-1 ez-toc-heading-level-2'><a class=\"ez-toc-link ez-toc-heading-2\" href=\"https:\/\/www.tunisie-chirurgie-esthetique.com\/blog\/helene-segara-chirurgie-esthetique\/#La_maladie_de_Helene_Segara\" >La maladie de H\u00e9l\u00e8ne S\u00e9gara<\/a><ul class='ez-toc-list-level-3' ><li class='ez-toc-heading-level-3'><a class=\"ez-toc-link ez-toc-heading-3\" href=\"https:\/\/www.tunisie-chirurgie-esthetique.com\/blog\/helene-segara-chirurgie-esthetique\/#Les_details_de_sa_maladie\" >Les d\u00e9tails de sa maladie<\/a><\/li><li class='ez-toc-page-1 ez-toc-heading-level-3'><a class=\"ez-toc-link ez-toc-heading-4\" href=\"https:\/\/www.tunisie-chirurgie-esthetique.com\/blog\/helene-segara-chirurgie-esthetique\/#Limpact_sur_sa_carriere\" >L&#8217;impact sur sa carri\u00e8re<\/a><\/li><\/ul><\/li><li class='ez-toc-page-1 ez-toc-heading-level-2'><a class=\"ez-toc-link ez-toc-heading-5\" href=\"https:\/\/www.tunisie-chirurgie-esthetique.com\/blog\/helene-segara-chirurgie-esthetique\/#La_chirurgie_esthetique_de_Helene_Segara\" >La chirurgie esth\u00e9tique de H\u00e9l\u00e8ne S\u00e9gara<\/a><ul class='ez-toc-list-level-3' ><li class='ez-toc-heading-level-3'><a class=\"ez-toc-link ez-toc-heading-6\" href=\"https:\/\/www.tunisie-chirurgie-esthetique.com\/blog\/helene-segara-chirurgie-esthetique\/#Pourquoi_a-t-elle_opte_pour_la_chirurgie_esthetique\" >Pourquoi a-t-elle opt\u00e9 pour la chirurgie esth\u00e9tique ?<\/a><\/li><li class='ez-toc-page-1 ez-toc-heading-level-3'><a class=\"ez-toc-link ez-toc-heading-7\" href=\"https:\/\/www.tunisie-chirurgie-esthetique.com\/blog\/helene-segara-chirurgie-esthetique\/#Les_operation_de_chirurgie_esthetique_quelle_a_subies\" >Les op\u00e9ration de chirurgie esth\u00e9tique qu&#8217;elle a subies<\/a><\/li><\/ul><\/li><li class='ez-toc-page-1 ez-toc-heading-level-2'><a class=\"ez-toc-link ez-toc-heading-8\" href=\"https:\/\/www.tunisie-chirurgie-esthetique.com\/blog\/helene-segara-chirurgie-esthetique\/#La_reaction_du_public_et_des_medias\" >La r\u00e9action du public et des m\u00e9dias<\/a><\/li><li class='ez-toc-page-1 ez-toc-heading-level-2'><a class=\"ez-toc-link ez-toc-heading-9\" href=\"https:\/\/www.tunisie-chirurgie-esthetique.com\/blog\/helene-segara-chirurgie-esthetique\/#Limportance_de_lestime_de_soi\" >L&#8217;importance de l&#8217;estime de soi<\/a><\/li><li class='ez-toc-page-1 ez-toc-heading-level-2'><a class=\"ez-toc-link ez-toc-heading-10\" href=\"https:\/\/www.tunisie-chirurgie-esthetique.com\/blog\/helene-segara-chirurgie-esthetique\/#Les_defis_et_les_avantages_de_la_chirurgie_esthetique\" >Les d\u00e9fis et les avantages de la chirurgie esth\u00e9tique<\/a><\/li><li class='ez-toc-page-1 ez-toc-heading-level-2'><a class=\"ez-toc-link ez-toc-heading-11\" href=\"https:\/\/www.tunisie-chirurgie-esthetique.com\/blog\/helene-segara-chirurgie-esthetique\/#Helene_Segara_apres_la_chirurgie\" >H\u00e9l\u00e8ne S\u00e9gara apr\u00e8s la chirurgie<\/a><\/li><\/ul><\/nav><\/div>\n<p>H\u00e9l\u00e8ne S\u00e9gara, la c\u00e9l\u00e8bre chanteuse fran\u00e7aise, a captiv\u00e9 le c\u0153ur de nombreux fans avec sa voix puissante et sa pr\u00e9sence sc\u00e9nique captivante. Cependant, sa vie a \u00e9t\u00e9 ponctu\u00e9e de d\u00e9fis, notamment une maladie grave et des d\u00e9cisions de chirurgie esth\u00e9tique qui ont suscit\u00e9 l&#8217;attention du public.<\/p>\n<h2><span class=\"ez-toc-section\" id=\"Qui_est_Helene_Segara\"><\/span>Qui est H\u00e9l\u00e8ne S\u00e9gara ?<span class=\"ez-toc-section-end\"><\/span><\/h2>\n<p>H\u00e9l\u00e8ne S\u00e9gara, de son vrai nom H\u00e9l\u00e8ne Rizzo, est une chanteuse et actrice fran\u00e7aise n\u00e9e le 26 f\u00e9vrier 1971 \u00e0 Six-Fours-les-Plages, dans le Var. Elle a connu le succ\u00e8s dans l&#8217;industrie de la musique avec des chansons m\u00e9morables et des albums \u00e0 succ\u00e8s, devenant une ic\u00f4ne de la chanson fran\u00e7aise. Son talent vocal exceptionnel a fait d&#8217;elle l&#8217;une des artistes les plus appr\u00e9ci\u00e9es de sa g\u00e9n\u00e9ration.<\/p>\n<h2><span class=\"ez-toc-section\" id=\"La_maladie_de_Helene_Segara\"><\/span>La maladie de H\u00e9l\u00e8ne S\u00e9gara<span class=\"ez-toc-section-end\"><\/span><\/h2>\n<h3><span class=\"ez-toc-section\" id=\"Les_details_de_sa_maladie\"><\/span>Les d\u00e9tails de sa maladie<span class=\"ez-toc-section-end\"><\/span><\/h3>\n<p>En 2008, la vie de H\u00e9l\u00e8ne S\u00e9gara a pris un tournant inattendu lorsqu&#8217;elle a \u00e9t\u00e9 diagnostiqu\u00e9e avec une <a href=\"https:\/\/www.tunisie-chirurgie-esthetique.com\/operation-cataracte-tunisie\">maladie oculaire rare appel\u00e9e la r\u00e9tinite pigmentaire<\/a>. Cette maladie provoque une perte progressive de la vision, et H\u00e9l\u00e8ne a d\u00fb faire face \u00e0 la perspective de devenir aveugle. Cette nouvelle a \u00e9t\u00e9 un choc pour la chanteuse, mais elle a choisi de faire face \u00e0 la maladie avec courage.<\/p>\n<h3><span class=\"ez-toc-section\" id=\"Limpact_sur_sa_carriere\"><\/span>L&#8217;impact sur sa carri\u00e8re<span class=\"ez-toc-section-end\"><\/span><\/h3>\n<p>La maladie a eu un impact significatif sur la carri\u00e8re de H\u00e9l\u00e8ne S\u00e9gara. Sa vision d\u00e9clinante l&#8217;a contrainte \u00e0 annuler des tourn\u00e9es et \u00e0 r\u00e9duire ses performances en public. Cependant, elle a continu\u00e9 \u00e0 enregistrer de la musique et \u00e0 inspirer ses fans par sa pers\u00e9v\u00e9rance. Sa lutte contre la maladie est devenue une source d&#8217;inspiration pour de nombreuses personnes confront\u00e9es \u00e0 des d\u00e9fis de sant\u00e9.<\/p>\n<h2><span class=\"ez-toc-section\" id=\"La_chirurgie_esthetique_de_Helene_Segara\"><\/span>La chirurgie esth\u00e9tique de H\u00e9l\u00e8ne S\u00e9gara<span class=\"ez-toc-section-end\"><\/span><\/h2>\n<h3><span class=\"ez-toc-section\" id=\"Pourquoi_a-t-elle_opte_pour_la_chirurgie_esthetique\"><\/span>Pourquoi a-t-elle opt\u00e9 pour la chirurgie esth\u00e9tique ?<span class=\"ez-toc-section-end\"><\/span><\/h3>\n<p>Apr\u00e8s avoir fait face \u00e0 sa maladie, H\u00e9l\u00e8ne S\u00e9gara a \u00e9galement pris la d\u00e9cision de subir des interventions de chirurgie esth\u00e9tique. Elle a expliqu\u00e9 que la perte de vision avait affect\u00e9 sa confiance en elle, et elle cherchait \u00e0 retrouver une image de soi positive.<\/p>\n<h3><span class=\"ez-toc-section\" id=\"Les_operation_de_chirurgie_esthetique_quelle_a_subies\"><\/span>Les op\u00e9ration de chirurgie esth\u00e9tique qu&#8217;elle a subies<span class=\"ez-toc-section-end\"><\/span><\/h3>\n<p>H\u00e9l\u00e8ne S\u00e9gara a subi plusieurs interventions de chirurgie esth\u00e9tique, notamment une <strong><a href=\"https:\/\/www.tunisie-chirurgie-esthetique.com\/reduction-mammaire\">r\u00e9duction mammaire<\/a><\/strong> et une <strong><a href=\"https:\/\/www.tunisie-chirurgie-esthetique.com\/abdominoplastie-tunisie\">abdominoplastie<\/a><\/strong>. Ces choix personnels ont fait l&#8217;objet de discussions dans les m\u00e9dias et parmi ses fans.<\/p>\n<h2><span class=\"ez-toc-section\" id=\"La_reaction_du_public_et_des_medias\"><\/span>La r\u00e9action du public et des m\u00e9dias<span class=\"ez-toc-section-end\"><\/span><\/h2>\n<p>La d\u00e9cision de H\u00e9l\u00e8ne S\u00e9gara de divulguer ses interventions de chirurgie esth\u00e9tique a \u00e9t\u00e9 accueillie avec diverses r\u00e9actions. Certains ont exprim\u00e9 leur soutien envers sa qu\u00eate de bien-\u00eatre, tandis que d&#8217;autres ont critiqu\u00e9 ses choix. La question de l&#8217;estime de soi et de l&#8217;apparence physique a \u00e9t\u00e9 soulev\u00e9e, suscitant des d\u00e9bats sur la pression exerc\u00e9e sur les c\u00e9l\u00e9brit\u00e9s.<\/p>\n<h2><span class=\"ez-toc-section\" id=\"Limportance_de_lestime_de_soi\"><\/span>L&#8217;importance de l&#8217;estime de soi<span class=\"ez-toc-section-end\"><\/span><\/h2>\n<p>Le cas de H\u00e9l\u00e8ne S\u00e9gara souligne l&#8217;importance de l&#8217;estime de soi, en particulier dans une industrie o\u00f9 l&#8217;apparence joue un r\u00f4le pr\u00e9dominant. Les c\u00e9l\u00e9brit\u00e9s, tout comme le public en g\u00e9n\u00e9ral, sont confront\u00e9es \u00e0 des normes de beaut\u00e9 souvent irr\u00e9alistes. La d\u00e9cision de subir une <strong><a href=\"https:\/\/www.tunisie-chirurgie-esthetique.com\/\">chirurgie esth\u00e9tique Tunisie<\/a><\/strong> est un choix personnel, et elle met en lumi\u00e8re la n\u00e9cessit\u00e9 de soutenir les individus dans leur qu\u00eate de confiance en eux.<\/p>\n<h2><span class=\"ez-toc-section\" id=\"Les_defis_et_les_avantages_de_la_chirurgie_esthetique\"><\/span>Les d\u00e9fis et les avantages de la chirurgie esth\u00e9tique<span class=\"ez-toc-section-end\"><\/span><\/h2>\n<p>La chirurgie esth\u00e9tique comporte des d\u00e9fis et des avantages. Les avantages incluent l&#8217;am\u00e9lioration de la confiance en soi et la satisfaction personnelle. Cependant, il y a des risques et des implications psychologiques \u00e0 consid\u00e9rer.<\/p>\n<p>Les experts en chirurgie esth\u00e9tique soulignent l&#8217;importance de prendre des d\u00e9cisions \u00e9clair\u00e9es en mati\u00e8re de chirurgie. Une consultation m\u00e9dicale approfondie est essentielle pour comprendre les avantages, les risques et les alternatives \u00e0 la chirurgie.<\/p>\n<p>La chirurgie esth\u00e9tique comporte des risques, notamment des complications m\u00e9dicales et des r\u00e9actions psychologiques impr\u00e9vues. Il est crucial que les personnes envisageant de subir une intervention soient pleinement conscientes de ces risques.<\/p>\n<h2><span class=\"ez-toc-section\" id=\"Helene_Segara_apres_la_chirurgie\"><\/span>H\u00e9l\u00e8ne S\u00e9gara apr\u00e8s la chirurgie<span class=\"ez-toc-section-end\"><\/span><\/h2>\n<p>H\u00e9l\u00e8ne S\u00e9gara a exprim\u00e9 sa satisfaction apr\u00e8s ses interventions de chirurgie esth\u00e9tique. Elle a retrouv\u00e9 une confiance en elle et a continu\u00e9 \u00e0 poursuivre sa carri\u00e8re avec succ\u00e8s malgr\u00e9 sa maladie.<\/p>\n<p>Le cas de H\u00e9l\u00e8ne S\u00e9gara rappelle que chaque individu a le droit de prendre des d\u00e9cisions concernant son apparence et sa sant\u00e9. Il souligne \u00e9galement l&#8217;importance de soutenir ceux qui font face \u00e0 des d\u00e9fis de sant\u00e9, en particulier dans le monde du spectacle.<\/p>\n<p>&nbsp;<\/p>\n","protected":false},"excerpt":{"rendered":"<p>H\u00e9l\u00e8ne S\u00e9gara, la c\u00e9l\u00e8bre chanteuse fran\u00e7aise, a captiv\u00e9 le c\u0153ur de nombreux fans avec sa voix puissante et sa pr\u00e9sence sc\u00e9nique captivante. Cependant, sa vie a \u00e9t\u00e9 ponctu\u00e9e de d\u00e9fis, notamment une maladie grave et des d\u00e9cisions de chirurgie esth\u00e9tique qui ont suscit\u00e9 l&#8217;attention du public. Qui est H\u00e9l\u00e8ne S\u00e9gara ? H\u00e9l\u00e8ne S\u00e9gara, de son [&hellip;]<\/p>\n","protected":false},"author":1,"featured_media":6616,"comment_status":"closed","ping_status":"closed","sticky":false,"template":"","format":"standard","meta":{"rop_custom_images_group":[],"rop_custom_messages_group":[],"rop_publish_now":"initial","rop_publish_now_accounts":{"facebook_2803965346576775_1735562453331861":"","twitter_4255985368_4255985368":""},"rop_publish_now_history":[],"rop_publish_now_status":"pending","footnotes":""},"categories":[1,2740],"tags":[],"class_list":["post-6610","post","type-post","status-publish","format-standard","has-post-thumbnail","hentry","category-actualite-chirurgie-plastique","category-potins-stars-tele-realite"],"yoast_head":"<!-- This site is optimized with the Yoast SEO plugin v27.4 - https:\/\/yoast.com\/product\/yoast-seo-wordpress\/ -->\n<title>H\u00e9l\u00e8ne S\u00e9gara : maladie oculaire et chirurgies esth\u00e9tiques<\/title>\n<meta name=\"description\" content=\"H\u00e9l\u00e8ne S\u00e9gara, une ic\u00f4ne de la chanson fran\u00e7aise, a fait face \u00e0 des d\u00e9fis consid\u00e9rables, notamment sa maladie oculaire et sa d\u00e9cision de subir des interventions de chirurgie esth\u00e9tique.\" \/>\n<meta name=\"robots\" content=\"index, follow, max-snippet:-1, max-image-preview:large, max-video-preview:-1\" \/>\n<link rel=\"canonical\" href=\"https:\/\/www.tunisie-chirurgie-esthetique.com\/blog\/helene-segara-chirurgie-esthetique\/\" \/>\n<meta property=\"og:locale\" content=\"fr_FR\" \/>\n<meta property=\"og:type\" content=\"article\" \/>\n<meta property=\"og:title\" content=\"H\u00e9l\u00e8ne S\u00e9gara : maladie oculaire et chirurgies esth\u00e9tiques\" \/>\n<meta property=\"og:description\" content=\"H\u00e9l\u00e8ne S\u00e9gara, une ic\u00f4ne de la chanson fran\u00e7aise, a fait face \u00e0 des d\u00e9fis consid\u00e9rables, notamment sa maladie oculaire et sa d\u00e9cision de subir des interventions de chirurgie esth\u00e9tique.\" \/>\n<meta property=\"og:url\" content=\"https:\/\/www.tunisie-chirurgie-esthetique.com\/blog\/helene-segara-chirurgie-esthetique\/\" \/>\n<meta property=\"og:site_name\" content=\"Actualit\u00e9s Chirurgie Esth\u00e9tique Tunisie\" \/>\n<meta property=\"article:publisher\" content=\"https:\/\/www.facebook.com\/TCETUNISIE\/\" \/>\n<meta property=\"article:published_time\" content=\"2023-10-25T14:53:13+00:00\" \/>\n<meta property=\"article:modified_time\" content=\"2024-04-04T09:01:03+00:00\" \/>\n<meta property=\"og:image\" content=\"https:\/\/www.tunisie-chirurgie-esthetique.com\/blog\/wp-content\/uploads\/2023\/10\/Helene-Segara-chirurgie-esthetique.jpg\" \/>\n\t<meta property=\"og:image:width\" content=\"652\" \/>\n\t<meta property=\"og:image:height\" content=\"438\" \/>\n\t<meta property=\"og:image:type\" content=\"image\/jpeg\" \/>\n<meta name=\"author\" content=\"Dina Legrand\" \/>\n<meta name=\"twitter:card\" content=\"summary_large_image\" \/>\n<meta name=\"twitter:creator\" content=\"@Tunisie_CE\" \/>\n<meta name=\"twitter:site\" content=\"@Tunisie_CE\" \/>\n<meta name=\"twitter:label1\" content=\"\u00c9crit par\" \/>\n\t<meta name=\"twitter:data1\" content=\"Dina Legrand\" \/>\n\t<meta name=\"twitter:label2\" content=\"Dur\u00e9e de lecture estim\u00e9e\" \/>\n\t<meta name=\"twitter:data2\" content=\"4 minutes\" \/>\n<!-- \/ Yoast SEO plugin. -->","yoast_head_json":{"title":"H\u00e9l\u00e8ne S\u00e9gara : maladie oculaire et chirurgies esth\u00e9tiques","description":"H\u00e9l\u00e8ne S\u00e9gara, une ic\u00f4ne de la chanson fran\u00e7aise, a fait face \u00e0 des d\u00e9fis consid\u00e9rables, notamment sa maladie oculaire et sa d\u00e9cision de subir des interventions de chirurgie esth\u00e9tique.","robots":{"index":"index","follow":"follow","max-snippet":"max-snippet:-1","max-image-preview":"max-image-preview:large","max-video-preview":"max-video-preview:-1"},"canonical":"https:\/\/www.tunisie-chirurgie-esthetique.com\/blog\/helene-segara-chirurgie-esthetique\/","og_locale":"fr_FR","og_type":"article","og_title":"H\u00e9l\u00e8ne S\u00e9gara : maladie oculaire et chirurgies esth\u00e9tiques","og_description":"H\u00e9l\u00e8ne S\u00e9gara, une ic\u00f4ne de la chanson fran\u00e7aise, a fait face \u00e0 des d\u00e9fis consid\u00e9rables, notamment sa maladie oculaire et sa d\u00e9cision de subir des interventions de chirurgie esth\u00e9tique.","og_url":"https:\/\/www.tunisie-chirurgie-esthetique.com\/blog\/helene-segara-chirurgie-esthetique\/","og_site_name":"Actualit\u00e9s Chirurgie Esth\u00e9tique Tunisie","article_publisher":"https:\/\/www.facebook.com\/TCETUNISIE\/","article_published_time":"2023-10-25T14:53:13+00:00","article_modified_time":"2024-04-04T09:01:03+00:00","og_image":[{"width":652,"height":438,"url":"https:\/\/www.tunisie-chirurgie-esthetique.com\/blog\/wp-content\/uploads\/2023\/10\/Helene-Segara-chirurgie-esthetique.jpg","type":"image\/jpeg"}],"author":"Dina Legrand","twitter_card":"summary_large_image","twitter_creator":"@Tunisie_CE","twitter_site":"@Tunisie_CE","twitter_misc":{"\u00c9crit par":"Dina Legrand","Dur\u00e9e de lecture estim\u00e9e":"4 minutes"},"schema":{"@context":"https:\/\/schema.org","@graph":[{"@type":["Article","BlogPosting"],"@id":"https:\/\/www.tunisie-chirurgie-esthetique.com\/blog\/helene-segara-chirurgie-esthetique\/#article","isPartOf":{"@id":"https:\/\/www.tunisie-chirurgie-esthetique.com\/blog\/helene-segara-chirurgie-esthetique\/"},"author":{"name":"Dina Legrand","@id":"https:\/\/www.tunisie-chirurgie-esthetique.com\/blog\/#\/schema\/person\/55f99d583f39ff82c83ea8d20bfb8dac"},"headline":"H\u00e9l\u00e8ne S\u00e9gara : Sa maladie et ses chirurgies esth\u00e9tiques","datePublished":"2023-10-25T14:53:13+00:00","dateModified":"2024-04-04T09:01:03+00:00","mainEntityOfPage":{"@id":"https:\/\/www.tunisie-chirurgie-esthetique.com\/blog\/helene-segara-chirurgie-esthetique\/"},"wordCount":822,"publisher":{"@id":"https:\/\/www.tunisie-chirurgie-esthetique.com\/blog\/#organization"},"image":{"@id":"https:\/\/www.tunisie-chirurgie-esthetique.com\/blog\/helene-segara-chirurgie-esthetique\/#primaryimage"},"thumbnailUrl":"https:\/\/www.tunisie-chirurgie-esthetique.com\/blog\/wp-content\/uploads\/2023\/10\/Helene-Segara-chirurgie-esthetique.jpg","articleSection":["Guide &amp; Actualit\u00e9 chirurgie plastique","Potins Stars T\u00e9l\u00e9-r\u00e9alit\u00e9"],"inLanguage":"fr-FR"},{"@type":"WebPage","@id":"https:\/\/www.tunisie-chirurgie-esthetique.com\/blog\/helene-segara-chirurgie-esthetique\/","url":"https:\/\/www.tunisie-chirurgie-esthetique.com\/blog\/helene-segara-chirurgie-esthetique\/","name":"H\u00e9l\u00e8ne S\u00e9gara : maladie oculaire et chirurgies esth\u00e9tiques","isPartOf":{"@id":"https:\/\/www.tunisie-chirurgie-esthetique.com\/blog\/#website"},"primaryImageOfPage":{"@id":"https:\/\/www.tunisie-chirurgie-esthetique.com\/blog\/helene-segara-chirurgie-esthetique\/#primaryimage"},"image":{"@id":"https:\/\/www.tunisie-chirurgie-esthetique.com\/blog\/helene-segara-chirurgie-esthetique\/#primaryimage"},"thumbnailUrl":"https:\/\/www.tunisie-chirurgie-esthetique.com\/blog\/wp-content\/uploads\/2023\/10\/Helene-Segara-chirurgie-esthetique.jpg","datePublished":"2023-10-25T14:53:13+00:00","dateModified":"2024-04-04T09:01:03+00:00","description":"H\u00e9l\u00e8ne S\u00e9gara, une ic\u00f4ne de la chanson fran\u00e7aise, a fait face \u00e0 des d\u00e9fis consid\u00e9rables, notamment sa maladie oculaire et sa d\u00e9cision de subir des interventions de chirurgie esth\u00e9tique.","breadcrumb":{"@id":"https:\/\/www.tunisie-chirurgie-esthetique.com\/blog\/helene-segara-chirurgie-esthetique\/#breadcrumb"},"inLanguage":"fr-FR","potentialAction":[{"@type":"ReadAction","target":["https:\/\/www.tunisie-chirurgie-esthetique.com\/blog\/helene-segara-chirurgie-esthetique\/"]}]},{"@type":"ImageObject","inLanguage":"fr-FR","@id":"https:\/\/www.tunisie-chirurgie-esthetique.com\/blog\/helene-segara-chirurgie-esthetique\/#primaryimage","url":"https:\/\/www.tunisie-chirurgie-esthetique.com\/blog\/wp-content\/uploads\/2023\/10\/Helene-Segara-chirurgie-esthetique.jpg","contentUrl":"https:\/\/www.tunisie-chirurgie-esthetique.com\/blog\/wp-content\/uploads\/2023\/10\/Helene-Segara-chirurgie-esthetique.jpg","width":652,"height":438,"caption":"Helene-Segara-chirurgie-esthetique"},{"@type":"BreadcrumbList","@id":"https:\/\/www.tunisie-chirurgie-esthetique.com\/blog\/helene-segara-chirurgie-esthetique\/#breadcrumb","itemListElement":[{"@type":"ListItem","position":1,"name":"Accueil","item":"https:\/\/www.tunisie-chirurgie-esthetique.com\/blog\/"},{"@type":"ListItem","position":2,"name":"Guide &amp; Actualit\u00e9 chirurgie plastique","item":"https:\/\/www.tunisie-chirurgie-esthetique.com\/blog\/actualite-chirurgie-plastique\/"},{"@type":"ListItem","position":3,"name":"H\u00e9l\u00e8ne S\u00e9gara : Sa maladie et ses chirurgies esth\u00e9tiques"}]},{"@type":"WebSite","@id":"https:\/\/www.tunisie-chirurgie-esthetique.com\/blog\/#website","url":"https:\/\/www.tunisie-chirurgie-esthetique.com\/blog\/","name":"Actualit\u00e9s en chirurgie et m\u00e9decine esth\u00e9tique Tunisie","description":"Chirurgie en Tunisie","publisher":{"@id":"https:\/\/www.tunisie-chirurgie-esthetique.com\/blog\/#organization"},"alternateName":"Forfaits chirurgie esth\u00e9tique Tunisie prix tout compris","potentialAction":[{"@type":"SearchAction","target":{"@type":"EntryPoint","urlTemplate":"https:\/\/www.tunisie-chirurgie-esthetique.com\/blog\/?s={search_term_string}"},"query-input":{"@type":"PropertyValueSpecification","valueRequired":true,"valueName":"search_term_string"}}],"inLanguage":"fr-FR"},{"@type":"Organization","@id":"https:\/\/www.tunisie-chirurgie-esthetique.com\/blog\/#organization","name":"TCE TUNISIE","alternateName":"Chirurgie esth\u00e9tique en Tunisie","url":"https:\/\/www.tunisie-chirurgie-esthetique.com\/blog\/","logo":{"@type":"ImageObject","inLanguage":"fr-FR","@id":"https:\/\/www.tunisie-chirurgie-esthetique.com\/blog\/#\/schema\/logo\/image\/","url":"https:\/\/www.tunisie-chirurgie-esthetique.com\/blog\/wp-content\/uploads\/2022\/08\/fav-tce.png","contentUrl":"https:\/\/www.tunisie-chirurgie-esthetique.com\/blog\/wp-content\/uploads\/2022\/08\/fav-tce.png","width":512,"height":512,"caption":"TCE TUNISIE"},"image":{"@id":"https:\/\/www.tunisie-chirurgie-esthetique.com\/blog\/#\/schema\/logo\/image\/"},"sameAs":["https:\/\/www.facebook.com\/TCETUNISIE\/","https:\/\/x.com\/Tunisie_CE","https:\/\/www.instagram.com\/tunisiece\/","https:\/\/www.linkedin.com\/company\/tunisie-chirurgie-etshetique-tce\/","https:\/\/www.pinterest.fr\/tunisiechirurgi\/","https:\/\/www.youtube.com\/channel\/UCFZHPINDbYAa_yhOk121j7A\/?sub_confirmation=1"]},{"@type":"Person","@id":"https:\/\/www.tunisie-chirurgie-esthetique.com\/blog\/#\/schema\/person\/55f99d583f39ff82c83ea8d20bfb8dac","name":"Dina Legrand","description":"Je m'appelle Dina Legrand, dipl\u00f4m\u00e9e d'un Master en sciences de la sant\u00e9 de l'Universit\u00e9 de Tunis et de Paris. Forte d'une exp\u00e9rience de plus de 15 ans dans le domaine m\u00e9dical, je me suis sp\u00e9cialis\u00e9e dans la r\u00e9daction, la vulgarisation et la gestion de projets scientifiques. Dot\u00e9e d'une grande aisance r\u00e9dactionnelle, j'ai ensuite \u0153uvr\u00e9 en free-lance pour diverses institutions de sant\u00e9. J'ai organis\u00e9 avec succ\u00e8s plusieurs congr\u00e8s m\u00e9dicaux internationaux, requ\u00e9rant rigueur et capacit\u00e9 de gestion de projets complexes. Aimant partager mon savoir, j'anime aujourd'hui le blog Tunisie-chirurgie-esth\u00e9tique.com, v\u00e9ritable r\u00e9f\u00e9rence en mati\u00e8re d'information m\u00e9dicale grand public. Mon objectif est de rendre accessibles des notions parfois ardues, en adoptant un ton p\u00e9dagogique et une plume clarifiant les derni\u00e8res avanc\u00e9es. Forte de ma double comp\u00e9tence m\u00e9dicale et r\u00e9dactionnelle, je me tiens \u00e0 la disposition des professionnels et particuliers pour toute mission d'\u00e9criture, de traduction ou de vulgarisation scientifique.","url":"https:\/\/www.tunisie-chirurgie-esthetique.com\/blog\/author\/nisieshi_tunesth\/"}]}},"_links":{"self":[{"href":"https:\/\/www.tunisie-chirurgie-esthetique.com\/blog\/wp-json\/wp\/v2\/posts\/6610","targetHints":{"allow":["GET"]}}],"collection":[{"href":"https:\/\/www.tunisie-chirurgie-esthetique.com\/blog\/wp-json\/wp\/v2\/posts"}],"about":[{"href":"https:\/\/www.tunisie-chirurgie-esthetique.com\/blog\/wp-json\/wp\/v2\/types\/post"}],"author":[{"embeddable":true,"href":"https:\/\/www.tunisie-chirurgie-esthetique.com\/blog\/wp-json\/wp\/v2\/users\/1"}],"replies":[{"embeddable":true,"href":"https:\/\/www.tunisie-chirurgie-esthetique.com\/blog\/wp-json\/wp\/v2\/comments?post=6610"}],"version-history":[{"count":5,"href":"https:\/\/www.tunisie-chirurgie-esthetique.com\/blog\/wp-json\/wp\/v2\/posts\/6610\/revisions"}],"predecessor-version":[{"id":7092,"href":"https:\/\/www.tunisie-chirurgie-esthetique.com\/blog\/wp-json\/wp\/v2\/posts\/6610\/revisions\/7092"}],"wp:featuredmedia":[{"embeddable":true,"href":"https:\/\/www.tunisie-chirurgie-esthetique.com\/blog\/wp-json\/wp\/v2\/media\/6616"}],"wp:attachment":[{"href":"https:\/\/www.tunisie-chirurgie-esthetique.com\/blog\/wp-json\/wp\/v2\/media?parent=6610"}],"wp:term":[{"taxonomy":"category","embeddable":true,"href":"https:\/\/www.tunisie-chirurgie-esthetique.com\/blog\/wp-json\/wp\/v2\/categories?post=6610"},{"taxonomy":"post_tag","embeddable":true,"href":"https:\/\/www.tunisie-chirurgie-esthetique.com\/blog\/wp-json\/wp\/v2\/tags?post=6610"}],"curies":[{"name":"wp","href":"https:\/\/api.w.org\/{rel}","templated":true}]}}