{"id":640,"date":"2017-10-06T09:48:20","date_gmt":"2017-10-06T07:48:20","guid":{"rendered":"https:\/\/www.tunisie-chirurgie-esthetique.com\/blog\/?p=640"},"modified":"2023-07-20T08:37:32","modified_gmt":"2023-07-20T06:37:32","slug":"carla-bruni-chirurgie-esthetique","status":"publish","type":"post","link":"https:\/\/www.tunisie-chirurgie-esthetique.com\/blog\/carla-bruni-chirurgie-esthetique\/","title":{"rendered":"Carla Bruni avoue enfin son recours \u00e0 la chirurgie esth\u00e9tique"},"content":{"rendered":"<div id=\"ez-toc-container\" class=\"ez-toc-v2_0_82_2 counter-hierarchy ez-toc-counter ez-toc-light-blue ez-toc-container-direction\">\n<div class=\"ez-toc-title-container\">\n<p class=\"ez-toc-title ez-toc-toggle\" style=\"cursor:pointer\">Sommaire<\/p>\n<span class=\"ez-toc-title-toggle\"><a href=\"#\" class=\"ez-toc-pull-right ez-toc-btn ez-toc-btn-xs ez-toc-btn-default ez-toc-toggle\" aria-label=\"Toggle Table of Content\"><span class=\"ez-toc-js-icon-con\"><span class=\"\"><span class=\"eztoc-hide\" style=\"display:none;\">Toggle<\/span><span class=\"ez-toc-icon-toggle-span\"><svg style=\"fill: #999;color:#999\" xmlns=\"http:\/\/www.w3.org\/2000\/svg\" class=\"list-377408\" width=\"20px\" height=\"20px\" viewBox=\"0 0 24 24\" fill=\"none\"><path d=\"M6 6H4v2h2V6zm14 0H8v2h12V6zM4 11h2v2H4v-2zm16 0H8v2h12v-2zM4 16h2v2H4v-2zm16 0H8v2h12v-2z\" fill=\"currentColor\"><\/path><\/svg><svg style=\"fill: #999;color:#999\" class=\"arrow-unsorted-368013\" xmlns=\"http:\/\/www.w3.org\/2000\/svg\" width=\"10px\" height=\"10px\" viewBox=\"0 0 24 24\" version=\"1.2\" baseProfile=\"tiny\"><path d=\"M18.2 9.3l-6.2-6.3-6.2 6.3c-.2.2-.3.4-.3.7s.1.5.3.7c.2.2.4.3.7.3h11c.3 0 .5-.1.7-.3.2-.2.3-.5.3-.7s-.1-.5-.3-.7zM5.8 14.7l6.2 6.3 6.2-6.3c.2-.2.3-.5.3-.7s-.1-.5-.3-.7c-.2-.2-.4-.3-.7-.3h-11c-.3 0-.5.1-.7.3-.2.2-.3.5-.3.7s.1.5.3.7z\"\/><\/svg><\/span><\/span><\/span><\/a><\/span><\/div>\n<nav><ul class='ez-toc-list ez-toc-list-level-1 eztoc-toggle-hide-by-default' ><li class='ez-toc-page-1 ez-toc-heading-level-2'><a class=\"ez-toc-link ez-toc-heading-1\" href=\"https:\/\/www.tunisie-chirurgie-esthetique.com\/blog\/carla-bruni-chirurgie-esthetique\/#Pourquoi_a-t-elle_mis_terme_a_sa_carriere_de_mannequin\" >Pourquoi a-t-elle mis terme \u00e0 sa carri\u00e8re de mannequin<\/a><\/li><li class='ez-toc-page-1 ez-toc-heading-level-2'><a class=\"ez-toc-link ez-toc-heading-2\" href=\"https:\/\/www.tunisie-chirurgie-esthetique.com\/blog\/carla-bruni-chirurgie-esthetique\/#Elle_se_confie_sur_son_corps_et_sa_beaute\" >Elle se confie sur son corps et sa beaut\u00e9<\/a><\/li><\/ul><\/nav><\/div>\n<p>Busqu\u00e9, bossu, crochu, trop gros, trop long, trop \u00e9pais\u2026 Les d\u00e9fauts du nez n\u2019\u00e9pargnent personne et surtout pas les c\u00e9l\u00e9brit\u00e9s de l\u2019industrie du spectacle.<\/p>\n<p>Carla Bruni, l\u2019\u00e9pouse de Nicolas Sarkozy, l\u2019ancienne premi\u00e8re dame et l\u2019ex-Top Model est parmi les rares qui ont \u00e9voqu\u00e9 leur recours \u00e0 la chirurgie esth\u00e9tique pour remodeler et embellir l\u2019apparence du nez. Zoom sur sa carri\u00e8re et son rapport \u00e0 la chirurgie esth\u00e9tique.<\/p>\n<h2><span class=\"ez-toc-section\" id=\"Pourquoi_a-t-elle_mis_terme_a_sa_carriere_de_mannequin\"><\/span><strong>Pourquoi a-t-elle mis terme \u00e0 sa carri\u00e8re de mannequin<\/strong><span class=\"ez-toc-section-end\"><\/span><\/h2>\n<p>Carla bruni est n\u00e9e le 23 d\u00e9cembre 1967 \u00e0 Turin en Italie dans une riche famille italienne, \u00e0 l\u2019\u00e2ge de ses 6 ans sa famille s\u2019est install\u00e9e \u00e0 paris afin de fuir aux brigades rouges.<\/p>\n<p>En 1986, La jeune femme a pu int\u00e9grer l\u2019agence parisienne de mannequinat \u00ab\u00a0City Models\u00a0\u00bb, sa silhouette longiligne et sa frimousse f\u00e9line lui ont permis de d\u00e9filer durant plusieurs ann\u00e9es pour les plus c\u00e9l\u00e8bres cr\u00e9ateurs et les plus grandes maisons de haute couture comme Chanel, Carla est devenue rapidement l\u2019un des mannequins les plus c\u00e9l\u00e8bres dans le monde.<\/p>\n<p>Tr\u00e8s passionn\u00e9e par la musique d\u00e8s son jeune \u00e2ge, le Top Model s\u2019est reconverti en chanson en 1996. Son premier album sorti en 2002 a connu un \u00e9norme succ\u00e8s, plus que deux millions exemplaires ont \u00e9t\u00e9 vendus. Trois autres albums ont \u00e9t\u00e9 sortis apr\u00e8s dont les ventes \u00e9taient malheureusement d\u00e9cevantes.<\/p>\n<h2><span class=\"ez-toc-section\" id=\"Elle_se_confie_sur_son_corps_et_sa_beaute\"><\/span>Elle se confie sur son corps et sa beaut\u00e9<span class=\"ez-toc-section-end\"><\/span><\/h2>\n<p>Quelques mois avant de souffler sa cinqui\u00e8me bougie, Carla bruni cr\u00e9e une grande surprise par son apparition \u00e0 c\u00f4t\u00e9 de Naomi Campbell, Helena Christensen, Cindy Crawford et Claudia Schiffer au d\u00e9fil\u00e9 Versace, le temps semble ne pas avoir d\u2019emprise sur elle. Sa silhouette parfaitement \u00e9lanc\u00e9e, sa peau lisse ont attir\u00e9 tous les regards vers l\u2019ex mannequin et la maman de deux enfants.<\/p>\n<p>La chanteuse a fermement avou\u00e9 \u00e0 l&#8217;hebdomadaire italien Io Donna qu\u2019elle a fait refaire son nez en 1983 avant d\u2019entamer sa carri\u00e8re de mannequin, une op\u00e9ration de <a href=\"https:\/\/www.tunisie-chirurgie-esthetique.com\/rhinoplastie-tunisie\">chirurgie esth\u00e9tique nasale qui lui a permis d\u2019affiner son nez<\/a>.<\/p>\n<p>Elle a \u00e9galement confirm\u00e9 qu\u2019elle a pu conserver sa <a href=\"https:\/\/www.tunisie-chirurgie-esthetique.com\/chirurgie-silhouette\">silhouette <\/a>de r\u00eave gr\u00e2ce \u00e0 la gymnastique et \u00e0 sa bonne hygi\u00e8ne de vie.<\/p>\n","protected":false},"excerpt":{"rendered":"<p>Busqu\u00e9, bossu, crochu, trop gros, trop long, trop \u00e9pais\u2026 Les d\u00e9fauts du nez n\u2019\u00e9pargnent personne et surtout pas les c\u00e9l\u00e9brit\u00e9s de l\u2019industrie du spectacle. Carla Bruni, l\u2019\u00e9pouse de Nicolas Sarkozy, l\u2019ancienne premi\u00e8re dame et l\u2019ex-Top Model est parmi les rares qui ont \u00e9voqu\u00e9 leur recours \u00e0 la chirurgie esth\u00e9tique pour remodeler et embellir l\u2019apparence du [&hellip;]<\/p>\n","protected":false},"author":2,"featured_media":642,"comment_status":"closed","ping_status":"closed","sticky":false,"template":"","format":"standard","meta":{"rop_custom_images_group":[],"rop_custom_messages_group":[],"rop_publish_now":"initial","rop_publish_now_accounts":{"facebook_2803965346576775_1735562453331861":"","twitter_4255985368_4255985368":""},"rop_publish_now_history":[],"rop_publish_now_status":"pending","footnotes":""},"categories":[2741,1],"tags":[],"class_list":["post-640","post","type-post","status-publish","format-standard","has-post-thumbnail","hentry","category-chirurgies-paris-france","category-actualite-chirurgie-plastique"],"yoast_head":"<!-- This site is optimized with the Yoast SEO plugin v27.4 - https:\/\/yoast.com\/product\/yoast-seo-wordpress\/ -->\n<title>Carla Bruni avoue enfin son recours \u00e0 la chirurgie esth\u00e9tique<\/title>\n<meta name=\"description\" content=\"Carla Bruni \u00e9voque son recours \u00e0 la chirurgie esth\u00e9tique pour remodeler son nez et l&#039;embellir avec les techniques de la chirurgie du nez\" \/>\n<meta name=\"robots\" content=\"index, follow, max-snippet:-1, max-image-preview:large, max-video-preview:-1\" \/>\n<link rel=\"canonical\" href=\"https:\/\/www.tunisie-chirurgie-esthetique.com\/blog\/carla-bruni-chirurgie-esthetique\/\" \/>\n<meta property=\"og:locale\" content=\"fr_FR\" \/>\n<meta property=\"og:type\" content=\"article\" \/>\n<meta property=\"og:title\" content=\"Carla Bruni avoue enfin son recours \u00e0 la chirurgie esth\u00e9tique\" \/>\n<meta property=\"og:description\" content=\"Carla Bruni \u00e9voque son recours \u00e0 la chirurgie esth\u00e9tique pour remodeler son nez et l&#039;embellir avec les techniques de la chirurgie du nez\" \/>\n<meta property=\"og:url\" content=\"https:\/\/www.tunisie-chirurgie-esthetique.com\/blog\/carla-bruni-chirurgie-esthetique\/\" \/>\n<meta property=\"og:site_name\" content=\"Actualit\u00e9s Chirurgie Esth\u00e9tique Tunisie\" \/>\n<meta property=\"article:publisher\" content=\"https:\/\/www.facebook.com\/TCETUNISIE\/\" \/>\n<meta property=\"article:published_time\" content=\"2017-10-06T07:48:20+00:00\" \/>\n<meta property=\"article:modified_time\" content=\"2023-07-20T06:37:32+00:00\" \/>\n<meta property=\"og:image\" content=\"https:\/\/www.tunisie-chirurgie-esthetique.com\/blog\/wp-content\/uploads\/2017\/10\/rhinoplastie-carla-bruni.jpg\" \/>\n\t<meta property=\"og:image:width\" content=\"420\" \/>\n\t<meta property=\"og:image:height\" content=\"315\" \/>\n\t<meta property=\"og:image:type\" content=\"image\/jpeg\" \/>\n<meta name=\"author\" content=\"TCEESTHETIQUE\" \/>\n<meta name=\"twitter:card\" content=\"summary_large_image\" \/>\n<meta name=\"twitter:creator\" content=\"@Tunisie_CE\" \/>\n<meta name=\"twitter:site\" content=\"@Tunisie_CE\" \/>\n<meta name=\"twitter:label1\" content=\"\u00c9crit par\" \/>\n\t<meta name=\"twitter:data1\" content=\"TCEESTHETIQUE\" \/>\n\t<meta name=\"twitter:label2\" content=\"Dur\u00e9e de lecture estim\u00e9e\" \/>\n\t<meta name=\"twitter:data2\" content=\"2 minutes\" \/>\n<!-- \/ Yoast SEO plugin. -->","yoast_head_json":{"title":"Carla Bruni avoue enfin son recours \u00e0 la chirurgie esth\u00e9tique","description":"Carla Bruni \u00e9voque son recours \u00e0 la chirurgie esth\u00e9tique pour remodeler son nez et l'embellir avec les techniques de la chirurgie du nez","robots":{"index":"index","follow":"follow","max-snippet":"max-snippet:-1","max-image-preview":"max-image-preview:large","max-video-preview":"max-video-preview:-1"},"canonical":"https:\/\/www.tunisie-chirurgie-esthetique.com\/blog\/carla-bruni-chirurgie-esthetique\/","og_locale":"fr_FR","og_type":"article","og_title":"Carla Bruni avoue enfin son recours \u00e0 la chirurgie esth\u00e9tique","og_description":"Carla Bruni \u00e9voque son recours \u00e0 la chirurgie esth\u00e9tique pour remodeler son nez et l'embellir avec les techniques de la chirurgie du nez","og_url":"https:\/\/www.tunisie-chirurgie-esthetique.com\/blog\/carla-bruni-chirurgie-esthetique\/","og_site_name":"Actualit\u00e9s Chirurgie Esth\u00e9tique Tunisie","article_publisher":"https:\/\/www.facebook.com\/TCETUNISIE\/","article_published_time":"2017-10-06T07:48:20+00:00","article_modified_time":"2023-07-20T06:37:32+00:00","og_image":[{"width":420,"height":315,"url":"https:\/\/www.tunisie-chirurgie-esthetique.com\/blog\/wp-content\/uploads\/2017\/10\/rhinoplastie-carla-bruni.jpg","type":"image\/jpeg"}],"author":"TCEESTHETIQUE","twitter_card":"summary_large_image","twitter_creator":"@Tunisie_CE","twitter_site":"@Tunisie_CE","twitter_misc":{"\u00c9crit par":"TCEESTHETIQUE","Dur\u00e9e de lecture estim\u00e9e":"2 minutes"},"schema":{"@context":"https:\/\/schema.org","@graph":[{"@type":["Article","BlogPosting"],"@id":"https:\/\/www.tunisie-chirurgie-esthetique.com\/blog\/carla-bruni-chirurgie-esthetique\/#article","isPartOf":{"@id":"https:\/\/www.tunisie-chirurgie-esthetique.com\/blog\/carla-bruni-chirurgie-esthetique\/"},"author":{"name":"TCEESTHETIQUE","@id":"https:\/\/www.tunisie-chirurgie-esthetique.com\/blog\/#\/schema\/person\/c679c19bf2d1eda97c737b2ee81c871f"},"headline":"Carla Bruni avoue enfin son recours \u00e0 la chirurgie esth\u00e9tique","datePublished":"2017-10-06T07:48:20+00:00","dateModified":"2023-07-20T06:37:32+00:00","mainEntityOfPage":{"@id":"https:\/\/www.tunisie-chirurgie-esthetique.com\/blog\/carla-bruni-chirurgie-esthetique\/"},"wordCount":397,"publisher":{"@id":"https:\/\/www.tunisie-chirurgie-esthetique.com\/blog\/#organization"},"image":{"@id":"https:\/\/www.tunisie-chirurgie-esthetique.com\/blog\/carla-bruni-chirurgie-esthetique\/#primaryimage"},"thumbnailUrl":"https:\/\/www.tunisie-chirurgie-esthetique.com\/blog\/wp-content\/uploads\/2017\/10\/rhinoplastie-carla-bruni.jpg","articleSection":["Chirurgies Paris","Guide &amp; Actualit\u00e9 chirurgie plastique"],"inLanguage":"fr-FR"},{"@type":"WebPage","@id":"https:\/\/www.tunisie-chirurgie-esthetique.com\/blog\/carla-bruni-chirurgie-esthetique\/","url":"https:\/\/www.tunisie-chirurgie-esthetique.com\/blog\/carla-bruni-chirurgie-esthetique\/","name":"Carla Bruni avoue enfin son recours \u00e0 la chirurgie esth\u00e9tique","isPartOf":{"@id":"https:\/\/www.tunisie-chirurgie-esthetique.com\/blog\/#website"},"primaryImageOfPage":{"@id":"https:\/\/www.tunisie-chirurgie-esthetique.com\/blog\/carla-bruni-chirurgie-esthetique\/#primaryimage"},"image":{"@id":"https:\/\/www.tunisie-chirurgie-esthetique.com\/blog\/carla-bruni-chirurgie-esthetique\/#primaryimage"},"thumbnailUrl":"https:\/\/www.tunisie-chirurgie-esthetique.com\/blog\/wp-content\/uploads\/2017\/10\/rhinoplastie-carla-bruni.jpg","datePublished":"2017-10-06T07:48:20+00:00","dateModified":"2023-07-20T06:37:32+00:00","description":"Carla Bruni \u00e9voque son recours \u00e0 la chirurgie esth\u00e9tique pour remodeler son nez et l'embellir avec les techniques de la chirurgie du nez","breadcrumb":{"@id":"https:\/\/www.tunisie-chirurgie-esthetique.com\/blog\/carla-bruni-chirurgie-esthetique\/#breadcrumb"},"inLanguage":"fr-FR","potentialAction":[{"@type":"ReadAction","target":["https:\/\/www.tunisie-chirurgie-esthetique.com\/blog\/carla-bruni-chirurgie-esthetique\/"]}]},{"@type":"ImageObject","inLanguage":"fr-FR","@id":"https:\/\/www.tunisie-chirurgie-esthetique.com\/blog\/carla-bruni-chirurgie-esthetique\/#primaryimage","url":"https:\/\/www.tunisie-chirurgie-esthetique.com\/blog\/wp-content\/uploads\/2017\/10\/rhinoplastie-carla-bruni.jpg","contentUrl":"https:\/\/www.tunisie-chirurgie-esthetique.com\/blog\/wp-content\/uploads\/2017\/10\/rhinoplastie-carla-bruni.jpg","width":420,"height":315,"caption":"rhinoplastie-carla-bruni"},{"@type":"BreadcrumbList","@id":"https:\/\/www.tunisie-chirurgie-esthetique.com\/blog\/carla-bruni-chirurgie-esthetique\/#breadcrumb","itemListElement":[{"@type":"ListItem","position":1,"name":"Accueil","item":"https:\/\/www.tunisie-chirurgie-esthetique.com\/blog\/"},{"@type":"ListItem","position":2,"name":"Guide &amp; Actualit\u00e9 chirurgie plastique","item":"https:\/\/www.tunisie-chirurgie-esthetique.com\/blog\/actualite-chirurgie-plastique\/"},{"@type":"ListItem","position":3,"name":"Carla Bruni avoue enfin son recours \u00e0 la chirurgie esth\u00e9tique"}]},{"@type":"WebSite","@id":"https:\/\/www.tunisie-chirurgie-esthetique.com\/blog\/#website","url":"https:\/\/www.tunisie-chirurgie-esthetique.com\/blog\/","name":"Actualit\u00e9s en chirurgie et m\u00e9decine esth\u00e9tique Tunisie","description":"Chirurgie en Tunisie","publisher":{"@id":"https:\/\/www.tunisie-chirurgie-esthetique.com\/blog\/#organization"},"alternateName":"Forfaits chirurgie esth\u00e9tique Tunisie prix tout compris","potentialAction":[{"@type":"SearchAction","target":{"@type":"EntryPoint","urlTemplate":"https:\/\/www.tunisie-chirurgie-esthetique.com\/blog\/?s={search_term_string}"},"query-input":{"@type":"PropertyValueSpecification","valueRequired":true,"valueName":"search_term_string"}}],"inLanguage":"fr-FR"},{"@type":"Organization","@id":"https:\/\/www.tunisie-chirurgie-esthetique.com\/blog\/#organization","name":"TCE TUNISIE","alternateName":"Chirurgie esth\u00e9tique en Tunisie","url":"https:\/\/www.tunisie-chirurgie-esthetique.com\/blog\/","logo":{"@type":"ImageObject","inLanguage":"fr-FR","@id":"https:\/\/www.tunisie-chirurgie-esthetique.com\/blog\/#\/schema\/logo\/image\/","url":"https:\/\/www.tunisie-chirurgie-esthetique.com\/blog\/wp-content\/uploads\/2022\/08\/fav-tce.png","contentUrl":"https:\/\/www.tunisie-chirurgie-esthetique.com\/blog\/wp-content\/uploads\/2022\/08\/fav-tce.png","width":512,"height":512,"caption":"TCE TUNISIE"},"image":{"@id":"https:\/\/www.tunisie-chirurgie-esthetique.com\/blog\/#\/schema\/logo\/image\/"},"sameAs":["https:\/\/www.facebook.com\/TCETUNISIE\/","https:\/\/x.com\/Tunisie_CE","https:\/\/www.instagram.com\/tunisiece\/","https:\/\/www.linkedin.com\/company\/tunisie-chirurgie-etshetique-tce\/","https:\/\/www.pinterest.fr\/tunisiechirurgi\/","https:\/\/www.youtube.com\/channel\/UCFZHPINDbYAa_yhOk121j7A\/?sub_confirmation=1"]},{"@type":"Person","@id":"https:\/\/www.tunisie-chirurgie-esthetique.com\/blog\/#\/schema\/person\/c679c19bf2d1eda97c737b2ee81c871f","name":"TCEESTHETIQUE","description":"Chirurgie et medecine esthetique prix pas cher","sameAs":["https:\/\/x.com\/Tunisie_CE"],"url":"https:\/\/www.tunisie-chirurgie-esthetique.com\/blog\/author\/tc_esthetique\/"}]}},"_links":{"self":[{"href":"https:\/\/www.tunisie-chirurgie-esthetique.com\/blog\/wp-json\/wp\/v2\/posts\/640","targetHints":{"allow":["GET"]}}],"collection":[{"href":"https:\/\/www.tunisie-chirurgie-esthetique.com\/blog\/wp-json\/wp\/v2\/posts"}],"about":[{"href":"https:\/\/www.tunisie-chirurgie-esthetique.com\/blog\/wp-json\/wp\/v2\/types\/post"}],"author":[{"embeddable":true,"href":"https:\/\/www.tunisie-chirurgie-esthetique.com\/blog\/wp-json\/wp\/v2\/users\/2"}],"replies":[{"embeddable":true,"href":"https:\/\/www.tunisie-chirurgie-esthetique.com\/blog\/wp-json\/wp\/v2\/comments?post=640"}],"version-history":[{"count":3,"href":"https:\/\/www.tunisie-chirurgie-esthetique.com\/blog\/wp-json\/wp\/v2\/posts\/640\/revisions"}],"predecessor-version":[{"id":5473,"href":"https:\/\/www.tunisie-chirurgie-esthetique.com\/blog\/wp-json\/wp\/v2\/posts\/640\/revisions\/5473"}],"wp:featuredmedia":[{"embeddable":true,"href":"https:\/\/www.tunisie-chirurgie-esthetique.com\/blog\/wp-json\/wp\/v2\/media\/642"}],"wp:attachment":[{"href":"https:\/\/www.tunisie-chirurgie-esthetique.com\/blog\/wp-json\/wp\/v2\/media?parent=640"}],"wp:term":[{"taxonomy":"category","embeddable":true,"href":"https:\/\/www.tunisie-chirurgie-esthetique.com\/blog\/wp-json\/wp\/v2\/categories?post=640"},{"taxonomy":"post_tag","embeddable":true,"href":"https:\/\/www.tunisie-chirurgie-esthetique.com\/blog\/wp-json\/wp\/v2\/tags?post=640"}],"curies":[{"name":"wp","href":"https:\/\/api.w.org\/{rel}","templated":true}]}}