{"id":6197,"date":"2023-07-27T13:50:25","date_gmt":"2023-07-27T11:50:25","guid":{"rendered":"https:\/\/www.tunisie-chirurgie-esthetique.com\/blog\/?p=6197"},"modified":"2023-07-31T12:00:42","modified_gmt":"2023-07-31T10:00:42","slug":"avis-adriana-karembeu-chirurgie-esthetique","status":"publish","type":"post","link":"https:\/\/www.tunisie-chirurgie-esthetique.com\/blog\/avis-adriana-karembeu-chirurgie-esthetique\/","title":{"rendered":"Adriana Karembeu, son avis sinc\u00e8re sur la chirurgie esth\u00e9tique"},"content":{"rendered":"<div id=\"ez-toc-container\" class=\"ez-toc-v2_0_82_2 counter-hierarchy ez-toc-counter ez-toc-light-blue ez-toc-container-direction\">\n<div class=\"ez-toc-title-container\">\n<p class=\"ez-toc-title ez-toc-toggle\" style=\"cursor:pointer\">Sommaire<\/p>\n<span class=\"ez-toc-title-toggle\"><a href=\"#\" class=\"ez-toc-pull-right ez-toc-btn ez-toc-btn-xs ez-toc-btn-default ez-toc-toggle\" aria-label=\"Toggle Table of Content\"><span class=\"ez-toc-js-icon-con\"><span class=\"\"><span class=\"eztoc-hide\" style=\"display:none;\">Toggle<\/span><span class=\"ez-toc-icon-toggle-span\"><svg style=\"fill: #999;color:#999\" xmlns=\"http:\/\/www.w3.org\/2000\/svg\" class=\"list-377408\" width=\"20px\" height=\"20px\" viewBox=\"0 0 24 24\" fill=\"none\"><path d=\"M6 6H4v2h2V6zm14 0H8v2h12V6zM4 11h2v2H4v-2zm16 0H8v2h12v-2zM4 16h2v2H4v-2zm16 0H8v2h12v-2z\" fill=\"currentColor\"><\/path><\/svg><svg style=\"fill: #999;color:#999\" class=\"arrow-unsorted-368013\" xmlns=\"http:\/\/www.w3.org\/2000\/svg\" width=\"10px\" height=\"10px\" viewBox=\"0 0 24 24\" version=\"1.2\" baseProfile=\"tiny\"><path d=\"M18.2 9.3l-6.2-6.3-6.2 6.3c-.2.2-.3.4-.3.7s.1.5.3.7c.2.2.4.3.7.3h11c.3 0 .5-.1.7-.3.2-.2.3-.5.3-.7s-.1-.5-.3-.7zM5.8 14.7l6.2 6.3 6.2-6.3c.2-.2.3-.5.3-.7s-.1-.5-.3-.7c-.2-.2-.4-.3-.7-.3h-11c-.3 0-.5.1-.7.3-.2.2-.3.5-.3.7s.1.5.3.7z\"\/><\/svg><\/span><\/span><\/span><\/a><\/span><\/div>\n<nav><ul class='ez-toc-list ez-toc-list-level-1 eztoc-toggle-hide-by-default' ><li class='ez-toc-page-1 ez-toc-heading-level-2'><a class=\"ez-toc-link ez-toc-heading-1\" href=\"https:\/\/www.tunisie-chirurgie-esthetique.com\/blog\/avis-adriana-karembeu-chirurgie-esthetique\/#La_beaute_eternelle_dAdriana_Karembeu\" >La beaut\u00e9 \u00e9ternelle d&#8217;Adriana Karembeu<\/a><\/li><li class='ez-toc-page-1 ez-toc-heading-level-2'><a class=\"ez-toc-link ez-toc-heading-2\" href=\"https:\/\/www.tunisie-chirurgie-esthetique.com\/blog\/avis-adriana-karembeu-chirurgie-esthetique\/#La_chirurgie_esthetique_un_sujet_delicat\" >La chirurgie esth\u00e9tique : un sujet d\u00e9licat<\/a><\/li><li class='ez-toc-page-1 ez-toc-heading-level-2'><a class=\"ez-toc-link ez-toc-heading-3\" href=\"https:\/\/www.tunisie-chirurgie-esthetique.com\/blog\/avis-adriana-karembeu-chirurgie-esthetique\/#Lavis_franc_dAdriana_Karembeu_sur_la_chirurgie_esthetique\" >L&#8217;avis franc d&#8217;Adriana Karembeu sur la chirurgie esth\u00e9tique<\/a><\/li><li class='ez-toc-page-1 ez-toc-heading-level-2'><a class=\"ez-toc-link ez-toc-heading-4\" href=\"https:\/\/www.tunisie-chirurgie-esthetique.com\/blog\/avis-adriana-karembeu-chirurgie-esthetique\/#Les_valeurs_de_la_beaute_selon_Adriana_Karembeu\" >Les valeurs de la beaut\u00e9 selon Adriana Karembeu<\/a><\/li><li class='ez-toc-page-1 ez-toc-heading-level-2'><a class=\"ez-toc-link ez-toc-heading-5\" href=\"https:\/\/www.tunisie-chirurgie-esthetique.com\/blog\/avis-adriana-karembeu-chirurgie-esthetique\/#La_prevention_et_les_soins_naturels\" >La pr\u00e9vention et les soins naturels<\/a><\/li><li class='ez-toc-page-1 ez-toc-heading-level-2'><a class=\"ez-toc-link ez-toc-heading-6\" href=\"https:\/\/www.tunisie-chirurgie-esthetique.com\/blog\/avis-adriana-karembeu-chirurgie-esthetique\/#Linfluence_positive_dAdriana_Karembeu\" >L&#8217;influence positive d&#8217;Adriana Karembeu<\/a><\/li><\/ul><\/nav><\/div>\n<p><strong>Adriana Karembeu<\/strong>. Cette ic\u00f4ne de la beaut\u00e9, mondialement reconnue pour sa gr\u00e2ce et son charisme, a marqu\u00e9 le milieu de la mode pendant des d\u00e9cennies et est devenue une r\u00e9f\u00e9rence dans le domaine de la chirurgie esth\u00e9tique. D\u00e9couvrons ensemble son point de vue unique sur ce sujet d\u00e9licat et controvers\u00e9.<\/p>\n<h2><span class=\"ez-toc-section\" id=\"La_beaute_eternelle_dAdriana_Karembeu\"><\/span>La beaut\u00e9 \u00e9ternelle d&#8217;Adriana Karembeu<span class=\"ez-toc-section-end\"><\/span><\/h2>\n<p>Adriana Karembeu, de son vrai nom Adriana Sklenarikova, est une mannequin d&#8217;origine slovaque qui a conquis le monde gr\u00e2ce \u00e0 sa beaut\u00e9 naturelle et sa personnalit\u00e9 rayonnante. Elle a gravi les \u00e9chelons de la mode avec succ\u00e8s, devenant le visage de grandes marques et de c\u00e9l\u00e8bres cr\u00e9ateurs de mode. Son \u00e9l\u00e9gance et son charme incontestables ont toujours suscit\u00e9 l&#8217;admiration du public et ont fait d&#8217;elle l&#8217;une des personnalit\u00e9s les plus aim\u00e9es dans le monde du mannequinat.<\/p>\n<h2><span class=\"ez-toc-section\" id=\"La_chirurgie_esthetique_un_sujet_delicat\"><\/span>La chirurgie esth\u00e9tique : un sujet d\u00e9licat<span class=\"ez-toc-section-end\"><\/span><\/h2>\n<p>La <a href=\"https:\/\/www.tunisie-chirurgie-esthetique.com\/\">chirurgie esth\u00e9tique<\/a> est un domaine qui suscite de nombreuses discussions et opinions divergentes. Certaines personnes voient en elle une opportunit\u00e9 de sublimer leur beaut\u00e9 et de gagner en confiance en elles, tandis que d&#8217;autres consid\u00e8rent que la recherche de la perfection physique peut \u00eatre une source d&#8217;insatisfaction chronique. Il est donc primordial d&#8217;entendre des voix autoris\u00e9es et exp\u00e9riment\u00e9es, telles que celle d&#8217;Adriana Karembeu, pour mieux comprendre les implications de la chirurgie esth\u00e9tique.<\/p>\n<h2><span class=\"ez-toc-section\" id=\"Lavis_franc_dAdriana_Karembeu_sur_la_chirurgie_esthetique\"><\/span>L&#8217;avis franc d&#8217;Adriana Karembeu sur la chirurgie esth\u00e9tique<span class=\"ez-toc-section-end\"><\/span><\/h2>\n<p>Adriana Karembeu a toujours \u00e9t\u00e9 transparente concernant ses choix personnels en mati\u00e8re de chirurgie esth\u00e9tique. Elle reconna\u00eet avoir eu recours \u00e0 certains traitements, mais insiste sur l&#8217;importance de la mod\u00e9ration et de la prudence dans ce domaine.<\/p>\n<p><strong><em>&#8220;J&#8217;ai vu ma premi\u00e8re ride, j&#8217;avais 40 ans. Je n&#8217;ai pas aim\u00e9. Elle \u00e9tait toute petite mais elle \u00e9tait l\u00e0&#8221;<\/em><\/strong><\/p>\n<p>Pour elle, la chirurgie esth\u00e9tique doit \u00eatre un moyen de sublimer sa beaut\u00e9 naturelle et non pas de la transformer radicalement. Elle encourage ses fans et les personnes int\u00e9ress\u00e9es par la chirurgie esth\u00e9tique \u00e0 faire des recherches approfondies et \u00e0 consulter des professionnels qualifi\u00e9s avant de prendre toute d\u00e9cision.<\/p>\n<h2><span class=\"ez-toc-section\" id=\"Les_valeurs_de_la_beaute_selon_Adriana_Karembeu\"><\/span>Les valeurs de la beaut\u00e9 selon Adriana Karembeu<span class=\"ez-toc-section-end\"><\/span><\/h2>\n<p>Pour Adriana Karembeu, la beaut\u00e9 ne se r\u00e9sume pas \u00e0 des crit\u00e8res superficiels ou \u00e0 des normes strictes impos\u00e9es par la soci\u00e9t\u00e9. Elle consid\u00e8re que chaque individu est unique et que la v\u00e9ritable beaut\u00e9 r\u00e9side dans la confiance en soi, l&#8217;acceptation de ses imperfections et la mise en valeur de ses atouts. La chirurgie esth\u00e9tique peut \u00eatre un outil pour atteindre cette confiance, mais cela ne doit pas \u00eatre un substitut \u00e0 l&#8217;estime de soi et au respect de son corps.<\/p>\n<h2><span class=\"ez-toc-section\" id=\"La_prevention_et_les_soins_naturels\"><\/span>La pr\u00e9vention et les soins naturels<span class=\"ez-toc-section-end\"><\/span><\/h2>\n<p>Outre ses r\u00e9flexions sur la chirurgie esth\u00e9tique, Adriana Karembeu pr\u00f4ne \u00e9galement l&#8217;importance de la <strong>pr\u00e9vention et des soins naturels pour maintenir une peau radieuse et en bonne sant\u00e9<\/strong>. Elle met en avant l&#8217;hydratation, une alimentation \u00e9quilibr\u00e9e et l&#8217;utilisation de produits de beaut\u00e9 de qualit\u00e9 adapt\u00e9s \u00e0 chaque type de peau. Ces conseils simples mais efficaces sont le secret de sa beaut\u00e9 \u00e9ternelle et de son teint lumineux.<\/p>\n<h2><span class=\"ez-toc-section\" id=\"Linfluence_positive_dAdriana_Karembeu\"><\/span>L&#8217;influence positive d&#8217;Adriana Karembeu<span class=\"ez-toc-section-end\"><\/span><\/h2>\n<p>En tant que figure embl\u00e9matique de l&#8217;industrie de la beaut\u00e9, Adriana Karembeu a une influence positive sur ses admirateurs et le grand public. Son approche honn\u00eate et r\u00e9fl\u00e9chie de la chirurgie esth\u00e9tique a permis de d\u00e9construire certains pr\u00e9jug\u00e9s et de sensibiliser les gens aux enjeux de ce domaine. Elle incarne une vision de la beaut\u00e9 plus saine et r\u00e9aliste, o\u00f9 l&#8217;estime de soi et l&#8217;authenticit\u00e9 priment sur la qu\u00eate \u00e9perdue de la perfection.<\/p>\n","protected":false},"excerpt":{"rendered":"<p>Adriana Karembeu. Cette ic\u00f4ne de la beaut\u00e9, mondialement reconnue pour sa gr\u00e2ce et son charisme, a marqu\u00e9 le milieu de la mode pendant des d\u00e9cennies et est devenue une r\u00e9f\u00e9rence dans le domaine de la chirurgie esth\u00e9tique. D\u00e9couvrons ensemble son point de vue unique sur ce sujet d\u00e9licat et controvers\u00e9. La beaut\u00e9 \u00e9ternelle d&#8217;Adriana Karembeu [&hellip;]<\/p>\n","protected":false},"author":1,"featured_media":6201,"comment_status":"closed","ping_status":"closed","sticky":false,"template":"","format":"standard","meta":{"rop_custom_images_group":[],"rop_custom_messages_group":[],"rop_publish_now":"initial","rop_publish_now_accounts":{"facebook_2803965346576775_1735562453331861":"","twitter_4255985368_4255985368":""},"rop_publish_now_history":[],"rop_publish_now_status":"pending","footnotes":""},"categories":[1,2740],"tags":[],"class_list":["post-6197","post","type-post","status-publish","format-standard","has-post-thumbnail","hentry","category-actualite-chirurgie-plastique","category-potins-stars-tele-realite"],"yoast_head":"<!-- This site is optimized with the Yoast SEO plugin v27.4 - https:\/\/yoast.com\/product\/yoast-seo-wordpress\/ -->\n<title>L\u2019avis franc d\u2019Adriana Karembeu sur la chirurgie esth\u00e9tique<\/title>\n<meta name=\"description\" content=\"Adriana Karembeu est bien plus qu&#039;une ic\u00f4ne de la beaut\u00e9. Elle est une voix rassurante et \u00e9clair\u00e9e dans le d\u00e9bat sur la chirurgie esth\u00e9tique. Son avis cash et sinc\u00e8re sur le sujet suscite la r\u00e9flexion et encourage chacun \u00e0 envisager la beaut\u00e9 sous un angle nouveau.\" \/>\n<meta name=\"robots\" content=\"index, follow, max-snippet:-1, max-image-preview:large, max-video-preview:-1\" \/>\n<link rel=\"canonical\" href=\"https:\/\/www.tunisie-chirurgie-esthetique.com\/blog\/avis-adriana-karembeu-chirurgie-esthetique\/\" \/>\n<meta property=\"og:locale\" content=\"fr_FR\" \/>\n<meta property=\"og:type\" content=\"article\" \/>\n<meta property=\"og:title\" content=\"L\u2019avis franc d\u2019Adriana Karembeu sur la chirurgie esth\u00e9tique\" \/>\n<meta property=\"og:description\" content=\"Adriana Karembeu est bien plus qu&#039;une ic\u00f4ne de la beaut\u00e9. Elle est une voix rassurante et \u00e9clair\u00e9e dans le d\u00e9bat sur la chirurgie esth\u00e9tique. Son avis cash et sinc\u00e8re sur le sujet suscite la r\u00e9flexion et encourage chacun \u00e0 envisager la beaut\u00e9 sous un angle nouveau.\" \/>\n<meta property=\"og:url\" content=\"https:\/\/www.tunisie-chirurgie-esthetique.com\/blog\/avis-adriana-karembeu-chirurgie-esthetique\/\" \/>\n<meta property=\"og:site_name\" content=\"Actualit\u00e9s Chirurgie Esth\u00e9tique Tunisie\" \/>\n<meta property=\"article:publisher\" content=\"https:\/\/www.facebook.com\/TCETUNISIE\/\" \/>\n<meta property=\"article:published_time\" content=\"2023-07-27T11:50:25+00:00\" \/>\n<meta property=\"article:modified_time\" content=\"2023-07-31T10:00:42+00:00\" \/>\n<meta property=\"og:image\" content=\"https:\/\/www.tunisie-chirurgie-esthetique.com\/blog\/wp-content\/uploads\/2023\/07\/Adriana-Karembeu-chirurgie-esthetique-avis.jpg\" \/>\n\t<meta property=\"og:image:width\" content=\"1200\" \/>\n\t<meta property=\"og:image:height\" content=\"1195\" \/>\n\t<meta property=\"og:image:type\" content=\"image\/jpeg\" \/>\n<meta name=\"author\" content=\"Dina Legrand\" \/>\n<meta name=\"twitter:card\" content=\"summary_large_image\" \/>\n<meta name=\"twitter:creator\" content=\"@Tunisie_CE\" \/>\n<meta name=\"twitter:site\" content=\"@Tunisie_CE\" \/>\n<meta name=\"twitter:label1\" content=\"\u00c9crit par\" \/>\n\t<meta name=\"twitter:data1\" content=\"Dina Legrand\" \/>\n\t<meta name=\"twitter:label2\" content=\"Dur\u00e9e de lecture estim\u00e9e\" \/>\n\t<meta name=\"twitter:data2\" content=\"3 minutes\" \/>\n<!-- \/ Yoast SEO plugin. -->","yoast_head_json":{"title":"L\u2019avis franc d\u2019Adriana Karembeu sur la chirurgie esth\u00e9tique","description":"Adriana Karembeu est bien plus qu'une ic\u00f4ne de la beaut\u00e9. Elle est une voix rassurante et \u00e9clair\u00e9e dans le d\u00e9bat sur la chirurgie esth\u00e9tique. Son avis cash et sinc\u00e8re sur le sujet suscite la r\u00e9flexion et encourage chacun \u00e0 envisager la beaut\u00e9 sous un angle nouveau.","robots":{"index":"index","follow":"follow","max-snippet":"max-snippet:-1","max-image-preview":"max-image-preview:large","max-video-preview":"max-video-preview:-1"},"canonical":"https:\/\/www.tunisie-chirurgie-esthetique.com\/blog\/avis-adriana-karembeu-chirurgie-esthetique\/","og_locale":"fr_FR","og_type":"article","og_title":"L\u2019avis franc d\u2019Adriana Karembeu sur la chirurgie esth\u00e9tique","og_description":"Adriana Karembeu est bien plus qu'une ic\u00f4ne de la beaut\u00e9. Elle est une voix rassurante et \u00e9clair\u00e9e dans le d\u00e9bat sur la chirurgie esth\u00e9tique. Son avis cash et sinc\u00e8re sur le sujet suscite la r\u00e9flexion et encourage chacun \u00e0 envisager la beaut\u00e9 sous un angle nouveau.","og_url":"https:\/\/www.tunisie-chirurgie-esthetique.com\/blog\/avis-adriana-karembeu-chirurgie-esthetique\/","og_site_name":"Actualit\u00e9s Chirurgie Esth\u00e9tique Tunisie","article_publisher":"https:\/\/www.facebook.com\/TCETUNISIE\/","article_published_time":"2023-07-27T11:50:25+00:00","article_modified_time":"2023-07-31T10:00:42+00:00","og_image":[{"width":1200,"height":1195,"url":"https:\/\/www.tunisie-chirurgie-esthetique.com\/blog\/wp-content\/uploads\/2023\/07\/Adriana-Karembeu-chirurgie-esthetique-avis.jpg","type":"image\/jpeg"}],"author":"Dina Legrand","twitter_card":"summary_large_image","twitter_creator":"@Tunisie_CE","twitter_site":"@Tunisie_CE","twitter_misc":{"\u00c9crit par":"Dina Legrand","Dur\u00e9e de lecture estim\u00e9e":"3 minutes"},"schema":{"@context":"https:\/\/schema.org","@graph":[{"@type":["Article","BlogPosting"],"@id":"https:\/\/www.tunisie-chirurgie-esthetique.com\/blog\/avis-adriana-karembeu-chirurgie-esthetique\/#article","isPartOf":{"@id":"https:\/\/www.tunisie-chirurgie-esthetique.com\/blog\/avis-adriana-karembeu-chirurgie-esthetique\/"},"author":{"name":"Dina Legrand","@id":"https:\/\/www.tunisie-chirurgie-esthetique.com\/blog\/#\/schema\/person\/55f99d583f39ff82c83ea8d20bfb8dac"},"headline":"Adriana Karembeu, son avis sinc\u00e8re sur la chirurgie esth\u00e9tique","datePublished":"2023-07-27T11:50:25+00:00","dateModified":"2023-07-31T10:00:42+00:00","mainEntityOfPage":{"@id":"https:\/\/www.tunisie-chirurgie-esthetique.com\/blog\/avis-adriana-karembeu-chirurgie-esthetique\/"},"wordCount":626,"publisher":{"@id":"https:\/\/www.tunisie-chirurgie-esthetique.com\/blog\/#organization"},"image":{"@id":"https:\/\/www.tunisie-chirurgie-esthetique.com\/blog\/avis-adriana-karembeu-chirurgie-esthetique\/#primaryimage"},"thumbnailUrl":"https:\/\/www.tunisie-chirurgie-esthetique.com\/blog\/wp-content\/uploads\/2023\/07\/Adriana-Karembeu-chirurgie-esthetique-avis.jpg","articleSection":["Guide &amp; Actualit\u00e9 chirurgie plastique","Potins Stars T\u00e9l\u00e9-r\u00e9alit\u00e9"],"inLanguage":"fr-FR"},{"@type":"WebPage","@id":"https:\/\/www.tunisie-chirurgie-esthetique.com\/blog\/avis-adriana-karembeu-chirurgie-esthetique\/","url":"https:\/\/www.tunisie-chirurgie-esthetique.com\/blog\/avis-adriana-karembeu-chirurgie-esthetique\/","name":"L\u2019avis franc d\u2019Adriana Karembeu sur la chirurgie esth\u00e9tique","isPartOf":{"@id":"https:\/\/www.tunisie-chirurgie-esthetique.com\/blog\/#website"},"primaryImageOfPage":{"@id":"https:\/\/www.tunisie-chirurgie-esthetique.com\/blog\/avis-adriana-karembeu-chirurgie-esthetique\/#primaryimage"},"image":{"@id":"https:\/\/www.tunisie-chirurgie-esthetique.com\/blog\/avis-adriana-karembeu-chirurgie-esthetique\/#primaryimage"},"thumbnailUrl":"https:\/\/www.tunisie-chirurgie-esthetique.com\/blog\/wp-content\/uploads\/2023\/07\/Adriana-Karembeu-chirurgie-esthetique-avis.jpg","datePublished":"2023-07-27T11:50:25+00:00","dateModified":"2023-07-31T10:00:42+00:00","description":"Adriana Karembeu est bien plus qu'une ic\u00f4ne de la beaut\u00e9. Elle est une voix rassurante et \u00e9clair\u00e9e dans le d\u00e9bat sur la chirurgie esth\u00e9tique. Son avis cash et sinc\u00e8re sur le sujet suscite la r\u00e9flexion et encourage chacun \u00e0 envisager la beaut\u00e9 sous un angle nouveau.","breadcrumb":{"@id":"https:\/\/www.tunisie-chirurgie-esthetique.com\/blog\/avis-adriana-karembeu-chirurgie-esthetique\/#breadcrumb"},"inLanguage":"fr-FR","potentialAction":[{"@type":"ReadAction","target":["https:\/\/www.tunisie-chirurgie-esthetique.com\/blog\/avis-adriana-karembeu-chirurgie-esthetique\/"]}]},{"@type":"ImageObject","inLanguage":"fr-FR","@id":"https:\/\/www.tunisie-chirurgie-esthetique.com\/blog\/avis-adriana-karembeu-chirurgie-esthetique\/#primaryimage","url":"https:\/\/www.tunisie-chirurgie-esthetique.com\/blog\/wp-content\/uploads\/2023\/07\/Adriana-Karembeu-chirurgie-esthetique-avis.jpg","contentUrl":"https:\/\/www.tunisie-chirurgie-esthetique.com\/blog\/wp-content\/uploads\/2023\/07\/Adriana-Karembeu-chirurgie-esthetique-avis.jpg","width":1200,"height":1195,"caption":"Adriana Karembeu"},{"@type":"BreadcrumbList","@id":"https:\/\/www.tunisie-chirurgie-esthetique.com\/blog\/avis-adriana-karembeu-chirurgie-esthetique\/#breadcrumb","itemListElement":[{"@type":"ListItem","position":1,"name":"Accueil","item":"https:\/\/www.tunisie-chirurgie-esthetique.com\/blog\/"},{"@type":"ListItem","position":2,"name":"Guide &amp; Actualit\u00e9 chirurgie plastique","item":"https:\/\/www.tunisie-chirurgie-esthetique.com\/blog\/actualite-chirurgie-plastique\/"},{"@type":"ListItem","position":3,"name":"Adriana Karembeu, son avis sinc\u00e8re sur la chirurgie esth\u00e9tique"}]},{"@type":"WebSite","@id":"https:\/\/www.tunisie-chirurgie-esthetique.com\/blog\/#website","url":"https:\/\/www.tunisie-chirurgie-esthetique.com\/blog\/","name":"Actualit\u00e9s en chirurgie et m\u00e9decine esth\u00e9tique Tunisie","description":"Chirurgie en Tunisie","publisher":{"@id":"https:\/\/www.tunisie-chirurgie-esthetique.com\/blog\/#organization"},"alternateName":"Forfaits chirurgie esth\u00e9tique Tunisie prix tout compris","potentialAction":[{"@type":"SearchAction","target":{"@type":"EntryPoint","urlTemplate":"https:\/\/www.tunisie-chirurgie-esthetique.com\/blog\/?s={search_term_string}"},"query-input":{"@type":"PropertyValueSpecification","valueRequired":true,"valueName":"search_term_string"}}],"inLanguage":"fr-FR"},{"@type":"Organization","@id":"https:\/\/www.tunisie-chirurgie-esthetique.com\/blog\/#organization","name":"TCE TUNISIE","alternateName":"Chirurgie esth\u00e9tique en Tunisie","url":"https:\/\/www.tunisie-chirurgie-esthetique.com\/blog\/","logo":{"@type":"ImageObject","inLanguage":"fr-FR","@id":"https:\/\/www.tunisie-chirurgie-esthetique.com\/blog\/#\/schema\/logo\/image\/","url":"https:\/\/www.tunisie-chirurgie-esthetique.com\/blog\/wp-content\/uploads\/2022\/08\/fav-tce.png","contentUrl":"https:\/\/www.tunisie-chirurgie-esthetique.com\/blog\/wp-content\/uploads\/2022\/08\/fav-tce.png","width":512,"height":512,"caption":"TCE TUNISIE"},"image":{"@id":"https:\/\/www.tunisie-chirurgie-esthetique.com\/blog\/#\/schema\/logo\/image\/"},"sameAs":["https:\/\/www.facebook.com\/TCETUNISIE\/","https:\/\/x.com\/Tunisie_CE","https:\/\/www.instagram.com\/tunisiece\/","https:\/\/www.linkedin.com\/company\/tunisie-chirurgie-etshetique-tce\/","https:\/\/www.pinterest.fr\/tunisiechirurgi\/","https:\/\/www.youtube.com\/channel\/UCFZHPINDbYAa_yhOk121j7A\/?sub_confirmation=1"]},{"@type":"Person","@id":"https:\/\/www.tunisie-chirurgie-esthetique.com\/blog\/#\/schema\/person\/55f99d583f39ff82c83ea8d20bfb8dac","name":"Dina Legrand","description":"Je m'appelle Dina Legrand, dipl\u00f4m\u00e9e d'un Master en sciences de la sant\u00e9 de l'Universit\u00e9 de Tunis et de Paris. Forte d'une exp\u00e9rience de plus de 15 ans dans le domaine m\u00e9dical, je me suis sp\u00e9cialis\u00e9e dans la r\u00e9daction, la vulgarisation et la gestion de projets scientifiques. Dot\u00e9e d'une grande aisance r\u00e9dactionnelle, j'ai ensuite \u0153uvr\u00e9 en free-lance pour diverses institutions de sant\u00e9. J'ai organis\u00e9 avec succ\u00e8s plusieurs congr\u00e8s m\u00e9dicaux internationaux, requ\u00e9rant rigueur et capacit\u00e9 de gestion de projets complexes. Aimant partager mon savoir, j'anime aujourd'hui le blog Tunisie-chirurgie-esth\u00e9tique.com, v\u00e9ritable r\u00e9f\u00e9rence en mati\u00e8re d'information m\u00e9dicale grand public. Mon objectif est de rendre accessibles des notions parfois ardues, en adoptant un ton p\u00e9dagogique et une plume clarifiant les derni\u00e8res avanc\u00e9es. Forte de ma double comp\u00e9tence m\u00e9dicale et r\u00e9dactionnelle, je me tiens \u00e0 la disposition des professionnels et particuliers pour toute mission d'\u00e9criture, de traduction ou de vulgarisation scientifique.","url":"https:\/\/www.tunisie-chirurgie-esthetique.com\/blog\/author\/nisieshi_tunesth\/"}]}},"_links":{"self":[{"href":"https:\/\/www.tunisie-chirurgie-esthetique.com\/blog\/wp-json\/wp\/v2\/posts\/6197","targetHints":{"allow":["GET"]}}],"collection":[{"href":"https:\/\/www.tunisie-chirurgie-esthetique.com\/blog\/wp-json\/wp\/v2\/posts"}],"about":[{"href":"https:\/\/www.tunisie-chirurgie-esthetique.com\/blog\/wp-json\/wp\/v2\/types\/post"}],"author":[{"embeddable":true,"href":"https:\/\/www.tunisie-chirurgie-esthetique.com\/blog\/wp-json\/wp\/v2\/users\/1"}],"replies":[{"embeddable":true,"href":"https:\/\/www.tunisie-chirurgie-esthetique.com\/blog\/wp-json\/wp\/v2\/comments?post=6197"}],"version-history":[{"count":4,"href":"https:\/\/www.tunisie-chirurgie-esthetique.com\/blog\/wp-json\/wp\/v2\/posts\/6197\/revisions"}],"predecessor-version":[{"id":6202,"href":"https:\/\/www.tunisie-chirurgie-esthetique.com\/blog\/wp-json\/wp\/v2\/posts\/6197\/revisions\/6202"}],"wp:featuredmedia":[{"embeddable":true,"href":"https:\/\/www.tunisie-chirurgie-esthetique.com\/blog\/wp-json\/wp\/v2\/media\/6201"}],"wp:attachment":[{"href":"https:\/\/www.tunisie-chirurgie-esthetique.com\/blog\/wp-json\/wp\/v2\/media?parent=6197"}],"wp:term":[{"taxonomy":"category","embeddable":true,"href":"https:\/\/www.tunisie-chirurgie-esthetique.com\/blog\/wp-json\/wp\/v2\/categories?post=6197"},{"taxonomy":"post_tag","embeddable":true,"href":"https:\/\/www.tunisie-chirurgie-esthetique.com\/blog\/wp-json\/wp\/v2\/tags?post=6197"}],"curies":[{"name":"wp","href":"https:\/\/api.w.org\/{rel}","templated":true}]}}