{"id":6167,"date":"2023-07-24T12:29:13","date_gmt":"2023-07-24T10:29:13","guid":{"rendered":"https:\/\/www.tunisie-chirurgie-esthetique.com\/blog\/?p=6167"},"modified":"2023-09-29T12:58:40","modified_gmt":"2023-09-29T10:58:40","slug":"confessions-kylie-jenner-produits-de-comblement","status":"publish","type":"post","link":"https:\/\/www.tunisie-chirurgie-esthetique.com\/blog\/confessions-kylie-jenner-produits-de-comblement\/","title":{"rendered":"Les confessions de Kylie Jenner sur l&#8217;utilisation de produits de comblement"},"content":{"rendered":"<div id=\"ez-toc-container\" class=\"ez-toc-v2_0_82_2 counter-hierarchy ez-toc-counter ez-toc-light-blue ez-toc-container-direction\">\n<div class=\"ez-toc-title-container\">\n<p class=\"ez-toc-title ez-toc-toggle\" style=\"cursor:pointer\">Sommaire<\/p>\n<span class=\"ez-toc-title-toggle\"><a href=\"#\" class=\"ez-toc-pull-right ez-toc-btn ez-toc-btn-xs ez-toc-btn-default ez-toc-toggle\" aria-label=\"Toggle Table of Content\"><span class=\"ez-toc-js-icon-con\"><span class=\"\"><span class=\"eztoc-hide\" style=\"display:none;\">Toggle<\/span><span class=\"ez-toc-icon-toggle-span\"><svg style=\"fill: #999;color:#999\" xmlns=\"http:\/\/www.w3.org\/2000\/svg\" class=\"list-377408\" width=\"20px\" height=\"20px\" viewBox=\"0 0 24 24\" fill=\"none\"><path d=\"M6 6H4v2h2V6zm14 0H8v2h12V6zM4 11h2v2H4v-2zm16 0H8v2h12v-2zM4 16h2v2H4v-2zm16 0H8v2h12v-2z\" fill=\"currentColor\"><\/path><\/svg><svg style=\"fill: #999;color:#999\" class=\"arrow-unsorted-368013\" xmlns=\"http:\/\/www.w3.org\/2000\/svg\" width=\"10px\" height=\"10px\" viewBox=\"0 0 24 24\" version=\"1.2\" baseProfile=\"tiny\"><path d=\"M18.2 9.3l-6.2-6.3-6.2 6.3c-.2.2-.3.4-.3.7s.1.5.3.7c.2.2.4.3.7.3h11c.3 0 .5-.1.7-.3.2-.2.3-.5.3-.7s-.1-.5-.3-.7zM5.8 14.7l6.2 6.3 6.2-6.3c.2-.2.3-.5.3-.7s-.1-.5-.3-.7c-.2-.2-.4-.3-.7-.3h-11c-.3 0-.5.1-.7.3-.2.2-.3.5-.3.7s.1.5.3.7z\"\/><\/svg><\/span><\/span><\/span><\/a><\/span><\/div>\n<nav><ul class='ez-toc-list ez-toc-list-level-1 eztoc-toggle-hide-by-default' ><li class='ez-toc-page-1 ez-toc-heading-level-2'><a class=\"ez-toc-link ez-toc-heading-1\" href=\"https:\/\/www.tunisie-chirurgie-esthetique.com\/blog\/confessions-kylie-jenner-produits-de-comblement\/#Kylie_Jenner_nie_avoir_eu_recours_a_la_chirurgie_esthetique_pour_son_visage\" >Kylie Jenner nie avoir eu recours \u00e0 la chirurgie esth\u00e9tique pour son visage<\/a><\/li><li class='ez-toc-page-1 ez-toc-heading-level-2'><a class=\"ez-toc-link ez-toc-heading-2\" href=\"https:\/\/www.tunisie-chirurgie-esthetique.com\/blog\/confessions-kylie-jenner-produits-de-comblement\/#Kylie_Jenner_est_genee_par_ses_oreilles\" >Kylie Jenner est g\u00ean\u00e9e par ses oreilles<\/a><\/li><\/ul><\/nav><\/div>\n<p>Les s\u0153urs Kardashian-Jenner sont des personnalit\u00e9s c\u00e9l\u00e8bres sur les m\u00e9dias sociaux.\u00a0 Kylie Jenner, la plus jeune membre de la famille, est c\u00e9l\u00e8bre par marque de cosm\u00e9tiques.<\/p>\n<p>Les s\u0153urs sont souvent entour\u00e9es de controverses, car beaucoup pensent qu&#8217;elles cachent leur vrai visage derri\u00e8re de nombreuses chirurgies plastiques. Chaque membre du clan a fait la une des journaux pour avoir eu recours \u00e0 la chirurgie esth\u00e9tique afin de rester jeune.<\/p>\n<p>Les s\u0153urs Kardashian-Jenner sont des figures influentes du secteur, et les gens pensent qu&#8217;elles imposent des normes de beaut\u00e9 erron\u00e9es. <a href=\"https:\/\/www.tunisie-chirurgie-esthetique.com\/blog\/le-message-de-kim-kardashian-a-propos-de-son-psoriasis\/\">Kim<\/a> et Khloe Kardashian ont ni\u00e9 avoir recours \u00e0 la chirurgie esth\u00e9tique. Dans le nouvel \u00e9pisode de The Kardashians, Kylie Jenner a ni\u00e9 avoir eu recours \u00e0 la <a href=\"https:\/\/www.tunisie-chirurgie-esthetique.com\/\">chirurgie esth\u00e9tique<\/a>.<\/p>\n<h2><span class=\"ez-toc-section\" id=\"Kylie_Jenner_nie_avoir_eu_recours_a_la_chirurgie_esthetique_pour_son_visage\"><\/span>Kylie Jenner nie avoir eu recours \u00e0 la chirurgie esth\u00e9tique pour son visage<span class=\"ez-toc-section-end\"><\/span><\/h2>\n<p>Kylie Jenner a presque grandi aux yeux du public. Les gens l&#8217;ont vue passer d&#8217;une pr\u00e9adolescente \u00e0 une adolescente, puis \u00e0 une m\u00e8re d&#8217;une vingtaine d&#8217;ann\u00e9es. Pour cette raison, il est difficile d&#8217;ignorer les changements notables de son apparence qui ont eu lieu au cours des plus de dix derni\u00e8res ann\u00e9es.<\/p>\n<p>La jeune femme de 25 ans a \u00e9t\u00e9 critiqu\u00e9e pour ses <a href=\"https:\/\/www.tunisie-chirurgie-esthetique.com\/produit-de-comblement\"><strong>produits de comblement des l\u00e8vres<\/strong><\/a> et a \u00e9t\u00e9 accus\u00e9e de se faire refaire tout le visage depuis longtemps. Dans le dernier \u00e9pisode de la s\u00e9rie The Kardashians sur Hulu, elle a parl\u00e9 des all\u00e9gations de chirurgie et de ses produits de comblement des l\u00e8vres.<\/p>\n<p>Dans le nouvel \u00e9pisode, la star du maquillage maquille Kourtney Kardashian, tandis que les s\u0153urs et Khlo\u00e9 Kardashian discutent des pressions que la soci\u00e9t\u00e9 exerce sur elles pour qu&#8217;elles soient parfaites. Elle aborde \u00e9galement les all\u00e9gations de chirurgie dont elle fait l&#8217;objet. La star de la t\u00e9l\u00e9r\u00e9alit\u00e9 a d\u00e9clar\u00e9, <strong><em>&#8220;Je vois tellement de jeunes filles sur Internet qui retouchent compl\u00e8tement \u00ab\u00a0leurs photos\u00a0\u00bb. La retouche, quoi ! Je suis aussi pass\u00e9e par l\u00e0. J&#8217;ai l&#8217;impression d&#8217;\u00eatre dans une meilleure situation. Mais d&#8217;autres personnes peuvent vous instiller des ins\u00e9curit\u00e9s&#8221;.<\/em><\/strong><\/p>\n<p>Elle ajoute qu&#8217;elle a toujours \u00e9t\u00e9 l&#8217;enfant la plus s\u00fbre d&#8217;elle dans la pi\u00e8ce. Elle \u00e9voque ensuite les id\u00e9es fausses sur le fait qu&#8217;elle s&#8217;est fait refaire tout le visage. La magnat de la beaut\u00e9 a d\u00e9clar\u00e9, <strong><em>&#8220;L&#8217;une des plus grandes id\u00e9es fausses \u00e0 mon sujet est que j&#8217;\u00e9tais une enfant peu s\u00fbre d&#8217;elle et que j&#8217;ai eu recours \u00e0 tant de chirurgie pour changer tout mon visage, ce qui est faux, je n&#8217;ai eu que des produits de comblement. J&#8217;ai l&#8217;impression que je ne veux pas que cela fasse partie de mon histoire.&#8221;<\/em><\/strong><\/p>\n<p>Avant Kylie Jenner, ses s\u0153urs Kim et Khloe Kardashian avaient ni\u00e9 avoir eu <a href=\"https:\/\/www.tunisie-chirurgie-esthetique.com\/blog\/lip-lift-tunisie\/\">recours \u00e0 la chirurgie esth\u00e9tique<\/a>. Malgr\u00e9 ce d\u00e9menti, les gens croient toujours que les <a href=\"https:\/\/www.tunisie-chirurgie-esthetique.com\/blog\/kylie-kendall-jenner-chirurgie-esthetique\/\">Kardashian<\/a> cachent leur vrai visage avec des filtres et des interventions chirurgicales.<\/p>\n<h2><span class=\"ez-toc-section\" id=\"Kylie_Jenner_est_genee_par_ses_oreilles\"><\/span>Kylie Jenner est g\u00ean\u00e9e par ses oreilles<span class=\"ez-toc-section-end\"><\/span><\/h2>\n<p>Pendant le nouvel \u00e9pisode, Kylie Jenner a r\u00e9v\u00e9l\u00e9 qu&#8217;elle n&#8217;\u00e9tait pas s\u00fbre d&#8217;elle \u00e0 cause de ses <a href=\"https:\/\/www.tunisie-chirurgie-esthetique.com\/otoplastie\"><strong>oreilles<\/strong> <\/a>en discutant avec ses s\u0153urs Kourtney et Khlo\u00e9 Kardashian. La jeune femme de 25 ans a avou\u00e9 que ses s\u0153urs \u00e9taient \u00e0 l&#8217;origine de cette ins\u00e9curit\u00e9.<\/p>\n<p>Kylie Jenner pensait que ses s\u0153urs se moquaient toujours de ses cheveux. La fondatrice de Kylie Cosmetics a d\u00e9clar\u00e9 : <strong><em>&#8220;J&#8217;ai re\u00e7u l&#8217;impression que tout le monde se moquait de mes oreilles, les qualifiant d&#8217;idiotes. C&#8217;est comme si \u00e7a me foutait en l&#8217;air.&#8221;<\/em><\/strong><\/p>\n<p>La star de t\u00e9l\u00e9-r\u00e9alit\u00e9 a ajout\u00e9 qu&#8217;elle n&#8217;avait jamais remarqu\u00e9 ses oreilles avant que sa famille ne se moque d&#8217;elle. Jenner a avou\u00e9 que son manque d&#8217;assurance l&#8217;a pouss\u00e9e \u00e0 \u00e9viter les coiffures \u00e0 la verticale pendant cinq ans, m\u00eame sur les tapis rouges.\u00a0 Elle a d\u00e9clar\u00e9, <strong><em>&#8220;Puis j&#8217;ai eu Stormi, et elle a mes oreilles, et cela m&#8217;a fait r\u00e9aliser \u00e0 quel point je les aime. Si je ne suis pas s\u00fbre de mes oreilles, et que je pense que ma fille est la plus belle chose qui soit&#8230; maintenant, je porte un updo sur tous les tapis.&#8221;<\/em><\/strong><\/p>\n<p>Les s\u0153urs sont toutes li\u00e9es les unes aux autres et comprennent qu&#8217;elles doivent faire attention \u00e0 la fa\u00e7on dont elles se traitent et aux messages qu&#8217;elles transmettent \u00e0 leurs enfants, car elles ne veulent pas que leurs propres enfants aient ce genre d&#8217;ins\u00e9curit\u00e9s.<\/p>\n","protected":false},"excerpt":{"rendered":"<p>Les s\u0153urs Kardashian-Jenner sont des personnalit\u00e9s c\u00e9l\u00e8bres sur les m\u00e9dias sociaux.\u00a0 Kylie Jenner, la plus jeune membre de la famille, est c\u00e9l\u00e8bre par marque de cosm\u00e9tiques. Les s\u0153urs sont souvent entour\u00e9es de controverses, car beaucoup pensent qu&#8217;elles cachent leur vrai visage derri\u00e8re de nombreuses chirurgies plastiques. Chaque membre du clan a fait la une des [&hellip;]<\/p>\n","protected":false},"author":1,"featured_media":6172,"comment_status":"closed","ping_status":"closed","sticky":false,"template":"","format":"standard","meta":{"rop_custom_images_group":[],"rop_custom_messages_group":[],"rop_publish_now":"initial","rop_publish_now_accounts":{"facebook_2803965346576775_1735562453331861":"","twitter_4255985368_4255985368":""},"rop_publish_now_history":[],"rop_publish_now_status":"pending","footnotes":""},"categories":[1],"tags":[],"class_list":["post-6167","post","type-post","status-publish","format-standard","has-post-thumbnail","hentry","category-actualite-chirurgie-plastique"],"yoast_head":"<!-- This site is optimized with the Yoast SEO plugin v27.4 - https:\/\/yoast.com\/product\/yoast-seo-wordpress\/ -->\n<title>Les confessions de Kylie Jenner sur l&#039;utilisation de produits de comblement<\/title>\n<meta name=\"description\" content=\"ans le dernier \u00e9pisode de la s\u00e9rie The Kardashians sur Hulu, elle a parl\u00e9 des all\u00e9gations de chirurgie et de ses produits de comblement des l\u00e8vres.\" \/>\n<meta name=\"robots\" content=\"index, follow, max-snippet:-1, max-image-preview:large, max-video-preview:-1\" \/>\n<link rel=\"canonical\" href=\"https:\/\/www.tunisie-chirurgie-esthetique.com\/blog\/confessions-kylie-jenner-produits-de-comblement\/\" \/>\n<meta property=\"og:locale\" content=\"fr_FR\" \/>\n<meta property=\"og:type\" content=\"article\" \/>\n<meta property=\"og:title\" content=\"Les confessions de Kylie Jenner sur l&#039;utilisation de produits de comblement\" \/>\n<meta property=\"og:description\" content=\"ans le dernier \u00e9pisode de la s\u00e9rie The Kardashians sur Hulu, elle a parl\u00e9 des all\u00e9gations de chirurgie et de ses produits de comblement des l\u00e8vres.\" \/>\n<meta property=\"og:url\" content=\"https:\/\/www.tunisie-chirurgie-esthetique.com\/blog\/confessions-kylie-jenner-produits-de-comblement\/\" \/>\n<meta property=\"og:site_name\" content=\"Actualit\u00e9s Chirurgie Esth\u00e9tique Tunisie\" \/>\n<meta property=\"article:publisher\" content=\"https:\/\/www.facebook.com\/TCETUNISIE\/\" \/>\n<meta property=\"article:published_time\" content=\"2023-07-24T10:29:13+00:00\" \/>\n<meta property=\"article:modified_time\" content=\"2023-09-29T10:58:40+00:00\" \/>\n<meta property=\"og:image\" content=\"https:\/\/www.tunisie-chirurgie-esthetique.com\/blog\/wp-content\/uploads\/2023\/07\/Kylie-Jenner-chirurgie-esthetique-scaled.webp\" \/>\n\t<meta property=\"og:image:width\" content=\"2503\" \/>\n\t<meta property=\"og:image:height\" content=\"2560\" \/>\n\t<meta property=\"og:image:type\" content=\"image\/webp\" \/>\n<meta name=\"author\" content=\"Dina Legrand\" \/>\n<meta name=\"twitter:card\" content=\"summary_large_image\" \/>\n<meta name=\"twitter:creator\" content=\"@Tunisie_CE\" \/>\n<meta name=\"twitter:site\" content=\"@Tunisie_CE\" \/>\n<meta name=\"twitter:label1\" content=\"\u00c9crit par\" \/>\n\t<meta name=\"twitter:data1\" content=\"Dina Legrand\" \/>\n\t<meta name=\"twitter:label2\" content=\"Dur\u00e9e de lecture estim\u00e9e\" \/>\n\t<meta name=\"twitter:data2\" content=\"4 minutes\" \/>\n<!-- \/ Yoast SEO plugin. -->","yoast_head_json":{"title":"Les confessions de Kylie Jenner sur l'utilisation de produits de comblement","description":"ans le dernier \u00e9pisode de la s\u00e9rie The Kardashians sur Hulu, elle a parl\u00e9 des all\u00e9gations de chirurgie et de ses produits de comblement des l\u00e8vres.","robots":{"index":"index","follow":"follow","max-snippet":"max-snippet:-1","max-image-preview":"max-image-preview:large","max-video-preview":"max-video-preview:-1"},"canonical":"https:\/\/www.tunisie-chirurgie-esthetique.com\/blog\/confessions-kylie-jenner-produits-de-comblement\/","og_locale":"fr_FR","og_type":"article","og_title":"Les confessions de Kylie Jenner sur l'utilisation de produits de comblement","og_description":"ans le dernier \u00e9pisode de la s\u00e9rie The Kardashians sur Hulu, elle a parl\u00e9 des all\u00e9gations de chirurgie et de ses produits de comblement des l\u00e8vres.","og_url":"https:\/\/www.tunisie-chirurgie-esthetique.com\/blog\/confessions-kylie-jenner-produits-de-comblement\/","og_site_name":"Actualit\u00e9s Chirurgie Esth\u00e9tique Tunisie","article_publisher":"https:\/\/www.facebook.com\/TCETUNISIE\/","article_published_time":"2023-07-24T10:29:13+00:00","article_modified_time":"2023-09-29T10:58:40+00:00","og_image":[{"width":2503,"height":2560,"url":"https:\/\/www.tunisie-chirurgie-esthetique.com\/blog\/wp-content\/uploads\/2023\/07\/Kylie-Jenner-chirurgie-esthetique-scaled.webp","type":"image\/webp"}],"author":"Dina Legrand","twitter_card":"summary_large_image","twitter_creator":"@Tunisie_CE","twitter_site":"@Tunisie_CE","twitter_misc":{"\u00c9crit par":"Dina Legrand","Dur\u00e9e de lecture estim\u00e9e":"4 minutes"},"schema":{"@context":"https:\/\/schema.org","@graph":[{"@type":["Article","BlogPosting"],"@id":"https:\/\/www.tunisie-chirurgie-esthetique.com\/blog\/confessions-kylie-jenner-produits-de-comblement\/#article","isPartOf":{"@id":"https:\/\/www.tunisie-chirurgie-esthetique.com\/blog\/confessions-kylie-jenner-produits-de-comblement\/"},"author":{"name":"Dina Legrand","@id":"https:\/\/www.tunisie-chirurgie-esthetique.com\/blog\/#\/schema\/person\/55f99d583f39ff82c83ea8d20bfb8dac"},"headline":"Les confessions de Kylie Jenner sur l&#8217;utilisation de produits de comblement","datePublished":"2023-07-24T10:29:13+00:00","dateModified":"2023-09-29T10:58:40+00:00","mainEntityOfPage":{"@id":"https:\/\/www.tunisie-chirurgie-esthetique.com\/blog\/confessions-kylie-jenner-produits-de-comblement\/"},"wordCount":759,"publisher":{"@id":"https:\/\/www.tunisie-chirurgie-esthetique.com\/blog\/#organization"},"image":{"@id":"https:\/\/www.tunisie-chirurgie-esthetique.com\/blog\/confessions-kylie-jenner-produits-de-comblement\/#primaryimage"},"thumbnailUrl":"https:\/\/www.tunisie-chirurgie-esthetique.com\/blog\/wp-content\/uploads\/2023\/07\/Kylie-Jenner-chirurgie-esthetique-scaled.webp","articleSection":["Guide &amp; Actualit\u00e9 chirurgie plastique"],"inLanguage":"fr-FR"},{"@type":"WebPage","@id":"https:\/\/www.tunisie-chirurgie-esthetique.com\/blog\/confessions-kylie-jenner-produits-de-comblement\/","url":"https:\/\/www.tunisie-chirurgie-esthetique.com\/blog\/confessions-kylie-jenner-produits-de-comblement\/","name":"Les confessions de Kylie Jenner sur l'utilisation de produits de comblement","isPartOf":{"@id":"https:\/\/www.tunisie-chirurgie-esthetique.com\/blog\/#website"},"primaryImageOfPage":{"@id":"https:\/\/www.tunisie-chirurgie-esthetique.com\/blog\/confessions-kylie-jenner-produits-de-comblement\/#primaryimage"},"image":{"@id":"https:\/\/www.tunisie-chirurgie-esthetique.com\/blog\/confessions-kylie-jenner-produits-de-comblement\/#primaryimage"},"thumbnailUrl":"https:\/\/www.tunisie-chirurgie-esthetique.com\/blog\/wp-content\/uploads\/2023\/07\/Kylie-Jenner-chirurgie-esthetique-scaled.webp","datePublished":"2023-07-24T10:29:13+00:00","dateModified":"2023-09-29T10:58:40+00:00","description":"ans le dernier \u00e9pisode de la s\u00e9rie The Kardashians sur Hulu, elle a parl\u00e9 des all\u00e9gations de chirurgie et de ses produits de comblement des l\u00e8vres.","breadcrumb":{"@id":"https:\/\/www.tunisie-chirurgie-esthetique.com\/blog\/confessions-kylie-jenner-produits-de-comblement\/#breadcrumb"},"inLanguage":"fr-FR","potentialAction":[{"@type":"ReadAction","target":["https:\/\/www.tunisie-chirurgie-esthetique.com\/blog\/confessions-kylie-jenner-produits-de-comblement\/"]}]},{"@type":"ImageObject","inLanguage":"fr-FR","@id":"https:\/\/www.tunisie-chirurgie-esthetique.com\/blog\/confessions-kylie-jenner-produits-de-comblement\/#primaryimage","url":"https:\/\/www.tunisie-chirurgie-esthetique.com\/blog\/wp-content\/uploads\/2023\/07\/Kylie-Jenner-chirurgie-esthetique-scaled.webp","contentUrl":"https:\/\/www.tunisie-chirurgie-esthetique.com\/blog\/wp-content\/uploads\/2023\/07\/Kylie-Jenner-chirurgie-esthetique-scaled.webp","width":2503,"height":2560,"caption":"Kylie-Jenner-chirurgie-esthetique"},{"@type":"BreadcrumbList","@id":"https:\/\/www.tunisie-chirurgie-esthetique.com\/blog\/confessions-kylie-jenner-produits-de-comblement\/#breadcrumb","itemListElement":[{"@type":"ListItem","position":1,"name":"Accueil","item":"https:\/\/www.tunisie-chirurgie-esthetique.com\/blog\/"},{"@type":"ListItem","position":2,"name":"Guide &amp; Actualit\u00e9 chirurgie plastique","item":"https:\/\/www.tunisie-chirurgie-esthetique.com\/blog\/actualite-chirurgie-plastique\/"},{"@type":"ListItem","position":3,"name":"Les confessions de Kylie Jenner sur l&rsquo;utilisation de produits de comblement"}]},{"@type":"WebSite","@id":"https:\/\/www.tunisie-chirurgie-esthetique.com\/blog\/#website","url":"https:\/\/www.tunisie-chirurgie-esthetique.com\/blog\/","name":"Actualit\u00e9s en chirurgie et m\u00e9decine esth\u00e9tique Tunisie","description":"Chirurgie en Tunisie","publisher":{"@id":"https:\/\/www.tunisie-chirurgie-esthetique.com\/blog\/#organization"},"alternateName":"Forfaits chirurgie esth\u00e9tique Tunisie prix tout compris","potentialAction":[{"@type":"SearchAction","target":{"@type":"EntryPoint","urlTemplate":"https:\/\/www.tunisie-chirurgie-esthetique.com\/blog\/?s={search_term_string}"},"query-input":{"@type":"PropertyValueSpecification","valueRequired":true,"valueName":"search_term_string"}}],"inLanguage":"fr-FR"},{"@type":"Organization","@id":"https:\/\/www.tunisie-chirurgie-esthetique.com\/blog\/#organization","name":"TCE TUNISIE","alternateName":"Chirurgie esth\u00e9tique en Tunisie","url":"https:\/\/www.tunisie-chirurgie-esthetique.com\/blog\/","logo":{"@type":"ImageObject","inLanguage":"fr-FR","@id":"https:\/\/www.tunisie-chirurgie-esthetique.com\/blog\/#\/schema\/logo\/image\/","url":"https:\/\/www.tunisie-chirurgie-esthetique.com\/blog\/wp-content\/uploads\/2022\/08\/fav-tce.png","contentUrl":"https:\/\/www.tunisie-chirurgie-esthetique.com\/blog\/wp-content\/uploads\/2022\/08\/fav-tce.png","width":512,"height":512,"caption":"TCE TUNISIE"},"image":{"@id":"https:\/\/www.tunisie-chirurgie-esthetique.com\/blog\/#\/schema\/logo\/image\/"},"sameAs":["https:\/\/www.facebook.com\/TCETUNISIE\/","https:\/\/x.com\/Tunisie_CE","https:\/\/www.instagram.com\/tunisiece\/","https:\/\/www.linkedin.com\/company\/tunisie-chirurgie-etshetique-tce\/","https:\/\/www.pinterest.fr\/tunisiechirurgi\/","https:\/\/www.youtube.com\/channel\/UCFZHPINDbYAa_yhOk121j7A\/?sub_confirmation=1"]},{"@type":"Person","@id":"https:\/\/www.tunisie-chirurgie-esthetique.com\/blog\/#\/schema\/person\/55f99d583f39ff82c83ea8d20bfb8dac","name":"Dina Legrand","description":"Je m'appelle Dina Legrand, dipl\u00f4m\u00e9e d'un Master en sciences de la sant\u00e9 de l'Universit\u00e9 de Tunis et de Paris. Forte d'une exp\u00e9rience de plus de 15 ans dans le domaine m\u00e9dical, je me suis sp\u00e9cialis\u00e9e dans la r\u00e9daction, la vulgarisation et la gestion de projets scientifiques. Dot\u00e9e d'une grande aisance r\u00e9dactionnelle, j'ai ensuite \u0153uvr\u00e9 en free-lance pour diverses institutions de sant\u00e9. J'ai organis\u00e9 avec succ\u00e8s plusieurs congr\u00e8s m\u00e9dicaux internationaux, requ\u00e9rant rigueur et capacit\u00e9 de gestion de projets complexes. Aimant partager mon savoir, j'anime aujourd'hui le blog Tunisie-chirurgie-esth\u00e9tique.com, v\u00e9ritable r\u00e9f\u00e9rence en mati\u00e8re d'information m\u00e9dicale grand public. Mon objectif est de rendre accessibles des notions parfois ardues, en adoptant un ton p\u00e9dagogique et une plume clarifiant les derni\u00e8res avanc\u00e9es. Forte de ma double comp\u00e9tence m\u00e9dicale et r\u00e9dactionnelle, je me tiens \u00e0 la disposition des professionnels et particuliers pour toute mission d'\u00e9criture, de traduction ou de vulgarisation scientifique.","url":"https:\/\/www.tunisie-chirurgie-esthetique.com\/blog\/author\/nisieshi_tunesth\/"}]}},"_links":{"self":[{"href":"https:\/\/www.tunisie-chirurgie-esthetique.com\/blog\/wp-json\/wp\/v2\/posts\/6167","targetHints":{"allow":["GET"]}}],"collection":[{"href":"https:\/\/www.tunisie-chirurgie-esthetique.com\/blog\/wp-json\/wp\/v2\/posts"}],"about":[{"href":"https:\/\/www.tunisie-chirurgie-esthetique.com\/blog\/wp-json\/wp\/v2\/types\/post"}],"author":[{"embeddable":true,"href":"https:\/\/www.tunisie-chirurgie-esthetique.com\/blog\/wp-json\/wp\/v2\/users\/1"}],"replies":[{"embeddable":true,"href":"https:\/\/www.tunisie-chirurgie-esthetique.com\/blog\/wp-json\/wp\/v2\/comments?post=6167"}],"version-history":[{"count":7,"href":"https:\/\/www.tunisie-chirurgie-esthetique.com\/blog\/wp-json\/wp\/v2\/posts\/6167\/revisions"}],"predecessor-version":[{"id":6426,"href":"https:\/\/www.tunisie-chirurgie-esthetique.com\/blog\/wp-json\/wp\/v2\/posts\/6167\/revisions\/6426"}],"wp:featuredmedia":[{"embeddable":true,"href":"https:\/\/www.tunisie-chirurgie-esthetique.com\/blog\/wp-json\/wp\/v2\/media\/6172"}],"wp:attachment":[{"href":"https:\/\/www.tunisie-chirurgie-esthetique.com\/blog\/wp-json\/wp\/v2\/media?parent=6167"}],"wp:term":[{"taxonomy":"category","embeddable":true,"href":"https:\/\/www.tunisie-chirurgie-esthetique.com\/blog\/wp-json\/wp\/v2\/categories?post=6167"},{"taxonomy":"post_tag","embeddable":true,"href":"https:\/\/www.tunisie-chirurgie-esthetique.com\/blog\/wp-json\/wp\/v2\/tags?post=6167"}],"curies":[{"name":"wp","href":"https:\/\/api.w.org\/{rel}","templated":true}]}}