{"id":5973,"date":"2023-05-25T11:15:46","date_gmt":"2023-05-25T09:15:46","guid":{"rendered":"https:\/\/www.tunisie-chirurgie-esthetique.com\/blog\/?p=5973"},"modified":"2024-04-04T11:03:20","modified_gmt":"2024-04-04T09:03:20","slug":"tina-turner-chirurgie-esthetique","status":"publish","type":"post","link":"https:\/\/www.tunisie-chirurgie-esthetique.com\/blog\/tina-turner-chirurgie-esthetique\/","title":{"rendered":"Tina Turner : son parcours entre sc\u00e8ne musicale et chirurgie plastique"},"content":{"rendered":"<div id=\"ez-toc-container\" class=\"ez-toc-v2_0_82_2 counter-hierarchy ez-toc-counter ez-toc-light-blue ez-toc-container-direction\">\n<div class=\"ez-toc-title-container\">\n<p class=\"ez-toc-title ez-toc-toggle\" style=\"cursor:pointer\">Sommaire<\/p>\n<span class=\"ez-toc-title-toggle\"><a href=\"#\" class=\"ez-toc-pull-right ez-toc-btn ez-toc-btn-xs ez-toc-btn-default ez-toc-toggle\" aria-label=\"Toggle Table of Content\"><span class=\"ez-toc-js-icon-con\"><span class=\"\"><span class=\"eztoc-hide\" style=\"display:none;\">Toggle<\/span><span class=\"ez-toc-icon-toggle-span\"><svg style=\"fill: #999;color:#999\" xmlns=\"http:\/\/www.w3.org\/2000\/svg\" class=\"list-377408\" width=\"20px\" height=\"20px\" viewBox=\"0 0 24 24\" fill=\"none\"><path d=\"M6 6H4v2h2V6zm14 0H8v2h12V6zM4 11h2v2H4v-2zm16 0H8v2h12v-2zM4 16h2v2H4v-2zm16 0H8v2h12v-2z\" fill=\"currentColor\"><\/path><\/svg><svg style=\"fill: #999;color:#999\" class=\"arrow-unsorted-368013\" xmlns=\"http:\/\/www.w3.org\/2000\/svg\" width=\"10px\" height=\"10px\" viewBox=\"0 0 24 24\" version=\"1.2\" baseProfile=\"tiny\"><path d=\"M18.2 9.3l-6.2-6.3-6.2 6.3c-.2.2-.3.4-.3.7s.1.5.3.7c.2.2.4.3.7.3h11c.3 0 .5-.1.7-.3.2-.2.3-.5.3-.7s-.1-.5-.3-.7zM5.8 14.7l6.2 6.3 6.2-6.3c.2-.2.3-.5.3-.7s-.1-.5-.3-.7c-.2-.2-.4-.3-.7-.3h-11c-.3 0-.5.1-.7.3-.2.2-.3.5-.3.7s.1.5.3.7z\"\/><\/svg><\/span><\/span><\/span><\/a><\/span><\/div>\n<nav><ul class='ez-toc-list ez-toc-list-level-1 eztoc-toggle-hide-by-default' ><li class='ez-toc-page-1 ez-toc-heading-level-2'><a class=\"ez-toc-link ez-toc-heading-1\" href=\"https:\/\/www.tunisie-chirurgie-esthetique.com\/blog\/tina-turner-chirurgie-esthetique\/#La_jeunesse_de_Tina_Turner_et_ses_debuts_musicaux\" >La jeunesse de Tina Turner et ses d\u00e9buts musicaux<\/a><\/li><li class='ez-toc-page-1 ez-toc-heading-level-2'><a class=\"ez-toc-link ez-toc-heading-2\" href=\"https:\/\/www.tunisie-chirurgie-esthetique.com\/blog\/tina-turner-chirurgie-esthetique\/#Lascension_vers_la_celebrite\" >L&#8217;ascension vers la c\u00e9l\u00e9brit\u00e9<\/a><\/li><li class='ez-toc-page-1 ez-toc-heading-level-2'><a class=\"ez-toc-link ez-toc-heading-3\" href=\"https:\/\/www.tunisie-chirurgie-esthetique.com\/blog\/tina-turner-chirurgie-esthetique\/#La_carriere_solo_de_Tina_et_ses_hits_iconiques\" >La carri\u00e8re solo de Tina et ses hits iconiques<\/a><\/li><li class='ez-toc-page-1 ez-toc-heading-level-2'><a class=\"ez-toc-link ez-toc-heading-4\" href=\"https:\/\/www.tunisie-chirurgie-esthetique.com\/blog\/tina-turner-chirurgie-esthetique\/#Carriere_dActrice_et_Triomphes_Personnels\" >Carri\u00e8re d&#8217;Actrice et Triomphes Personnels<\/a><\/li><li class='ez-toc-page-1 ez-toc-heading-level-2'><a class=\"ez-toc-link ez-toc-heading-5\" href=\"https:\/\/www.tunisie-chirurgie-esthetique.com\/blog\/tina-turner-chirurgie-esthetique\/#Tina_Turner_est_aussi_la_legende_de_la_musique_qui_a_eu_recours_a_la_chirurgie_plastique\" >Tina Turner est aussi la l\u00e9gende de la musique qui a eu recours \u00e0 la chirurgie plastique<\/a><\/li><li class='ez-toc-page-1 ez-toc-heading-level-2'><a class=\"ez-toc-link ez-toc-heading-6\" href=\"https:\/\/www.tunisie-chirurgie-esthetique.com\/blog\/tina-turner-chirurgie-esthetique\/#Tina_Turner_a-t-elle_eu_recours_a_la_chirurgie_esthetique\" >Tina Turner a-t-elle eu recours \u00e0 la chirurgie esth\u00e9tique ?<\/a><\/li><li class='ez-toc-page-1 ez-toc-heading-level-2'><a class=\"ez-toc-link ez-toc-heading-7\" href=\"https:\/\/www.tunisie-chirurgie-esthetique.com\/blog\/tina-turner-chirurgie-esthetique\/#Turner_elle-meme_a_declare_quelle_lui_etait_reconnaissante_de_lavoir_aidee_dans_sa_vie\" >Turner elle-m\u00eame a d\u00e9clar\u00e9 qu&#8217;elle lui \u00e9tait reconnaissante de l&#8217;avoir aid\u00e9e dans sa vie.<\/a><\/li><\/ul><\/nav><\/div>\n<p>Tina Turner est d\u00e9c\u00e9d\u00e9e \u00e0 83 ans le 23 Mai 2023. La chanteuse, auteure-compositrice et actrice embl\u00e9matique, a laiss\u00e9 une empreinte ind\u00e9l\u00e9bile dans le monde de la musique avec sa voix puissante, ses performances \u00e9lectrisantes et ses succ\u00e8s durables.<\/p>\n<p>N\u00e9e Anna Mae Bullock le 26 novembre 1939 \u00e0 Nutbush, dans le Tennessee, la carri\u00e8re extraordinaire de Turner s&#8217;\u00e9tend sur plus de six d\u00e9cennies. Des premi\u00e8res difficult\u00e9s \u00e0 son ascension triomphante vers la gloire, plongeons dans le parcours remarquable de cette l\u00e9gende vivante.<\/p>\n<h2><span class=\"ez-toc-section\" id=\"La_jeunesse_de_Tina_Turner_et_ses_debuts_musicaux\"><\/span>La jeunesse de Tina Turner et ses d\u00e9buts musicaux<span class=\"ez-toc-section-end\"><\/span><\/h2>\n<p>Grandissant dans une petite ville, Turner d\u00e9couvre son amour pour la musique d\u00e8s son plus jeune \u00e2ge. Elle commence \u00e0 chanter dans la chorale de l&#8217;\u00e9glise et trouve rapidement r\u00e9confort et passion dans les m\u00e9lodies envo\u00fbtantes. \u00c0 l&#8217;adolescence, elle rejoint le groupe d&#8217;Ike Turner, les Kings of Rhythm, en tant que choriste. C&#8217;est \u00e0 cette \u00e9poque qu&#8217;elle adopte le nom de sc\u00e8ne &#8220;Tina Turner&#8221; et attire l&#8217;attention du public avec son talent brut et sa pr\u00e9sence sc\u00e9nique dynamique.<\/p>\n<h2><span class=\"ez-toc-section\" id=\"Lascension_vers_la_celebrite\"><\/span>L&#8217;ascension vers la c\u00e9l\u00e9brit\u00e9<span class=\"ez-toc-section-end\"><\/span><\/h2>\n<p>La perc\u00e9e de Tina Turner survient dans les ann\u00e9es 1960 lorsqu&#8217;elle forme un duo musical avec Ike Turner. Le couple, connu sous le nom d&#8217;Ike &amp; Tina Turner, captive le public avec ses performances \u00e9nergiques et ses hits class\u00e9s au sommet des charts, tels que &#8220;Proud Mary&#8221; et &#8220;River Deep \u2013 Mountain High&#8221;. Cependant, en coulisses, Tina endure une relation tumultueuse et abusive avec Ike, ce qui conduit \u00e0 leur divorce en 1978.<\/p>\n<h2><span class=\"ez-toc-section\" id=\"La_carriere_solo_de_Tina_et_ses_hits_iconiques\"><\/span>La carri\u00e8re solo de Tina et ses hits iconiques<span class=\"ez-toc-section-end\"><\/span><\/h2>\n<p>Apr\u00e8s s&#8217;\u00eatre s\u00e9par\u00e9e d&#8217;Ike, Tina se lance dans une carri\u00e8re solo qui consacrera son statut de l\u00e9gende de la musique. En 1984, elle sort son cinqui\u00e8me album solo, &#8220;Private Dancer&#8221;, qui devient un ph\u00e9nom\u00e8ne mondial. L&#8217;album engendre de nombreux succ\u00e8s, dont la ballade intemporelle &#8220;What&#8217;s Love Got to Do with It&#8221;, qui lui vaut quatre Grammy Awards et la propulse au rang de star internationale. Tina continue \u00e0 livrer des albums et des singles class\u00e9s au sommet des charts, tels que &#8220;Simply the Best&#8221;, &#8220;We Don&#8217;t Need Another Hero&#8221; et &#8220;The Best&#8221;, qui mettent en valeur son talent vocal in\u00e9gal\u00e9 et sa pr\u00e9sence magn\u00e9tique sur sc\u00e8ne.<\/p>\n<h2><span class=\"ez-toc-section\" id=\"Carriere_dActrice_et_Triomphes_Personnels\"><\/span>Carri\u00e8re d&#8217;Actrice et Triomphes Personnels<span class=\"ez-toc-section-end\"><\/span><\/h2>\n<p>Les talents de Tina Turner d\u00e9passent le cadre de la musique. Elle d\u00e9montre ses comp\u00e9tences d&#8217;actrice dans le film acclam\u00e9 &#8220;Mad Max Beyond Thunderdome&#8221; (1985) et plus tard dans l&#8217;adaptation musicale de sa vie, &#8220;<strong>Tina: The Tina Turner Musical<\/strong>&#8220;, qui fait ses d\u00e9buts en 2018.<\/p>\n<p>De plus, sa vie personnelle prend un tournant positif lorsqu&#8217;elle trouve l&#8217;amour et le bonheur avec son partenaire de longue date, Erwin Bach. Ils se marient lors d&#8217;une c\u00e9r\u00e9monie priv\u00e9e en Suisse en 2013, marquant un chapitre joyeux dans la vie de Tina.<\/p>\n<h2><span class=\"ez-toc-section\" id=\"Tina_Turner_est_aussi_la_legende_de_la_musique_qui_a_eu_recours_a_la_chirurgie_plastique\"><\/span>Tina Turner est aussi la l\u00e9gende de la musique qui a eu recours \u00e0 la chirurgie plastique<span class=\"ez-toc-section-end\"><\/span><\/h2>\n<p>Connue pour sa voix puissante et sa pr\u00e9sence \u00e9lectrisante sur sc\u00e8ne, Tina s&#8217;est montr\u00e9e tr\u00e8s ouverte au sujet de sa chirurgie esth\u00e9tique, qu&#8217;elle a pratiqu\u00e9e pour se sentir plus s\u00fbre d&#8217;elle.<\/p>\n<p>Lors d&#8217;une interview avec <strong><a title=\"Oprah Winfrey\" href=\"https:\/\/fr.wikipedia.org\/wiki\/Oprah_Winfrey\">Oprah Winfrey<\/a><\/strong>, Turner a r\u00e9v\u00e9l\u00e9 qu&#8217;elle s&#8217;\u00e9tait fait <a href=\"https:\/\/www.tunisie-chirurgie-esthetique.com\/blog\/rhinoplastie-turquie\/\"><strong>refaire le nez<\/strong><\/a>, qu&#8217;elle avait subi un <strong>lifting<\/strong> et qu&#8217;elle avait eu recours \u00e0 des <strong>implants mammaires<\/strong>. Elle a d\u00e9clar\u00e9 qu&#8217;elle \u00e9tait satisfaite des r\u00e9sultats de son op\u00e9ration et que cela l&#8217;avait aid\u00e9e \u00e0 se sentir mieux dans sa peau.<\/p>\n<figure id=\"attachment_5975\" aria-describedby=\"caption-attachment-5975\" style=\"width: 649px\" class=\"wp-caption aligncenter\"><img loading=\"lazy\" decoding=\"async\" class=\"wp-image-5975 size-full\" src=\"https:\/\/www.tunisie-chirurgie-esthetique.com\/blog\/wp-content\/uploads\/2023\/05\/tina-turner-rhinoplastie.webp\" alt=\"Tina Turner chirurgie esth\u00e9tique du nez\" width=\"649\" height=\"379\" srcset=\"https:\/\/www.tunisie-chirurgie-esthetique.com\/blog\/wp-content\/uploads\/2023\/05\/tina-turner-rhinoplastie.webp 649w, https:\/\/www.tunisie-chirurgie-esthetique.com\/blog\/wp-content\/uploads\/2023\/05\/tina-turner-rhinoplastie-300x175.webp 300w\" sizes=\"auto, (max-width: 649px) 100vw, 649px\" \/><figcaption id=\"caption-attachment-5975\" class=\"wp-caption-text\">Tina Turner chirurgie esth\u00e9tique du nez<\/figcaption><\/figure>\n<h2><span class=\"ez-toc-section\" id=\"Tina_Turner_a-t-elle_eu_recours_a_la_chirurgie_esthetique\"><\/span>Tina Turner a-t-elle eu recours \u00e0 la chirurgie esth\u00e9tique ?<span class=\"ez-toc-section-end\"><\/span><\/h2>\n<p>Selon certaines sources, la chanteuse a subi un <strong>lifting<\/strong>, des <a href=\"https:\/\/www.tunisie-chirurgie-esthetique.com\/blog\/techniques-injections-botox\/\"><strong>injections de Botox<\/strong><\/a> et une <strong>op\u00e9ration du nez<\/strong>. En outre, la chanteuse de 82 ans explique qu&#8217;elle pense que le bonheur d\u00e9coule de la sant\u00e9 et qu&#8217;elle maintient un mode de vie sain. Malgr\u00e9 son \u00e2ge, elle mange tout ce qu&#8217;elle veut et poss\u00e8de toujours une \u00e9nergie contagieuse et une v\u00e9ritable joie de vivre.<\/p>\n<p>Tina Turner a affirm\u00e9 que l&#8217;<a href=\"https:\/\/www.tunisie-chirurgie-esthetique.com\/\">op\u00e9ration chirurgie esth\u00e9tique du nez<\/a> qu&#8217;elle a subie \u00e9tait n\u00e9cessaire. Elle s&#8217;est fait raser le nez pour enlever une couche de cartilage cass\u00e9e \u00e0 la suite des mauvais traitements inflig\u00e9s par son ancien mari, Ike Turner. Les sp\u00e9culations vont bon train sur son <a href=\"https:\/\/www.tunisie-chirurgie-esthetique.com\/blog\/lifting-facial-zones-visage-concernees\/\"><strong>lifting<\/strong><\/a>, tant elle est s\u00e9duisante.<\/p>\n<p>Selon un article publi\u00e9 dans The Guardian, l&#8217;ami de longue date et manager de Turner, Rick Salzman, a d\u00e9clar\u00e9 qu&#8217;elle \u00e9tait tr\u00e8s proche de la mort et qu&#8217;il ne voulait pas qu&#8217;une autre femme passe par l\u00e0.<\/p>\n<h2><span class=\"ez-toc-section\" id=\"Turner_elle-meme_a_declare_quelle_lui_etait_reconnaissante_de_lavoir_aidee_dans_sa_vie\"><\/span>Turner elle-m\u00eame a d\u00e9clar\u00e9 qu&#8217;elle lui \u00e9tait reconnaissante de l&#8217;avoir aid\u00e9e dans sa vie.<span class=\"ez-toc-section-end\"><\/span><\/h2>\n<p>Erwin Bach, le mari de Tina, est un homme tr\u00e8s courageux, et le don d&#8217;un rein pour sauver la vie de sa femme est un v\u00e9ritable exemple de d\u00e9vouement et d&#8217;amour. Il y a quelque chose de sp\u00e9cial chez Tina Turner, qui n&#8217;est pas seulement une superstar mais aussi un grand \u00eatre humain ; c&#8217;est quelque chose que nous avons tous besoin de voir<\/p>\n","protected":false},"excerpt":{"rendered":"<p>Tina Turner est d\u00e9c\u00e9d\u00e9e \u00e0 83 ans le 23 Mai 2023. La chanteuse, auteure-compositrice et actrice embl\u00e9matique, a laiss\u00e9 une empreinte ind\u00e9l\u00e9bile dans le monde de la musique avec sa voix puissante, ses performances \u00e9lectrisantes et ses succ\u00e8s durables. N\u00e9e Anna Mae Bullock le 26 novembre 1939 \u00e0 Nutbush, dans le Tennessee, la carri\u00e8re extraordinaire [&hellip;]<\/p>\n","protected":false},"author":1,"featured_media":5974,"comment_status":"closed","ping_status":"closed","sticky":false,"template":"","format":"standard","meta":{"rop_custom_images_group":[],"rop_custom_messages_group":[],"rop_publish_now":"initial","rop_publish_now_accounts":{"facebook_2803965346576775_1735562453331861":"","twitter_4255985368_4255985368":""},"rop_publish_now_history":[],"rop_publish_now_status":"pending","footnotes":""},"categories":[1,2740],"tags":[],"class_list":["post-5973","post","type-post","status-publish","format-standard","has-post-thumbnail","hentry","category-actualite-chirurgie-plastique","category-potins-stars-tele-realite"],"yoast_head":"<!-- This site is optimized with the Yoast SEO plugin v27.4 - https:\/\/yoast.com\/product\/yoast-seo-wordpress\/ -->\n<title>Tina Turner : retour sur sa vie tourment\u00e9e et ses chirurgies plastiques<\/title>\n<meta name=\"description\" content=\"Connue pour sa voix puissante et sa pr\u00e9sence \u00e9lectrisante sur sc\u00e8ne, Tina s&#039;est montr\u00e9e tr\u00e8s ouverte au sujet de sa chirurgie esth\u00e9tique, qu&#039;elle a pratiqu\u00e9e pour se sentir plus s\u00fbre d&#039;elle.\" \/>\n<meta name=\"robots\" content=\"index, follow, max-snippet:-1, max-image-preview:large, max-video-preview:-1\" \/>\n<link rel=\"canonical\" href=\"https:\/\/www.tunisie-chirurgie-esthetique.com\/blog\/tina-turner-chirurgie-esthetique\/\" \/>\n<meta property=\"og:locale\" content=\"fr_FR\" \/>\n<meta property=\"og:type\" content=\"article\" \/>\n<meta property=\"og:title\" content=\"Tina Turner : retour sur sa vie tourment\u00e9e et ses chirurgies plastiques\" \/>\n<meta property=\"og:description\" content=\"Connue pour sa voix puissante et sa pr\u00e9sence \u00e9lectrisante sur sc\u00e8ne, Tina s&#039;est montr\u00e9e tr\u00e8s ouverte au sujet de sa chirurgie esth\u00e9tique, qu&#039;elle a pratiqu\u00e9e pour se sentir plus s\u00fbre d&#039;elle.\" \/>\n<meta property=\"og:url\" content=\"https:\/\/www.tunisie-chirurgie-esthetique.com\/blog\/tina-turner-chirurgie-esthetique\/\" \/>\n<meta property=\"og:site_name\" content=\"Actualit\u00e9s Chirurgie Esth\u00e9tique Tunisie\" \/>\n<meta property=\"article:publisher\" content=\"https:\/\/www.facebook.com\/TCETUNISIE\/\" \/>\n<meta property=\"article:published_time\" content=\"2023-05-25T09:15:46+00:00\" \/>\n<meta property=\"article:modified_time\" content=\"2024-04-04T09:03:20+00:00\" \/>\n<meta property=\"og:image\" content=\"https:\/\/www.tunisie-chirurgie-esthetique.com\/blog\/wp-content\/uploads\/2023\/05\/tina-turner-chirurgie-esthetique.jpg\" \/>\n\t<meta property=\"og:image:width\" content=\"457\" \/>\n\t<meta property=\"og:image:height\" content=\"341\" \/>\n\t<meta property=\"og:image:type\" content=\"image\/jpeg\" \/>\n<meta name=\"author\" content=\"Dina Legrand\" \/>\n<meta name=\"twitter:card\" content=\"summary_large_image\" \/>\n<meta name=\"twitter:creator\" content=\"@Tunisie_CE\" \/>\n<meta name=\"twitter:site\" content=\"@Tunisie_CE\" \/>\n<meta name=\"twitter:label1\" content=\"\u00c9crit par\" \/>\n\t<meta name=\"twitter:data1\" content=\"Dina Legrand\" \/>\n\t<meta name=\"twitter:label2\" content=\"Dur\u00e9e de lecture estim\u00e9e\" \/>\n\t<meta name=\"twitter:data2\" content=\"5 minutes\" \/>\n<!-- \/ Yoast SEO plugin. -->","yoast_head_json":{"title":"Tina Turner : retour sur sa vie tourment\u00e9e et ses chirurgies plastiques","description":"Connue pour sa voix puissante et sa pr\u00e9sence \u00e9lectrisante sur sc\u00e8ne, Tina s'est montr\u00e9e tr\u00e8s ouverte au sujet de sa chirurgie esth\u00e9tique, qu'elle a pratiqu\u00e9e pour se sentir plus s\u00fbre d'elle.","robots":{"index":"index","follow":"follow","max-snippet":"max-snippet:-1","max-image-preview":"max-image-preview:large","max-video-preview":"max-video-preview:-1"},"canonical":"https:\/\/www.tunisie-chirurgie-esthetique.com\/blog\/tina-turner-chirurgie-esthetique\/","og_locale":"fr_FR","og_type":"article","og_title":"Tina Turner : retour sur sa vie tourment\u00e9e et ses chirurgies plastiques","og_description":"Connue pour sa voix puissante et sa pr\u00e9sence \u00e9lectrisante sur sc\u00e8ne, Tina s'est montr\u00e9e tr\u00e8s ouverte au sujet de sa chirurgie esth\u00e9tique, qu'elle a pratiqu\u00e9e pour se sentir plus s\u00fbre d'elle.","og_url":"https:\/\/www.tunisie-chirurgie-esthetique.com\/blog\/tina-turner-chirurgie-esthetique\/","og_site_name":"Actualit\u00e9s Chirurgie Esth\u00e9tique Tunisie","article_publisher":"https:\/\/www.facebook.com\/TCETUNISIE\/","article_published_time":"2023-05-25T09:15:46+00:00","article_modified_time":"2024-04-04T09:03:20+00:00","og_image":[{"width":457,"height":341,"url":"https:\/\/www.tunisie-chirurgie-esthetique.com\/blog\/wp-content\/uploads\/2023\/05\/tina-turner-chirurgie-esthetique.jpg","type":"image\/jpeg"}],"author":"Dina Legrand","twitter_card":"summary_large_image","twitter_creator":"@Tunisie_CE","twitter_site":"@Tunisie_CE","twitter_misc":{"\u00c9crit par":"Dina Legrand","Dur\u00e9e de lecture estim\u00e9e":"5 minutes"},"schema":{"@context":"https:\/\/schema.org","@graph":[{"@type":["Article","BlogPosting"],"@id":"https:\/\/www.tunisie-chirurgie-esthetique.com\/blog\/tina-turner-chirurgie-esthetique\/#article","isPartOf":{"@id":"https:\/\/www.tunisie-chirurgie-esthetique.com\/blog\/tina-turner-chirurgie-esthetique\/"},"author":{"name":"Dina Legrand","@id":"https:\/\/www.tunisie-chirurgie-esthetique.com\/blog\/#\/schema\/person\/55f99d583f39ff82c83ea8d20bfb8dac"},"headline":"Tina Turner : son parcours entre sc\u00e8ne musicale et chirurgie plastique","datePublished":"2023-05-25T09:15:46+00:00","dateModified":"2024-04-04T09:03:20+00:00","mainEntityOfPage":{"@id":"https:\/\/www.tunisie-chirurgie-esthetique.com\/blog\/tina-turner-chirurgie-esthetique\/"},"wordCount":882,"publisher":{"@id":"https:\/\/www.tunisie-chirurgie-esthetique.com\/blog\/#organization"},"image":{"@id":"https:\/\/www.tunisie-chirurgie-esthetique.com\/blog\/tina-turner-chirurgie-esthetique\/#primaryimage"},"thumbnailUrl":"https:\/\/www.tunisie-chirurgie-esthetique.com\/blog\/wp-content\/uploads\/2023\/05\/tina-turner-chirurgie-esthetique.jpg","articleSection":["Guide &amp; Actualit\u00e9 chirurgie plastique","Potins Stars T\u00e9l\u00e9-r\u00e9alit\u00e9"],"inLanguage":"fr-FR"},{"@type":"WebPage","@id":"https:\/\/www.tunisie-chirurgie-esthetique.com\/blog\/tina-turner-chirurgie-esthetique\/","url":"https:\/\/www.tunisie-chirurgie-esthetique.com\/blog\/tina-turner-chirurgie-esthetique\/","name":"Tina Turner : retour sur sa vie tourment\u00e9e et ses chirurgies plastiques","isPartOf":{"@id":"https:\/\/www.tunisie-chirurgie-esthetique.com\/blog\/#website"},"primaryImageOfPage":{"@id":"https:\/\/www.tunisie-chirurgie-esthetique.com\/blog\/tina-turner-chirurgie-esthetique\/#primaryimage"},"image":{"@id":"https:\/\/www.tunisie-chirurgie-esthetique.com\/blog\/tina-turner-chirurgie-esthetique\/#primaryimage"},"thumbnailUrl":"https:\/\/www.tunisie-chirurgie-esthetique.com\/blog\/wp-content\/uploads\/2023\/05\/tina-turner-chirurgie-esthetique.jpg","datePublished":"2023-05-25T09:15:46+00:00","dateModified":"2024-04-04T09:03:20+00:00","description":"Connue pour sa voix puissante et sa pr\u00e9sence \u00e9lectrisante sur sc\u00e8ne, Tina s'est montr\u00e9e tr\u00e8s ouverte au sujet de sa chirurgie esth\u00e9tique, qu'elle a pratiqu\u00e9e pour se sentir plus s\u00fbre d'elle.","breadcrumb":{"@id":"https:\/\/www.tunisie-chirurgie-esthetique.com\/blog\/tina-turner-chirurgie-esthetique\/#breadcrumb"},"inLanguage":"fr-FR","potentialAction":[{"@type":"ReadAction","target":["https:\/\/www.tunisie-chirurgie-esthetique.com\/blog\/tina-turner-chirurgie-esthetique\/"]}]},{"@type":"ImageObject","inLanguage":"fr-FR","@id":"https:\/\/www.tunisie-chirurgie-esthetique.com\/blog\/tina-turner-chirurgie-esthetique\/#primaryimage","url":"https:\/\/www.tunisie-chirurgie-esthetique.com\/blog\/wp-content\/uploads\/2023\/05\/tina-turner-chirurgie-esthetique.jpg","contentUrl":"https:\/\/www.tunisie-chirurgie-esthetique.com\/blog\/wp-content\/uploads\/2023\/05\/tina-turner-chirurgie-esthetique.jpg","width":457,"height":341},{"@type":"BreadcrumbList","@id":"https:\/\/www.tunisie-chirurgie-esthetique.com\/blog\/tina-turner-chirurgie-esthetique\/#breadcrumb","itemListElement":[{"@type":"ListItem","position":1,"name":"Accueil","item":"https:\/\/www.tunisie-chirurgie-esthetique.com\/blog\/"},{"@type":"ListItem","position":2,"name":"Guide &amp; Actualit\u00e9 chirurgie plastique","item":"https:\/\/www.tunisie-chirurgie-esthetique.com\/blog\/actualite-chirurgie-plastique\/"},{"@type":"ListItem","position":3,"name":"Tina Turner : son parcours entre sc\u00e8ne musicale et chirurgie plastique"}]},{"@type":"WebSite","@id":"https:\/\/www.tunisie-chirurgie-esthetique.com\/blog\/#website","url":"https:\/\/www.tunisie-chirurgie-esthetique.com\/blog\/","name":"Actualit\u00e9s en chirurgie et m\u00e9decine esth\u00e9tique Tunisie","description":"Chirurgie en Tunisie","publisher":{"@id":"https:\/\/www.tunisie-chirurgie-esthetique.com\/blog\/#organization"},"alternateName":"Forfaits chirurgie esth\u00e9tique Tunisie prix tout compris","potentialAction":[{"@type":"SearchAction","target":{"@type":"EntryPoint","urlTemplate":"https:\/\/www.tunisie-chirurgie-esthetique.com\/blog\/?s={search_term_string}"},"query-input":{"@type":"PropertyValueSpecification","valueRequired":true,"valueName":"search_term_string"}}],"inLanguage":"fr-FR"},{"@type":"Organization","@id":"https:\/\/www.tunisie-chirurgie-esthetique.com\/blog\/#organization","name":"TCE TUNISIE","alternateName":"Chirurgie esth\u00e9tique en Tunisie","url":"https:\/\/www.tunisie-chirurgie-esthetique.com\/blog\/","logo":{"@type":"ImageObject","inLanguage":"fr-FR","@id":"https:\/\/www.tunisie-chirurgie-esthetique.com\/blog\/#\/schema\/logo\/image\/","url":"https:\/\/www.tunisie-chirurgie-esthetique.com\/blog\/wp-content\/uploads\/2022\/08\/fav-tce.png","contentUrl":"https:\/\/www.tunisie-chirurgie-esthetique.com\/blog\/wp-content\/uploads\/2022\/08\/fav-tce.png","width":512,"height":512,"caption":"TCE TUNISIE"},"image":{"@id":"https:\/\/www.tunisie-chirurgie-esthetique.com\/blog\/#\/schema\/logo\/image\/"},"sameAs":["https:\/\/www.facebook.com\/TCETUNISIE\/","https:\/\/x.com\/Tunisie_CE","https:\/\/www.instagram.com\/tunisiece\/","https:\/\/www.linkedin.com\/company\/tunisie-chirurgie-etshetique-tce\/","https:\/\/www.pinterest.fr\/tunisiechirurgi\/","https:\/\/www.youtube.com\/channel\/UCFZHPINDbYAa_yhOk121j7A\/?sub_confirmation=1"]},{"@type":"Person","@id":"https:\/\/www.tunisie-chirurgie-esthetique.com\/blog\/#\/schema\/person\/55f99d583f39ff82c83ea8d20bfb8dac","name":"Dina Legrand","description":"Je m'appelle Dina Legrand, dipl\u00f4m\u00e9e d'un Master en sciences de la sant\u00e9 de l'Universit\u00e9 de Tunis et de Paris. Forte d'une exp\u00e9rience de plus de 15 ans dans le domaine m\u00e9dical, je me suis sp\u00e9cialis\u00e9e dans la r\u00e9daction, la vulgarisation et la gestion de projets scientifiques. Dot\u00e9e d'une grande aisance r\u00e9dactionnelle, j'ai ensuite \u0153uvr\u00e9 en free-lance pour diverses institutions de sant\u00e9. J'ai organis\u00e9 avec succ\u00e8s plusieurs congr\u00e8s m\u00e9dicaux internationaux, requ\u00e9rant rigueur et capacit\u00e9 de gestion de projets complexes. Aimant partager mon savoir, j'anime aujourd'hui le blog Tunisie-chirurgie-esth\u00e9tique.com, v\u00e9ritable r\u00e9f\u00e9rence en mati\u00e8re d'information m\u00e9dicale grand public. Mon objectif est de rendre accessibles des notions parfois ardues, en adoptant un ton p\u00e9dagogique et une plume clarifiant les derni\u00e8res avanc\u00e9es. Forte de ma double comp\u00e9tence m\u00e9dicale et r\u00e9dactionnelle, je me tiens \u00e0 la disposition des professionnels et particuliers pour toute mission d'\u00e9criture, de traduction ou de vulgarisation scientifique.","url":"https:\/\/www.tunisie-chirurgie-esthetique.com\/blog\/author\/nisieshi_tunesth\/"}]}},"_links":{"self":[{"href":"https:\/\/www.tunisie-chirurgie-esthetique.com\/blog\/wp-json\/wp\/v2\/posts\/5973","targetHints":{"allow":["GET"]}}],"collection":[{"href":"https:\/\/www.tunisie-chirurgie-esthetique.com\/blog\/wp-json\/wp\/v2\/posts"}],"about":[{"href":"https:\/\/www.tunisie-chirurgie-esthetique.com\/blog\/wp-json\/wp\/v2\/types\/post"}],"author":[{"embeddable":true,"href":"https:\/\/www.tunisie-chirurgie-esthetique.com\/blog\/wp-json\/wp\/v2\/users\/1"}],"replies":[{"embeddable":true,"href":"https:\/\/www.tunisie-chirurgie-esthetique.com\/blog\/wp-json\/wp\/v2\/comments?post=5973"}],"version-history":[{"count":4,"href":"https:\/\/www.tunisie-chirurgie-esthetique.com\/blog\/wp-json\/wp\/v2\/posts\/5973\/revisions"}],"predecessor-version":[{"id":7093,"href":"https:\/\/www.tunisie-chirurgie-esthetique.com\/blog\/wp-json\/wp\/v2\/posts\/5973\/revisions\/7093"}],"wp:featuredmedia":[{"embeddable":true,"href":"https:\/\/www.tunisie-chirurgie-esthetique.com\/blog\/wp-json\/wp\/v2\/media\/5974"}],"wp:attachment":[{"href":"https:\/\/www.tunisie-chirurgie-esthetique.com\/blog\/wp-json\/wp\/v2\/media?parent=5973"}],"wp:term":[{"taxonomy":"category","embeddable":true,"href":"https:\/\/www.tunisie-chirurgie-esthetique.com\/blog\/wp-json\/wp\/v2\/categories?post=5973"},{"taxonomy":"post_tag","embeddable":true,"href":"https:\/\/www.tunisie-chirurgie-esthetique.com\/blog\/wp-json\/wp\/v2\/tags?post=5973"}],"curies":[{"name":"wp","href":"https:\/\/api.w.org\/{rel}","templated":true}]}}