{"id":5736,"date":"2022-12-15T11:36:18","date_gmt":"2022-12-15T10:36:18","guid":{"rendered":"https:\/\/www.tunisie-chirurgie-esthetique.com\/blog\/?p=5736"},"modified":"2023-07-26T10:39:58","modified_gmt":"2023-07-26T08:39:58","slug":"chirurgie-esthetique-neymar","status":"publish","type":"post","link":"https:\/\/www.tunisie-chirurgie-esthetique.com\/blog\/chirurgie-esthetique-neymar\/","title":{"rendered":"La surprenante Retouche Esth\u00e9tique de Neymar pour la Coupe du monde au Qatar 2022"},"content":{"rendered":"<div id=\"ez-toc-container\" class=\"ez-toc-v2_0_82_2 counter-hierarchy ez-toc-counter ez-toc-light-blue ez-toc-container-direction\">\n<div class=\"ez-toc-title-container\">\n<p class=\"ez-toc-title ez-toc-toggle\" style=\"cursor:pointer\">Sommaire<\/p>\n<span class=\"ez-toc-title-toggle\"><a href=\"#\" class=\"ez-toc-pull-right ez-toc-btn ez-toc-btn-xs ez-toc-btn-default ez-toc-toggle\" aria-label=\"Toggle Table of Content\"><span class=\"ez-toc-js-icon-con\"><span class=\"\"><span class=\"eztoc-hide\" style=\"display:none;\">Toggle<\/span><span class=\"ez-toc-icon-toggle-span\"><svg style=\"fill: #999;color:#999\" xmlns=\"http:\/\/www.w3.org\/2000\/svg\" class=\"list-377408\" width=\"20px\" height=\"20px\" viewBox=\"0 0 24 24\" fill=\"none\"><path d=\"M6 6H4v2h2V6zm14 0H8v2h12V6zM4 11h2v2H4v-2zm16 0H8v2h12v-2zM4 16h2v2H4v-2zm16 0H8v2h12v-2z\" fill=\"currentColor\"><\/path><\/svg><svg style=\"fill: #999;color:#999\" class=\"arrow-unsorted-368013\" xmlns=\"http:\/\/www.w3.org\/2000\/svg\" width=\"10px\" height=\"10px\" viewBox=\"0 0 24 24\" version=\"1.2\" baseProfile=\"tiny\"><path d=\"M18.2 9.3l-6.2-6.3-6.2 6.3c-.2.2-.3.4-.3.7s.1.5.3.7c.2.2.4.3.7.3h11c.3 0 .5-.1.7-.3.2-.2.3-.5.3-.7s-.1-.5-.3-.7zM5.8 14.7l6.2 6.3 6.2-6.3c.2-.2.3-.5.3-.7s-.1-.5-.3-.7c-.2-.2-.4-.3-.7-.3h-11c-.3 0-.5.1-.7.3-.2.2-.3.5-.3.7s.1.5.3.7z\"\/><\/svg><\/span><\/span><\/span><\/a><\/span><\/div>\n<nav><ul class='ez-toc-list ez-toc-list-level-1 eztoc-toggle-hide-by-default' ><li class='ez-toc-page-1 ez-toc-heading-level-2'><a class=\"ez-toc-link ez-toc-heading-1\" href=\"https:\/\/www.tunisie-chirurgie-esthetique.com\/blog\/chirurgie-esthetique-neymar\/#Neymar_chirurgie_esthetique_ou_traitement_dermatologique\" >Neymar chirurgie esth\u00e9tique ou traitement dermatologique ?<\/a><\/li><li class='ez-toc-page-1 ez-toc-heading-level-2'><a class=\"ez-toc-link ez-toc-heading-2\" href=\"https:\/\/www.tunisie-chirurgie-esthetique.com\/blog\/chirurgie-esthetique-neymar\/#Le_Top_5_des_footballeurs_qui_ont_eu_recours_a_la_chirurgie_esthetique\" >Le Top 5 des footballeurs qui ont eu recours \u00e0 la chirurgie esth\u00e9tique<\/a><ul class='ez-toc-list-level-3' ><li class='ez-toc-heading-level-3'><a class=\"ez-toc-link ez-toc-heading-3\" href=\"https:\/\/www.tunisie-chirurgie-esthetique.com\/blog\/chirurgie-esthetique-neymar\/#Wayne_Rooney_joueur_anglais\" >Wayne Rooney, joueur anglais<\/a><\/li><li class='ez-toc-page-1 ez-toc-heading-level-3'><a class=\"ez-toc-link ez-toc-heading-4\" href=\"https:\/\/www.tunisie-chirurgie-esthetique.com\/blog\/chirurgie-esthetique-neymar\/#Didier_Drogba_Cote_dIvoire\" >Didier Drogba, C\u00f4te d&#8217;Ivoire<\/a><\/li><li class='ez-toc-page-1 ez-toc-heading-level-3'><a class=\"ez-toc-link ez-toc-heading-5\" href=\"https:\/\/www.tunisie-chirurgie-esthetique.com\/blog\/chirurgie-esthetique-neymar\/#David_Beckham_Angleterre\" >David Beckham, Angleterre<\/a><\/li><li class='ez-toc-page-1 ez-toc-heading-level-3'><a class=\"ez-toc-link ez-toc-heading-6\" href=\"https:\/\/www.tunisie-chirurgie-esthetique.com\/blog\/chirurgie-esthetique-neymar\/#Cristiano_Ronaldo_Portugal\" >Cristiano Ronaldo, Portugal<\/a><\/li><li class='ez-toc-page-1 ez-toc-heading-level-3'><a class=\"ez-toc-link ez-toc-heading-7\" href=\"https:\/\/www.tunisie-chirurgie-esthetique.com\/blog\/chirurgie-esthetique-neymar\/#Ronaldinho_Bresil\" >Ronaldinho, Br\u00e9sil<\/a><\/li><\/ul><\/li><\/ul><\/nav><\/div>\n<p>Le footballeur br\u00e9silien <strong>Neymar<\/strong> fait l&#8217;actualit\u00e9 pour ce qui se passe sur le terrain, mais aussi en dehors, notamment avec son nouvelle apparence.<\/p>\n<p>Sa vie sociale et ce qu&#8217;il en montre sur les r\u00e9seaux sociaux font toujours l&#8217;objet de commentaires de la part des internautes et des fans de foot qui s\u2019int\u00e9ressent \u00e0 la <strong><span id=\"1\" class=\"HALYaf KKjvXb\" role=\"tabpanel\"><span class=\"zRhise\"><span class=\"PkjLuf \" title=\"neymar chirurgie esth\u00e9tique\">chirurgie esth\u00e9tique Neymar<\/span><\/span><\/span><\/strong>.<\/p>\n<p>Et \u00e0 l&#8217;approche de la Coupe du monde, le Br\u00e9silien n&#8217;a pas voulu manquer l&#8217;occasion de subir un <a href=\"https:\/\/www.tunisie-chirurgie-esthetique.com\/chirurgie-visage\"><strong>traitement esth\u00e9tique sur son visage<\/strong><\/a>.<\/p>\n<h2><span class=\"ez-toc-section\" id=\"Neymar_chirurgie_esthetique_ou_traitement_dermatologique\"><\/span>Neymar chirurgie esth\u00e9tique ou traitement dermatologique ?<span class=\"ez-toc-section-end\"><\/span><\/h2>\n<p>&#8220;Nous avions d\u00e9j\u00e0 fait un plan de traitement pour cette ann\u00e9e, en le renfor\u00e7ant pour la Coupe du monde&#8221;, a expliqu\u00e9 la dermatologue Juliana qui traite <strong>Neymar<\/strong>.<\/p>\n<p>&#8220;C&#8217;\u00e9tait un d\u00e9sir et un objectif de sa part que la peau ait cette r\u00e9sistance et qu&#8217;elle reparte avec un <strong>r\u00e9sultat esth\u00e9tique plus int\u00e9ressant<\/strong>. Cela <strong>g\u00e9n\u00e8re de la confiance en soi<\/strong>.&#8221;<\/p>\n<p>La star de l&#8217;\u00e9quipe nationale du Br\u00e9sil veut \u00eatre pr\u00eate pour la Coupe du monde au Qatar et a subi un traitement esth\u00e9tique sur le visage pour \u00eatre dans les meilleures conditions, tr\u00e8s courant \u00e0 l&#8217;\u00e8re des &#8220;influenceurs&#8221; d&#8217;Instagram.<\/p>\n<p><strong>Neymar prend grand soin de sa peau<\/strong> et a engag\u00e9 ce sp\u00e9cialiste il y a six ans, lorsqu&#8217;il a commenc\u00e9 avec des <a href=\"https:\/\/www.tunisie-chirurgie-esthetique.com\/medecine-esthetique\"><strong>traitements faciaux<\/strong><\/a>.<\/p>\n<p>Le m\u00e9decin explique que Neymar a une peau \u00e0 tendance grasse, mais qu&#8217;elle est sensible, ce qui signifie que sa peau est plus r\u00e9active aux acides forts, par exemple.<\/p>\n<p>Ainsi, Juliana d\u00e9veloppe une routine de soins quotidiens pour l&#8217;athl\u00e8te et lui rend visite tous les quatre mois pour entretenir sa &#8220;<strong>peau de b\u00e9b\u00e9<\/strong>&#8220;.<\/p>\n<p><strong>Neymar<\/strong> a eu recours \u00e9galement \u00e0 la <strong>greffe de cheveux<\/strong> pour densifier sa chevelure et apparaitre avec un nouveau look et une nouvelle coupe de cheveux.<\/p>\n<h2><span class=\"ez-toc-section\" id=\"Le_Top_5_des_footballeurs_qui_ont_eu_recours_a_la_chirurgie_esthetique\"><\/span>Le Top 5 des footballeurs qui ont eu recours \u00e0 la chirurgie esth\u00e9tique<span class=\"ez-toc-section-end\"><\/span><\/h2>\n<p>Le football est l&#8217;un des sports les plus populaires au monde, suivi par ses supporters, et les meilleurs joueurs de football sont trait\u00e9s comme des c\u00e9l\u00e9brit\u00e9s par leurs fans. Une carri\u00e8re aussi m\u00e9diatis\u00e9e peut souvent conduire les stars du football \u00e0 ne plus \u00eatre s\u00fbres de leur apparence et de la fa\u00e7on dont elles se pr\u00e9sentent \u00e0 leurs fid\u00e8les supporters. Ils sont donc nombreux \u00e0 passer sous le bistouri pour am\u00e9liorer leur image.<\/p>\n<p>Jetons un coup d&#8217;\u0153il \u00e0 cinq joueurs de football connus qui ont eu recours \u00e0 la chirurgie esth\u00e9tique et aux proc\u00e9dures qu&#8217;ils ont utilis\u00e9es.<\/p>\n<h3><span class=\"ez-toc-section\" id=\"Wayne_Rooney_joueur_anglais\"><\/span>Wayne Rooney, joueur anglais<span class=\"ez-toc-section-end\"><\/span><\/h3>\n<p>Le footballeur anglais et de Manchester United, Wayne Rooney, a toujours \u00e9t\u00e9 g\u00ean\u00e9 par son apparence. Apr\u00e8s avoir commenc\u00e9 \u00e0 perdre ses cheveux \u00e0 l&#8217;\u00e2ge de 25 ans, il a d\u00e9cid\u00e9 de se faire greffer des cheveux et s&#8217;est dit tr\u00e8s heureux des r\u00e9sultats.<\/p>\n<h3><span class=\"ez-toc-section\" id=\"Didier_Drogba_Cote_dIvoire\"><\/span>Didier Drogba, C\u00f4te d&#8217;Ivoire<span class=\"ez-toc-section-end\"><\/span><\/h3>\n<p>Parfois, les stars du football n&#8217;ont pas recours \u00e0 la chirurgie esth\u00e9tique pour des raisons de vanit\u00e9. Didier Drogba a \u00e9t\u00e9 bless\u00e9 au visage apr\u00e8s une collision sur le terrain avec le gardien de Norwich City, John Ruddy, lors du match de Premier League 2011 entre Chelsea et Norwich City.<\/p>\n<h3><span class=\"ez-toc-section\" id=\"David_Beckham_Angleterre\"><\/span>David Beckham, Angleterre<span class=\"ez-toc-section-end\"><\/span><\/h3>\n<p>Les sp\u00e9culations vont bon train sur le fait que David Beckham a eu recours \u00e0 la chirurgie esth\u00e9tique pendant un certain nombre d&#8217;ann\u00e9es, mais rien n&#8217;a jamais \u00e9t\u00e9 confirm\u00e9. Pour une superstar du football qui est rest\u00e9e sous les feux de la rampe aussi longtemps, avec autant de changements d&#8217;apparence \u00e9vidents au fil des ans, on ne peut que supposer que son apparence a \u00e9t\u00e9 entretenue par la chirurgie plastique.<\/p>\n<h3><span class=\"ez-toc-section\" id=\"Cristiano_Ronaldo_Portugal\"><\/span>Cristiano Ronaldo, Portugal<span class=\"ez-toc-section-end\"><\/span><\/h3>\n<p>Connu pour sa beaut\u00e9 autant que pour son talent sur le terrain de football, Ronaldo a certainement affin\u00e9 son image au fil des ans, passant d&#8217;un adolescent maladroit \u00e0 une superstar du sport. Son sourire blanc parfaitement align\u00e9 laisse penser qu&#8217;il a eu recours \u00e0 la dentisterie esth\u00e9tique, au minimum.<\/p>\n<h3><span class=\"ez-toc-section\" id=\"Ronaldinho_Bresil\"><\/span>Ronaldinho, Br\u00e9sil<span class=\"ez-toc-section-end\"><\/span><\/h3>\n<p>Ronaldinho a acquis la r\u00e9putation d&#8217;\u00eatre l&#8217;un des joueurs de football les plus dou\u00e9s au monde. En regardant ses premi\u00e8res photos, on peut clairement voir qu&#8217;il s&#8217;est d\u00e9barrass\u00e9 de son ancien surnom de &#8220;prodige aux dents tronqu\u00e9es&#8221;. Aujourd&#8217;hui, Ronaldinho arbore un beau sourire \u00e9clatant apr\u00e8s avoir subi une intervention de dentisterie esth\u00e9tique pour redresser ses dents et r\u00e9duire ses gencives.<\/p>\n","protected":false},"excerpt":{"rendered":"<p>Le footballeur br\u00e9silien Neymar fait l&#8217;actualit\u00e9 pour ce qui se passe sur le terrain, mais aussi en dehors, notamment avec son nouvelle apparence. Sa vie sociale et ce qu&#8217;il en montre sur les r\u00e9seaux sociaux font toujours l&#8217;objet de commentaires de la part des internautes et des fans de foot qui s\u2019int\u00e9ressent \u00e0 la chirurgie [&hellip;]<\/p>\n","protected":false},"author":1,"featured_media":5738,"comment_status":"closed","ping_status":"closed","sticky":false,"template":"","format":"standard","meta":{"rop_custom_images_group":[],"rop_custom_messages_group":[],"rop_publish_now":"initial","rop_publish_now_accounts":{"facebook_2803965346576775_1735562453331861":"","twitter_4255985368_4255985368":""},"rop_publish_now_history":[],"rop_publish_now_status":"pending","footnotes":""},"categories":[1],"tags":[],"class_list":["post-5736","post","type-post","status-publish","format-standard","has-post-thumbnail","hentry","category-actualite-chirurgie-plastique"],"yoast_head":"<!-- This site is optimized with the Yoast SEO plugin v27.4 - https:\/\/yoast.com\/product\/yoast-seo-wordpress\/ -->\n<title>Neymar traitement esth\u00e9tique sur son visage qui g\u00e9n\u00e8re de la confiance en soi<\/title>\n<meta name=\"description\" content=\"La star de l&#039;\u00e9quipe nationale du Br\u00e9sil veut \u00eatre pr\u00eate pour la Coupe du monde au Qatar et a subi un traitement esth\u00e9tique sur le visage pour \u00eatre dans les meilleures conditions, tr\u00e8s courant \u00e0 l&#039;\u00e8re des &quot;influenceurs&quot; d&#039;Instagram.\" \/>\n<meta name=\"robots\" content=\"index, follow, max-snippet:-1, max-image-preview:large, max-video-preview:-1\" \/>\n<link rel=\"canonical\" href=\"https:\/\/www.tunisie-chirurgie-esthetique.com\/blog\/chirurgie-esthetique-neymar\/\" \/>\n<meta property=\"og:locale\" content=\"fr_FR\" \/>\n<meta property=\"og:type\" content=\"article\" \/>\n<meta property=\"og:title\" content=\"Neymar traitement esth\u00e9tique sur son visage qui g\u00e9n\u00e8re de la confiance en soi\" \/>\n<meta property=\"og:description\" content=\"La star de l&#039;\u00e9quipe nationale du Br\u00e9sil veut \u00eatre pr\u00eate pour la Coupe du monde au Qatar et a subi un traitement esth\u00e9tique sur le visage pour \u00eatre dans les meilleures conditions, tr\u00e8s courant \u00e0 l&#039;\u00e8re des &quot;influenceurs&quot; d&#039;Instagram.\" \/>\n<meta property=\"og:url\" content=\"https:\/\/www.tunisie-chirurgie-esthetique.com\/blog\/chirurgie-esthetique-neymar\/\" \/>\n<meta property=\"og:site_name\" content=\"Actualit\u00e9s Chirurgie Esth\u00e9tique Tunisie\" \/>\n<meta property=\"article:publisher\" content=\"https:\/\/www.facebook.com\/TCETUNISIE\/\" \/>\n<meta property=\"article:published_time\" content=\"2022-12-15T10:36:18+00:00\" \/>\n<meta property=\"article:modified_time\" content=\"2023-07-26T08:39:58+00:00\" \/>\n<meta property=\"og:image\" content=\"https:\/\/www.tunisie-chirurgie-esthetique.com\/blog\/wp-content\/uploads\/2022\/12\/Neymar-chirurgie-esthetique.webp\" \/>\n\t<meta property=\"og:image:width\" content=\"660\" \/>\n\t<meta property=\"og:image:height\" content=\"440\" \/>\n\t<meta property=\"og:image:type\" content=\"image\/webp\" \/>\n<meta name=\"author\" content=\"Dina Legrand\" \/>\n<meta name=\"twitter:card\" content=\"summary_large_image\" \/>\n<meta name=\"twitter:creator\" content=\"@Tunisie_CE\" \/>\n<meta name=\"twitter:site\" content=\"@Tunisie_CE\" \/>\n<meta name=\"twitter:label1\" content=\"\u00c9crit par\" \/>\n\t<meta name=\"twitter:data1\" content=\"Dina Legrand\" \/>\n\t<meta name=\"twitter:label2\" content=\"Dur\u00e9e de lecture estim\u00e9e\" \/>\n\t<meta name=\"twitter:data2\" content=\"4 minutes\" \/>\n<!-- \/ Yoast SEO plugin. -->","yoast_head_json":{"title":"Neymar traitement esth\u00e9tique sur son visage qui g\u00e9n\u00e8re de la confiance en soi","description":"La star de l'\u00e9quipe nationale du Br\u00e9sil veut \u00eatre pr\u00eate pour la Coupe du monde au Qatar et a subi un traitement esth\u00e9tique sur le visage pour \u00eatre dans les meilleures conditions, tr\u00e8s courant \u00e0 l'\u00e8re des \"influenceurs\" d'Instagram.","robots":{"index":"index","follow":"follow","max-snippet":"max-snippet:-1","max-image-preview":"max-image-preview:large","max-video-preview":"max-video-preview:-1"},"canonical":"https:\/\/www.tunisie-chirurgie-esthetique.com\/blog\/chirurgie-esthetique-neymar\/","og_locale":"fr_FR","og_type":"article","og_title":"Neymar traitement esth\u00e9tique sur son visage qui g\u00e9n\u00e8re de la confiance en soi","og_description":"La star de l'\u00e9quipe nationale du Br\u00e9sil veut \u00eatre pr\u00eate pour la Coupe du monde au Qatar et a subi un traitement esth\u00e9tique sur le visage pour \u00eatre dans les meilleures conditions, tr\u00e8s courant \u00e0 l'\u00e8re des \"influenceurs\" d'Instagram.","og_url":"https:\/\/www.tunisie-chirurgie-esthetique.com\/blog\/chirurgie-esthetique-neymar\/","og_site_name":"Actualit\u00e9s Chirurgie Esth\u00e9tique Tunisie","article_publisher":"https:\/\/www.facebook.com\/TCETUNISIE\/","article_published_time":"2022-12-15T10:36:18+00:00","article_modified_time":"2023-07-26T08:39:58+00:00","og_image":[{"width":660,"height":440,"url":"https:\/\/www.tunisie-chirurgie-esthetique.com\/blog\/wp-content\/uploads\/2022\/12\/Neymar-chirurgie-esthetique.webp","type":"image\/webp"}],"author":"Dina Legrand","twitter_card":"summary_large_image","twitter_creator":"@Tunisie_CE","twitter_site":"@Tunisie_CE","twitter_misc":{"\u00c9crit par":"Dina Legrand","Dur\u00e9e de lecture estim\u00e9e":"4 minutes"},"schema":{"@context":"https:\/\/schema.org","@graph":[{"@type":["Article","BlogPosting"],"@id":"https:\/\/www.tunisie-chirurgie-esthetique.com\/blog\/chirurgie-esthetique-neymar\/#article","isPartOf":{"@id":"https:\/\/www.tunisie-chirurgie-esthetique.com\/blog\/chirurgie-esthetique-neymar\/"},"author":{"name":"Dina Legrand","@id":"https:\/\/www.tunisie-chirurgie-esthetique.com\/blog\/#\/schema\/person\/55f99d583f39ff82c83ea8d20bfb8dac"},"headline":"La surprenante Retouche Esth\u00e9tique de Neymar pour la Coupe du monde au Qatar 2022","datePublished":"2022-12-15T10:36:18+00:00","dateModified":"2023-07-26T08:39:58+00:00","mainEntityOfPage":{"@id":"https:\/\/www.tunisie-chirurgie-esthetique.com\/blog\/chirurgie-esthetique-neymar\/"},"wordCount":752,"publisher":{"@id":"https:\/\/www.tunisie-chirurgie-esthetique.com\/blog\/#organization"},"image":{"@id":"https:\/\/www.tunisie-chirurgie-esthetique.com\/blog\/chirurgie-esthetique-neymar\/#primaryimage"},"thumbnailUrl":"https:\/\/www.tunisie-chirurgie-esthetique.com\/blog\/wp-content\/uploads\/2022\/12\/Neymar-chirurgie-esthetique.webp","articleSection":["Guide &amp; Actualit\u00e9 chirurgie plastique"],"inLanguage":"fr-FR"},{"@type":"WebPage","@id":"https:\/\/www.tunisie-chirurgie-esthetique.com\/blog\/chirurgie-esthetique-neymar\/","url":"https:\/\/www.tunisie-chirurgie-esthetique.com\/blog\/chirurgie-esthetique-neymar\/","name":"Neymar traitement esth\u00e9tique sur son visage qui g\u00e9n\u00e8re de la confiance en soi","isPartOf":{"@id":"https:\/\/www.tunisie-chirurgie-esthetique.com\/blog\/#website"},"primaryImageOfPage":{"@id":"https:\/\/www.tunisie-chirurgie-esthetique.com\/blog\/chirurgie-esthetique-neymar\/#primaryimage"},"image":{"@id":"https:\/\/www.tunisie-chirurgie-esthetique.com\/blog\/chirurgie-esthetique-neymar\/#primaryimage"},"thumbnailUrl":"https:\/\/www.tunisie-chirurgie-esthetique.com\/blog\/wp-content\/uploads\/2022\/12\/Neymar-chirurgie-esthetique.webp","datePublished":"2022-12-15T10:36:18+00:00","dateModified":"2023-07-26T08:39:58+00:00","description":"La star de l'\u00e9quipe nationale du Br\u00e9sil veut \u00eatre pr\u00eate pour la Coupe du monde au Qatar et a subi un traitement esth\u00e9tique sur le visage pour \u00eatre dans les meilleures conditions, tr\u00e8s courant \u00e0 l'\u00e8re des \"influenceurs\" d'Instagram.","breadcrumb":{"@id":"https:\/\/www.tunisie-chirurgie-esthetique.com\/blog\/chirurgie-esthetique-neymar\/#breadcrumb"},"inLanguage":"fr-FR","potentialAction":[{"@type":"ReadAction","target":["https:\/\/www.tunisie-chirurgie-esthetique.com\/blog\/chirurgie-esthetique-neymar\/"]}]},{"@type":"ImageObject","inLanguage":"fr-FR","@id":"https:\/\/www.tunisie-chirurgie-esthetique.com\/blog\/chirurgie-esthetique-neymar\/#primaryimage","url":"https:\/\/www.tunisie-chirurgie-esthetique.com\/blog\/wp-content\/uploads\/2022\/12\/Neymar-chirurgie-esthetique.webp","contentUrl":"https:\/\/www.tunisie-chirurgie-esthetique.com\/blog\/wp-content\/uploads\/2022\/12\/Neymar-chirurgie-esthetique.webp","width":660,"height":440,"caption":"Neymar-chirurgie-esthetique"},{"@type":"BreadcrumbList","@id":"https:\/\/www.tunisie-chirurgie-esthetique.com\/blog\/chirurgie-esthetique-neymar\/#breadcrumb","itemListElement":[{"@type":"ListItem","position":1,"name":"Accueil","item":"https:\/\/www.tunisie-chirurgie-esthetique.com\/blog\/"},{"@type":"ListItem","position":2,"name":"Guide &amp; Actualit\u00e9 chirurgie plastique","item":"https:\/\/www.tunisie-chirurgie-esthetique.com\/blog\/actualite-chirurgie-plastique\/"},{"@type":"ListItem","position":3,"name":"La surprenante Retouche Esth\u00e9tique de Neymar pour la Coupe du monde au Qatar 2022"}]},{"@type":"WebSite","@id":"https:\/\/www.tunisie-chirurgie-esthetique.com\/blog\/#website","url":"https:\/\/www.tunisie-chirurgie-esthetique.com\/blog\/","name":"Actualit\u00e9s en chirurgie et m\u00e9decine esth\u00e9tique Tunisie","description":"Chirurgie en Tunisie","publisher":{"@id":"https:\/\/www.tunisie-chirurgie-esthetique.com\/blog\/#organization"},"alternateName":"Forfaits chirurgie esth\u00e9tique Tunisie prix tout compris","potentialAction":[{"@type":"SearchAction","target":{"@type":"EntryPoint","urlTemplate":"https:\/\/www.tunisie-chirurgie-esthetique.com\/blog\/?s={search_term_string}"},"query-input":{"@type":"PropertyValueSpecification","valueRequired":true,"valueName":"search_term_string"}}],"inLanguage":"fr-FR"},{"@type":"Organization","@id":"https:\/\/www.tunisie-chirurgie-esthetique.com\/blog\/#organization","name":"TCE TUNISIE","alternateName":"Chirurgie esth\u00e9tique en Tunisie","url":"https:\/\/www.tunisie-chirurgie-esthetique.com\/blog\/","logo":{"@type":"ImageObject","inLanguage":"fr-FR","@id":"https:\/\/www.tunisie-chirurgie-esthetique.com\/blog\/#\/schema\/logo\/image\/","url":"https:\/\/www.tunisie-chirurgie-esthetique.com\/blog\/wp-content\/uploads\/2022\/08\/fav-tce.png","contentUrl":"https:\/\/www.tunisie-chirurgie-esthetique.com\/blog\/wp-content\/uploads\/2022\/08\/fav-tce.png","width":512,"height":512,"caption":"TCE TUNISIE"},"image":{"@id":"https:\/\/www.tunisie-chirurgie-esthetique.com\/blog\/#\/schema\/logo\/image\/"},"sameAs":["https:\/\/www.facebook.com\/TCETUNISIE\/","https:\/\/x.com\/Tunisie_CE","https:\/\/www.instagram.com\/tunisiece\/","https:\/\/www.linkedin.com\/company\/tunisie-chirurgie-etshetique-tce\/","https:\/\/www.pinterest.fr\/tunisiechirurgi\/","https:\/\/www.youtube.com\/channel\/UCFZHPINDbYAa_yhOk121j7A\/?sub_confirmation=1"]},{"@type":"Person","@id":"https:\/\/www.tunisie-chirurgie-esthetique.com\/blog\/#\/schema\/person\/55f99d583f39ff82c83ea8d20bfb8dac","name":"Dina Legrand","description":"Je m'appelle Dina Legrand, dipl\u00f4m\u00e9e d'un Master en sciences de la sant\u00e9 de l'Universit\u00e9 de Tunis et de Paris. Forte d'une exp\u00e9rience de plus de 15 ans dans le domaine m\u00e9dical, je me suis sp\u00e9cialis\u00e9e dans la r\u00e9daction, la vulgarisation et la gestion de projets scientifiques. Dot\u00e9e d'une grande aisance r\u00e9dactionnelle, j'ai ensuite \u0153uvr\u00e9 en free-lance pour diverses institutions de sant\u00e9. J'ai organis\u00e9 avec succ\u00e8s plusieurs congr\u00e8s m\u00e9dicaux internationaux, requ\u00e9rant rigueur et capacit\u00e9 de gestion de projets complexes. Aimant partager mon savoir, j'anime aujourd'hui le blog Tunisie-chirurgie-esth\u00e9tique.com, v\u00e9ritable r\u00e9f\u00e9rence en mati\u00e8re d'information m\u00e9dicale grand public. Mon objectif est de rendre accessibles des notions parfois ardues, en adoptant un ton p\u00e9dagogique et une plume clarifiant les derni\u00e8res avanc\u00e9es. Forte de ma double comp\u00e9tence m\u00e9dicale et r\u00e9dactionnelle, je me tiens \u00e0 la disposition des professionnels et particuliers pour toute mission d'\u00e9criture, de traduction ou de vulgarisation scientifique.","url":"https:\/\/www.tunisie-chirurgie-esthetique.com\/blog\/author\/nisieshi_tunesth\/"}]}},"_links":{"self":[{"href":"https:\/\/www.tunisie-chirurgie-esthetique.com\/blog\/wp-json\/wp\/v2\/posts\/5736","targetHints":{"allow":["GET"]}}],"collection":[{"href":"https:\/\/www.tunisie-chirurgie-esthetique.com\/blog\/wp-json\/wp\/v2\/posts"}],"about":[{"href":"https:\/\/www.tunisie-chirurgie-esthetique.com\/blog\/wp-json\/wp\/v2\/types\/post"}],"author":[{"embeddable":true,"href":"https:\/\/www.tunisie-chirurgie-esthetique.com\/blog\/wp-json\/wp\/v2\/users\/1"}],"replies":[{"embeddable":true,"href":"https:\/\/www.tunisie-chirurgie-esthetique.com\/blog\/wp-json\/wp\/v2\/comments?post=5736"}],"version-history":[{"count":5,"href":"https:\/\/www.tunisie-chirurgie-esthetique.com\/blog\/wp-json\/wp\/v2\/posts\/5736\/revisions"}],"predecessor-version":[{"id":5789,"href":"https:\/\/www.tunisie-chirurgie-esthetique.com\/blog\/wp-json\/wp\/v2\/posts\/5736\/revisions\/5789"}],"wp:featuredmedia":[{"embeddable":true,"href":"https:\/\/www.tunisie-chirurgie-esthetique.com\/blog\/wp-json\/wp\/v2\/media\/5738"}],"wp:attachment":[{"href":"https:\/\/www.tunisie-chirurgie-esthetique.com\/blog\/wp-json\/wp\/v2\/media?parent=5736"}],"wp:term":[{"taxonomy":"category","embeddable":true,"href":"https:\/\/www.tunisie-chirurgie-esthetique.com\/blog\/wp-json\/wp\/v2\/categories?post=5736"},{"taxonomy":"post_tag","embeddable":true,"href":"https:\/\/www.tunisie-chirurgie-esthetique.com\/blog\/wp-json\/wp\/v2\/tags?post=5736"}],"curies":[{"name":"wp","href":"https:\/\/api.w.org\/{rel}","templated":true}]}}