{"id":5707,"date":"2022-11-16T15:35:18","date_gmt":"2022-11-16T14:35:18","guid":{"rendered":"https:\/\/www.tunisie-chirurgie-esthetique.com\/blog\/?p=5707"},"modified":"2023-10-12T15:51:31","modified_gmt":"2023-10-12T13:51:31","slug":"boy-george-greffe-de-cheveux","status":"publish","type":"post","link":"https:\/\/www.tunisie-chirurgie-esthetique.com\/blog\/boy-george-greffe-de-cheveux\/","title":{"rendered":"Le NEW LOOK de Boy George apr\u00e8s sa greffe de cheveux"},"content":{"rendered":"<p><strong>BOY George<\/strong> a laiss\u00e9 les fans de I&#8217;m A Celebrity&#8230;. Get Me Out Of Here!, \u00a0sous le choc apr\u00e8s avoir r\u00e9v\u00e9l\u00e9 sa <strong>chirurgie esth\u00e9tique<\/strong> discr\u00e8te.<\/p>\n<p>Le chanteur de Culture Club a r\u00e9v\u00e9l\u00e9 dans l&#8217;\u00e9mission qu&#8217;il avait subi une <a href=\"https:\/\/www.tunisie-chirurgie-esthetique.com\/greffe-cheveux-dhi-tunisie\"><strong>greffe de cheveux<\/strong><\/a> afin <strong>d&#8217;avoir \u00e0 nouveau une chevelure compl\u00e8te<\/strong>.<\/p>\n<p>Boy George, 61 ans, a confirm\u00e9 \u00e0 ses camarades de camp qu&#8217;il avait eu recours \u00e0 la <strong>chirurgie esth\u00e9tique en secret<\/strong> &#8211; et qu&#8217;il s&#8217;\u00e9tait inspir\u00e9 du footballeur Wayne Rooney.<\/p>\n<p>La star de <strong>Karma Chameleon<\/strong> s&#8217;est extasi\u00e9e devant la chevelure de Jill Scott avant d&#8217;avouer avec fracas qu&#8217;il avait <strong>subi une greffe de cheveux compl\u00e8te<\/strong>.<\/p>\n<p>&#8220;Mes cheveux sont une greffe&#8221;, a d\u00e9clar\u00e9 George \u00e0 Jill, 35 ans, et Seann Walsh, en enlevant son chapeau et en passant ses mains dans ses cheveux gris-blond.<\/p>\n<p>&#8220;Pas possible !&#8221; a r\u00e9pondu le com\u00e9dien, tandis que George continuait : &#8220;J&#8217;\u00e9tais <strong>chauve<\/strong>, et vous savez ce qui m&#8217;a pouss\u00e9 \u00e0 le faire ? Wayne Rooney.<\/p>\n<p>&#8220;Ce n&#8217;est pas dr\u00f4le, c&#8217;est la v\u00e9rit\u00e9. J&#8217;ai vu les cheveux de Wayne Rooney et je me suis dit, &#8216;je pourrais me faire coiffer'&#8221;.<\/p>\n<figure id=\"attachment_5713\" aria-describedby=\"caption-attachment-5713\" style=\"width: 535px\" class=\"wp-caption aligncenter\"><img loading=\"lazy\" decoding=\"async\" class=\" wp-image-5713\" src=\"https:\/\/www.tunisie-chirurgie-esthetique.com\/blog\/wp-content\/uploads\/2022\/11\/boy-george-avant-greffe-capillaire-774x1024.jpg\" alt=\"boy-george-avant-greffe-capillaire\" width=\"535\" height=\"708\" srcset=\"https:\/\/www.tunisie-chirurgie-esthetique.com\/blog\/wp-content\/uploads\/2022\/11\/boy-george-avant-greffe-capillaire-774x1024.jpg 774w, https:\/\/www.tunisie-chirurgie-esthetique.com\/blog\/wp-content\/uploads\/2022\/11\/boy-george-avant-greffe-capillaire-227x300.jpg 227w, https:\/\/www.tunisie-chirurgie-esthetique.com\/blog\/wp-content\/uploads\/2022\/11\/boy-george-avant-greffe-capillaire-768x1017.jpg 768w, https:\/\/www.tunisie-chirurgie-esthetique.com\/blog\/wp-content\/uploads\/2022\/11\/boy-george-avant-greffe-capillaire.jpg 800w\" sizes=\"auto, (max-width: 535px) 100vw, 535px\" \/><figcaption id=\"caption-attachment-5713\" class=\"wp-caption-text\">Look Boy George avant greffe capillaire<\/figcaption><\/figure>\n<p>C&#8217;est la premi\u00e8re fois que George a admis avoir subi une greffe capillaire et ses fans ont inond\u00e9 Twitter pour r\u00e9agir \u00e0 la nouvelle.<\/p>\n<p>&#8220;<strong>Boy George s&#8217;est inspir\u00e9 de Wayne Rooney<\/strong> pour <a href=\"https:\/\/www.tunisie-chirurgie-esthetique.com\/greffe-capillaire\"><strong>se faire greffer des cheveux<\/strong><\/a>, c&#8217;est tout ce que j&#8217;attendais&#8221;, a \u00e9crit un fan.<\/p>\n<p>Un autre a ajout\u00e9 : &#8220;Qui aurait pu deviner que Boy George s&#8217;inspirerait de Wayne Rooney, lol.&#8221;<\/p>\n<p>&#8220;Ce n&#8217;est pas Wayne Rooney qui inspire Boy George pour ses cheveux !&#8221; a dit un troisi\u00e8me, tandis qu&#8217;un quatri\u00e8me a \u00e9crit : &#8220;Je pensais que <strong>Boy George \u00e9tait chauve sous le chapeau<\/strong>.&#8221;<\/p>\n<p>Un cinqui\u00e8me conclut : &#8220;J&#8217;ai \u00e9t\u00e9 choqu\u00e9 d&#8217;apprendre que Boy George a des cheveux sous les chapeaux qu&#8217;il porte !&#8221;<\/p>\n<p>Cela vient apr\u00e8s que Boy George ait rendu ses fans hyst\u00e9riques en r\u00e9veillant le camp avec ses \u00e9tranges rituels matinaux.<\/p>\n<p>Le chanteur a \u00e9t\u00e9 vu en train de faire du &#8220;yoga du visage&#8221; lorsque les cam\u00e9ras ont balay\u00e9 le camp au d\u00e9but de l&#8217;\u00e9pisode de mercredi.<\/p>\n<p>La star a r\u00e9v\u00e9l\u00e9 qu&#8217;il faisait ce &#8220;yoga&#8221; afin d&#8217;\u00e9viter d&#8217;avoir \u00e0 utiliser &#8220;du <a href=\"https:\/\/www.tunisie-chirurgie-esthetique.com\/botox\"><strong>Botox<\/strong> <\/a>et des trucs comme \u00e7a&#8221;.<\/p>\n<p>Alors que le reste du camp commen\u00e7ait \u00e0 se r\u00e9veiller, George a \u00e9t\u00e9 vu avec les yeux ferm\u00e9s alors qu&#8217;il se concentrait sur sa routine matinale et qu&#8217;il vocalisait bruyamment autour de ses camarades endormis.<\/p>\n<p>Ses camarades de camp endormis. Ils n&#8217;avaient pas l&#8217;air impressionn\u00e9s lorsqu&#8217;ils sont sortis de leurs sacs de couchage, \u00e9coutant George faire ses sons de m\u00e9ditation.<\/p>\n<p>Les t\u00e9l\u00e9spectateurs sont rest\u00e9s bouche b\u00e9e lorsque le musicien a expliqu\u00e9 plus tard : &#8220;Je ne suis pas un grand fan du Botox et de ce genre de choses. Ce n&#8217;est pas beau \u00e0 voir.<\/p>\n<p>&#8220;Il y a des routines enti\u00e8res de yoga du visage. Il suffit d&#8217;avoir l&#8217;air surpris.&#8221;<\/p>\n","protected":false},"excerpt":{"rendered":"<p>BOY George a laiss\u00e9 les fans de I&#8217;m A Celebrity&#8230;. Get Me Out Of Here!, \u00a0sous le choc apr\u00e8s avoir r\u00e9v\u00e9l\u00e9 sa chirurgie esth\u00e9tique discr\u00e8te. Le chanteur de Culture Club a r\u00e9v\u00e9l\u00e9 dans l&#8217;\u00e9mission qu&#8217;il avait subi une greffe de cheveux afin d&#8217;avoir \u00e0 nouveau une chevelure compl\u00e8te. Boy George, 61 ans, a confirm\u00e9 \u00e0 [&hellip;]<\/p>\n","protected":false},"author":1,"featured_media":5710,"comment_status":"closed","ping_status":"closed","sticky":false,"template":"","format":"standard","meta":{"rop_custom_images_group":[],"rop_custom_messages_group":[],"rop_publish_now":"initial","rop_publish_now_accounts":{"facebook_2803965346576775_1735562453331861":"","twitter_4255985368_4255985368":""},"rop_publish_now_history":[],"rop_publish_now_status":"pending","footnotes":""},"categories":[1,2740],"tags":[],"class_list":["post-5707","post","type-post","status-publish","format-standard","has-post-thumbnail","hentry","category-actualite-chirurgie-plastique","category-potins-stars-tele-realite"],"yoast_head":"<!-- This site is optimized with the Yoast SEO plugin v27.4 - https:\/\/yoast.com\/product\/yoast-seo-wordpress\/ -->\n<title>Boy George apr\u00e8s sa greffe de cheveux : un new look qui choque !<\/title>\n<meta name=\"description\" content=\"Le chanteur de Culture Club a r\u00e9v\u00e9l\u00e9 dans l&#039;\u00e9mission qu&#039;il avait subi une greffe de cheveux afin d&#039;avoir \u00e0 nouveau une chevelure compl\u00e8te.\" \/>\n<meta name=\"robots\" content=\"index, follow, max-snippet:-1, max-image-preview:large, max-video-preview:-1\" \/>\n<link rel=\"canonical\" href=\"https:\/\/www.tunisie-chirurgie-esthetique.com\/blog\/boy-george-greffe-de-cheveux\/\" \/>\n<meta property=\"og:locale\" content=\"fr_FR\" \/>\n<meta property=\"og:type\" content=\"article\" \/>\n<meta property=\"og:title\" content=\"Boy George apr\u00e8s sa greffe de cheveux : un new look qui choque !\" \/>\n<meta property=\"og:description\" content=\"Le chanteur de Culture Club a r\u00e9v\u00e9l\u00e9 dans l&#039;\u00e9mission qu&#039;il avait subi une greffe de cheveux afin d&#039;avoir \u00e0 nouveau une chevelure compl\u00e8te.\" \/>\n<meta property=\"og:url\" content=\"https:\/\/www.tunisie-chirurgie-esthetique.com\/blog\/boy-george-greffe-de-cheveux\/\" \/>\n<meta property=\"og:site_name\" content=\"Actualit\u00e9s Chirurgie Esth\u00e9tique Tunisie\" \/>\n<meta property=\"article:publisher\" content=\"https:\/\/www.facebook.com\/TCETUNISIE\/\" \/>\n<meta property=\"article:published_time\" content=\"2022-11-16T14:35:18+00:00\" \/>\n<meta property=\"article:modified_time\" content=\"2023-10-12T13:51:31+00:00\" \/>\n<meta property=\"og:image\" content=\"https:\/\/www.tunisie-chirurgie-esthetique.com\/blog\/wp-content\/uploads\/2022\/11\/boy-george-greffe-de-cheveux.webp\" \/>\n\t<meta property=\"og:image:width\" content=\"620\" \/>\n\t<meta property=\"og:image:height\" content=\"351\" \/>\n\t<meta property=\"og:image:type\" content=\"image\/webp\" \/>\n<meta name=\"author\" content=\"Dina Legrand\" \/>\n<meta name=\"twitter:card\" content=\"summary_large_image\" \/>\n<meta name=\"twitter:creator\" content=\"@Tunisie_CE\" \/>\n<meta name=\"twitter:site\" content=\"@Tunisie_CE\" \/>\n<meta name=\"twitter:label1\" content=\"\u00c9crit par\" \/>\n\t<meta name=\"twitter:data1\" content=\"Dina Legrand\" \/>\n\t<meta name=\"twitter:label2\" content=\"Dur\u00e9e de lecture estim\u00e9e\" \/>\n\t<meta name=\"twitter:data2\" content=\"3 minutes\" \/>\n<!-- \/ Yoast SEO plugin. -->","yoast_head_json":{"title":"Boy George apr\u00e8s sa greffe de cheveux : un new look qui choque !","description":"Le chanteur de Culture Club a r\u00e9v\u00e9l\u00e9 dans l'\u00e9mission qu'il avait subi une greffe de cheveux afin d'avoir \u00e0 nouveau une chevelure compl\u00e8te.","robots":{"index":"index","follow":"follow","max-snippet":"max-snippet:-1","max-image-preview":"max-image-preview:large","max-video-preview":"max-video-preview:-1"},"canonical":"https:\/\/www.tunisie-chirurgie-esthetique.com\/blog\/boy-george-greffe-de-cheveux\/","og_locale":"fr_FR","og_type":"article","og_title":"Boy George apr\u00e8s sa greffe de cheveux : un new look qui choque !","og_description":"Le chanteur de Culture Club a r\u00e9v\u00e9l\u00e9 dans l'\u00e9mission qu'il avait subi une greffe de cheveux afin d'avoir \u00e0 nouveau une chevelure compl\u00e8te.","og_url":"https:\/\/www.tunisie-chirurgie-esthetique.com\/blog\/boy-george-greffe-de-cheveux\/","og_site_name":"Actualit\u00e9s Chirurgie Esth\u00e9tique Tunisie","article_publisher":"https:\/\/www.facebook.com\/TCETUNISIE\/","article_published_time":"2022-11-16T14:35:18+00:00","article_modified_time":"2023-10-12T13:51:31+00:00","og_image":[{"width":620,"height":351,"url":"https:\/\/www.tunisie-chirurgie-esthetique.com\/blog\/wp-content\/uploads\/2022\/11\/boy-george-greffe-de-cheveux.webp","type":"image\/webp"}],"author":"Dina Legrand","twitter_card":"summary_large_image","twitter_creator":"@Tunisie_CE","twitter_site":"@Tunisie_CE","twitter_misc":{"\u00c9crit par":"Dina Legrand","Dur\u00e9e de lecture estim\u00e9e":"3 minutes"},"schema":{"@context":"https:\/\/schema.org","@graph":[{"@type":["Article","BlogPosting"],"@id":"https:\/\/www.tunisie-chirurgie-esthetique.com\/blog\/boy-george-greffe-de-cheveux\/#article","isPartOf":{"@id":"https:\/\/www.tunisie-chirurgie-esthetique.com\/blog\/boy-george-greffe-de-cheveux\/"},"author":{"name":"Dina Legrand","@id":"https:\/\/www.tunisie-chirurgie-esthetique.com\/blog\/#\/schema\/person\/55f99d583f39ff82c83ea8d20bfb8dac"},"headline":"Le NEW LOOK de Boy George apr\u00e8s sa greffe de cheveux","datePublished":"2022-11-16T14:35:18+00:00","dateModified":"2023-10-12T13:51:31+00:00","mainEntityOfPage":{"@id":"https:\/\/www.tunisie-chirurgie-esthetique.com\/blog\/boy-george-greffe-de-cheveux\/"},"wordCount":522,"publisher":{"@id":"https:\/\/www.tunisie-chirurgie-esthetique.com\/blog\/#organization"},"image":{"@id":"https:\/\/www.tunisie-chirurgie-esthetique.com\/blog\/boy-george-greffe-de-cheveux\/#primaryimage"},"thumbnailUrl":"https:\/\/www.tunisie-chirurgie-esthetique.com\/blog\/wp-content\/uploads\/2022\/11\/boy-george-greffe-de-cheveux.webp","articleSection":["Guide &amp; Actualit\u00e9 chirurgie plastique","Potins Stars T\u00e9l\u00e9-r\u00e9alit\u00e9"],"inLanguage":"fr-FR"},{"@type":"WebPage","@id":"https:\/\/www.tunisie-chirurgie-esthetique.com\/blog\/boy-george-greffe-de-cheveux\/","url":"https:\/\/www.tunisie-chirurgie-esthetique.com\/blog\/boy-george-greffe-de-cheveux\/","name":"Boy George apr\u00e8s sa greffe de cheveux : un new look qui choque !","isPartOf":{"@id":"https:\/\/www.tunisie-chirurgie-esthetique.com\/blog\/#website"},"primaryImageOfPage":{"@id":"https:\/\/www.tunisie-chirurgie-esthetique.com\/blog\/boy-george-greffe-de-cheveux\/#primaryimage"},"image":{"@id":"https:\/\/www.tunisie-chirurgie-esthetique.com\/blog\/boy-george-greffe-de-cheveux\/#primaryimage"},"thumbnailUrl":"https:\/\/www.tunisie-chirurgie-esthetique.com\/blog\/wp-content\/uploads\/2022\/11\/boy-george-greffe-de-cheveux.webp","datePublished":"2022-11-16T14:35:18+00:00","dateModified":"2023-10-12T13:51:31+00:00","description":"Le chanteur de Culture Club a r\u00e9v\u00e9l\u00e9 dans l'\u00e9mission qu'il avait subi une greffe de cheveux afin d'avoir \u00e0 nouveau une chevelure compl\u00e8te.","breadcrumb":{"@id":"https:\/\/www.tunisie-chirurgie-esthetique.com\/blog\/boy-george-greffe-de-cheveux\/#breadcrumb"},"inLanguage":"fr-FR","potentialAction":[{"@type":"ReadAction","target":["https:\/\/www.tunisie-chirurgie-esthetique.com\/blog\/boy-george-greffe-de-cheveux\/"]}]},{"@type":"ImageObject","inLanguage":"fr-FR","@id":"https:\/\/www.tunisie-chirurgie-esthetique.com\/blog\/boy-george-greffe-de-cheveux\/#primaryimage","url":"https:\/\/www.tunisie-chirurgie-esthetique.com\/blog\/wp-content\/uploads\/2022\/11\/boy-george-greffe-de-cheveux.webp","contentUrl":"https:\/\/www.tunisie-chirurgie-esthetique.com\/blog\/wp-content\/uploads\/2022\/11\/boy-george-greffe-de-cheveux.webp","width":620,"height":351,"caption":"boy-george-greffe-de-cheveux"},{"@type":"BreadcrumbList","@id":"https:\/\/www.tunisie-chirurgie-esthetique.com\/blog\/boy-george-greffe-de-cheveux\/#breadcrumb","itemListElement":[{"@type":"ListItem","position":1,"name":"Accueil","item":"https:\/\/www.tunisie-chirurgie-esthetique.com\/blog\/"},{"@type":"ListItem","position":2,"name":"Guide &amp; Actualit\u00e9 chirurgie plastique","item":"https:\/\/www.tunisie-chirurgie-esthetique.com\/blog\/actualite-chirurgie-plastique\/"},{"@type":"ListItem","position":3,"name":"Le NEW LOOK de Boy George apr\u00e8s sa greffe de cheveux"}]},{"@type":"WebSite","@id":"https:\/\/www.tunisie-chirurgie-esthetique.com\/blog\/#website","url":"https:\/\/www.tunisie-chirurgie-esthetique.com\/blog\/","name":"Actualit\u00e9s en chirurgie et m\u00e9decine esth\u00e9tique Tunisie","description":"Chirurgie en Tunisie","publisher":{"@id":"https:\/\/www.tunisie-chirurgie-esthetique.com\/blog\/#organization"},"alternateName":"Forfaits chirurgie esth\u00e9tique Tunisie prix tout compris","potentialAction":[{"@type":"SearchAction","target":{"@type":"EntryPoint","urlTemplate":"https:\/\/www.tunisie-chirurgie-esthetique.com\/blog\/?s={search_term_string}"},"query-input":{"@type":"PropertyValueSpecification","valueRequired":true,"valueName":"search_term_string"}}],"inLanguage":"fr-FR"},{"@type":"Organization","@id":"https:\/\/www.tunisie-chirurgie-esthetique.com\/blog\/#organization","name":"TCE TUNISIE","alternateName":"Chirurgie esth\u00e9tique en Tunisie","url":"https:\/\/www.tunisie-chirurgie-esthetique.com\/blog\/","logo":{"@type":"ImageObject","inLanguage":"fr-FR","@id":"https:\/\/www.tunisie-chirurgie-esthetique.com\/blog\/#\/schema\/logo\/image\/","url":"https:\/\/www.tunisie-chirurgie-esthetique.com\/blog\/wp-content\/uploads\/2022\/08\/fav-tce.png","contentUrl":"https:\/\/www.tunisie-chirurgie-esthetique.com\/blog\/wp-content\/uploads\/2022\/08\/fav-tce.png","width":512,"height":512,"caption":"TCE TUNISIE"},"image":{"@id":"https:\/\/www.tunisie-chirurgie-esthetique.com\/blog\/#\/schema\/logo\/image\/"},"sameAs":["https:\/\/www.facebook.com\/TCETUNISIE\/","https:\/\/x.com\/Tunisie_CE","https:\/\/www.instagram.com\/tunisiece\/","https:\/\/www.linkedin.com\/company\/tunisie-chirurgie-etshetique-tce\/","https:\/\/www.pinterest.fr\/tunisiechirurgi\/","https:\/\/www.youtube.com\/channel\/UCFZHPINDbYAa_yhOk121j7A\/?sub_confirmation=1"]},{"@type":"Person","@id":"https:\/\/www.tunisie-chirurgie-esthetique.com\/blog\/#\/schema\/person\/55f99d583f39ff82c83ea8d20bfb8dac","name":"Dina Legrand","description":"Je m'appelle Dina Legrand, dipl\u00f4m\u00e9e d'un Master en sciences de la sant\u00e9 de l'Universit\u00e9 de Tunis et de Paris. Forte d'une exp\u00e9rience de plus de 15 ans dans le domaine m\u00e9dical, je me suis sp\u00e9cialis\u00e9e dans la r\u00e9daction, la vulgarisation et la gestion de projets scientifiques. Dot\u00e9e d'une grande aisance r\u00e9dactionnelle, j'ai ensuite \u0153uvr\u00e9 en free-lance pour diverses institutions de sant\u00e9. J'ai organis\u00e9 avec succ\u00e8s plusieurs congr\u00e8s m\u00e9dicaux internationaux, requ\u00e9rant rigueur et capacit\u00e9 de gestion de projets complexes. Aimant partager mon savoir, j'anime aujourd'hui le blog Tunisie-chirurgie-esth\u00e9tique.com, v\u00e9ritable r\u00e9f\u00e9rence en mati\u00e8re d'information m\u00e9dicale grand public. Mon objectif est de rendre accessibles des notions parfois ardues, en adoptant un ton p\u00e9dagogique et une plume clarifiant les derni\u00e8res avanc\u00e9es. Forte de ma double comp\u00e9tence m\u00e9dicale et r\u00e9dactionnelle, je me tiens \u00e0 la disposition des professionnels et particuliers pour toute mission d'\u00e9criture, de traduction ou de vulgarisation scientifique.","url":"https:\/\/www.tunisie-chirurgie-esthetique.com\/blog\/author\/nisieshi_tunesth\/"}]}},"_links":{"self":[{"href":"https:\/\/www.tunisie-chirurgie-esthetique.com\/blog\/wp-json\/wp\/v2\/posts\/5707","targetHints":{"allow":["GET"]}}],"collection":[{"href":"https:\/\/www.tunisie-chirurgie-esthetique.com\/blog\/wp-json\/wp\/v2\/posts"}],"about":[{"href":"https:\/\/www.tunisie-chirurgie-esthetique.com\/blog\/wp-json\/wp\/v2\/types\/post"}],"author":[{"embeddable":true,"href":"https:\/\/www.tunisie-chirurgie-esthetique.com\/blog\/wp-json\/wp\/v2\/users\/1"}],"replies":[{"embeddable":true,"href":"https:\/\/www.tunisie-chirurgie-esthetique.com\/blog\/wp-json\/wp\/v2\/comments?post=5707"}],"version-history":[{"count":12,"href":"https:\/\/www.tunisie-chirurgie-esthetique.com\/blog\/wp-json\/wp\/v2\/posts\/5707\/revisions"}],"predecessor-version":[{"id":5734,"href":"https:\/\/www.tunisie-chirurgie-esthetique.com\/blog\/wp-json\/wp\/v2\/posts\/5707\/revisions\/5734"}],"wp:featuredmedia":[{"embeddable":true,"href":"https:\/\/www.tunisie-chirurgie-esthetique.com\/blog\/wp-json\/wp\/v2\/media\/5710"}],"wp:attachment":[{"href":"https:\/\/www.tunisie-chirurgie-esthetique.com\/blog\/wp-json\/wp\/v2\/media?parent=5707"}],"wp:term":[{"taxonomy":"category","embeddable":true,"href":"https:\/\/www.tunisie-chirurgie-esthetique.com\/blog\/wp-json\/wp\/v2\/categories?post=5707"},{"taxonomy":"post_tag","embeddable":true,"href":"https:\/\/www.tunisie-chirurgie-esthetique.com\/blog\/wp-json\/wp\/v2\/tags?post=5707"}],"curies":[{"name":"wp","href":"https:\/\/api.w.org\/{rel}","templated":true}]}}