{"id":5609,"date":"2022-09-06T16:05:48","date_gmt":"2022-09-06T14:05:48","guid":{"rendered":"https:\/\/www.tunisie-chirurgie-esthetique.com\/blog\/?p=5609"},"modified":"2023-08-02T09:55:12","modified_gmt":"2023-08-02T07:55:12","slug":"karine-le-marchand-chirurgie-esthetique","status":"publish","type":"post","link":"https:\/\/www.tunisie-chirurgie-esthetique.com\/blog\/karine-le-marchand-chirurgie-esthetique\/","title":{"rendered":"Karine Le Marchand admet fi\u00e8rement son recours \u00e0 la chirurgie esth\u00e9tique"},"content":{"rendered":"<p>&#8220;<strong>Je l&#8217;assume<\/strong>&#8221; : Karine Le Marchand ne cache rien sur son recours \u00e0 la <strong>chirurgie esth\u00e9tique!<br \/>\n<\/strong><\/p>\n<p>Agac\u00e9e par l&#8217;injonction contradictoire faite aux femmes de rester \u00e9ternellement jeunes sans jamais rien retoucher, l&#8217;animatrice t\u00e9l\u00e9 Karine Le Marchand affirme, dans une interview qu&#8217;elle a eu recours \u00e0 la chirurgie esth\u00e9tique.<\/p>\n<p>Des complexes physiques ? Tr\u00e8s peu pour elle ! A 54 ans, l&#8217;animatrice Karine Le Marchand est plus que jamais bien dans son corps. L&#8217;ancienne colocataire de St\u00e9phane Plaza ne se cache pas derri\u00e8re son petit doigt pour dire qu&#8217;elle a eu recours \u00e0 la chirurgie esth\u00e9tique et que cela l&#8217;a aid\u00e9 \u00e0 accepter les <strong><a href=\"https:\/\/www.tunisie-chirurgie-esthetique.com\/blog\/lifting-facial-zones-visage-concernees\/\">signes du temps<\/a><\/strong> qui passe.<\/p>\n<p>&#8220;<strong>J&#8217;ai r\u00e9par\u00e9 ce qui n&#8217;allait pas, et je vis avec le reste. Bien s\u00fbr, ma peau n&#8217;est plus aussi ferme qu&#8217;\u00e0 25 ans, mais je n&#8217;y peux rien<\/strong>&#8220;, explique-t-elle \u00e0 son \u00e9pouse actuelle, avant de plaisanter sur le fait qu&#8217;avec l&#8217;\u00e2ge sa vue baisse et qu&#8217;elle voit moins ses d\u00e9fauts.<\/p>\n<p><img loading=\"lazy\" decoding=\"async\" class=\"aligncenter wp-image-5614 size-large\" src=\"https:\/\/www.tunisie-chirurgie-esthetique.com\/blog\/wp-content\/uploads\/2022\/09\/karine-le-marchand-m6-1024x672.jpg\" alt=\"\" width=\"750\" height=\"492\" srcset=\"https:\/\/www.tunisie-chirurgie-esthetique.com\/blog\/wp-content\/uploads\/2022\/09\/karine-le-marchand-m6-1024x672.jpg 1024w, https:\/\/www.tunisie-chirurgie-esthetique.com\/blog\/wp-content\/uploads\/2022\/09\/karine-le-marchand-m6-300x197.jpg 300w, https:\/\/www.tunisie-chirurgie-esthetique.com\/blog\/wp-content\/uploads\/2022\/09\/karine-le-marchand-m6-768x504.jpg 768w, https:\/\/www.tunisie-chirurgie-esthetique.com\/blog\/wp-content\/uploads\/2022\/09\/karine-le-marchand-m6.jpg 1200w\" sizes=\"auto, (max-width: 750px) 100vw, 750px\" \/><\/p>\n<p>Quand elle dit avoir &#8220;r\u00e9par\u00e9 ce qui n&#8217;allait pas&#8221;, Karine Le Marchand parle bien de <strong><a href=\"https:\/\/www.tunisie-chirurgie-esthetique.com\/\">chirurgie esth\u00e9tique<\/a><\/strong>. Un recours au bistouri qu&#8217;elle revendique, tout en d\u00e9non\u00e7ant les faux semblants de la soci\u00e9t\u00e9 sur le sujet. &#8220;<strong>Je suis contre cette hypocrisie qui consiste \u00e0 dire aux femmes qu&#8217;elles doivent rester jeunes et belles, mais sans jamais rien faire &#8216;sinon \u00e7a ne fait pas naturel&#8217;. Moi, je me suis fait op\u00e9rer, et je l&#8217;assume !<\/strong>&#8221; d\u00e9cide-t-elle aupr\u00e8s de nos confr\u00e8res.<\/p>\n<p>Pas avare d&#8217;informations sur le sujet, Karine Le Marchand donne m\u00eame des conseils sur <a href=\"https:\/\/www.tunisie-chirurgie-esthetique.com\/blog\/comment-prevenir-lapparition-des-rides\/\">le meilleur moment pour commencer \u00e0 faire de la chirurgie esth\u00e9tique<\/a>. Selon l&#8217;animatrice de L&#8217;amour est dans le pr\u00e9, le meilleur moment est celui o\u00f9 &#8220;<strong>on n&#8217;est plus d&#8217;accord avec ce qu&#8217;on voit dans le miroir<\/strong>&#8220;. Ce qui \u00e9tait son cas.<\/p>\n<p>Karine Le Marchand explique \u00e9galement, en regrettant pour ses coll\u00e8gues, avoir vu des animateurs t\u00e9l\u00e9 refuser d&#8217;\u00eatre film\u00e9s sous certains angles ou rentrer le ventre d\u00e8s que la cam\u00e9ra commence \u00e0 tourner. Mais, assure l&#8217;animatrice t\u00e9l\u00e9 : &#8220;<strong>chacun doit avant tout faire ce qu&#8217;il veut et le faire pour lui-m\u00eame<\/strong> !&#8221;. C&#8217;est clair.<\/p>\n","protected":false},"excerpt":{"rendered":"<p>&#8220;Je l&#8217;assume&#8221; : Karine Le Marchand ne cache rien sur son recours \u00e0 la chirurgie esth\u00e9tique! Agac\u00e9e par l&#8217;injonction contradictoire faite aux femmes de rester \u00e9ternellement jeunes sans jamais rien retoucher, l&#8217;animatrice t\u00e9l\u00e9 Karine Le Marchand affirme, dans une interview qu&#8217;elle a eu recours \u00e0 la chirurgie esth\u00e9tique. Des complexes physiques ? Tr\u00e8s peu pour [&hellip;]<\/p>\n","protected":false},"author":1,"featured_media":5613,"comment_status":"closed","ping_status":"closed","sticky":false,"template":"","format":"standard","meta":{"rop_custom_images_group":[],"rop_custom_messages_group":[],"rop_publish_now":"initial","rop_publish_now_accounts":{"facebook_2803965346576775_1735562453331861":"","twitter_4255985368_4255985368":""},"rop_publish_now_history":[],"rop_publish_now_status":"pending","footnotes":""},"categories":[1],"tags":[],"class_list":["post-5609","post","type-post","status-publish","format-standard","has-post-thumbnail","hentry","category-actualite-chirurgie-plastique"],"yoast_head":"<!-- This site is optimized with the Yoast SEO plugin v27.4 - https:\/\/yoast.com\/product\/yoast-seo-wordpress\/ -->\n<title>Karine Le Marchand admet fi\u00e8rement son recours \u00e0 la chirurgie esth\u00e9tique<\/title>\n<meta name=\"description\" content=\"Karine Le Marchand ne cache rien sur son recours \u00e0 la chirurgie esth\u00e9tique, elle l&#039;assume avec s\u00e9r\u00e9nit\u00e9 et sourire\" \/>\n<meta name=\"robots\" content=\"index, follow, max-snippet:-1, max-image-preview:large, max-video-preview:-1\" \/>\n<link rel=\"canonical\" href=\"https:\/\/www.tunisie-chirurgie-esthetique.com\/blog\/karine-le-marchand-chirurgie-esthetique\/\" \/>\n<meta property=\"og:locale\" content=\"fr_FR\" \/>\n<meta property=\"og:type\" content=\"article\" \/>\n<meta property=\"og:title\" content=\"Karine Le Marchand admet fi\u00e8rement son recours \u00e0 la chirurgie esth\u00e9tique\" \/>\n<meta property=\"og:description\" content=\"Karine Le Marchand ne cache rien sur son recours \u00e0 la chirurgie esth\u00e9tique, elle l&#039;assume avec s\u00e9r\u00e9nit\u00e9 et sourire\" \/>\n<meta property=\"og:url\" content=\"https:\/\/www.tunisie-chirurgie-esthetique.com\/blog\/karine-le-marchand-chirurgie-esthetique\/\" \/>\n<meta property=\"og:site_name\" content=\"Actualit\u00e9s Chirurgie Esth\u00e9tique Tunisie\" \/>\n<meta property=\"article:publisher\" content=\"https:\/\/www.facebook.com\/TCETUNISIE\/\" \/>\n<meta property=\"article:published_time\" content=\"2022-09-06T14:05:48+00:00\" \/>\n<meta property=\"article:modified_time\" content=\"2023-08-02T07:55:12+00:00\" \/>\n<meta property=\"og:image\" content=\"https:\/\/www.tunisie-chirurgie-esthetique.com\/blog\/wp-content\/uploads\/2022\/09\/Karine-Le-Marchand-chirurgie-esthetique.webp\" \/>\n\t<meta property=\"og:image:width\" content=\"750\" \/>\n\t<meta property=\"og:image:height\" content=\"394\" \/>\n\t<meta property=\"og:image:type\" content=\"image\/webp\" \/>\n<meta name=\"author\" content=\"Dina Legrand\" \/>\n<meta name=\"twitter:card\" content=\"summary_large_image\" \/>\n<meta name=\"twitter:creator\" content=\"@Tunisie_CE\" \/>\n<meta name=\"twitter:site\" content=\"@Tunisie_CE\" \/>\n<meta name=\"twitter:label1\" content=\"\u00c9crit par\" \/>\n\t<meta name=\"twitter:data1\" content=\"Dina Legrand\" \/>\n\t<meta name=\"twitter:label2\" content=\"Dur\u00e9e de lecture estim\u00e9e\" \/>\n\t<meta name=\"twitter:data2\" content=\"2 minutes\" \/>\n<!-- \/ Yoast SEO plugin. -->","yoast_head_json":{"title":"Karine Le Marchand admet fi\u00e8rement son recours \u00e0 la chirurgie esth\u00e9tique","description":"Karine Le Marchand ne cache rien sur son recours \u00e0 la chirurgie esth\u00e9tique, elle l'assume avec s\u00e9r\u00e9nit\u00e9 et sourire","robots":{"index":"index","follow":"follow","max-snippet":"max-snippet:-1","max-image-preview":"max-image-preview:large","max-video-preview":"max-video-preview:-1"},"canonical":"https:\/\/www.tunisie-chirurgie-esthetique.com\/blog\/karine-le-marchand-chirurgie-esthetique\/","og_locale":"fr_FR","og_type":"article","og_title":"Karine Le Marchand admet fi\u00e8rement son recours \u00e0 la chirurgie esth\u00e9tique","og_description":"Karine Le Marchand ne cache rien sur son recours \u00e0 la chirurgie esth\u00e9tique, elle l'assume avec s\u00e9r\u00e9nit\u00e9 et sourire","og_url":"https:\/\/www.tunisie-chirurgie-esthetique.com\/blog\/karine-le-marchand-chirurgie-esthetique\/","og_site_name":"Actualit\u00e9s Chirurgie Esth\u00e9tique Tunisie","article_publisher":"https:\/\/www.facebook.com\/TCETUNISIE\/","article_published_time":"2022-09-06T14:05:48+00:00","article_modified_time":"2023-08-02T07:55:12+00:00","og_image":[{"width":750,"height":394,"url":"https:\/\/www.tunisie-chirurgie-esthetique.com\/blog\/wp-content\/uploads\/2022\/09\/Karine-Le-Marchand-chirurgie-esthetique.webp","type":"image\/webp"}],"author":"Dina Legrand","twitter_card":"summary_large_image","twitter_creator":"@Tunisie_CE","twitter_site":"@Tunisie_CE","twitter_misc":{"\u00c9crit par":"Dina Legrand","Dur\u00e9e de lecture estim\u00e9e":"2 minutes"},"schema":{"@context":"https:\/\/schema.org","@graph":[{"@type":["Article","BlogPosting"],"@id":"https:\/\/www.tunisie-chirurgie-esthetique.com\/blog\/karine-le-marchand-chirurgie-esthetique\/#article","isPartOf":{"@id":"https:\/\/www.tunisie-chirurgie-esthetique.com\/blog\/karine-le-marchand-chirurgie-esthetique\/"},"author":{"name":"Dina Legrand","@id":"https:\/\/www.tunisie-chirurgie-esthetique.com\/blog\/#\/schema\/person\/55f99d583f39ff82c83ea8d20bfb8dac"},"headline":"Karine Le Marchand admet fi\u00e8rement son recours \u00e0 la chirurgie esth\u00e9tique","datePublished":"2022-09-06T14:05:48+00:00","dateModified":"2023-08-02T07:55:12+00:00","mainEntityOfPage":{"@id":"https:\/\/www.tunisie-chirurgie-esthetique.com\/blog\/karine-le-marchand-chirurgie-esthetique\/"},"wordCount":371,"publisher":{"@id":"https:\/\/www.tunisie-chirurgie-esthetique.com\/blog\/#organization"},"image":{"@id":"https:\/\/www.tunisie-chirurgie-esthetique.com\/blog\/karine-le-marchand-chirurgie-esthetique\/#primaryimage"},"thumbnailUrl":"https:\/\/www.tunisie-chirurgie-esthetique.com\/blog\/wp-content\/uploads\/2022\/09\/Karine-Le-Marchand-chirurgie-esthetique.webp","articleSection":["Guide &amp; Actualit\u00e9 chirurgie plastique"],"inLanguage":"fr-FR"},{"@type":"WebPage","@id":"https:\/\/www.tunisie-chirurgie-esthetique.com\/blog\/karine-le-marchand-chirurgie-esthetique\/","url":"https:\/\/www.tunisie-chirurgie-esthetique.com\/blog\/karine-le-marchand-chirurgie-esthetique\/","name":"Karine Le Marchand admet fi\u00e8rement son recours \u00e0 la chirurgie esth\u00e9tique","isPartOf":{"@id":"https:\/\/www.tunisie-chirurgie-esthetique.com\/blog\/#website"},"primaryImageOfPage":{"@id":"https:\/\/www.tunisie-chirurgie-esthetique.com\/blog\/karine-le-marchand-chirurgie-esthetique\/#primaryimage"},"image":{"@id":"https:\/\/www.tunisie-chirurgie-esthetique.com\/blog\/karine-le-marchand-chirurgie-esthetique\/#primaryimage"},"thumbnailUrl":"https:\/\/www.tunisie-chirurgie-esthetique.com\/blog\/wp-content\/uploads\/2022\/09\/Karine-Le-Marchand-chirurgie-esthetique.webp","datePublished":"2022-09-06T14:05:48+00:00","dateModified":"2023-08-02T07:55:12+00:00","description":"Karine Le Marchand ne cache rien sur son recours \u00e0 la chirurgie esth\u00e9tique, elle l'assume avec s\u00e9r\u00e9nit\u00e9 et sourire","breadcrumb":{"@id":"https:\/\/www.tunisie-chirurgie-esthetique.com\/blog\/karine-le-marchand-chirurgie-esthetique\/#breadcrumb"},"inLanguage":"fr-FR","potentialAction":[{"@type":"ReadAction","target":["https:\/\/www.tunisie-chirurgie-esthetique.com\/blog\/karine-le-marchand-chirurgie-esthetique\/"]}]},{"@type":"ImageObject","inLanguage":"fr-FR","@id":"https:\/\/www.tunisie-chirurgie-esthetique.com\/blog\/karine-le-marchand-chirurgie-esthetique\/#primaryimage","url":"https:\/\/www.tunisie-chirurgie-esthetique.com\/blog\/wp-content\/uploads\/2022\/09\/Karine-Le-Marchand-chirurgie-esthetique.webp","contentUrl":"https:\/\/www.tunisie-chirurgie-esthetique.com\/blog\/wp-content\/uploads\/2022\/09\/Karine-Le-Marchand-chirurgie-esthetique.webp","width":750,"height":394},{"@type":"BreadcrumbList","@id":"https:\/\/www.tunisie-chirurgie-esthetique.com\/blog\/karine-le-marchand-chirurgie-esthetique\/#breadcrumb","itemListElement":[{"@type":"ListItem","position":1,"name":"Accueil","item":"https:\/\/www.tunisie-chirurgie-esthetique.com\/blog\/"},{"@type":"ListItem","position":2,"name":"Guide &amp; Actualit\u00e9 chirurgie plastique","item":"https:\/\/www.tunisie-chirurgie-esthetique.com\/blog\/actualite-chirurgie-plastique\/"},{"@type":"ListItem","position":3,"name":"Karine Le Marchand admet fi\u00e8rement son recours \u00e0 la chirurgie esth\u00e9tique"}]},{"@type":"WebSite","@id":"https:\/\/www.tunisie-chirurgie-esthetique.com\/blog\/#website","url":"https:\/\/www.tunisie-chirurgie-esthetique.com\/blog\/","name":"Actualit\u00e9s en chirurgie et m\u00e9decine esth\u00e9tique Tunisie","description":"Chirurgie en Tunisie","publisher":{"@id":"https:\/\/www.tunisie-chirurgie-esthetique.com\/blog\/#organization"},"alternateName":"Forfaits chirurgie esth\u00e9tique Tunisie prix tout compris","potentialAction":[{"@type":"SearchAction","target":{"@type":"EntryPoint","urlTemplate":"https:\/\/www.tunisie-chirurgie-esthetique.com\/blog\/?s={search_term_string}"},"query-input":{"@type":"PropertyValueSpecification","valueRequired":true,"valueName":"search_term_string"}}],"inLanguage":"fr-FR"},{"@type":"Organization","@id":"https:\/\/www.tunisie-chirurgie-esthetique.com\/blog\/#organization","name":"TCE TUNISIE","alternateName":"Chirurgie esth\u00e9tique en Tunisie","url":"https:\/\/www.tunisie-chirurgie-esthetique.com\/blog\/","logo":{"@type":"ImageObject","inLanguage":"fr-FR","@id":"https:\/\/www.tunisie-chirurgie-esthetique.com\/blog\/#\/schema\/logo\/image\/","url":"https:\/\/www.tunisie-chirurgie-esthetique.com\/blog\/wp-content\/uploads\/2022\/08\/fav-tce.png","contentUrl":"https:\/\/www.tunisie-chirurgie-esthetique.com\/blog\/wp-content\/uploads\/2022\/08\/fav-tce.png","width":512,"height":512,"caption":"TCE TUNISIE"},"image":{"@id":"https:\/\/www.tunisie-chirurgie-esthetique.com\/blog\/#\/schema\/logo\/image\/"},"sameAs":["https:\/\/www.facebook.com\/TCETUNISIE\/","https:\/\/x.com\/Tunisie_CE","https:\/\/www.instagram.com\/tunisiece\/","https:\/\/www.linkedin.com\/company\/tunisie-chirurgie-etshetique-tce\/","https:\/\/www.pinterest.fr\/tunisiechirurgi\/","https:\/\/www.youtube.com\/channel\/UCFZHPINDbYAa_yhOk121j7A\/?sub_confirmation=1"]},{"@type":"Person","@id":"https:\/\/www.tunisie-chirurgie-esthetique.com\/blog\/#\/schema\/person\/55f99d583f39ff82c83ea8d20bfb8dac","name":"Dina Legrand","description":"Je m'appelle Dina Legrand, dipl\u00f4m\u00e9e d'un Master en sciences de la sant\u00e9 de l'Universit\u00e9 de Tunis et de Paris. Forte d'une exp\u00e9rience de plus de 15 ans dans le domaine m\u00e9dical, je me suis sp\u00e9cialis\u00e9e dans la r\u00e9daction, la vulgarisation et la gestion de projets scientifiques. Dot\u00e9e d'une grande aisance r\u00e9dactionnelle, j'ai ensuite \u0153uvr\u00e9 en free-lance pour diverses institutions de sant\u00e9. J'ai organis\u00e9 avec succ\u00e8s plusieurs congr\u00e8s m\u00e9dicaux internationaux, requ\u00e9rant rigueur et capacit\u00e9 de gestion de projets complexes. Aimant partager mon savoir, j'anime aujourd'hui le blog Tunisie-chirurgie-esth\u00e9tique.com, v\u00e9ritable r\u00e9f\u00e9rence en mati\u00e8re d'information m\u00e9dicale grand public. Mon objectif est de rendre accessibles des notions parfois ardues, en adoptant un ton p\u00e9dagogique et une plume clarifiant les derni\u00e8res avanc\u00e9es. Forte de ma double comp\u00e9tence m\u00e9dicale et r\u00e9dactionnelle, je me tiens \u00e0 la disposition des professionnels et particuliers pour toute mission d'\u00e9criture, de traduction ou de vulgarisation scientifique.","url":"https:\/\/www.tunisie-chirurgie-esthetique.com\/blog\/author\/nisieshi_tunesth\/"}]}},"_links":{"self":[{"href":"https:\/\/www.tunisie-chirurgie-esthetique.com\/blog\/wp-json\/wp\/v2\/posts\/5609","targetHints":{"allow":["GET"]}}],"collection":[{"href":"https:\/\/www.tunisie-chirurgie-esthetique.com\/blog\/wp-json\/wp\/v2\/posts"}],"about":[{"href":"https:\/\/www.tunisie-chirurgie-esthetique.com\/blog\/wp-json\/wp\/v2\/types\/post"}],"author":[{"embeddable":true,"href":"https:\/\/www.tunisie-chirurgie-esthetique.com\/blog\/wp-json\/wp\/v2\/users\/1"}],"replies":[{"embeddable":true,"href":"https:\/\/www.tunisie-chirurgie-esthetique.com\/blog\/wp-json\/wp\/v2\/comments?post=5609"}],"version-history":[{"count":4,"href":"https:\/\/www.tunisie-chirurgie-esthetique.com\/blog\/wp-json\/wp\/v2\/posts\/5609\/revisions"}],"predecessor-version":[{"id":5616,"href":"https:\/\/www.tunisie-chirurgie-esthetique.com\/blog\/wp-json\/wp\/v2\/posts\/5609\/revisions\/5616"}],"wp:featuredmedia":[{"embeddable":true,"href":"https:\/\/www.tunisie-chirurgie-esthetique.com\/blog\/wp-json\/wp\/v2\/media\/5613"}],"wp:attachment":[{"href":"https:\/\/www.tunisie-chirurgie-esthetique.com\/blog\/wp-json\/wp\/v2\/media?parent=5609"}],"wp:term":[{"taxonomy":"category","embeddable":true,"href":"https:\/\/www.tunisie-chirurgie-esthetique.com\/blog\/wp-json\/wp\/v2\/categories?post=5609"},{"taxonomy":"post_tag","embeddable":true,"href":"https:\/\/www.tunisie-chirurgie-esthetique.com\/blog\/wp-json\/wp\/v2\/tags?post=5609"}],"curies":[{"name":"wp","href":"https:\/\/api.w.org\/{rel}","templated":true}]}}