{"id":4986,"date":"2022-08-02T13:35:25","date_gmt":"2022-08-02T11:35:25","guid":{"rendered":"https:\/\/www.tunisie-chirurgie-esthetique.com\/blog\/?p=4986"},"modified":"2023-08-02T09:55:45","modified_gmt":"2023-08-02T07:55:45","slug":"reduction-levres","status":"publish","type":"post","link":"https:\/\/www.tunisie-chirurgie-esthetique.com\/blog\/reduction-levres\/","title":{"rendered":"R\u00e9duction des l\u00e8vres : Ch\u00e9iloplastie"},"content":{"rendered":"<div id=\"ez-toc-container\" class=\"ez-toc-v2_0_82_2 counter-hierarchy ez-toc-counter ez-toc-light-blue ez-toc-container-direction\">\n<div class=\"ez-toc-title-container\">\n<p class=\"ez-toc-title ez-toc-toggle\" style=\"cursor:pointer\">Sommaire<\/p>\n<span class=\"ez-toc-title-toggle\"><a href=\"#\" class=\"ez-toc-pull-right ez-toc-btn ez-toc-btn-xs ez-toc-btn-default ez-toc-toggle\" aria-label=\"Toggle Table of Content\"><span class=\"ez-toc-js-icon-con\"><span class=\"\"><span class=\"eztoc-hide\" style=\"display:none;\">Toggle<\/span><span class=\"ez-toc-icon-toggle-span\"><svg style=\"fill: #999;color:#999\" xmlns=\"http:\/\/www.w3.org\/2000\/svg\" class=\"list-377408\" width=\"20px\" height=\"20px\" viewBox=\"0 0 24 24\" fill=\"none\"><path d=\"M6 6H4v2h2V6zm14 0H8v2h12V6zM4 11h2v2H4v-2zm16 0H8v2h12v-2zM4 16h2v2H4v-2zm16 0H8v2h12v-2z\" fill=\"currentColor\"><\/path><\/svg><svg style=\"fill: #999;color:#999\" class=\"arrow-unsorted-368013\" xmlns=\"http:\/\/www.w3.org\/2000\/svg\" width=\"10px\" height=\"10px\" viewBox=\"0 0 24 24\" version=\"1.2\" baseProfile=\"tiny\"><path d=\"M18.2 9.3l-6.2-6.3-6.2 6.3c-.2.2-.3.4-.3.7s.1.5.3.7c.2.2.4.3.7.3h11c.3 0 .5-.1.7-.3.2-.2.3-.5.3-.7s-.1-.5-.3-.7zM5.8 14.7l6.2 6.3 6.2-6.3c.2-.2.3-.5.3-.7s-.1-.5-.3-.7c-.2-.2-.4-.3-.7-.3h-11c-.3 0-.5.1-.7.3-.2.2-.3.5-.3.7s.1.5.3.7z\"\/><\/svg><\/span><\/span><\/span><\/a><\/span><\/div>\n<nav><ul class='ez-toc-list ez-toc-list-level-1 eztoc-toggle-hide-by-default' ><li class='ez-toc-page-1 ez-toc-heading-level-2'><a class=\"ez-toc-link ez-toc-heading-1\" href=\"https:\/\/www.tunisie-chirurgie-esthetique.com\/blog\/reduction-levres\/#Quest-ce_que_la_reduction_des_levres\" >Qu&#8217;est-ce que la r\u00e9duction des l\u00e8vres ?<\/a><\/li><li class='ez-toc-page-1 ez-toc-heading-level-2'><a class=\"ez-toc-link ez-toc-heading-2\" href=\"https:\/\/www.tunisie-chirurgie-esthetique.com\/blog\/reduction-levres\/#Lart_de_la_chirurgie_de_reduction_et_de_reconstruction_des_levres_Cheiloplastie\" >L&#8217;art de la chirurgie de r\u00e9duction et de reconstruction des l\u00e8vres : Ch\u00e9iloplastie<\/a><\/li><li class='ez-toc-page-1 ez-toc-heading-level-2'><a class=\"ez-toc-link ez-toc-heading-3\" href=\"https:\/\/www.tunisie-chirurgie-esthetique.com\/blog\/reduction-levres\/#Etes-vous_le_candidat_ideal_pour_une_reduction_des_levres\" >\u00cates-vous le candidat id\u00e9al pour une r\u00e9duction des l\u00e8vres ?<\/a><\/li><li class='ez-toc-page-1 ez-toc-heading-level-2'><a class=\"ez-toc-link ez-toc-heading-4\" href=\"https:\/\/www.tunisie-chirurgie-esthetique.com\/blog\/reduction-levres\/#Comment_se_deroule_la_reduction_des_levres\" >Comment se d\u00e9roule la r\u00e9duction des l\u00e8vres ?<\/a><\/li><li class='ez-toc-page-1 ez-toc-heading-level-2'><a class=\"ez-toc-link ez-toc-heading-5\" href=\"https:\/\/www.tunisie-chirurgie-esthetique.com\/blog\/reduction-levres\/#Quelle_est_la_duree_de_la_periode_de_recuperation_apres_une_reduction_des_levres\" >Quelle est la dur\u00e9e de la p\u00e9riode de r\u00e9cup\u00e9ration apr\u00e8s une r\u00e9duction des l\u00e8vres ?<\/a><\/li><\/ul><\/nav><\/div>\n<h2><span class=\"ez-toc-section\" id=\"Quest-ce_que_la_reduction_des_levres\"><\/span>Qu&#8217;est-ce que la r\u00e9duction des l\u00e8vres ?<span class=\"ez-toc-section-end\"><\/span><\/h2>\n<p>Souvent en raison de facteurs g\u00e9n\u00e9tiques ou ethniques, ou parfois m\u00eame d&#8217;une pr\u00e9c\u00e9dente chirurgie d\u2019augmentation des l\u00e8vres b\u00e2cl\u00e9e par un prestataire non qualifi\u00e9, une personne peut avoir l&#8217;impression qu&#8217;une ou deux de ses <strong>l\u00e8vres sont trop grandes<\/strong> et <strong>disproportionn\u00e9es<\/strong> par rapport aux autres traits de son visage. Dans ce cas, une <strong>r\u00e9duction des l\u00e8vres est la solution id\u00e9ale<\/strong>.<\/p>\n<h2><span class=\"ez-toc-section\" id=\"Lart_de_la_chirurgie_de_reduction_et_de_reconstruction_des_levres_Cheiloplastie\"><\/span>L&#8217;art de la chirurgie de r\u00e9duction et de reconstruction des l\u00e8vres : Ch\u00e9iloplastie<span class=\"ez-toc-section-end\"><\/span><\/h2>\n<p>La cl\u00e9 du succ\u00e8s de la chirurgie de r\u00e9duction des l\u00e8vres &#8211; et de presque toute chirurgie esth\u00e9tique &#8211; r\u00e9side dans le choix d&#8217;un chirurgien plastique qui poss\u00e8de non seulement la formation et les comp\u00e9tences techniques n\u00e9cessaires \u00e0 la r\u00e9alisation de l&#8217;intervention, mais aussi un \u0153il artistique aiguis\u00e9 et une bonne appr\u00e9ciation de la fa\u00e7on dont les l\u00e8vres s&#8217;int\u00e8grent aux autres traits du visage. Par exemple, lorsque les l\u00e8vres sont r\u00e9duites, mettent-elles toujours en valeur le menton, les joues et le nez ?<\/p>\n<h2><span class=\"ez-toc-section\" id=\"Etes-vous_le_candidat_ideal_pour_une_reduction_des_levres\"><\/span>\u00cates-vous le candidat id\u00e9al pour une r\u00e9duction des l\u00e8vres ?<span class=\"ez-toc-section-end\"><\/span><\/h2>\n<p>En g\u00e9n\u00e9ral, les personnes qui ont recours \u00e0 cette intervention pr\u00e9sentent les caract\u00e9ristiques suivantes :<\/p>\n<ul>\n<li>Des l\u00e8vres inf\u00e9rieures ou sup\u00e9rieures disproportionn\u00e9es ou trop saillantes<\/li>\n<li>Des l\u00e8vres naturellement \u00e9paisses ou saillantes en raison de facteurs ethniques ou g\u00e9n\u00e9tiques<\/li>\n<li>L\u00e8vres d\u00e9form\u00e9es cong\u00e9nitalement (par exemple, fente labiale ou palatine)<\/li>\n<li>L\u00e9sion des l\u00e8vres due \u00e0 un accident ou \u00e0 une maladie<\/li>\n<li>Augmentation des l\u00e8vres b\u00e2cl\u00e9e ant\u00e9rieurement qui a pu donner aux l\u00e8vres un aspect trop &#8220;gonfl\u00e9&#8221;.<\/li>\n<\/ul>\n<h2><span class=\"ez-toc-section\" id=\"Comment_se_deroule_la_reduction_des_levres\"><\/span>Comment se d\u00e9roule la r\u00e9duction des l\u00e8vres ?<span class=\"ez-toc-section-end\"><\/span><\/h2>\n<p>Au cours de l&#8217;intervention, une petite bande de peau est enlev\u00e9e horizontalement sur la face interne de la l\u00e8vre, juste au-del\u00e0 de la &#8220;ligne humide&#8221; de la l\u00e8vre.<\/p>\n<p>L&#8217;ext\u00e9rieur de la l\u00e8vre est ensuite tourn\u00e9 vers l&#8217;int\u00e9rieur de la bouche et l&#8217;incision est sutur\u00e9e. L&#8217;intervention peut \u00eatre pratiqu\u00e9e sur les l\u00e8vres sup\u00e9rieures et inf\u00e9rieures au cours de la m\u00eame s\u00e9ance, ou dans le cadre d&#8217;un ensemble de chirurgies plastiques de la zone p\u00e9ribuccale (autour de la bouche) et de la moiti\u00e9 inf\u00e9rieure du visage.<\/p>\n<p>L&#8217;intervention peut compl\u00e9ter un <strong>lifting de la l\u00e8vre sup\u00e9rieure<\/strong>, un <strong>rajeunissement p\u00e9ribuccal global<\/strong>, une <a href=\"https:\/\/www.tunisie-chirurgie-esthetique.com\/genioplastie-tunisie\"><strong>chirurgie de r\u00e9duction du menton<\/strong><\/a> ou m\u00eame une <a href=\"https:\/\/www.tunisie-chirurgie-esthetique.com\/blog\/faq-rhinoplastie-tunisie\/\"><strong>rhinoplastie<\/strong><\/a>.<\/p>\n<h2><span class=\"ez-toc-section\" id=\"Quelle_est_la_duree_de_la_periode_de_recuperation_apres_une_reduction_des_levres\"><\/span>Quelle est la dur\u00e9e de la p\u00e9riode de r\u00e9cup\u00e9ration apr\u00e8s une r\u00e9duction des l\u00e8vres ?<span class=\"ez-toc-section-end\"><\/span><\/h2>\n<p>En g\u00e9n\u00e9ral, les l\u00e8vres se r\u00e9tablissent assez rapidement. Au d\u00e9but de l&#8217;op\u00e9ration, vos l\u00e8vres peuvent \u00eatre gonfl\u00e9es et sensibles. Vous pouvez ressentir une douleur ou une g\u00eane mod\u00e9r\u00e9e, mais rien qui ne puisse \u00eatre trait\u00e9 avec des analg\u00e9siques en vente libre. Il se peut \u00e9galement que vous ayez des ecchymoses mod\u00e9r\u00e9es, mais elles devraient dispara\u00eetre dans les 5 \u00e0 10 jours.<\/p>\n<p>Vous devrez manger des aliments mous pendant environ une semaine et \u00e9viter les aliments trop acides, comme les oranges ou les tomates, qui pourraient irriter la plaie. Il vous sera demand\u00e9 de vous rincer la bouche avec un bain de bouche antiseptique plusieurs fois par jour afin de maintenir la zone chirurgicale propre. Vos points de suture resteront en place pendant 7 \u00e0 10 jours, apr\u00e8s quoi ils se dissoudront d&#8217;eux-m\u00eames.<\/p>\n","protected":false},"excerpt":{"rendered":"<p>Qu&#8217;est-ce que la r\u00e9duction des l\u00e8vres ? Souvent en raison de facteurs g\u00e9n\u00e9tiques ou ethniques, ou parfois m\u00eame d&#8217;une pr\u00e9c\u00e9dente chirurgie d\u2019augmentation des l\u00e8vres b\u00e2cl\u00e9e par un prestataire non qualifi\u00e9, une personne peut avoir l&#8217;impression qu&#8217;une ou deux de ses l\u00e8vres sont trop grandes et disproportionn\u00e9es par rapport aux autres traits de son visage. Dans [&hellip;]<\/p>\n","protected":false},"author":1,"featured_media":4992,"comment_status":"closed","ping_status":"closed","sticky":false,"template":"","format":"standard","meta":{"rop_custom_images_group":[],"rop_custom_messages_group":[],"rop_publish_now":"initial","rop_publish_now_accounts":{"facebook_2803965346576775_1735562453331861":"","twitter_4255985368_4255985368":""},"rop_publish_now_history":[],"rop_publish_now_status":"pending","footnotes":""},"categories":[1],"tags":[],"class_list":["post-4986","post","type-post","status-publish","format-standard","has-post-thumbnail","hentry","category-actualite-chirurgie-plastique"],"yoast_head":"<!-- This site is optimized with the Yoast SEO plugin v27.4 - https:\/\/yoast.com\/product\/yoast-seo-wordpress\/ -->\n<title>R\u00e9duction des l\u00e8vres : affiner votre bouche prix pas cher<\/title>\n<meta name=\"description\" content=\"Au cours de l&#039;intervention, une petite bande de peau est enlev\u00e9e horizontalement sur la face interne de la l\u00e8vre, juste au-del\u00e0 de la &quot;ligne humide&quot; de la l\u00e8vre.\" \/>\n<meta name=\"robots\" content=\"index, follow, max-snippet:-1, max-image-preview:large, max-video-preview:-1\" \/>\n<link rel=\"canonical\" href=\"https:\/\/www.tunisie-chirurgie-esthetique.com\/blog\/reduction-levres\/\" \/>\n<meta property=\"og:locale\" content=\"fr_FR\" \/>\n<meta property=\"og:type\" content=\"article\" \/>\n<meta property=\"og:title\" content=\"R\u00e9duction des l\u00e8vres : affiner votre bouche prix pas cher\" \/>\n<meta property=\"og:description\" content=\"Au cours de l&#039;intervention, une petite bande de peau est enlev\u00e9e horizontalement sur la face interne de la l\u00e8vre, juste au-del\u00e0 de la &quot;ligne humide&quot; de la l\u00e8vre.\" \/>\n<meta property=\"og:url\" content=\"https:\/\/www.tunisie-chirurgie-esthetique.com\/blog\/reduction-levres\/\" \/>\n<meta property=\"og:site_name\" content=\"Actualit\u00e9s Chirurgie Esth\u00e9tique Tunisie\" \/>\n<meta property=\"article:publisher\" content=\"https:\/\/www.facebook.com\/TCETUNISIE\/\" \/>\n<meta property=\"article:published_time\" content=\"2022-08-02T11:35:25+00:00\" \/>\n<meta property=\"article:modified_time\" content=\"2023-08-02T07:55:45+00:00\" \/>\n<meta property=\"og:image\" content=\"https:\/\/www.tunisie-chirurgie-esthetique.com\/blog\/wp-content\/uploads\/2022\/08\/reduction-levres-avant-apres.jpg\" \/>\n\t<meta property=\"og:image:width\" content=\"850\" \/>\n\t<meta property=\"og:image:height\" content=\"450\" \/>\n\t<meta property=\"og:image:type\" content=\"image\/jpeg\" \/>\n<meta name=\"author\" content=\"Dina Legrand\" \/>\n<meta name=\"twitter:card\" content=\"summary_large_image\" \/>\n<meta name=\"twitter:creator\" content=\"@Tunisie_CE\" \/>\n<meta name=\"twitter:site\" content=\"@Tunisie_CE\" \/>\n<meta name=\"twitter:label1\" content=\"\u00c9crit par\" \/>\n\t<meta name=\"twitter:data1\" content=\"Dina Legrand\" \/>\n\t<meta name=\"twitter:label2\" content=\"Dur\u00e9e de lecture estim\u00e9e\" \/>\n\t<meta name=\"twitter:data2\" content=\"3 minutes\" \/>\n<!-- \/ Yoast SEO plugin. -->","yoast_head_json":{"title":"R\u00e9duction des l\u00e8vres : affiner votre bouche prix pas cher","description":"Au cours de l'intervention, une petite bande de peau est enlev\u00e9e horizontalement sur la face interne de la l\u00e8vre, juste au-del\u00e0 de la \"ligne humide\" de la l\u00e8vre.","robots":{"index":"index","follow":"follow","max-snippet":"max-snippet:-1","max-image-preview":"max-image-preview:large","max-video-preview":"max-video-preview:-1"},"canonical":"https:\/\/www.tunisie-chirurgie-esthetique.com\/blog\/reduction-levres\/","og_locale":"fr_FR","og_type":"article","og_title":"R\u00e9duction des l\u00e8vres : affiner votre bouche prix pas cher","og_description":"Au cours de l'intervention, une petite bande de peau est enlev\u00e9e horizontalement sur la face interne de la l\u00e8vre, juste au-del\u00e0 de la \"ligne humide\" de la l\u00e8vre.","og_url":"https:\/\/www.tunisie-chirurgie-esthetique.com\/blog\/reduction-levres\/","og_site_name":"Actualit\u00e9s Chirurgie Esth\u00e9tique Tunisie","article_publisher":"https:\/\/www.facebook.com\/TCETUNISIE\/","article_published_time":"2022-08-02T11:35:25+00:00","article_modified_time":"2023-08-02T07:55:45+00:00","og_image":[{"width":850,"height":450,"url":"https:\/\/www.tunisie-chirurgie-esthetique.com\/blog\/wp-content\/uploads\/2022\/08\/reduction-levres-avant-apres.jpg","type":"image\/jpeg"}],"author":"Dina Legrand","twitter_card":"summary_large_image","twitter_creator":"@Tunisie_CE","twitter_site":"@Tunisie_CE","twitter_misc":{"\u00c9crit par":"Dina Legrand","Dur\u00e9e de lecture estim\u00e9e":"3 minutes"},"schema":{"@context":"https:\/\/schema.org","@graph":[{"@type":["Article","BlogPosting"],"@id":"https:\/\/www.tunisie-chirurgie-esthetique.com\/blog\/reduction-levres\/#article","isPartOf":{"@id":"https:\/\/www.tunisie-chirurgie-esthetique.com\/blog\/reduction-levres\/"},"author":{"name":"Dina Legrand","@id":"https:\/\/www.tunisie-chirurgie-esthetique.com\/blog\/#\/schema\/person\/55f99d583f39ff82c83ea8d20bfb8dac"},"headline":"R\u00e9duction des l\u00e8vres : Ch\u00e9iloplastie","datePublished":"2022-08-02T11:35:25+00:00","dateModified":"2023-08-02T07:55:45+00:00","mainEntityOfPage":{"@id":"https:\/\/www.tunisie-chirurgie-esthetique.com\/blog\/reduction-levres\/"},"wordCount":602,"publisher":{"@id":"https:\/\/www.tunisie-chirurgie-esthetique.com\/blog\/#organization"},"image":{"@id":"https:\/\/www.tunisie-chirurgie-esthetique.com\/blog\/reduction-levres\/#primaryimage"},"thumbnailUrl":"https:\/\/www.tunisie-chirurgie-esthetique.com\/blog\/wp-content\/uploads\/2022\/08\/reduction-levres-avant-apres.jpg","articleSection":["Guide &amp; Actualit\u00e9 chirurgie plastique"],"inLanguage":"fr-FR"},{"@type":"WebPage","@id":"https:\/\/www.tunisie-chirurgie-esthetique.com\/blog\/reduction-levres\/","url":"https:\/\/www.tunisie-chirurgie-esthetique.com\/blog\/reduction-levres\/","name":"R\u00e9duction des l\u00e8vres : affiner votre bouche prix pas cher","isPartOf":{"@id":"https:\/\/www.tunisie-chirurgie-esthetique.com\/blog\/#website"},"primaryImageOfPage":{"@id":"https:\/\/www.tunisie-chirurgie-esthetique.com\/blog\/reduction-levres\/#primaryimage"},"image":{"@id":"https:\/\/www.tunisie-chirurgie-esthetique.com\/blog\/reduction-levres\/#primaryimage"},"thumbnailUrl":"https:\/\/www.tunisie-chirurgie-esthetique.com\/blog\/wp-content\/uploads\/2022\/08\/reduction-levres-avant-apres.jpg","datePublished":"2022-08-02T11:35:25+00:00","dateModified":"2023-08-02T07:55:45+00:00","description":"Au cours de l'intervention, une petite bande de peau est enlev\u00e9e horizontalement sur la face interne de la l\u00e8vre, juste au-del\u00e0 de la \"ligne humide\" de la l\u00e8vre.","breadcrumb":{"@id":"https:\/\/www.tunisie-chirurgie-esthetique.com\/blog\/reduction-levres\/#breadcrumb"},"inLanguage":"fr-FR","potentialAction":[{"@type":"ReadAction","target":["https:\/\/www.tunisie-chirurgie-esthetique.com\/blog\/reduction-levres\/"]}]},{"@type":"ImageObject","inLanguage":"fr-FR","@id":"https:\/\/www.tunisie-chirurgie-esthetique.com\/blog\/reduction-levres\/#primaryimage","url":"https:\/\/www.tunisie-chirurgie-esthetique.com\/blog\/wp-content\/uploads\/2022\/08\/reduction-levres-avant-apres.jpg","contentUrl":"https:\/\/www.tunisie-chirurgie-esthetique.com\/blog\/wp-content\/uploads\/2022\/08\/reduction-levres-avant-apres.jpg","width":850,"height":450},{"@type":"BreadcrumbList","@id":"https:\/\/www.tunisie-chirurgie-esthetique.com\/blog\/reduction-levres\/#breadcrumb","itemListElement":[{"@type":"ListItem","position":1,"name":"Accueil","item":"https:\/\/www.tunisie-chirurgie-esthetique.com\/blog\/"},{"@type":"ListItem","position":2,"name":"Guide &amp; Actualit\u00e9 chirurgie plastique","item":"https:\/\/www.tunisie-chirurgie-esthetique.com\/blog\/actualite-chirurgie-plastique\/"},{"@type":"ListItem","position":3,"name":"R\u00e9duction des l\u00e8vres : Ch\u00e9iloplastie"}]},{"@type":"WebSite","@id":"https:\/\/www.tunisie-chirurgie-esthetique.com\/blog\/#website","url":"https:\/\/www.tunisie-chirurgie-esthetique.com\/blog\/","name":"Actualit\u00e9s en chirurgie et m\u00e9decine esth\u00e9tique Tunisie","description":"Chirurgie en Tunisie","publisher":{"@id":"https:\/\/www.tunisie-chirurgie-esthetique.com\/blog\/#organization"},"alternateName":"Forfaits chirurgie esth\u00e9tique Tunisie prix tout compris","potentialAction":[{"@type":"SearchAction","target":{"@type":"EntryPoint","urlTemplate":"https:\/\/www.tunisie-chirurgie-esthetique.com\/blog\/?s={search_term_string}"},"query-input":{"@type":"PropertyValueSpecification","valueRequired":true,"valueName":"search_term_string"}}],"inLanguage":"fr-FR"},{"@type":"Organization","@id":"https:\/\/www.tunisie-chirurgie-esthetique.com\/blog\/#organization","name":"TCE TUNISIE","alternateName":"Chirurgie esth\u00e9tique en Tunisie","url":"https:\/\/www.tunisie-chirurgie-esthetique.com\/blog\/","logo":{"@type":"ImageObject","inLanguage":"fr-FR","@id":"https:\/\/www.tunisie-chirurgie-esthetique.com\/blog\/#\/schema\/logo\/image\/","url":"https:\/\/www.tunisie-chirurgie-esthetique.com\/blog\/wp-content\/uploads\/2022\/08\/fav-tce.png","contentUrl":"https:\/\/www.tunisie-chirurgie-esthetique.com\/blog\/wp-content\/uploads\/2022\/08\/fav-tce.png","width":512,"height":512,"caption":"TCE TUNISIE"},"image":{"@id":"https:\/\/www.tunisie-chirurgie-esthetique.com\/blog\/#\/schema\/logo\/image\/"},"sameAs":["https:\/\/www.facebook.com\/TCETUNISIE\/","https:\/\/x.com\/Tunisie_CE","https:\/\/www.instagram.com\/tunisiece\/","https:\/\/www.linkedin.com\/company\/tunisie-chirurgie-etshetique-tce\/","https:\/\/www.pinterest.fr\/tunisiechirurgi\/","https:\/\/www.youtube.com\/channel\/UCFZHPINDbYAa_yhOk121j7A\/?sub_confirmation=1"]},{"@type":"Person","@id":"https:\/\/www.tunisie-chirurgie-esthetique.com\/blog\/#\/schema\/person\/55f99d583f39ff82c83ea8d20bfb8dac","name":"Dina Legrand","description":"Je m'appelle Dina Legrand, dipl\u00f4m\u00e9e d'un Master en sciences de la sant\u00e9 de l'Universit\u00e9 de Tunis et de Paris. Forte d'une exp\u00e9rience de plus de 15 ans dans le domaine m\u00e9dical, je me suis sp\u00e9cialis\u00e9e dans la r\u00e9daction, la vulgarisation et la gestion de projets scientifiques. Dot\u00e9e d'une grande aisance r\u00e9dactionnelle, j'ai ensuite \u0153uvr\u00e9 en free-lance pour diverses institutions de sant\u00e9. J'ai organis\u00e9 avec succ\u00e8s plusieurs congr\u00e8s m\u00e9dicaux internationaux, requ\u00e9rant rigueur et capacit\u00e9 de gestion de projets complexes. Aimant partager mon savoir, j'anime aujourd'hui le blog Tunisie-chirurgie-esth\u00e9tique.com, v\u00e9ritable r\u00e9f\u00e9rence en mati\u00e8re d'information m\u00e9dicale grand public. Mon objectif est de rendre accessibles des notions parfois ardues, en adoptant un ton p\u00e9dagogique et une plume clarifiant les derni\u00e8res avanc\u00e9es. Forte de ma double comp\u00e9tence m\u00e9dicale et r\u00e9dactionnelle, je me tiens \u00e0 la disposition des professionnels et particuliers pour toute mission d'\u00e9criture, de traduction ou de vulgarisation scientifique.","url":"https:\/\/www.tunisie-chirurgie-esthetique.com\/blog\/author\/nisieshi_tunesth\/"}]}},"_links":{"self":[{"href":"https:\/\/www.tunisie-chirurgie-esthetique.com\/blog\/wp-json\/wp\/v2\/posts\/4986","targetHints":{"allow":["GET"]}}],"collection":[{"href":"https:\/\/www.tunisie-chirurgie-esthetique.com\/blog\/wp-json\/wp\/v2\/posts"}],"about":[{"href":"https:\/\/www.tunisie-chirurgie-esthetique.com\/blog\/wp-json\/wp\/v2\/types\/post"}],"author":[{"embeddable":true,"href":"https:\/\/www.tunisie-chirurgie-esthetique.com\/blog\/wp-json\/wp\/v2\/users\/1"}],"replies":[{"embeddable":true,"href":"https:\/\/www.tunisie-chirurgie-esthetique.com\/blog\/wp-json\/wp\/v2\/comments?post=4986"}],"version-history":[{"count":5,"href":"https:\/\/www.tunisie-chirurgie-esthetique.com\/blog\/wp-json\/wp\/v2\/posts\/4986\/revisions"}],"predecessor-version":[{"id":5545,"href":"https:\/\/www.tunisie-chirurgie-esthetique.com\/blog\/wp-json\/wp\/v2\/posts\/4986\/revisions\/5545"}],"wp:featuredmedia":[{"embeddable":true,"href":"https:\/\/www.tunisie-chirurgie-esthetique.com\/blog\/wp-json\/wp\/v2\/media\/4992"}],"wp:attachment":[{"href":"https:\/\/www.tunisie-chirurgie-esthetique.com\/blog\/wp-json\/wp\/v2\/media?parent=4986"}],"wp:term":[{"taxonomy":"category","embeddable":true,"href":"https:\/\/www.tunisie-chirurgie-esthetique.com\/blog\/wp-json\/wp\/v2\/categories?post=4986"},{"taxonomy":"post_tag","embeddable":true,"href":"https:\/\/www.tunisie-chirurgie-esthetique.com\/blog\/wp-json\/wp\/v2\/tags?post=4986"}],"curies":[{"name":"wp","href":"https:\/\/api.w.org\/{rel}","templated":true}]}}