{"id":4694,"date":"2022-02-07T15:59:12","date_gmt":"2022-02-07T14:59:12","guid":{"rendered":"https:\/\/www.tunisie-chirurgie-esthetique.com\/blog\/?p=4694"},"modified":"2023-08-02T10:32:06","modified_gmt":"2023-08-02T08:32:06","slug":"victoria-mehault-chirurgies-esthetiques","status":"publish","type":"post","link":"https:\/\/www.tunisie-chirurgie-esthetique.com\/blog\/victoria-mehault-chirurgies-esthetiques\/","title":{"rendered":"Victoria Mehault adapte de la chirurgie esth\u00e9tique regrette sa derni\u00e8re intervention"},"content":{"rendered":"<p>Si la jeune femme a pu devenir une candidate embl\u00e9matique de la t\u00e9l\u00e9-r\u00e9alit\u00e9, c&#8217;est gr\u00e2ce \u00e0 sa participation \u00e0 l&#8217;\u00e9mission <strong>Les Marseillais aux Cara\u00efbes<\/strong>. Une aventure qui a chang\u00e9 la vie de cette passionn\u00e9e de beaut\u00e9.<\/p>\n<p>Depuis, on l&#8217;a vue dans Les Marseillais contre le reste du monde 5 ou encore dans <strong>Les Marseillais \u00e0 Duba\u00ef<\/strong>. Elle a \u00e9galement fait partie du casting de la saison 6 de la croix, qui est actuellement diffus\u00e9e sur W9.<\/p>\n<p><strong>Victoria Mehault est une grande fan de chirurgie esth\u00e9tique et ne le cache pas !<\/strong> Nez, <a href=\"https:\/\/www.tunisie-chirurgie-esthetique.com\/lifting-seins\">poitrine<\/a>, injections dans les l\u00e8vres, Botox, <strong><a href=\"https:\/\/www.tunisie-chirurgie-esthetique.com\/blog\/liposuccion-douce\/\">liposuccion<\/a><\/strong>&#8230; cette derni\u00e8re a tout fait pour ne plus avoir de complexes et ne regrette pas ses choix. Elle a d&#8217;ailleurs tout montr\u00e9 de ses derni\u00e8res op\u00e9rations sur les r\u00e9seaux sociaux.<\/p>\n<p><img loading=\"lazy\" decoding=\"async\" class=\"aligncenter wp-image-4695 \" src=\"https:\/\/www.tunisie-chirurgie-esthetique.com\/blog\/wp-content\/uploads\/2022\/02\/Victoria-Mehault-chirurgie-esthetique.jpg\" alt=\"\" width=\"645\" height=\"777\" srcset=\"https:\/\/www.tunisie-chirurgie-esthetique.com\/blog\/wp-content\/uploads\/2022\/02\/Victoria-Mehault-chirurgie-esthetique.jpg 768w, https:\/\/www.tunisie-chirurgie-esthetique.com\/blog\/wp-content\/uploads\/2022\/02\/Victoria-Mehault-chirurgie-esthetique-249x300.jpg 249w\" sizes=\"auto, (max-width: 645px) 100vw, 645px\" \/><\/p>\n<p><em><strong>&#8220;Je suis tr\u00e8s dure avec moi-m\u00eame, mais maintenant c&#8217;est bien que j&#8217;ai rectifi\u00e9 ce que je n&#8217;aimais pas chez moi. Et je souhaite que tout le monde se sente bien dans sa peau&#8221;<\/strong><\/em>, a-t-elle d\u00e9clar\u00e9 \u00e0 un utilisateur dans une story Instagram .<\/p>\n<h2>Surprise ! Victoria Mehault regrette sa derni\u00e8re op\u00e9ration et met en garde ses FANS!<\/h2>\n<p>Ne supportant plus l&#8217;apparence de sa bouche de ses l\u00e8vres, Victoria a pris la d\u00e9cision d&#8217;\u00e9liminer tout l&#8217;acide qu&#8217;elle a dans ses l\u00e8vres. Dans une vid\u00e9o post\u00e9e sur son compte Snapchat, Victoria explique : &#8220;<em><strong> Mercredi, j&#8217;ai fait retirer l&#8217;acide de ma bouche. Tout d&#8217;un coup apr\u00e8s, pendant deux semaines je n&#8217;aurai plus d&#8217;acide &#8230; vu l&#8217;\u00e9tat de mes l\u00e8vres, \u00e7a ne va pas \u00eatre pire &#8230; \u00e7a va me rendre tr\u00e8s dr\u00f4le parce que depuis que j&#8217;ai 18 ans je m&#8217;injecte !<\/strong><\/em> &#8221;<\/p>\n<p>Puis Victoria poursuit en mettant en garde ses abonn\u00e9s : &#8221; <strong><em>Visiblement je ne suis pas all\u00e9e au bon endroit. Je n&#8217;aurais pas cantonn\u00e9 le m\u00e9decin !<\/em><\/strong> &#8220;<\/p>\n","protected":false},"excerpt":{"rendered":"<p>Si la jeune femme a pu devenir une candidate embl\u00e9matique de la t\u00e9l\u00e9-r\u00e9alit\u00e9, c&#8217;est gr\u00e2ce \u00e0 sa participation \u00e0 l&#8217;\u00e9mission Les Marseillais aux Cara\u00efbes. Une aventure qui a chang\u00e9 la vie de cette passionn\u00e9e de beaut\u00e9. Depuis, on l&#8217;a vue dans Les Marseillais contre le reste du monde 5 ou encore dans Les Marseillais \u00e0 [&hellip;]<\/p>\n","protected":false},"author":1,"featured_media":4696,"comment_status":"closed","ping_status":"closed","sticky":false,"template":"","format":"standard","meta":{"rop_custom_images_group":[],"rop_custom_messages_group":[],"rop_publish_now":"initial","rop_publish_now_accounts":{"facebook_2803965346576775_1735562453331861":"","twitter_4255985368_4255985368":""},"rop_publish_now_history":[],"rop_publish_now_status":"pending","footnotes":""},"categories":[1],"tags":[],"class_list":["post-4694","post","type-post","status-publish","format-standard","has-post-thumbnail","hentry","category-actualite-chirurgie-plastique"],"yoast_head":"<!-- This site is optimized with the Yoast SEO plugin v27.4 - https:\/\/yoast.com\/product\/yoast-seo-wordpress\/ -->\n<title>Victoria Mehault adapte de la chirurgie esth\u00e9tique regrette sa derni\u00e8re intervention<\/title>\n<meta name=\"description\" content=\"Victoria Mehault est devenue une candidate embl\u00e9matique depuis sa premi\u00e8re apparition \u00e0 la t\u00e9l\u00e9vision dans Les Marseillais aux Cara\u00efbes. Pourquoi regrette t elle sa derni\u00e8re intervention\" \/>\n<meta name=\"robots\" content=\"index, follow, max-snippet:-1, max-image-preview:large, max-video-preview:-1\" \/>\n<link rel=\"canonical\" href=\"https:\/\/www.tunisie-chirurgie-esthetique.com\/blog\/victoria-mehault-chirurgies-esthetiques\/\" \/>\n<meta property=\"og:locale\" content=\"fr_FR\" \/>\n<meta property=\"og:type\" content=\"article\" \/>\n<meta property=\"og:title\" content=\"Victoria Mehault adapte de la chirurgie esth\u00e9tique regrette sa derni\u00e8re intervention\" \/>\n<meta property=\"og:description\" content=\"Victoria Mehault est devenue une candidate embl\u00e9matique depuis sa premi\u00e8re apparition \u00e0 la t\u00e9l\u00e9vision dans Les Marseillais aux Cara\u00efbes. Pourquoi regrette t elle sa derni\u00e8re intervention\" \/>\n<meta property=\"og:url\" content=\"https:\/\/www.tunisie-chirurgie-esthetique.com\/blog\/victoria-mehault-chirurgies-esthetiques\/\" \/>\n<meta property=\"og:site_name\" content=\"Actualit\u00e9s Chirurgie Esth\u00e9tique Tunisie\" \/>\n<meta property=\"article:publisher\" content=\"https:\/\/www.facebook.com\/TCETUNISIE\/\" \/>\n<meta property=\"article:published_time\" content=\"2022-02-07T14:59:12+00:00\" \/>\n<meta property=\"article:modified_time\" content=\"2023-08-02T08:32:06+00:00\" \/>\n<meta property=\"og:image\" content=\"https:\/\/www.tunisie-chirurgie-esthetique.com\/blog\/wp-content\/uploads\/2022\/02\/Victoria-Mehault.jpg\" \/>\n\t<meta property=\"og:image:width\" content=\"768\" \/>\n\t<meta property=\"og:image:height\" content=\"510\" \/>\n\t<meta property=\"og:image:type\" content=\"image\/jpeg\" \/>\n<meta name=\"author\" content=\"Dina Legrand\" \/>\n<meta name=\"twitter:card\" content=\"summary_large_image\" \/>\n<meta name=\"twitter:creator\" content=\"@Tunisie_CE\" \/>\n<meta name=\"twitter:site\" content=\"@Tunisie_CE\" \/>\n<meta name=\"twitter:label1\" content=\"\u00c9crit par\" \/>\n\t<meta name=\"twitter:data1\" content=\"Dina Legrand\" \/>\n\t<meta name=\"twitter:label2\" content=\"Dur\u00e9e de lecture estim\u00e9e\" \/>\n\t<meta name=\"twitter:data2\" content=\"2 minutes\" \/>\n<!-- \/ Yoast SEO plugin. -->","yoast_head_json":{"title":"Victoria Mehault adapte de la chirurgie esth\u00e9tique regrette sa derni\u00e8re intervention","description":"Victoria Mehault est devenue une candidate embl\u00e9matique depuis sa premi\u00e8re apparition \u00e0 la t\u00e9l\u00e9vision dans Les Marseillais aux Cara\u00efbes. Pourquoi regrette t elle sa derni\u00e8re intervention","robots":{"index":"index","follow":"follow","max-snippet":"max-snippet:-1","max-image-preview":"max-image-preview:large","max-video-preview":"max-video-preview:-1"},"canonical":"https:\/\/www.tunisie-chirurgie-esthetique.com\/blog\/victoria-mehault-chirurgies-esthetiques\/","og_locale":"fr_FR","og_type":"article","og_title":"Victoria Mehault adapte de la chirurgie esth\u00e9tique regrette sa derni\u00e8re intervention","og_description":"Victoria Mehault est devenue une candidate embl\u00e9matique depuis sa premi\u00e8re apparition \u00e0 la t\u00e9l\u00e9vision dans Les Marseillais aux Cara\u00efbes. Pourquoi regrette t elle sa derni\u00e8re intervention","og_url":"https:\/\/www.tunisie-chirurgie-esthetique.com\/blog\/victoria-mehault-chirurgies-esthetiques\/","og_site_name":"Actualit\u00e9s Chirurgie Esth\u00e9tique Tunisie","article_publisher":"https:\/\/www.facebook.com\/TCETUNISIE\/","article_published_time":"2022-02-07T14:59:12+00:00","article_modified_time":"2023-08-02T08:32:06+00:00","og_image":[{"width":768,"height":510,"url":"https:\/\/www.tunisie-chirurgie-esthetique.com\/blog\/wp-content\/uploads\/2022\/02\/Victoria-Mehault.jpg","type":"image\/jpeg"}],"author":"Dina Legrand","twitter_card":"summary_large_image","twitter_creator":"@Tunisie_CE","twitter_site":"@Tunisie_CE","twitter_misc":{"\u00c9crit par":"Dina Legrand","Dur\u00e9e de lecture estim\u00e9e":"2 minutes"},"schema":{"@context":"https:\/\/schema.org","@graph":[{"@type":["Article","BlogPosting"],"@id":"https:\/\/www.tunisie-chirurgie-esthetique.com\/blog\/victoria-mehault-chirurgies-esthetiques\/#article","isPartOf":{"@id":"https:\/\/www.tunisie-chirurgie-esthetique.com\/blog\/victoria-mehault-chirurgies-esthetiques\/"},"author":{"name":"Dina Legrand","@id":"https:\/\/www.tunisie-chirurgie-esthetique.com\/blog\/#\/schema\/person\/55f99d583f39ff82c83ea8d20bfb8dac"},"headline":"Victoria Mehault adapte de la chirurgie esth\u00e9tique regrette sa derni\u00e8re intervention","datePublished":"2022-02-07T14:59:12+00:00","dateModified":"2023-08-02T08:32:06+00:00","mainEntityOfPage":{"@id":"https:\/\/www.tunisie-chirurgie-esthetique.com\/blog\/victoria-mehault-chirurgies-esthetiques\/"},"wordCount":325,"publisher":{"@id":"https:\/\/www.tunisie-chirurgie-esthetique.com\/blog\/#organization"},"image":{"@id":"https:\/\/www.tunisie-chirurgie-esthetique.com\/blog\/victoria-mehault-chirurgies-esthetiques\/#primaryimage"},"thumbnailUrl":"https:\/\/www.tunisie-chirurgie-esthetique.com\/blog\/wp-content\/uploads\/2022\/02\/Victoria-Mehault.jpg","articleSection":["Guide &amp; Actualit\u00e9 chirurgie plastique"],"inLanguage":"fr-FR"},{"@type":"WebPage","@id":"https:\/\/www.tunisie-chirurgie-esthetique.com\/blog\/victoria-mehault-chirurgies-esthetiques\/","url":"https:\/\/www.tunisie-chirurgie-esthetique.com\/blog\/victoria-mehault-chirurgies-esthetiques\/","name":"Victoria Mehault adapte de la chirurgie esth\u00e9tique regrette sa derni\u00e8re intervention","isPartOf":{"@id":"https:\/\/www.tunisie-chirurgie-esthetique.com\/blog\/#website"},"primaryImageOfPage":{"@id":"https:\/\/www.tunisie-chirurgie-esthetique.com\/blog\/victoria-mehault-chirurgies-esthetiques\/#primaryimage"},"image":{"@id":"https:\/\/www.tunisie-chirurgie-esthetique.com\/blog\/victoria-mehault-chirurgies-esthetiques\/#primaryimage"},"thumbnailUrl":"https:\/\/www.tunisie-chirurgie-esthetique.com\/blog\/wp-content\/uploads\/2022\/02\/Victoria-Mehault.jpg","datePublished":"2022-02-07T14:59:12+00:00","dateModified":"2023-08-02T08:32:06+00:00","description":"Victoria Mehault est devenue une candidate embl\u00e9matique depuis sa premi\u00e8re apparition \u00e0 la t\u00e9l\u00e9vision dans Les Marseillais aux Cara\u00efbes. Pourquoi regrette t elle sa derni\u00e8re intervention","breadcrumb":{"@id":"https:\/\/www.tunisie-chirurgie-esthetique.com\/blog\/victoria-mehault-chirurgies-esthetiques\/#breadcrumb"},"inLanguage":"fr-FR","potentialAction":[{"@type":"ReadAction","target":["https:\/\/www.tunisie-chirurgie-esthetique.com\/blog\/victoria-mehault-chirurgies-esthetiques\/"]}]},{"@type":"ImageObject","inLanguage":"fr-FR","@id":"https:\/\/www.tunisie-chirurgie-esthetique.com\/blog\/victoria-mehault-chirurgies-esthetiques\/#primaryimage","url":"https:\/\/www.tunisie-chirurgie-esthetique.com\/blog\/wp-content\/uploads\/2022\/02\/Victoria-Mehault.jpg","contentUrl":"https:\/\/www.tunisie-chirurgie-esthetique.com\/blog\/wp-content\/uploads\/2022\/02\/Victoria-Mehault.jpg","width":768,"height":510},{"@type":"BreadcrumbList","@id":"https:\/\/www.tunisie-chirurgie-esthetique.com\/blog\/victoria-mehault-chirurgies-esthetiques\/#breadcrumb","itemListElement":[{"@type":"ListItem","position":1,"name":"Accueil","item":"https:\/\/www.tunisie-chirurgie-esthetique.com\/blog\/"},{"@type":"ListItem","position":2,"name":"Guide &amp; Actualit\u00e9 chirurgie plastique","item":"https:\/\/www.tunisie-chirurgie-esthetique.com\/blog\/actualite-chirurgie-plastique\/"},{"@type":"ListItem","position":3,"name":"Victoria Mehault adapte de la chirurgie esth\u00e9tique regrette sa derni\u00e8re intervention"}]},{"@type":"WebSite","@id":"https:\/\/www.tunisie-chirurgie-esthetique.com\/blog\/#website","url":"https:\/\/www.tunisie-chirurgie-esthetique.com\/blog\/","name":"Actualit\u00e9s en chirurgie et m\u00e9decine esth\u00e9tique Tunisie","description":"Chirurgie en Tunisie","publisher":{"@id":"https:\/\/www.tunisie-chirurgie-esthetique.com\/blog\/#organization"},"alternateName":"Forfaits chirurgie esth\u00e9tique Tunisie prix tout compris","potentialAction":[{"@type":"SearchAction","target":{"@type":"EntryPoint","urlTemplate":"https:\/\/www.tunisie-chirurgie-esthetique.com\/blog\/?s={search_term_string}"},"query-input":{"@type":"PropertyValueSpecification","valueRequired":true,"valueName":"search_term_string"}}],"inLanguage":"fr-FR"},{"@type":"Organization","@id":"https:\/\/www.tunisie-chirurgie-esthetique.com\/blog\/#organization","name":"TCE TUNISIE","alternateName":"Chirurgie esth\u00e9tique en Tunisie","url":"https:\/\/www.tunisie-chirurgie-esthetique.com\/blog\/","logo":{"@type":"ImageObject","inLanguage":"fr-FR","@id":"https:\/\/www.tunisie-chirurgie-esthetique.com\/blog\/#\/schema\/logo\/image\/","url":"https:\/\/www.tunisie-chirurgie-esthetique.com\/blog\/wp-content\/uploads\/2022\/08\/fav-tce.png","contentUrl":"https:\/\/www.tunisie-chirurgie-esthetique.com\/blog\/wp-content\/uploads\/2022\/08\/fav-tce.png","width":512,"height":512,"caption":"TCE TUNISIE"},"image":{"@id":"https:\/\/www.tunisie-chirurgie-esthetique.com\/blog\/#\/schema\/logo\/image\/"},"sameAs":["https:\/\/www.facebook.com\/TCETUNISIE\/","https:\/\/x.com\/Tunisie_CE","https:\/\/www.instagram.com\/tunisiece\/","https:\/\/www.linkedin.com\/company\/tunisie-chirurgie-etshetique-tce\/","https:\/\/www.pinterest.fr\/tunisiechirurgi\/","https:\/\/www.youtube.com\/channel\/UCFZHPINDbYAa_yhOk121j7A\/?sub_confirmation=1"]},{"@type":"Person","@id":"https:\/\/www.tunisie-chirurgie-esthetique.com\/blog\/#\/schema\/person\/55f99d583f39ff82c83ea8d20bfb8dac","name":"Dina Legrand","description":"Je m'appelle Dina Legrand, dipl\u00f4m\u00e9e d'un Master en sciences de la sant\u00e9 de l'Universit\u00e9 de Tunis et de Paris. Forte d'une exp\u00e9rience de plus de 15 ans dans le domaine m\u00e9dical, je me suis sp\u00e9cialis\u00e9e dans la r\u00e9daction, la vulgarisation et la gestion de projets scientifiques. Dot\u00e9e d'une grande aisance r\u00e9dactionnelle, j'ai ensuite \u0153uvr\u00e9 en free-lance pour diverses institutions de sant\u00e9. J'ai organis\u00e9 avec succ\u00e8s plusieurs congr\u00e8s m\u00e9dicaux internationaux, requ\u00e9rant rigueur et capacit\u00e9 de gestion de projets complexes. Aimant partager mon savoir, j'anime aujourd'hui le blog Tunisie-chirurgie-esth\u00e9tique.com, v\u00e9ritable r\u00e9f\u00e9rence en mati\u00e8re d'information m\u00e9dicale grand public. Mon objectif est de rendre accessibles des notions parfois ardues, en adoptant un ton p\u00e9dagogique et une plume clarifiant les derni\u00e8res avanc\u00e9es. Forte de ma double comp\u00e9tence m\u00e9dicale et r\u00e9dactionnelle, je me tiens \u00e0 la disposition des professionnels et particuliers pour toute mission d'\u00e9criture, de traduction ou de vulgarisation scientifique.","url":"https:\/\/www.tunisie-chirurgie-esthetique.com\/blog\/author\/nisieshi_tunesth\/"}]}},"_links":{"self":[{"href":"https:\/\/www.tunisie-chirurgie-esthetique.com\/blog\/wp-json\/wp\/v2\/posts\/4694","targetHints":{"allow":["GET"]}}],"collection":[{"href":"https:\/\/www.tunisie-chirurgie-esthetique.com\/blog\/wp-json\/wp\/v2\/posts"}],"about":[{"href":"https:\/\/www.tunisie-chirurgie-esthetique.com\/blog\/wp-json\/wp\/v2\/types\/post"}],"author":[{"embeddable":true,"href":"https:\/\/www.tunisie-chirurgie-esthetique.com\/blog\/wp-json\/wp\/v2\/users\/1"}],"replies":[{"embeddable":true,"href":"https:\/\/www.tunisie-chirurgie-esthetique.com\/blog\/wp-json\/wp\/v2\/comments?post=4694"}],"version-history":[{"count":6,"href":"https:\/\/www.tunisie-chirurgie-esthetique.com\/blog\/wp-json\/wp\/v2\/posts\/4694\/revisions"}],"predecessor-version":[{"id":5575,"href":"https:\/\/www.tunisie-chirurgie-esthetique.com\/blog\/wp-json\/wp\/v2\/posts\/4694\/revisions\/5575"}],"wp:featuredmedia":[{"embeddable":true,"href":"https:\/\/www.tunisie-chirurgie-esthetique.com\/blog\/wp-json\/wp\/v2\/media\/4696"}],"wp:attachment":[{"href":"https:\/\/www.tunisie-chirurgie-esthetique.com\/blog\/wp-json\/wp\/v2\/media?parent=4694"}],"wp:term":[{"taxonomy":"category","embeddable":true,"href":"https:\/\/www.tunisie-chirurgie-esthetique.com\/blog\/wp-json\/wp\/v2\/categories?post=4694"},{"taxonomy":"post_tag","embeddable":true,"href":"https:\/\/www.tunisie-chirurgie-esthetique.com\/blog\/wp-json\/wp\/v2\/tags?post=4694"}],"curies":[{"name":"wp","href":"https:\/\/api.w.org\/{rel}","templated":true}]}}