{"id":4659,"date":"2021-12-29T15:37:01","date_gmt":"2021-12-29T14:37:01","guid":{"rendered":"https:\/\/www.tunisie-chirurgie-esthetique.com\/blog\/?p=4659"},"modified":"2023-09-29T12:58:56","modified_gmt":"2023-09-29T10:58:56","slug":"amy-schumer-defiguree-produits-de-comblement","status":"publish","type":"post","link":"https:\/\/www.tunisie-chirurgie-esthetique.com\/blog\/amy-schumer-defiguree-produits-de-comblement\/","title":{"rendered":"Amy Schumer d\u00e9figur\u00e9e par les injections de produits de comblement"},"content":{"rendered":"<p>Le 26 d\u00e9cembre, la com\u00e9dienne Amy Schumer a r\u00e9v\u00e9l\u00e9 sur Instagram qu&#8217;elle avait choisi de se faire retirer ses <strong>produits de comblement<\/strong> lorsqu&#8217;elle a r\u00e9alis\u00e9 qu&#8217;ils la d\u00e9figuraient.<\/p>\n<p>Les <strong>produits de comblement dermiques<\/strong> ou <strong>Fillers<\/strong> sont des substances g\u00e9latineuses inject\u00e9es sous la peau pour <strong>restaurer le volume perdu, lisser les lignes et adoucir les plis, ou am\u00e9liorer les contours du visage<\/strong>. En d&#8217;autres termes, ils vous font <a href=\"https:\/\/www.tunisie-chirurgie-esthetique.com\/medecine-esthetique\"><em>para\u00eetre plus jeune sans avoir \u00e0 passer sous le scalpel<\/em><\/a>.<\/p>\n<figure id=\"attachment_4664\" aria-describedby=\"caption-attachment-4664\" style=\"width: 455px\" class=\"wp-caption aligncenter\"><img loading=\"lazy\" decoding=\"async\" class=\"wp-image-4664 \" src=\"https:\/\/www.tunisie-chirurgie-esthetique.com\/blog\/wp-content\/uploads\/2021\/12\/amy-schumer-retire-produits-comblement.jpg\" alt=\"amy-schumer-retire-produits-comblement\" width=\"455\" height=\"445\" srcset=\"https:\/\/www.tunisie-chirurgie-esthetique.com\/blog\/wp-content\/uploads\/2021\/12\/amy-schumer-retire-produits-comblement.jpg 713w, https:\/\/www.tunisie-chirurgie-esthetique.com\/blog\/wp-content\/uploads\/2021\/12\/amy-schumer-retire-produits-comblement-300x294.jpg 300w\" sizes=\"auto, (max-width: 455px) 100vw, 455px\" \/><figcaption id=\"caption-attachment-4664\" class=\"wp-caption-text\"><strong><em>Amy Schumer retire produits de comblement<\/em><\/strong><\/figcaption><\/figure>\n<p>L&#8217;inconv\u00e9nient comme dans le cas de Schumer est qu&#8217;ils peuvent modifier votre apparence d&#8217;une mani\u00e8re qui n&#8217;est pas tr\u00e8s souhaitable. Malgr\u00e9 cela, plus d&#8217;un million d&#8217;hommes et de femmes y ont recours chaque ann\u00e9e.<\/p>\n<p>&#8220;<strong><em>J&#8217;ai essay\u00e9 d&#8217;avoir des produits de complement. Il s&#8217;av\u00e8re que j&#8217;\u00e9tais d\u00e9j\u00e0 pleine<\/em><\/strong>&#8220;, a-t-elle \u00e9crit sur Instagram. &#8220;<strong><em>Dieu merci, vous pouvez les dissoudre,\u00a0 j&#8217;avais l&#8217;air d&#8217;une malheureuse<\/em><\/strong>&#8220;.<\/p>\n<p>Certaines c\u00e9l\u00e9brit\u00e9s et fans ont comment\u00e9 la photo. L&#8217;actrice Isla Fisher a \u00e9crit : &#8220;<em>Tu es si belle ! Pas besoin de produits de remplissage.<\/em>&#8221; Ashley Iaconetti, une ancienne de Bachelor Nation, a compati avec Schumer, en \u00e9crivant : &#8220;<em>Hahaha, j&#8217;adore \u00e7a et j&#8217;ai dissous plusieurs fois<\/em> !&#8221;<\/p>\n<p>L&#8217;actrice de Trainwreck a demand\u00e9 l&#8217;aide du docteur Jodi LoGerfo, qui a \u00e9galement partag\u00e9 la photo et expliqu\u00e9 le <a href=\"https:\/\/www.tunisie-chirurgie-esthetique.com\/produit-de-comblement\">processus de dissolution des produits de comblement<\/a>. &#8220;<em>L&#8217;utilisation d&#8217;un <strong>produit de comblement dermique<\/strong> peut \u00eatre un merveilleux moyen de <strong>remplacer le volume perdu et d&#8217;am\u00e9liorer le visage<\/strong>, mais comment et o\u00f9 injecter du produit de comblement est extr\u00eamement important<\/em>&#8220;, a-t-elle \u00e9crit.<\/p>\n<p>&#8220;<em>Amy Schumer est venue me voir apr\u00e8s avoir eu recours \u00e0 un produit de comblement ailleurs et nous avons d\u00e9cid\u00e9 que l&#8217;endroit o\u00f9 le produit \u00e9tait inject\u00e9 n&#8217;\u00e9tait pas id\u00e9al, alors nous l&#8217;avons dissous ! <strong>La dissolution d&#8217;un produit de comblement est un traitement tr\u00e8s simple et rapide<\/strong>. J&#8217;ai inject\u00e9 de la hyaluronidase (une enzyme qui d\u00e9compose l&#8217;<a href=\"https:\/\/www.tunisie-chirurgie-esthetique.com\/injection-acide-hyaluronique-tunisie\">acide hyaluronique<\/a>) pour le dissoudre !<\/em>&#8220;.<\/p>\n<p>Si vous d\u00e9cidez d&#8217;avoir recours \u00e0 des produits de comblement, ou \u00e0 toute autre am\u00e9lioration esth\u00e9tique, assurez-vous de consulter un m\u00e9decin exp\u00e9riment\u00e9 qui sait ce qu&#8217;il fait. Mais si les r\u00e9sultats ne vous enchantent pas, ne paniquez pas.<\/p>\n","protected":false},"excerpt":{"rendered":"<p>Le 26 d\u00e9cembre, la com\u00e9dienne Amy Schumer a r\u00e9v\u00e9l\u00e9 sur Instagram qu&#8217;elle avait choisi de se faire retirer ses produits de comblement lorsqu&#8217;elle a r\u00e9alis\u00e9 qu&#8217;ils la d\u00e9figuraient. Les produits de comblement dermiques ou Fillers sont des substances g\u00e9latineuses inject\u00e9es sous la peau pour restaurer le volume perdu, lisser les lignes et adoucir les plis, [&hellip;]<\/p>\n","protected":false},"author":1,"featured_media":4663,"comment_status":"closed","ping_status":"closed","sticky":false,"template":"","format":"standard","meta":{"rop_custom_images_group":[],"rop_custom_messages_group":[],"rop_publish_now":"initial","rop_publish_now_accounts":{"facebook_2803965346576775_1735562453331861":"","twitter_4255985368_4255985368":""},"rop_publish_now_history":[],"rop_publish_now_status":"pending","footnotes":""},"categories":[1],"tags":[],"class_list":["post-4659","post","type-post","status-publish","format-standard","has-post-thumbnail","hentry","category-actualite-chirurgie-plastique"],"yoast_head":"<!-- This site is optimized with the Yoast SEO plugin v27.4 - https:\/\/yoast.com\/product\/yoast-seo-wordpress\/ -->\n<title>Amy Schumer rate son comblement du visage et retire les Fillers<\/title>\n<meta name=\"description\" content=\"Le 26 d\u00e9cembre, la com\u00e9dienne Amy Schumer a r\u00e9v\u00e9l\u00e9 sur Instagram qu&#039;elle avait choisi de se faire retirer ses produits de comblement lorsqu&#039;elle a r\u00e9alis\u00e9 qu&#039;ils la d\u00e9figuraient.\" \/>\n<meta name=\"robots\" content=\"index, follow, max-snippet:-1, max-image-preview:large, max-video-preview:-1\" \/>\n<link rel=\"canonical\" href=\"https:\/\/www.tunisie-chirurgie-esthetique.com\/blog\/amy-schumer-defiguree-produits-de-comblement\/\" \/>\n<meta property=\"og:locale\" content=\"fr_FR\" \/>\n<meta property=\"og:type\" content=\"article\" \/>\n<meta property=\"og:title\" content=\"Amy Schumer rate son comblement du visage et retire les Fillers\" \/>\n<meta property=\"og:description\" content=\"Le 26 d\u00e9cembre, la com\u00e9dienne Amy Schumer a r\u00e9v\u00e9l\u00e9 sur Instagram qu&#039;elle avait choisi de se faire retirer ses produits de comblement lorsqu&#039;elle a r\u00e9alis\u00e9 qu&#039;ils la d\u00e9figuraient.\" \/>\n<meta property=\"og:url\" content=\"https:\/\/www.tunisie-chirurgie-esthetique.com\/blog\/amy-schumer-defiguree-produits-de-comblement\/\" \/>\n<meta property=\"og:site_name\" content=\"Actualit\u00e9s Chirurgie Esth\u00e9tique Tunisie\" \/>\n<meta property=\"article:publisher\" content=\"https:\/\/www.facebook.com\/TCETUNISIE\/\" \/>\n<meta property=\"article:published_time\" content=\"2021-12-29T14:37:01+00:00\" \/>\n<meta property=\"article:modified_time\" content=\"2023-09-29T10:58:56+00:00\" \/>\n<meta property=\"og:image\" content=\"https:\/\/www.tunisie-chirurgie-esthetique.com\/blog\/wp-content\/uploads\/2021\/12\/amy-schumer-avant-injection-produits-comblement.jpg\" \/>\n\t<meta property=\"og:image:width\" content=\"713\" \/>\n\t<meta property=\"og:image:height\" content=\"698\" \/>\n\t<meta property=\"og:image:type\" content=\"image\/jpeg\" \/>\n<meta name=\"author\" content=\"Dina Legrand\" \/>\n<meta name=\"twitter:card\" content=\"summary_large_image\" \/>\n<meta name=\"twitter:creator\" content=\"@Tunisie_CE\" \/>\n<meta name=\"twitter:site\" content=\"@Tunisie_CE\" \/>\n<meta name=\"twitter:label1\" content=\"\u00c9crit par\" \/>\n\t<meta name=\"twitter:data1\" content=\"Dina Legrand\" \/>\n\t<meta name=\"twitter:label2\" content=\"Dur\u00e9e de lecture estim\u00e9e\" \/>\n\t<meta name=\"twitter:data2\" content=\"2 minutes\" \/>\n<!-- \/ Yoast SEO plugin. -->","yoast_head_json":{"title":"Amy Schumer rate son comblement du visage et retire les Fillers","description":"Le 26 d\u00e9cembre, la com\u00e9dienne Amy Schumer a r\u00e9v\u00e9l\u00e9 sur Instagram qu'elle avait choisi de se faire retirer ses produits de comblement lorsqu'elle a r\u00e9alis\u00e9 qu'ils la d\u00e9figuraient.","robots":{"index":"index","follow":"follow","max-snippet":"max-snippet:-1","max-image-preview":"max-image-preview:large","max-video-preview":"max-video-preview:-1"},"canonical":"https:\/\/www.tunisie-chirurgie-esthetique.com\/blog\/amy-schumer-defiguree-produits-de-comblement\/","og_locale":"fr_FR","og_type":"article","og_title":"Amy Schumer rate son comblement du visage et retire les Fillers","og_description":"Le 26 d\u00e9cembre, la com\u00e9dienne Amy Schumer a r\u00e9v\u00e9l\u00e9 sur Instagram qu'elle avait choisi de se faire retirer ses produits de comblement lorsqu'elle a r\u00e9alis\u00e9 qu'ils la d\u00e9figuraient.","og_url":"https:\/\/www.tunisie-chirurgie-esthetique.com\/blog\/amy-schumer-defiguree-produits-de-comblement\/","og_site_name":"Actualit\u00e9s Chirurgie Esth\u00e9tique Tunisie","article_publisher":"https:\/\/www.facebook.com\/TCETUNISIE\/","article_published_time":"2021-12-29T14:37:01+00:00","article_modified_time":"2023-09-29T10:58:56+00:00","og_image":[{"width":713,"height":698,"url":"https:\/\/www.tunisie-chirurgie-esthetique.com\/blog\/wp-content\/uploads\/2021\/12\/amy-schumer-avant-injection-produits-comblement.jpg","type":"image\/jpeg"}],"author":"Dina Legrand","twitter_card":"summary_large_image","twitter_creator":"@Tunisie_CE","twitter_site":"@Tunisie_CE","twitter_misc":{"\u00c9crit par":"Dina Legrand","Dur\u00e9e de lecture estim\u00e9e":"2 minutes"},"schema":{"@context":"https:\/\/schema.org","@graph":[{"@type":["Article","BlogPosting"],"@id":"https:\/\/www.tunisie-chirurgie-esthetique.com\/blog\/amy-schumer-defiguree-produits-de-comblement\/#article","isPartOf":{"@id":"https:\/\/www.tunisie-chirurgie-esthetique.com\/blog\/amy-schumer-defiguree-produits-de-comblement\/"},"author":{"name":"Dina Legrand","@id":"https:\/\/www.tunisie-chirurgie-esthetique.com\/blog\/#\/schema\/person\/55f99d583f39ff82c83ea8d20bfb8dac"},"headline":"Amy Schumer d\u00e9figur\u00e9e par les injections de produits de comblement","datePublished":"2021-12-29T14:37:01+00:00","dateModified":"2023-09-29T10:58:56+00:00","mainEntityOfPage":{"@id":"https:\/\/www.tunisie-chirurgie-esthetique.com\/blog\/amy-schumer-defiguree-produits-de-comblement\/"},"wordCount":395,"publisher":{"@id":"https:\/\/www.tunisie-chirurgie-esthetique.com\/blog\/#organization"},"image":{"@id":"https:\/\/www.tunisie-chirurgie-esthetique.com\/blog\/amy-schumer-defiguree-produits-de-comblement\/#primaryimage"},"thumbnailUrl":"https:\/\/www.tunisie-chirurgie-esthetique.com\/blog\/wp-content\/uploads\/2021\/12\/amy-schumer-avant-injection-produits-comblement.jpg","articleSection":["Guide &amp; Actualit\u00e9 chirurgie plastique"],"inLanguage":"fr-FR"},{"@type":"WebPage","@id":"https:\/\/www.tunisie-chirurgie-esthetique.com\/blog\/amy-schumer-defiguree-produits-de-comblement\/","url":"https:\/\/www.tunisie-chirurgie-esthetique.com\/blog\/amy-schumer-defiguree-produits-de-comblement\/","name":"Amy Schumer rate son comblement du visage et retire les Fillers","isPartOf":{"@id":"https:\/\/www.tunisie-chirurgie-esthetique.com\/blog\/#website"},"primaryImageOfPage":{"@id":"https:\/\/www.tunisie-chirurgie-esthetique.com\/blog\/amy-schumer-defiguree-produits-de-comblement\/#primaryimage"},"image":{"@id":"https:\/\/www.tunisie-chirurgie-esthetique.com\/blog\/amy-schumer-defiguree-produits-de-comblement\/#primaryimage"},"thumbnailUrl":"https:\/\/www.tunisie-chirurgie-esthetique.com\/blog\/wp-content\/uploads\/2021\/12\/amy-schumer-avant-injection-produits-comblement.jpg","datePublished":"2021-12-29T14:37:01+00:00","dateModified":"2023-09-29T10:58:56+00:00","description":"Le 26 d\u00e9cembre, la com\u00e9dienne Amy Schumer a r\u00e9v\u00e9l\u00e9 sur Instagram qu'elle avait choisi de se faire retirer ses produits de comblement lorsqu'elle a r\u00e9alis\u00e9 qu'ils la d\u00e9figuraient.","breadcrumb":{"@id":"https:\/\/www.tunisie-chirurgie-esthetique.com\/blog\/amy-schumer-defiguree-produits-de-comblement\/#breadcrumb"},"inLanguage":"fr-FR","potentialAction":[{"@type":"ReadAction","target":["https:\/\/www.tunisie-chirurgie-esthetique.com\/blog\/amy-schumer-defiguree-produits-de-comblement\/"]}]},{"@type":"ImageObject","inLanguage":"fr-FR","@id":"https:\/\/www.tunisie-chirurgie-esthetique.com\/blog\/amy-schumer-defiguree-produits-de-comblement\/#primaryimage","url":"https:\/\/www.tunisie-chirurgie-esthetique.com\/blog\/wp-content\/uploads\/2021\/12\/amy-schumer-avant-injection-produits-comblement.jpg","contentUrl":"https:\/\/www.tunisie-chirurgie-esthetique.com\/blog\/wp-content\/uploads\/2021\/12\/amy-schumer-avant-injection-produits-comblement.jpg","width":713,"height":698,"caption":"amy-schumer-avant-injection-produits-comblement"},{"@type":"BreadcrumbList","@id":"https:\/\/www.tunisie-chirurgie-esthetique.com\/blog\/amy-schumer-defiguree-produits-de-comblement\/#breadcrumb","itemListElement":[{"@type":"ListItem","position":1,"name":"Accueil","item":"https:\/\/www.tunisie-chirurgie-esthetique.com\/blog\/"},{"@type":"ListItem","position":2,"name":"Guide &amp; Actualit\u00e9 chirurgie plastique","item":"https:\/\/www.tunisie-chirurgie-esthetique.com\/blog\/actualite-chirurgie-plastique\/"},{"@type":"ListItem","position":3,"name":"Amy Schumer d\u00e9figur\u00e9e par les injections de produits de comblement"}]},{"@type":"WebSite","@id":"https:\/\/www.tunisie-chirurgie-esthetique.com\/blog\/#website","url":"https:\/\/www.tunisie-chirurgie-esthetique.com\/blog\/","name":"Actualit\u00e9s en chirurgie et m\u00e9decine esth\u00e9tique Tunisie","description":"Chirurgie en Tunisie","publisher":{"@id":"https:\/\/www.tunisie-chirurgie-esthetique.com\/blog\/#organization"},"alternateName":"Forfaits chirurgie esth\u00e9tique Tunisie prix tout compris","potentialAction":[{"@type":"SearchAction","target":{"@type":"EntryPoint","urlTemplate":"https:\/\/www.tunisie-chirurgie-esthetique.com\/blog\/?s={search_term_string}"},"query-input":{"@type":"PropertyValueSpecification","valueRequired":true,"valueName":"search_term_string"}}],"inLanguage":"fr-FR"},{"@type":"Organization","@id":"https:\/\/www.tunisie-chirurgie-esthetique.com\/blog\/#organization","name":"TCE TUNISIE","alternateName":"Chirurgie esth\u00e9tique en Tunisie","url":"https:\/\/www.tunisie-chirurgie-esthetique.com\/blog\/","logo":{"@type":"ImageObject","inLanguage":"fr-FR","@id":"https:\/\/www.tunisie-chirurgie-esthetique.com\/blog\/#\/schema\/logo\/image\/","url":"https:\/\/www.tunisie-chirurgie-esthetique.com\/blog\/wp-content\/uploads\/2022\/08\/fav-tce.png","contentUrl":"https:\/\/www.tunisie-chirurgie-esthetique.com\/blog\/wp-content\/uploads\/2022\/08\/fav-tce.png","width":512,"height":512,"caption":"TCE TUNISIE"},"image":{"@id":"https:\/\/www.tunisie-chirurgie-esthetique.com\/blog\/#\/schema\/logo\/image\/"},"sameAs":["https:\/\/www.facebook.com\/TCETUNISIE\/","https:\/\/x.com\/Tunisie_CE","https:\/\/www.instagram.com\/tunisiece\/","https:\/\/www.linkedin.com\/company\/tunisie-chirurgie-etshetique-tce\/","https:\/\/www.pinterest.fr\/tunisiechirurgi\/","https:\/\/www.youtube.com\/channel\/UCFZHPINDbYAa_yhOk121j7A\/?sub_confirmation=1"]},{"@type":"Person","@id":"https:\/\/www.tunisie-chirurgie-esthetique.com\/blog\/#\/schema\/person\/55f99d583f39ff82c83ea8d20bfb8dac","name":"Dina Legrand","description":"Je m'appelle Dina Legrand, dipl\u00f4m\u00e9e d'un Master en sciences de la sant\u00e9 de l'Universit\u00e9 de Tunis et de Paris. Forte d'une exp\u00e9rience de plus de 15 ans dans le domaine m\u00e9dical, je me suis sp\u00e9cialis\u00e9e dans la r\u00e9daction, la vulgarisation et la gestion de projets scientifiques. Dot\u00e9e d'une grande aisance r\u00e9dactionnelle, j'ai ensuite \u0153uvr\u00e9 en free-lance pour diverses institutions de sant\u00e9. J'ai organis\u00e9 avec succ\u00e8s plusieurs congr\u00e8s m\u00e9dicaux internationaux, requ\u00e9rant rigueur et capacit\u00e9 de gestion de projets complexes. Aimant partager mon savoir, j'anime aujourd'hui le blog Tunisie-chirurgie-esth\u00e9tique.com, v\u00e9ritable r\u00e9f\u00e9rence en mati\u00e8re d'information m\u00e9dicale grand public. Mon objectif est de rendre accessibles des notions parfois ardues, en adoptant un ton p\u00e9dagogique et une plume clarifiant les derni\u00e8res avanc\u00e9es. Forte de ma double comp\u00e9tence m\u00e9dicale et r\u00e9dactionnelle, je me tiens \u00e0 la disposition des professionnels et particuliers pour toute mission d'\u00e9criture, de traduction ou de vulgarisation scientifique.","url":"https:\/\/www.tunisie-chirurgie-esthetique.com\/blog\/author\/nisieshi_tunesth\/"}]}},"_links":{"self":[{"href":"https:\/\/www.tunisie-chirurgie-esthetique.com\/blog\/wp-json\/wp\/v2\/posts\/4659","targetHints":{"allow":["GET"]}}],"collection":[{"href":"https:\/\/www.tunisie-chirurgie-esthetique.com\/blog\/wp-json\/wp\/v2\/posts"}],"about":[{"href":"https:\/\/www.tunisie-chirurgie-esthetique.com\/blog\/wp-json\/wp\/v2\/types\/post"}],"author":[{"embeddable":true,"href":"https:\/\/www.tunisie-chirurgie-esthetique.com\/blog\/wp-json\/wp\/v2\/users\/1"}],"replies":[{"embeddable":true,"href":"https:\/\/www.tunisie-chirurgie-esthetique.com\/blog\/wp-json\/wp\/v2\/comments?post=4659"}],"version-history":[{"count":6,"href":"https:\/\/www.tunisie-chirurgie-esthetique.com\/blog\/wp-json\/wp\/v2\/posts\/4659\/revisions"}],"predecessor-version":[{"id":5085,"href":"https:\/\/www.tunisie-chirurgie-esthetique.com\/blog\/wp-json\/wp\/v2\/posts\/4659\/revisions\/5085"}],"wp:featuredmedia":[{"embeddable":true,"href":"https:\/\/www.tunisie-chirurgie-esthetique.com\/blog\/wp-json\/wp\/v2\/media\/4663"}],"wp:attachment":[{"href":"https:\/\/www.tunisie-chirurgie-esthetique.com\/blog\/wp-json\/wp\/v2\/media?parent=4659"}],"wp:term":[{"taxonomy":"category","embeddable":true,"href":"https:\/\/www.tunisie-chirurgie-esthetique.com\/blog\/wp-json\/wp\/v2\/categories?post=4659"},{"taxonomy":"post_tag","embeddable":true,"href":"https:\/\/www.tunisie-chirurgie-esthetique.com\/blog\/wp-json\/wp\/v2\/tags?post=4659"}],"curies":[{"name":"wp","href":"https:\/\/api.w.org\/{rel}","templated":true}]}}