{"id":4471,"date":"2021-08-17T12:52:17","date_gmt":"2021-08-17T10:52:17","guid":{"rendered":"https:\/\/www.tunisie-chirurgie-esthetique.com\/blog\/?p=4471"},"modified":"2022-08-29T12:16:03","modified_gmt":"2022-08-29T10:16:03","slug":"alopecie-barbe","status":"publish","type":"post","link":"https:\/\/www.tunisie-chirurgie-esthetique.com\/blog\/alopecie-barbe\/","title":{"rendered":"Qu&#8217;est ce que l&#8217;Alop\u00e9cie de barbe et comment la traiter ?"},"content":{"rendered":"<div id=\"ez-toc-container\" class=\"ez-toc-v2_0_82_2 counter-hierarchy ez-toc-counter ez-toc-light-blue ez-toc-container-direction\">\n<div class=\"ez-toc-title-container\">\n<p class=\"ez-toc-title ez-toc-toggle\" style=\"cursor:pointer\">Sommaire<\/p>\n<span class=\"ez-toc-title-toggle\"><a href=\"#\" class=\"ez-toc-pull-right ez-toc-btn ez-toc-btn-xs ez-toc-btn-default ez-toc-toggle\" aria-label=\"Toggle Table of Content\"><span class=\"ez-toc-js-icon-con\"><span class=\"\"><span class=\"eztoc-hide\" style=\"display:none;\">Toggle<\/span><span class=\"ez-toc-icon-toggle-span\"><svg style=\"fill: #999;color:#999\" xmlns=\"http:\/\/www.w3.org\/2000\/svg\" class=\"list-377408\" width=\"20px\" height=\"20px\" viewBox=\"0 0 24 24\" fill=\"none\"><path d=\"M6 6H4v2h2V6zm14 0H8v2h12V6zM4 11h2v2H4v-2zm16 0H8v2h12v-2zM4 16h2v2H4v-2zm16 0H8v2h12v-2z\" fill=\"currentColor\"><\/path><\/svg><svg style=\"fill: #999;color:#999\" class=\"arrow-unsorted-368013\" xmlns=\"http:\/\/www.w3.org\/2000\/svg\" width=\"10px\" height=\"10px\" viewBox=\"0 0 24 24\" version=\"1.2\" baseProfile=\"tiny\"><path d=\"M18.2 9.3l-6.2-6.3-6.2 6.3c-.2.2-.3.4-.3.7s.1.5.3.7c.2.2.4.3.7.3h11c.3 0 .5-.1.7-.3.2-.2.3-.5.3-.7s-.1-.5-.3-.7zM5.8 14.7l6.2 6.3 6.2-6.3c.2-.2.3-.5.3-.7s-.1-.5-.3-.7c-.2-.2-.4-.3-.7-.3h-11c-.3 0-.5.1-.7.3-.2.2-.3.5-.3.7s.1.5.3.7z\"\/><\/svg><\/span><\/span><\/span><\/a><\/span><\/div>\n<nav><ul class='ez-toc-list ez-toc-list-level-1 eztoc-toggle-hide-by-default' ><li class='ez-toc-page-1 ez-toc-heading-level-2'><a class=\"ez-toc-link ez-toc-heading-1\" href=\"https:\/\/www.tunisie-chirurgie-esthetique.com\/blog\/alopecie-barbe\/#Quest-ce_que_lalopecie_de_Barbe\" >Qu&#8217;est-ce que l&#8217;alop\u00e9cie de Barbe ?<\/a><\/li><li class='ez-toc-page-1 ez-toc-heading-level-2'><a class=\"ez-toc-link ez-toc-heading-2\" href=\"https:\/\/www.tunisie-chirurgie-esthetique.com\/blog\/alopecie-barbe\/#Comment_traiter_les_plaques_chauves_sur_la_barbe\" >Comment traiter les plaques chauves sur la barbe ?<\/a><ul class='ez-toc-list-level-3' ><li class='ez-toc-heading-level-3'><a class=\"ez-toc-link ez-toc-heading-3\" href=\"https:\/\/www.tunisie-chirurgie-esthetique.com\/blog\/alopecie-barbe\/#La_greffe_de_barbe\" >La greffe de barbe<\/a><\/li><li class='ez-toc-page-1 ez-toc-heading-level-3'><a class=\"ez-toc-link ez-toc-heading-4\" href=\"https:\/\/www.tunisie-chirurgie-esthetique.com\/blog\/alopecie-barbe\/#Steroides\" >St\u00e9ro\u00efdes<\/a><\/li><li class='ez-toc-page-1 ez-toc-heading-level-3'><a class=\"ez-toc-link ez-toc-heading-5\" href=\"https:\/\/www.tunisie-chirurgie-esthetique.com\/blog\/alopecie-barbe\/#Minoxidil\" >Minoxidil<\/a><\/li><li class='ez-toc-page-1 ez-toc-heading-level-3'><a class=\"ez-toc-link ez-toc-heading-6\" href=\"https:\/\/www.tunisie-chirurgie-esthetique.com\/blog\/alopecie-barbe\/#Traitement_PRP\" >Traitement PRP<\/a><\/li><li class='ez-toc-page-1 ez-toc-heading-level-3'><a class=\"ez-toc-link ez-toc-heading-7\" href=\"https:\/\/www.tunisie-chirurgie-esthetique.com\/blog\/alopecie-barbe\/#Traitement_aux_rayons_UV\" >Traitement aux rayons UV<\/a><\/li><li class='ez-toc-page-1 ez-toc-heading-level-3'><a class=\"ez-toc-link ez-toc-heading-8\" href=\"https:\/\/www.tunisie-chirurgie-esthetique.com\/blog\/alopecie-barbe\/#Remedes_a_la_maison\" >Rem\u00e8des \u00e0 la maison<\/a><\/li><li class='ez-toc-page-1 ez-toc-heading-level-3'><a class=\"ez-toc-link ez-toc-heading-9\" href=\"https:\/\/www.tunisie-chirurgie-esthetique.com\/blog\/alopecie-barbe\/#Supplements_nutritionnels\" >Suppl\u00e9ments nutritionnels<\/a><\/li><\/ul><\/li><\/ul><\/nav><\/div>\n<p>Un front d\u00e9garni, un amincissement autour de la couronne ou une <strong>perte de cheveux diffuse<\/strong> affecte parfois tout le cuir chevelu. Cependant, toutes les chutes de cheveux n\u2019affectent pas le cuir chevelu. L&#8217;<strong>alop\u00e9cie de la barbe<\/strong>, une <strong>maladie auto-immune<\/strong>, peut faire <strong>perdre les poils du visage<\/strong>, ce qui entra\u00eene des plaques glabres.<\/p>\n<h2><span class=\"ez-toc-section\" id=\"Quest-ce_que_lalopecie_de_Barbe\"><\/span>Qu&#8217;est-ce que l&#8217;alop\u00e9cie de Barbe ?<span class=\"ez-toc-section-end\"><\/span><\/h2>\n<p>L&#8217;<strong>alop\u00e9cie de la barbe<\/strong> est une forme sp\u00e9cifique de la maladie auto-immune \u00ab\u00a0<strong>alop\u00e9cie areata<\/strong>\u00a0\u00bb qui cible les poils du visage, endommageant ainsi les follicules pileux.<\/p>\n<p>L&#8217;alop\u00e9cie areata est une forme de perte de cheveux auto-immune. Contrairement \u00e0 la calvitie frontale qui provoque g\u00e9n\u00e9ralement la chute des cheveux selon un motif sp\u00e9cifique (par exemple, un front d\u00e9garni ou une calvitie sur la couronne), l&#8217;alop\u00e9cie areata fait perdre les cheveux par petites plaques de forme inhabituelle.<\/p>\n<p>La plupart du temps, ces <strong>vides<\/strong> ont \u00e0 peu pr\u00e8s la taille d&#8217;une pi\u00e8ce de monnaie, bien qu&#8217;ils puissent \u00eatre beaucoup plus gros.<\/p>\n<p>L&#8217;alop\u00e9cie areata se produit lorsque le syst\u00e8me immunitaire attaque par erreur les follicules pileux en tant que substance \u00e9trang\u00e8re envahissante et malsaine. Au fil du temps, les dommages caus\u00e9s par le syst\u00e8me immunitaire peuvent miniaturiser les follicules pileux, les emp\u00eachant de produire de nouveaux cheveux.<\/p>\n<p>Normalement, l&#8217;alop\u00e9cie areata fait perdre des cheveux par plaques au niveau du cuir chevelu. L&#8217;<strong>alop\u00e9cie barbe<\/strong>, quant \u00e0 elle, affecte la barbe. Si l\u2019on est sujet \u00e0 l&#8217;alop\u00e9cie barbe, il peut remarquer peut-\u00eatre une <strong>perte de cheveux sur les joues<\/strong>, le menton, le cou et autour de la l\u00e8vre sup\u00e9rieure.<\/p>\n<p>Dans certains cas, l&#8217;<strong>alop\u00e9cie en plaque<\/strong> peut m\u00eame faire perdre tous les poils de barbe, bien que cela ne soit pas courant et ne se produise g\u00e9n\u00e9ralement qu&#8217;apr\u00e8s une perte de cheveux in\u00e9gale.<\/p>\n<p>La perte de cheveux due \u00e0 l&#8217;alop\u00e9cie barbe n&#8217;est pas toujours permanente. Cependant, il est assez courant que ce type de perte de cheveux se produise par intermittence au cours de plusieurs ann\u00e9es, avec une repousse et une chute des cheveux dans certaines zones.<\/p>\n<h2><span class=\"ez-toc-section\" id=\"Comment_traiter_les_plaques_chauves_sur_la_barbe\"><\/span>Comment traiter les plaques chauves sur la barbe ?<span class=\"ez-toc-section-end\"><\/span><\/h2>\n<p>L\u2019alop\u00e9cie de barbe peut ne pas avoir besoin de traitement quand elle n\u2019est pas importante. Mais si la perte de cheveux de la barbe est r\u00e9currente, un <strong>traitement chirurgical<\/strong> ou purement esth\u00e9tique est important pour la corriger.<\/p>\n<p>Les traitements permettant de traiter l&#8217;alop\u00e9cie de la barbe sont les suivantes\u00a0:<\/p>\n<h3><span class=\"ez-toc-section\" id=\"La_greffe_de_barbe\"><\/span>La greffe de barbe<span class=\"ez-toc-section-end\"><\/span><\/h3>\n<p><strong>FUE<\/strong> est l&#8217;abr\u00e9viation de <strong><a href=\"https:\/\/www.tunisie-chirurgie-esthetique.com\/greffe-cheveux-dhi-tunisie\">Follicular Unit Extraction<\/a><\/strong> (extraction d&#8217;unit\u00e9s folliculaires). Il s&#8217;agit d&#8217;un traitement peu invasif qui utilise les cheveux d&#8217;une &#8220;zone donneuse stable&#8221;, situ\u00e9e le plus souvent \u00e0 l&#8217;arri\u00e8re ou sur le c\u00f4t\u00e9 de la t\u00eate, pour <strong>harmoniser la densit\u00e9 des cheveux<\/strong> dans la zone que vous souhaitez am\u00e9liorer : la <strong>barbe<\/strong>, la <strong>barbiche<\/strong>, la <strong>moustache<\/strong> &#8230; Si vous \u00eates chauve ou d\u00e9garni et que vous craignez que des cheveux soient pr\u00e9lev\u00e9s sur votre t\u00eate, il est \u00e9galement possible d&#8217;utiliser des poils de poitrine comme site donneur. Les <strong>cheveux pour les greffes de barbe doivent g\u00e9n\u00e9ralement \u00eatre fins<\/strong>.<\/p>\n<h3><span class=\"ez-toc-section\" id=\"Steroides\"><\/span>St\u00e9ro\u00efdes<span class=\"ez-toc-section-end\"><\/span><\/h3>\n<p>\u00c9tant donn\u00e9 que l&#8217;alop\u00e9cie de la barbe est un trouble immunitaire, les st\u00e9ro\u00efdes sont souvent le premier m\u00e9dicament recommand\u00e9 pour r\u00e9duire l&#8217;inflammation. Les st\u00e9ro\u00efdes sont soit administr\u00e9s sous forme de pommades topiques \u00e0 appliquer sur la zone touch\u00e9e, soit sous forme d&#8217;injections.<\/p>\n<h3><span class=\"ez-toc-section\" id=\"Minoxidil\"><\/span>Minoxidil<span class=\"ez-toc-section-end\"><\/span><\/h3>\n<p>Le Minoxidil est un traitement efficace permettant de corriger l\u2019alop\u00e9cie. \u00a0Injecter 2 \u00e0 5% de minoxidil au moins deux fois par jour peut consid\u00e9rablement r\u00e9duire la chute des cheveux et stimuler les follicules pileux pour la repousse des cheveux. Le traitement peut prendre jusqu&#8217;\u00e0 3 mois pour montrer des r\u00e9sultats visibles.<\/p>\n<h3><span class=\"ez-toc-section\" id=\"Traitement_PRP\"><\/span>Traitement PRP<span class=\"ez-toc-section-end\"><\/span><\/h3>\n<p>Les <a href=\"https:\/\/www.tunisie-chirurgie-esthetique.com\/blog\/prp-cheveux-tunisie\/\"><strong>injections de PRP<\/strong><\/a> ou de <strong>plasma riche en plaquettes<\/strong> sont un traitement efficace contre la chute des cheveux due \u00e0 l&#8217;alop\u00e9cie. Avec cette intervention, les <strong>plaquettes de sang du patient<\/strong> sont isol\u00e9es et r\u00e9inject\u00e9es dans les plaques chauves pour stimuler la croissance des cheveux. Cela peut prendre jusqu&#8217;\u00e0 3 injections espac\u00e9es sur une p\u00e9riode de 6 semaines pour commencer \u00e0 voir de nouveaux cheveux et jusqu&#8217;\u00e0 un an avant la repousse compl\u00e8te.<\/p>\n<h3><span class=\"ez-toc-section\" id=\"Traitement_aux_rayons_UV\"><\/span>Traitement aux rayons UV<span class=\"ez-toc-section-end\"><\/span><\/h3>\n<p>La <strong>phototh\u00e9rapie<\/strong> utilisant des rayonnements UV-B s&#8217;est av\u00e9r\u00e9e efficace pour r\u00e9duire la perte de cheveux chez certains patients, bien que ce ne soit pas une technique tr\u00e8s populaire.<\/p>\n<h3><span class=\"ez-toc-section\" id=\"Remedes_a_la_maison\"><\/span>Rem\u00e8des \u00e0 la maison<span class=\"ez-toc-section-end\"><\/span><\/h3>\n<p>Il existe plusieurs \u00e9l\u00e9ments permettant de combler les vides caus\u00e9s par l\u2019alop\u00e9cie de la barbe, parmi lesquels nous avons\u00a0:<\/p>\n<ul>\n<li>Jus d&#8217;ail\u00a0;<\/li>\n<li>Alo\u00e9 vera ;<\/li>\n<li>Huile de ricin, de noix de coco ou d&#8217;amande\u00a0;<\/li>\n<li>L&#8217;huile de poisson\u00a0;<\/li>\n<li>Huiles essentielles telles que lavande, romarin ou g\u00e9ranium\u00a0;<\/li>\n<li>Th\u00e9 vert refroidi\u00a0;<\/li>\n<li>Herbe de bl\u00e9.<\/li>\n<\/ul>\n<p>Certaines personnes utilisent \u00e9galement l&#8217;acupuncture ou l&#8217;aromath\u00e9rapie comme traitement alternatif pour la perte de cheveux de la barbe.<\/p>\n<h3><span class=\"ez-toc-section\" id=\"Supplements_nutritionnels\"><\/span>Suppl\u00e9ments nutritionnels<span class=\"ez-toc-section-end\"><\/span><\/h3>\n<p>Il est aussi possible d\u2019utiliser des suppl\u00e9ments de zinc ou de biotine pour lutter contre la chute des cheveux si l\u2019on pense \u00e0 la carence nutritionnelle pourrait \u00eatre la cause de la perte de cheveux. Cependant, il est n\u00e9cessaire de consulter un m\u00e9decin avant de commencer \u00e0 prendre des suppl\u00e9ments nutritionnels.<\/p>\n","protected":false},"excerpt":{"rendered":"<p>Un front d\u00e9garni, un amincissement autour de la couronne ou une perte de cheveux diffuse affecte parfois tout le cuir chevelu. Cependant, toutes les chutes de cheveux n\u2019affectent pas le cuir chevelu. L&#8217;alop\u00e9cie de la barbe, une maladie auto-immune, peut faire perdre les poils du visage, ce qui entra\u00eene des plaques glabres. Qu&#8217;est-ce que l&#8217;alop\u00e9cie [&hellip;]<\/p>\n","protected":false},"author":1,"featured_media":4473,"comment_status":"closed","ping_status":"closed","sticky":false,"template":"","format":"standard","meta":{"rop_custom_images_group":[],"rop_custom_messages_group":[],"rop_publish_now":"initial","rop_publish_now_accounts":{"facebook_2803965346576775_1735562453331861":"","twitter_4255985368_4255985368":""},"rop_publish_now_history":[],"rop_publish_now_status":"pending","footnotes":""},"categories":[1],"tags":[],"class_list":["post-4471","post","type-post","status-publish","format-standard","has-post-thumbnail","hentry","category-actualite-chirurgie-plastique"],"yoast_head":"<!-- This site is optimized with the Yoast SEO plugin v27.4 - https:\/\/yoast.com\/product\/yoast-seo-wordpress\/ -->\n<title>Comment traiter rapidement alop\u00e9cie de barbe et quelles sont les techniques utilis\u00e9es<\/title>\n<meta name=\"description\" content=\"L\u2019alop\u00e9cie de barbe peut ne pas avoir besoin de traitement quand elle n\u2019est pas importante. Mais si la perte de cheveux de la barbe est r\u00e9currente, un traitement chirurgical ou purement esth\u00e9tique est important pour la corriger.\" \/>\n<meta name=\"robots\" content=\"index, follow, max-snippet:-1, max-image-preview:large, max-video-preview:-1\" \/>\n<link rel=\"canonical\" href=\"https:\/\/www.tunisie-chirurgie-esthetique.com\/blog\/alopecie-barbe\/\" \/>\n<meta property=\"og:locale\" content=\"fr_FR\" \/>\n<meta property=\"og:type\" content=\"article\" \/>\n<meta property=\"og:title\" content=\"Comment traiter rapidement alop\u00e9cie de barbe et quelles sont les techniques utilis\u00e9es\" \/>\n<meta property=\"og:description\" content=\"L\u2019alop\u00e9cie de barbe peut ne pas avoir besoin de traitement quand elle n\u2019est pas importante. Mais si la perte de cheveux de la barbe est r\u00e9currente, un traitement chirurgical ou purement esth\u00e9tique est important pour la corriger.\" \/>\n<meta property=\"og:url\" content=\"https:\/\/www.tunisie-chirurgie-esthetique.com\/blog\/alopecie-barbe\/\" \/>\n<meta property=\"og:site_name\" content=\"Actualit\u00e9s Chirurgie Esth\u00e9tique Tunisie\" \/>\n<meta property=\"article:publisher\" content=\"https:\/\/www.facebook.com\/TCETUNISIE\/\" \/>\n<meta property=\"article:published_time\" content=\"2021-08-17T10:52:17+00:00\" \/>\n<meta property=\"article:modified_time\" content=\"2022-08-29T10:16:03+00:00\" \/>\n<meta property=\"og:image\" content=\"https:\/\/www.tunisie-chirurgie-esthetique.com\/blog\/wp-content\/uploads\/2021\/08\/traitements-alopecie-barbae.jpg\" \/>\n\t<meta property=\"og:image:width\" content=\"1000\" \/>\n\t<meta property=\"og:image:height\" content=\"560\" \/>\n\t<meta property=\"og:image:type\" content=\"image\/jpeg\" \/>\n<meta name=\"author\" content=\"Dina Legrand\" \/>\n<meta name=\"twitter:card\" content=\"summary_large_image\" \/>\n<meta name=\"twitter:creator\" content=\"@Tunisie_CE\" \/>\n<meta name=\"twitter:site\" content=\"@Tunisie_CE\" \/>\n<meta name=\"twitter:label1\" content=\"\u00c9crit par\" \/>\n\t<meta name=\"twitter:data1\" content=\"Dina Legrand\" \/>\n\t<meta name=\"twitter:label2\" content=\"Dur\u00e9e de lecture estim\u00e9e\" \/>\n\t<meta name=\"twitter:data2\" content=\"4 minutes\" \/>\n<!-- \/ Yoast SEO plugin. -->","yoast_head_json":{"title":"Comment traiter rapidement alop\u00e9cie de barbe et quelles sont les techniques utilis\u00e9es","description":"L\u2019alop\u00e9cie de barbe peut ne pas avoir besoin de traitement quand elle n\u2019est pas importante. Mais si la perte de cheveux de la barbe est r\u00e9currente, un traitement chirurgical ou purement esth\u00e9tique est important pour la corriger.","robots":{"index":"index","follow":"follow","max-snippet":"max-snippet:-1","max-image-preview":"max-image-preview:large","max-video-preview":"max-video-preview:-1"},"canonical":"https:\/\/www.tunisie-chirurgie-esthetique.com\/blog\/alopecie-barbe\/","og_locale":"fr_FR","og_type":"article","og_title":"Comment traiter rapidement alop\u00e9cie de barbe et quelles sont les techniques utilis\u00e9es","og_description":"L\u2019alop\u00e9cie de barbe peut ne pas avoir besoin de traitement quand elle n\u2019est pas importante. Mais si la perte de cheveux de la barbe est r\u00e9currente, un traitement chirurgical ou purement esth\u00e9tique est important pour la corriger.","og_url":"https:\/\/www.tunisie-chirurgie-esthetique.com\/blog\/alopecie-barbe\/","og_site_name":"Actualit\u00e9s Chirurgie Esth\u00e9tique Tunisie","article_publisher":"https:\/\/www.facebook.com\/TCETUNISIE\/","article_published_time":"2021-08-17T10:52:17+00:00","article_modified_time":"2022-08-29T10:16:03+00:00","og_image":[{"width":1000,"height":560,"url":"https:\/\/www.tunisie-chirurgie-esthetique.com\/blog\/wp-content\/uploads\/2021\/08\/traitements-alopecie-barbae.jpg","type":"image\/jpeg"}],"author":"Dina Legrand","twitter_card":"summary_large_image","twitter_creator":"@Tunisie_CE","twitter_site":"@Tunisie_CE","twitter_misc":{"\u00c9crit par":"Dina Legrand","Dur\u00e9e de lecture estim\u00e9e":"4 minutes"},"schema":{"@context":"https:\/\/schema.org","@graph":[{"@type":["Article","BlogPosting"],"@id":"https:\/\/www.tunisie-chirurgie-esthetique.com\/blog\/alopecie-barbe\/#article","isPartOf":{"@id":"https:\/\/www.tunisie-chirurgie-esthetique.com\/blog\/alopecie-barbe\/"},"author":{"name":"Dina Legrand","@id":"https:\/\/www.tunisie-chirurgie-esthetique.com\/blog\/#\/schema\/person\/55f99d583f39ff82c83ea8d20bfb8dac"},"headline":"Qu&#8217;est ce que l&#8217;Alop\u00e9cie de barbe et comment la traiter ?","datePublished":"2021-08-17T10:52:17+00:00","dateModified":"2022-08-29T10:16:03+00:00","mainEntityOfPage":{"@id":"https:\/\/www.tunisie-chirurgie-esthetique.com\/blog\/alopecie-barbe\/"},"wordCount":901,"publisher":{"@id":"https:\/\/www.tunisie-chirurgie-esthetique.com\/blog\/#organization"},"image":{"@id":"https:\/\/www.tunisie-chirurgie-esthetique.com\/blog\/alopecie-barbe\/#primaryimage"},"thumbnailUrl":"https:\/\/www.tunisie-chirurgie-esthetique.com\/blog\/wp-content\/uploads\/2021\/08\/traitements-alopecie-barbae.jpg","articleSection":["Guide &amp; Actualit\u00e9 chirurgie plastique"],"inLanguage":"fr-FR"},{"@type":"WebPage","@id":"https:\/\/www.tunisie-chirurgie-esthetique.com\/blog\/alopecie-barbe\/","url":"https:\/\/www.tunisie-chirurgie-esthetique.com\/blog\/alopecie-barbe\/","name":"Comment traiter rapidement alop\u00e9cie de barbe et quelles sont les techniques utilis\u00e9es","isPartOf":{"@id":"https:\/\/www.tunisie-chirurgie-esthetique.com\/blog\/#website"},"primaryImageOfPage":{"@id":"https:\/\/www.tunisie-chirurgie-esthetique.com\/blog\/alopecie-barbe\/#primaryimage"},"image":{"@id":"https:\/\/www.tunisie-chirurgie-esthetique.com\/blog\/alopecie-barbe\/#primaryimage"},"thumbnailUrl":"https:\/\/www.tunisie-chirurgie-esthetique.com\/blog\/wp-content\/uploads\/2021\/08\/traitements-alopecie-barbae.jpg","datePublished":"2021-08-17T10:52:17+00:00","dateModified":"2022-08-29T10:16:03+00:00","description":"L\u2019alop\u00e9cie de barbe peut ne pas avoir besoin de traitement quand elle n\u2019est pas importante. Mais si la perte de cheveux de la barbe est r\u00e9currente, un traitement chirurgical ou purement esth\u00e9tique est important pour la corriger.","breadcrumb":{"@id":"https:\/\/www.tunisie-chirurgie-esthetique.com\/blog\/alopecie-barbe\/#breadcrumb"},"inLanguage":"fr-FR","potentialAction":[{"@type":"ReadAction","target":["https:\/\/www.tunisie-chirurgie-esthetique.com\/blog\/alopecie-barbe\/"]}]},{"@type":"ImageObject","inLanguage":"fr-FR","@id":"https:\/\/www.tunisie-chirurgie-esthetique.com\/blog\/alopecie-barbe\/#primaryimage","url":"https:\/\/www.tunisie-chirurgie-esthetique.com\/blog\/wp-content\/uploads\/2021\/08\/traitements-alopecie-barbae.jpg","contentUrl":"https:\/\/www.tunisie-chirurgie-esthetique.com\/blog\/wp-content\/uploads\/2021\/08\/traitements-alopecie-barbae.jpg","width":1000,"height":560,"caption":"traitements-alopecie-barbae"},{"@type":"BreadcrumbList","@id":"https:\/\/www.tunisie-chirurgie-esthetique.com\/blog\/alopecie-barbe\/#breadcrumb","itemListElement":[{"@type":"ListItem","position":1,"name":"Accueil","item":"https:\/\/www.tunisie-chirurgie-esthetique.com\/blog\/"},{"@type":"ListItem","position":2,"name":"Guide &amp; Actualit\u00e9 chirurgie plastique","item":"https:\/\/www.tunisie-chirurgie-esthetique.com\/blog\/actualite-chirurgie-plastique\/"},{"@type":"ListItem","position":3,"name":"Qu&rsquo;est ce que l&rsquo;Alop\u00e9cie de barbe et comment la traiter ?"}]},{"@type":"WebSite","@id":"https:\/\/www.tunisie-chirurgie-esthetique.com\/blog\/#website","url":"https:\/\/www.tunisie-chirurgie-esthetique.com\/blog\/","name":"Actualit\u00e9s en chirurgie et m\u00e9decine esth\u00e9tique Tunisie","description":"Chirurgie en Tunisie","publisher":{"@id":"https:\/\/www.tunisie-chirurgie-esthetique.com\/blog\/#organization"},"alternateName":"Forfaits chirurgie esth\u00e9tique Tunisie prix tout compris","potentialAction":[{"@type":"SearchAction","target":{"@type":"EntryPoint","urlTemplate":"https:\/\/www.tunisie-chirurgie-esthetique.com\/blog\/?s={search_term_string}"},"query-input":{"@type":"PropertyValueSpecification","valueRequired":true,"valueName":"search_term_string"}}],"inLanguage":"fr-FR"},{"@type":"Organization","@id":"https:\/\/www.tunisie-chirurgie-esthetique.com\/blog\/#organization","name":"TCE TUNISIE","alternateName":"Chirurgie esth\u00e9tique en Tunisie","url":"https:\/\/www.tunisie-chirurgie-esthetique.com\/blog\/","logo":{"@type":"ImageObject","inLanguage":"fr-FR","@id":"https:\/\/www.tunisie-chirurgie-esthetique.com\/blog\/#\/schema\/logo\/image\/","url":"https:\/\/www.tunisie-chirurgie-esthetique.com\/blog\/wp-content\/uploads\/2022\/08\/fav-tce.png","contentUrl":"https:\/\/www.tunisie-chirurgie-esthetique.com\/blog\/wp-content\/uploads\/2022\/08\/fav-tce.png","width":512,"height":512,"caption":"TCE TUNISIE"},"image":{"@id":"https:\/\/www.tunisie-chirurgie-esthetique.com\/blog\/#\/schema\/logo\/image\/"},"sameAs":["https:\/\/www.facebook.com\/TCETUNISIE\/","https:\/\/x.com\/Tunisie_CE","https:\/\/www.instagram.com\/tunisiece\/","https:\/\/www.linkedin.com\/company\/tunisie-chirurgie-etshetique-tce\/","https:\/\/www.pinterest.fr\/tunisiechirurgi\/","https:\/\/www.youtube.com\/channel\/UCFZHPINDbYAa_yhOk121j7A\/?sub_confirmation=1"]},{"@type":"Person","@id":"https:\/\/www.tunisie-chirurgie-esthetique.com\/blog\/#\/schema\/person\/55f99d583f39ff82c83ea8d20bfb8dac","name":"Dina Legrand","description":"Je m'appelle Dina Legrand, dipl\u00f4m\u00e9e d'un Master en sciences de la sant\u00e9 de l'Universit\u00e9 de Tunis et de Paris. Forte d'une exp\u00e9rience de plus de 15 ans dans le domaine m\u00e9dical, je me suis sp\u00e9cialis\u00e9e dans la r\u00e9daction, la vulgarisation et la gestion de projets scientifiques. Dot\u00e9e d'une grande aisance r\u00e9dactionnelle, j'ai ensuite \u0153uvr\u00e9 en free-lance pour diverses institutions de sant\u00e9. J'ai organis\u00e9 avec succ\u00e8s plusieurs congr\u00e8s m\u00e9dicaux internationaux, requ\u00e9rant rigueur et capacit\u00e9 de gestion de projets complexes. Aimant partager mon savoir, j'anime aujourd'hui le blog Tunisie-chirurgie-esth\u00e9tique.com, v\u00e9ritable r\u00e9f\u00e9rence en mati\u00e8re d'information m\u00e9dicale grand public. Mon objectif est de rendre accessibles des notions parfois ardues, en adoptant un ton p\u00e9dagogique et une plume clarifiant les derni\u00e8res avanc\u00e9es. Forte de ma double comp\u00e9tence m\u00e9dicale et r\u00e9dactionnelle, je me tiens \u00e0 la disposition des professionnels et particuliers pour toute mission d'\u00e9criture, de traduction ou de vulgarisation scientifique.","url":"https:\/\/www.tunisie-chirurgie-esthetique.com\/blog\/author\/nisieshi_tunesth\/"}]}},"_links":{"self":[{"href":"https:\/\/www.tunisie-chirurgie-esthetique.com\/blog\/wp-json\/wp\/v2\/posts\/4471","targetHints":{"allow":["GET"]}}],"collection":[{"href":"https:\/\/www.tunisie-chirurgie-esthetique.com\/blog\/wp-json\/wp\/v2\/posts"}],"about":[{"href":"https:\/\/www.tunisie-chirurgie-esthetique.com\/blog\/wp-json\/wp\/v2\/types\/post"}],"author":[{"embeddable":true,"href":"https:\/\/www.tunisie-chirurgie-esthetique.com\/blog\/wp-json\/wp\/v2\/users\/1"}],"replies":[{"embeddable":true,"href":"https:\/\/www.tunisie-chirurgie-esthetique.com\/blog\/wp-json\/wp\/v2\/comments?post=4471"}],"version-history":[{"count":2,"href":"https:\/\/www.tunisie-chirurgie-esthetique.com\/blog\/wp-json\/wp\/v2\/posts\/4471\/revisions"}],"predecessor-version":[{"id":5097,"href":"https:\/\/www.tunisie-chirurgie-esthetique.com\/blog\/wp-json\/wp\/v2\/posts\/4471\/revisions\/5097"}],"wp:featuredmedia":[{"embeddable":true,"href":"https:\/\/www.tunisie-chirurgie-esthetique.com\/blog\/wp-json\/wp\/v2\/media\/4473"}],"wp:attachment":[{"href":"https:\/\/www.tunisie-chirurgie-esthetique.com\/blog\/wp-json\/wp\/v2\/media?parent=4471"}],"wp:term":[{"taxonomy":"category","embeddable":true,"href":"https:\/\/www.tunisie-chirurgie-esthetique.com\/blog\/wp-json\/wp\/v2\/categories?post=4471"},{"taxonomy":"post_tag","embeddable":true,"href":"https:\/\/www.tunisie-chirurgie-esthetique.com\/blog\/wp-json\/wp\/v2\/tags?post=4471"}],"curies":[{"name":"wp","href":"https:\/\/api.w.org\/{rel}","templated":true}]}}