{"id":4132,"date":"2021-04-14T14:15:17","date_gmt":"2021-04-14T12:15:17","guid":{"rendered":"https:\/\/www.tunisie-chirurgie-esthetique.com\/blog\/?p=4132"},"modified":"2023-09-29T12:35:07","modified_gmt":"2023-09-29T10:35:07","slug":"greg-yega-defigure-apres-sa-greffe-de-cheveux","status":"publish","type":"post","link":"https:\/\/www.tunisie-chirurgie-esthetique.com\/blog\/greg-yega-defigure-apres-sa-greffe-de-cheveux\/","title":{"rendered":"Greg Yega d\u00e9figur\u00e9 apr\u00e8s sa greffe de cheveux"},"content":{"rendered":"<p>Visage gonfl\u00e9 et d\u00e9figur\u00e9, Greg Yega des Marseillais \u00e0 Duba\u00ef a choqu\u00e9 ses fans en postant sur Instagram un Selfie un jour apr\u00e8s sa chirurgie esth\u00e9tique.<\/p>\n<p>La star de t\u00e9l\u00e9-r\u00e9alit\u00e9, pour rassurer tout le monde, revient sur son op\u00e9ration de chirurgie esth\u00e9tique et explique qu\u2019il s\u2019agit d\u2019une greffe de cheveux pour combler la zone frontale de son cuir chevelu.<\/p>\n<p>\u00ab\u00a0<em>Mes yeux sont tout petits, on dirait des billes.\u00a0\u00bb <\/em>\u00a0Cette complication postop\u00e9ratoire Greg Yega l\u2019a expliqu\u00e9 en \u00e9voquant un effet secondaire de l\u2019anesth\u00e9sie n\u00e9cessaire \u00e0 la greffe capillaire\u00a0: &#8220;<em>En fait, on m&#8217;a expliqu\u00e9 que c&#8217;est l&#8217;anesth\u00e9sie qui descend. On dirait que je suis botox\u00e9. Vu qu&#8217;ils m&#8217;ont anesth\u00e9si\u00e9 le cr\u00e2ne, elle descend. C&#8217;est pour \u00e7a que j&#8217;ai une t\u00eate gonfl\u00e9e. Mais c&#8217;est normal les b\u00e9bews. Comme je vous ai dit, c&#8217;est l&#8217;anesth\u00e9sie qui redescend. Donc c&#8217;est normal que j&#8217;aie les yeux un peu gonfl\u00e9s. C&#8217;est vrai que \u00e7a me fait vraiment une t\u00eate bizarre. Mais voil\u00e0. Au moins j&#8217;ai les gros yeux. On dirait un boxeur<\/em>&#8221;<\/p>\n<p>Greg Yega d\u00e9clare que malgr\u00e9 les effets secondaires de sa <strong>greffe de cheveux<\/strong>, elle plus supportable que la calvitie qui le d\u00e9range depuis un moment.<\/p>\n<p>Le recours \u00e0 la greffe capillaire de Greg Yega n\u2019est pas un cas isol\u00e9 chez les stras de la t\u00e9l\u00e9r\u00e9alit\u00e9 et du showbiz.<\/p>\n<p>Le d\u00e9veloppement des <a href=\"https:\/\/www.tunisie-chirurgie-esthetique.com\/greffe-capillaire\">techniques de greffe capillaire<\/a> comme la <a href=\"https:\/\/www.tunisie-chirurgie-esthetique.com\/greffe-cheveux-dhi-tunisie\">greffe DHI,<\/a> il est plus rapide de se faire greffer et le r\u00e9sultat est plus promettant que d\u2019autres techniques.<\/p>\n<p>A l\u2019instar de Ma\u00ebva Ghennam (<a href=\"https:\/\/www.tunisie-chirurgie-esthetique.com\/blog\/canthopexie-foxy-eye-tunisie-prix\/\">canthopexie<\/a> et liposuccion des bras), Jean-Michel Maire (bl\u00e9pharoplastie), Magali Berdah (<a href=\"https:\/\/www.tunisie-chirurgie-esthetique.com\/genioplastie-tunisie\">refaire le menton<\/a>) et Jessica Thivenin (liposuccion ventre et lipofilling fesses), Greg Yega et plein d\u2019autres stars ont succomb\u00e9 au charme de la chirurgie esth\u00e9tique pour pr\u00e9server leur beaut\u00e9.<\/p>\n<p><iframe id=\"fskey-iframe\" class=\"fskey-autofill-dlg\" style=\"display: none;\" sandbox=\"allow-same-origin\"><\/iframe><\/p>\n<div id=\"fskey-tooltip\" class=\"fskey-tooltip\" style=\"display: none;\"><\/div>\n","protected":false},"excerpt":{"rendered":"<p>Visage gonfl\u00e9 et d\u00e9figur\u00e9, Greg Yega des Marseillais \u00e0 Duba\u00ef a choqu\u00e9 ses fans en postant sur Instagram un Selfie un jour apr\u00e8s sa chirurgie esth\u00e9tique. La star de t\u00e9l\u00e9-r\u00e9alit\u00e9, pour rassurer tout le monde, revient sur son op\u00e9ration de chirurgie esth\u00e9tique et explique qu\u2019il s\u2019agit d\u2019une greffe de cheveux pour combler la zone frontale [&hellip;]<\/p>\n","protected":false},"author":1,"featured_media":4134,"comment_status":"closed","ping_status":"closed","sticky":false,"template":"","format":"standard","meta":{"rop_custom_images_group":[],"rop_custom_messages_group":[],"rop_publish_now":"initial","rop_publish_now_accounts":{"facebook_2803965346576775_1735562453331861":"","twitter_4255985368_4255985368":""},"rop_publish_now_history":[],"rop_publish_now_status":"pending","footnotes":""},"categories":[1,2740],"tags":[],"class_list":["post-4132","post","type-post","status-publish","format-standard","has-post-thumbnail","hentry","category-actualite-chirurgie-plastique","category-potins-stars-tele-realite"],"yoast_head":"<!-- This site is optimized with the Yoast SEO plugin v27.4 - https:\/\/yoast.com\/product\/yoast-seo-wordpress\/ -->\n<title>Greg Yega d\u00e9figur\u00e9 apr\u00e8s sa greffe de cheveux : Marseillais \u00e0 Duba\u00ef<\/title>\n<meta name=\"description\" content=\"La star de t\u00e9l\u00e9-r\u00e9alit\u00e9, pour rassurer tout le monde, revient sur son op\u00e9ration de chirurgie esth\u00e9tique et explique qu\u2019il s\u2019agit d\u2019une greffe de cheveux pour combler la zone frontale de son cuir chevelu.\" \/>\n<meta name=\"robots\" content=\"index, follow, max-snippet:-1, max-image-preview:large, max-video-preview:-1\" \/>\n<link rel=\"canonical\" href=\"https:\/\/www.tunisie-chirurgie-esthetique.com\/blog\/greg-yega-defigure-apres-sa-greffe-de-cheveux\/\" \/>\n<meta property=\"og:locale\" content=\"fr_FR\" \/>\n<meta property=\"og:type\" content=\"article\" \/>\n<meta property=\"og:title\" content=\"Greg Yega d\u00e9figur\u00e9 apr\u00e8s sa greffe de cheveux : Marseillais \u00e0 Duba\u00ef\" \/>\n<meta property=\"og:description\" content=\"La star de t\u00e9l\u00e9-r\u00e9alit\u00e9, pour rassurer tout le monde, revient sur son op\u00e9ration de chirurgie esth\u00e9tique et explique qu\u2019il s\u2019agit d\u2019une greffe de cheveux pour combler la zone frontale de son cuir chevelu.\" \/>\n<meta property=\"og:url\" content=\"https:\/\/www.tunisie-chirurgie-esthetique.com\/blog\/greg-yega-defigure-apres-sa-greffe-de-cheveux\/\" \/>\n<meta property=\"og:site_name\" content=\"Actualit\u00e9s Chirurgie Esth\u00e9tique Tunisie\" \/>\n<meta property=\"article:publisher\" content=\"https:\/\/www.facebook.com\/TCETUNISIE\/\" \/>\n<meta property=\"article:published_time\" content=\"2021-04-14T12:15:17+00:00\" \/>\n<meta property=\"article:modified_time\" content=\"2023-09-29T10:35:07+00:00\" \/>\n<meta property=\"og:image\" content=\"https:\/\/www.tunisie-chirurgie-esthetique.com\/blog\/wp-content\/uploads\/2021\/04\/Greg-Yega-greffe-cheveux.jpg\" \/>\n\t<meta property=\"og:image:width\" content=\"624\" \/>\n\t<meta property=\"og:image:height\" content=\"675\" \/>\n\t<meta property=\"og:image:type\" content=\"image\/jpeg\" \/>\n<meta name=\"author\" content=\"Dina Legrand\" \/>\n<meta name=\"twitter:card\" content=\"summary_large_image\" \/>\n<meta name=\"twitter:creator\" content=\"@Tunisie_CE\" \/>\n<meta name=\"twitter:site\" content=\"@Tunisie_CE\" \/>\n<meta name=\"twitter:label1\" content=\"\u00c9crit par\" \/>\n\t<meta name=\"twitter:data1\" content=\"Dina Legrand\" \/>\n\t<meta name=\"twitter:label2\" content=\"Dur\u00e9e de lecture estim\u00e9e\" \/>\n\t<meta name=\"twitter:data2\" content=\"2 minutes\" \/>\n<!-- \/ Yoast SEO plugin. -->","yoast_head_json":{"title":"Greg Yega d\u00e9figur\u00e9 apr\u00e8s sa greffe de cheveux : Marseillais \u00e0 Duba\u00ef","description":"La star de t\u00e9l\u00e9-r\u00e9alit\u00e9, pour rassurer tout le monde, revient sur son op\u00e9ration de chirurgie esth\u00e9tique et explique qu\u2019il s\u2019agit d\u2019une greffe de cheveux pour combler la zone frontale de son cuir chevelu.","robots":{"index":"index","follow":"follow","max-snippet":"max-snippet:-1","max-image-preview":"max-image-preview:large","max-video-preview":"max-video-preview:-1"},"canonical":"https:\/\/www.tunisie-chirurgie-esthetique.com\/blog\/greg-yega-defigure-apres-sa-greffe-de-cheveux\/","og_locale":"fr_FR","og_type":"article","og_title":"Greg Yega d\u00e9figur\u00e9 apr\u00e8s sa greffe de cheveux : Marseillais \u00e0 Duba\u00ef","og_description":"La star de t\u00e9l\u00e9-r\u00e9alit\u00e9, pour rassurer tout le monde, revient sur son op\u00e9ration de chirurgie esth\u00e9tique et explique qu\u2019il s\u2019agit d\u2019une greffe de cheveux pour combler la zone frontale de son cuir chevelu.","og_url":"https:\/\/www.tunisie-chirurgie-esthetique.com\/blog\/greg-yega-defigure-apres-sa-greffe-de-cheveux\/","og_site_name":"Actualit\u00e9s Chirurgie Esth\u00e9tique Tunisie","article_publisher":"https:\/\/www.facebook.com\/TCETUNISIE\/","article_published_time":"2021-04-14T12:15:17+00:00","article_modified_time":"2023-09-29T10:35:07+00:00","og_image":[{"width":624,"height":675,"url":"https:\/\/www.tunisie-chirurgie-esthetique.com\/blog\/wp-content\/uploads\/2021\/04\/Greg-Yega-greffe-cheveux.jpg","type":"image\/jpeg"}],"author":"Dina Legrand","twitter_card":"summary_large_image","twitter_creator":"@Tunisie_CE","twitter_site":"@Tunisie_CE","twitter_misc":{"\u00c9crit par":"Dina Legrand","Dur\u00e9e de lecture estim\u00e9e":"2 minutes"},"schema":{"@context":"https:\/\/schema.org","@graph":[{"@type":["Article","BlogPosting"],"@id":"https:\/\/www.tunisie-chirurgie-esthetique.com\/blog\/greg-yega-defigure-apres-sa-greffe-de-cheveux\/#article","isPartOf":{"@id":"https:\/\/www.tunisie-chirurgie-esthetique.com\/blog\/greg-yega-defigure-apres-sa-greffe-de-cheveux\/"},"author":{"name":"Dina Legrand","@id":"https:\/\/www.tunisie-chirurgie-esthetique.com\/blog\/#\/schema\/person\/55f99d583f39ff82c83ea8d20bfb8dac"},"headline":"Greg Yega d\u00e9figur\u00e9 apr\u00e8s sa greffe de cheveux","datePublished":"2021-04-14T12:15:17+00:00","dateModified":"2023-09-29T10:35:07+00:00","mainEntityOfPage":{"@id":"https:\/\/www.tunisie-chirurgie-esthetique.com\/blog\/greg-yega-defigure-apres-sa-greffe-de-cheveux\/"},"wordCount":332,"publisher":{"@id":"https:\/\/www.tunisie-chirurgie-esthetique.com\/blog\/#organization"},"image":{"@id":"https:\/\/www.tunisie-chirurgie-esthetique.com\/blog\/greg-yega-defigure-apres-sa-greffe-de-cheveux\/#primaryimage"},"thumbnailUrl":"https:\/\/www.tunisie-chirurgie-esthetique.com\/blog\/wp-content\/uploads\/2021\/04\/Greg-Yega-greffe-cheveux.jpg","articleSection":["Guide &amp; Actualit\u00e9 chirurgie plastique","Potins Stars T\u00e9l\u00e9-r\u00e9alit\u00e9"],"inLanguage":"fr-FR"},{"@type":"WebPage","@id":"https:\/\/www.tunisie-chirurgie-esthetique.com\/blog\/greg-yega-defigure-apres-sa-greffe-de-cheveux\/","url":"https:\/\/www.tunisie-chirurgie-esthetique.com\/blog\/greg-yega-defigure-apres-sa-greffe-de-cheveux\/","name":"Greg Yega d\u00e9figur\u00e9 apr\u00e8s sa greffe de cheveux : Marseillais \u00e0 Duba\u00ef","isPartOf":{"@id":"https:\/\/www.tunisie-chirurgie-esthetique.com\/blog\/#website"},"primaryImageOfPage":{"@id":"https:\/\/www.tunisie-chirurgie-esthetique.com\/blog\/greg-yega-defigure-apres-sa-greffe-de-cheveux\/#primaryimage"},"image":{"@id":"https:\/\/www.tunisie-chirurgie-esthetique.com\/blog\/greg-yega-defigure-apres-sa-greffe-de-cheveux\/#primaryimage"},"thumbnailUrl":"https:\/\/www.tunisie-chirurgie-esthetique.com\/blog\/wp-content\/uploads\/2021\/04\/Greg-Yega-greffe-cheveux.jpg","datePublished":"2021-04-14T12:15:17+00:00","dateModified":"2023-09-29T10:35:07+00:00","description":"La star de t\u00e9l\u00e9-r\u00e9alit\u00e9, pour rassurer tout le monde, revient sur son op\u00e9ration de chirurgie esth\u00e9tique et explique qu\u2019il s\u2019agit d\u2019une greffe de cheveux pour combler la zone frontale de son cuir chevelu.","breadcrumb":{"@id":"https:\/\/www.tunisie-chirurgie-esthetique.com\/blog\/greg-yega-defigure-apres-sa-greffe-de-cheveux\/#breadcrumb"},"inLanguage":"fr-FR","potentialAction":[{"@type":"ReadAction","target":["https:\/\/www.tunisie-chirurgie-esthetique.com\/blog\/greg-yega-defigure-apres-sa-greffe-de-cheveux\/"]}]},{"@type":"ImageObject","inLanguage":"fr-FR","@id":"https:\/\/www.tunisie-chirurgie-esthetique.com\/blog\/greg-yega-defigure-apres-sa-greffe-de-cheveux\/#primaryimage","url":"https:\/\/www.tunisie-chirurgie-esthetique.com\/blog\/wp-content\/uploads\/2021\/04\/Greg-Yega-greffe-cheveux.jpg","contentUrl":"https:\/\/www.tunisie-chirurgie-esthetique.com\/blog\/wp-content\/uploads\/2021\/04\/Greg-Yega-greffe-cheveux.jpg","width":624,"height":675,"caption":"Greg-Yega-greffe-cheveux"},{"@type":"BreadcrumbList","@id":"https:\/\/www.tunisie-chirurgie-esthetique.com\/blog\/greg-yega-defigure-apres-sa-greffe-de-cheveux\/#breadcrumb","itemListElement":[{"@type":"ListItem","position":1,"name":"Accueil","item":"https:\/\/www.tunisie-chirurgie-esthetique.com\/blog\/"},{"@type":"ListItem","position":2,"name":"Guide &amp; Actualit\u00e9 chirurgie plastique","item":"https:\/\/www.tunisie-chirurgie-esthetique.com\/blog\/actualite-chirurgie-plastique\/"},{"@type":"ListItem","position":3,"name":"Greg Yega d\u00e9figur\u00e9 apr\u00e8s sa greffe de cheveux"}]},{"@type":"WebSite","@id":"https:\/\/www.tunisie-chirurgie-esthetique.com\/blog\/#website","url":"https:\/\/www.tunisie-chirurgie-esthetique.com\/blog\/","name":"Actualit\u00e9s en chirurgie et m\u00e9decine esth\u00e9tique Tunisie","description":"Chirurgie en Tunisie","publisher":{"@id":"https:\/\/www.tunisie-chirurgie-esthetique.com\/blog\/#organization"},"alternateName":"Forfaits chirurgie esth\u00e9tique Tunisie prix tout compris","potentialAction":[{"@type":"SearchAction","target":{"@type":"EntryPoint","urlTemplate":"https:\/\/www.tunisie-chirurgie-esthetique.com\/blog\/?s={search_term_string}"},"query-input":{"@type":"PropertyValueSpecification","valueRequired":true,"valueName":"search_term_string"}}],"inLanguage":"fr-FR"},{"@type":"Organization","@id":"https:\/\/www.tunisie-chirurgie-esthetique.com\/blog\/#organization","name":"TCE TUNISIE","alternateName":"Chirurgie esth\u00e9tique en Tunisie","url":"https:\/\/www.tunisie-chirurgie-esthetique.com\/blog\/","logo":{"@type":"ImageObject","inLanguage":"fr-FR","@id":"https:\/\/www.tunisie-chirurgie-esthetique.com\/blog\/#\/schema\/logo\/image\/","url":"https:\/\/www.tunisie-chirurgie-esthetique.com\/blog\/wp-content\/uploads\/2022\/08\/fav-tce.png","contentUrl":"https:\/\/www.tunisie-chirurgie-esthetique.com\/blog\/wp-content\/uploads\/2022\/08\/fav-tce.png","width":512,"height":512,"caption":"TCE TUNISIE"},"image":{"@id":"https:\/\/www.tunisie-chirurgie-esthetique.com\/blog\/#\/schema\/logo\/image\/"},"sameAs":["https:\/\/www.facebook.com\/TCETUNISIE\/","https:\/\/x.com\/Tunisie_CE","https:\/\/www.instagram.com\/tunisiece\/","https:\/\/www.linkedin.com\/company\/tunisie-chirurgie-etshetique-tce\/","https:\/\/www.pinterest.fr\/tunisiechirurgi\/","https:\/\/www.youtube.com\/channel\/UCFZHPINDbYAa_yhOk121j7A\/?sub_confirmation=1"]},{"@type":"Person","@id":"https:\/\/www.tunisie-chirurgie-esthetique.com\/blog\/#\/schema\/person\/55f99d583f39ff82c83ea8d20bfb8dac","name":"Dina Legrand","description":"Je m'appelle Dina Legrand, dipl\u00f4m\u00e9e d'un Master en sciences de la sant\u00e9 de l'Universit\u00e9 de Tunis et de Paris. Forte d'une exp\u00e9rience de plus de 15 ans dans le domaine m\u00e9dical, je me suis sp\u00e9cialis\u00e9e dans la r\u00e9daction, la vulgarisation et la gestion de projets scientifiques. Dot\u00e9e d'une grande aisance r\u00e9dactionnelle, j'ai ensuite \u0153uvr\u00e9 en free-lance pour diverses institutions de sant\u00e9. J'ai organis\u00e9 avec succ\u00e8s plusieurs congr\u00e8s m\u00e9dicaux internationaux, requ\u00e9rant rigueur et capacit\u00e9 de gestion de projets complexes. Aimant partager mon savoir, j'anime aujourd'hui le blog Tunisie-chirurgie-esth\u00e9tique.com, v\u00e9ritable r\u00e9f\u00e9rence en mati\u00e8re d'information m\u00e9dicale grand public. Mon objectif est de rendre accessibles des notions parfois ardues, en adoptant un ton p\u00e9dagogique et une plume clarifiant les derni\u00e8res avanc\u00e9es. Forte de ma double comp\u00e9tence m\u00e9dicale et r\u00e9dactionnelle, je me tiens \u00e0 la disposition des professionnels et particuliers pour toute mission d'\u00e9criture, de traduction ou de vulgarisation scientifique.","url":"https:\/\/www.tunisie-chirurgie-esthetique.com\/blog\/author\/nisieshi_tunesth\/"}]}},"_links":{"self":[{"href":"https:\/\/www.tunisie-chirurgie-esthetique.com\/blog\/wp-json\/wp\/v2\/posts\/4132","targetHints":{"allow":["GET"]}}],"collection":[{"href":"https:\/\/www.tunisie-chirurgie-esthetique.com\/blog\/wp-json\/wp\/v2\/posts"}],"about":[{"href":"https:\/\/www.tunisie-chirurgie-esthetique.com\/blog\/wp-json\/wp\/v2\/types\/post"}],"author":[{"embeddable":true,"href":"https:\/\/www.tunisie-chirurgie-esthetique.com\/blog\/wp-json\/wp\/v2\/users\/1"}],"replies":[{"embeddable":true,"href":"https:\/\/www.tunisie-chirurgie-esthetique.com\/blog\/wp-json\/wp\/v2\/comments?post=4132"}],"version-history":[{"count":3,"href":"https:\/\/www.tunisie-chirurgie-esthetique.com\/blog\/wp-json\/wp\/v2\/posts\/4132\/revisions"}],"predecessor-version":[{"id":5114,"href":"https:\/\/www.tunisie-chirurgie-esthetique.com\/blog\/wp-json\/wp\/v2\/posts\/4132\/revisions\/5114"}],"wp:featuredmedia":[{"embeddable":true,"href":"https:\/\/www.tunisie-chirurgie-esthetique.com\/blog\/wp-json\/wp\/v2\/media\/4134"}],"wp:attachment":[{"href":"https:\/\/www.tunisie-chirurgie-esthetique.com\/blog\/wp-json\/wp\/v2\/media?parent=4132"}],"wp:term":[{"taxonomy":"category","embeddable":true,"href":"https:\/\/www.tunisie-chirurgie-esthetique.com\/blog\/wp-json\/wp\/v2\/categories?post=4132"},{"taxonomy":"post_tag","embeddable":true,"href":"https:\/\/www.tunisie-chirurgie-esthetique.com\/blog\/wp-json\/wp\/v2\/tags?post=4132"}],"curies":[{"name":"wp","href":"https:\/\/api.w.org\/{rel}","templated":true}]}}