{"id":4068,"date":"2021-02-22T15:39:38","date_gmt":"2021-02-22T14:39:38","guid":{"rendered":"https:\/\/www.tunisie-chirurgie-esthetique.com\/blog\/?p=4068"},"modified":"2023-09-29T11:45:26","modified_gmt":"2023-09-29T09:45:26","slug":"pascal-obispo-chirurgie-esthetique","status":"publish","type":"post","link":"https:\/\/www.tunisie-chirurgie-esthetique.com\/blog\/pascal-obispo-chirurgie-esthetique\/","title":{"rendered":"Pascal Obispo : retour sur sa chirurgie esth\u00e9tique"},"content":{"rendered":"<p>Le vendredi 12 f\u00e9vrier, Pascal Obispo a r\u00e9v\u00e9l\u00e9 ce qu\u2019il pense de la chirurgie esth\u00e9tique \u00e0 \u00ab\u00a0Touche Pas \u00e0 Mon Poste\u00a0\u00bb.<\/p>\n<p>Pour <strong>Pascal Obispo, la chirurgie esth\u00e9tique<\/strong> serait r\u00e9serv\u00e9e aux \u00ab\u00a0femmes\u00a0\u00bb. Pour un homme, comme il le disait vendredi 12 f\u00e9vrier \u00e0 \u2018\u2019 Touche Pas \u00e0 Mon Poste \u2018\u2019 : \u00ab Je trouve \u00e7a ridicule \u00bb.<\/p>\n<p>L\u2019ancien entra\u00eeneur de The Voice, gu\u00e9ri du coronavirus, n&#8217;est pas pass\u00e9 par le bistouri pour cette raison, et r\u00e9agissant \u00e0 un documentaire autour de cette pratique diffus\u00e9 dans Sept \u00e0 Huit sur TF1, il y a pr\u00e8s de 7 jours, il a l\u00e2ch\u00e9 : \u00ab \u00c7a ne me d\u00e9range pas quand les femmes avancent dans l&#8217;\u00e2ge, si elles se font des petites choses, c&#8217;est bien pour elles.\u00a0 Avec les hommes, je trouve que c&#8217;est un peu particulier. \u00bb<\/p>\n<p>Pascal Obispo accepte ses rides comme des \u00ab marques de la vie \u00bb. Certes, il est une personne qui n\u2019est pas du tout fan de la <a href=\"https:\/\/www.tunisie-chirurgie-esthetique.com\/\">chirurgie esth\u00e9tique pour hommes<\/a>, il ne cache cependant pas son d\u00e9saccord avec les interventions \u00ab trop \u00bb pratiqu\u00e9es par les femmes.<\/p>\n<p>S\u2019il n\u2019a pas mentionn\u00e9 les noms des stars connues pour leur enthousiasme pour les actes chirurgicaux, il respecte tout de m\u00eame une r\u00e8gle : \u00ab Apr\u00e8s \u00e7a, n\u2019importe qui peut faire ce qu\u2019il veut \u00bb.<\/p>\n<p>Pour cette raison, il n\u2019a pas jug\u00e9 Benjamin Castaldi, qui ne nie pas avoir c\u00e9d\u00e9 \u00e0 la chirurgie esth\u00e9tique. Le mari d\u2019Aurore Aleman a en effet eu recours \u00e0 une intervention pour r\u00e9duire sa ligne. \u00ab Il suffit de ne pas manger \u00bb, l\u2019a taquin\u00e9 Pascal Obispo.<\/p>\n<p>Pascal Obispo ne veut pas changer ou rajeunir son apparence, et il se d\u00e9marque des autres c\u00e9l\u00e9brit\u00e9s qui avouent sans complexes avoir d\u00e9j\u00e0 \u00e9t\u00e9 tent\u00e9s par la <strong>chirurgie esth\u00e9tique Tunisie<\/strong>. Il y a m\u00eame de ceux l\u2019ont fait avec regret comme l&#8217;avait confi\u00e9 Zazie, ex-acolyte du principal int\u00e9ress\u00e9 dans The Voice.<\/p>\n<p>\u00ab\u00a0J&#8217;ai fait une fois du Botox, il y a 15 ans\u00a0\u00bb, a racont\u00e9 la chanteuse au Parisien en septembre 2018. Elle aurait vite souhait\u00e9 faire marche arri\u00e8re en constatant que son visage avait perdu de sa mobilit\u00e9. \u00ab\u00a0C&#8217;\u00e9tait ridicule. Plus rien ne bougeait sur mon visage. Mon front \u00e9tait en pl\u00e2tre.\u00a0\u00bb<\/p>\n","protected":false},"excerpt":{"rendered":"<p>Le vendredi 12 f\u00e9vrier, Pascal Obispo a r\u00e9v\u00e9l\u00e9 ce qu\u2019il pense de la chirurgie esth\u00e9tique \u00e0 \u00ab\u00a0Touche Pas \u00e0 Mon Poste\u00a0\u00bb. Pour Pascal Obispo, la chirurgie esth\u00e9tique serait r\u00e9serv\u00e9e aux \u00ab\u00a0femmes\u00a0\u00bb. Pour un homme, comme il le disait vendredi 12 f\u00e9vrier \u00e0 \u2018\u2019 Touche Pas \u00e0 Mon Poste \u2018\u2019 : \u00ab Je trouve \u00e7a ridicule [&hellip;]<\/p>\n","protected":false},"author":1,"featured_media":4069,"comment_status":"closed","ping_status":"closed","sticky":false,"template":"","format":"standard","meta":{"rop_custom_images_group":[],"rop_custom_messages_group":[],"rop_publish_now":"initial","rop_publish_now_accounts":{"facebook_2803965346576775_1735562453331861":"","twitter_4255985368_4255985368":""},"rop_publish_now_history":[],"rop_publish_now_status":"pending","footnotes":""},"categories":[1,2740],"tags":[],"class_list":["post-4068","post","type-post","status-publish","format-standard","has-post-thumbnail","hentry","category-actualite-chirurgie-plastique","category-potins-stars-tele-realite"],"yoast_head":"<!-- This site is optimized with the Yoast SEO plugin v27.4 - https:\/\/yoast.com\/product\/yoast-seo-wordpress\/ -->\n<title>Pascal Obispo : retour sur sa chirurgie esth\u00e9tique<\/title>\n<meta name=\"description\" content=\"Pascal Obispo ne veut pas changer ou rajeunir son apparence, et il se d\u00e9marque des autres c\u00e9l\u00e9brit\u00e9s qui avouent sans complexes avoir d\u00e9j\u00e0 \u00e9t\u00e9 tent\u00e9s par la chirurgie esth\u00e9tique.\" \/>\n<meta name=\"robots\" content=\"index, follow, max-snippet:-1, max-image-preview:large, max-video-preview:-1\" \/>\n<link rel=\"canonical\" href=\"https:\/\/www.tunisie-chirurgie-esthetique.com\/blog\/pascal-obispo-chirurgie-esthetique\/\" \/>\n<meta property=\"og:locale\" content=\"fr_FR\" \/>\n<meta property=\"og:type\" content=\"article\" \/>\n<meta property=\"og:title\" content=\"Pascal Obispo : retour sur sa chirurgie esth\u00e9tique\" \/>\n<meta property=\"og:description\" content=\"Pascal Obispo ne veut pas changer ou rajeunir son apparence, et il se d\u00e9marque des autres c\u00e9l\u00e9brit\u00e9s qui avouent sans complexes avoir d\u00e9j\u00e0 \u00e9t\u00e9 tent\u00e9s par la chirurgie esth\u00e9tique.\" \/>\n<meta property=\"og:url\" content=\"https:\/\/www.tunisie-chirurgie-esthetique.com\/blog\/pascal-obispo-chirurgie-esthetique\/\" \/>\n<meta property=\"og:site_name\" content=\"Actualit\u00e9s Chirurgie Esth\u00e9tique Tunisie\" \/>\n<meta property=\"article:publisher\" content=\"https:\/\/www.facebook.com\/TCETUNISIE\/\" \/>\n<meta property=\"article:published_time\" content=\"2021-02-22T14:39:38+00:00\" \/>\n<meta property=\"article:modified_time\" content=\"2023-09-29T09:45:26+00:00\" \/>\n<meta property=\"og:image\" content=\"https:\/\/www.tunisie-chirurgie-esthetique.com\/blog\/wp-content\/uploads\/2021\/02\/pascal-obispo-chirurgie-esthetique.jpg\" \/>\n\t<meta property=\"og:image:width\" content=\"1200\" \/>\n\t<meta property=\"og:image:height\" content=\"798\" \/>\n\t<meta property=\"og:image:type\" content=\"image\/jpeg\" \/>\n<meta name=\"author\" content=\"Dina Legrand\" \/>\n<meta name=\"twitter:card\" content=\"summary_large_image\" \/>\n<meta name=\"twitter:creator\" content=\"@Tunisie_CE\" \/>\n<meta name=\"twitter:site\" content=\"@Tunisie_CE\" \/>\n<meta name=\"twitter:label1\" content=\"\u00c9crit par\" \/>\n\t<meta name=\"twitter:data1\" content=\"Dina Legrand\" \/>\n\t<meta name=\"twitter:label2\" content=\"Dur\u00e9e de lecture estim\u00e9e\" \/>\n\t<meta name=\"twitter:data2\" content=\"2 minutes\" \/>\n<!-- \/ Yoast SEO plugin. -->","yoast_head_json":{"title":"Pascal Obispo : retour sur sa chirurgie esth\u00e9tique","description":"Pascal Obispo ne veut pas changer ou rajeunir son apparence, et il se d\u00e9marque des autres c\u00e9l\u00e9brit\u00e9s qui avouent sans complexes avoir d\u00e9j\u00e0 \u00e9t\u00e9 tent\u00e9s par la chirurgie esth\u00e9tique.","robots":{"index":"index","follow":"follow","max-snippet":"max-snippet:-1","max-image-preview":"max-image-preview:large","max-video-preview":"max-video-preview:-1"},"canonical":"https:\/\/www.tunisie-chirurgie-esthetique.com\/blog\/pascal-obispo-chirurgie-esthetique\/","og_locale":"fr_FR","og_type":"article","og_title":"Pascal Obispo : retour sur sa chirurgie esth\u00e9tique","og_description":"Pascal Obispo ne veut pas changer ou rajeunir son apparence, et il se d\u00e9marque des autres c\u00e9l\u00e9brit\u00e9s qui avouent sans complexes avoir d\u00e9j\u00e0 \u00e9t\u00e9 tent\u00e9s par la chirurgie esth\u00e9tique.","og_url":"https:\/\/www.tunisie-chirurgie-esthetique.com\/blog\/pascal-obispo-chirurgie-esthetique\/","og_site_name":"Actualit\u00e9s Chirurgie Esth\u00e9tique Tunisie","article_publisher":"https:\/\/www.facebook.com\/TCETUNISIE\/","article_published_time":"2021-02-22T14:39:38+00:00","article_modified_time":"2023-09-29T09:45:26+00:00","og_image":[{"width":1200,"height":798,"url":"https:\/\/www.tunisie-chirurgie-esthetique.com\/blog\/wp-content\/uploads\/2021\/02\/pascal-obispo-chirurgie-esthetique.jpg","type":"image\/jpeg"}],"author":"Dina Legrand","twitter_card":"summary_large_image","twitter_creator":"@Tunisie_CE","twitter_site":"@Tunisie_CE","twitter_misc":{"\u00c9crit par":"Dina Legrand","Dur\u00e9e de lecture estim\u00e9e":"2 minutes"},"schema":{"@context":"https:\/\/schema.org","@graph":[{"@type":["Article","BlogPosting"],"@id":"https:\/\/www.tunisie-chirurgie-esthetique.com\/blog\/pascal-obispo-chirurgie-esthetique\/#article","isPartOf":{"@id":"https:\/\/www.tunisie-chirurgie-esthetique.com\/blog\/pascal-obispo-chirurgie-esthetique\/"},"author":{"name":"Dina Legrand","@id":"https:\/\/www.tunisie-chirurgie-esthetique.com\/blog\/#\/schema\/person\/55f99d583f39ff82c83ea8d20bfb8dac"},"headline":"Pascal Obispo : retour sur sa chirurgie esth\u00e9tique","datePublished":"2021-02-22T14:39:38+00:00","dateModified":"2023-09-29T09:45:26+00:00","mainEntityOfPage":{"@id":"https:\/\/www.tunisie-chirurgie-esthetique.com\/blog\/pascal-obispo-chirurgie-esthetique\/"},"wordCount":390,"publisher":{"@id":"https:\/\/www.tunisie-chirurgie-esthetique.com\/blog\/#organization"},"image":{"@id":"https:\/\/www.tunisie-chirurgie-esthetique.com\/blog\/pascal-obispo-chirurgie-esthetique\/#primaryimage"},"thumbnailUrl":"https:\/\/www.tunisie-chirurgie-esthetique.com\/blog\/wp-content\/uploads\/2021\/02\/pascal-obispo-chirurgie-esthetique.jpg","articleSection":["Guide &amp; Actualit\u00e9 chirurgie plastique","Potins Stars T\u00e9l\u00e9-r\u00e9alit\u00e9"],"inLanguage":"fr-FR"},{"@type":"WebPage","@id":"https:\/\/www.tunisie-chirurgie-esthetique.com\/blog\/pascal-obispo-chirurgie-esthetique\/","url":"https:\/\/www.tunisie-chirurgie-esthetique.com\/blog\/pascal-obispo-chirurgie-esthetique\/","name":"Pascal Obispo : retour sur sa chirurgie esth\u00e9tique","isPartOf":{"@id":"https:\/\/www.tunisie-chirurgie-esthetique.com\/blog\/#website"},"primaryImageOfPage":{"@id":"https:\/\/www.tunisie-chirurgie-esthetique.com\/blog\/pascal-obispo-chirurgie-esthetique\/#primaryimage"},"image":{"@id":"https:\/\/www.tunisie-chirurgie-esthetique.com\/blog\/pascal-obispo-chirurgie-esthetique\/#primaryimage"},"thumbnailUrl":"https:\/\/www.tunisie-chirurgie-esthetique.com\/blog\/wp-content\/uploads\/2021\/02\/pascal-obispo-chirurgie-esthetique.jpg","datePublished":"2021-02-22T14:39:38+00:00","dateModified":"2023-09-29T09:45:26+00:00","description":"Pascal Obispo ne veut pas changer ou rajeunir son apparence, et il se d\u00e9marque des autres c\u00e9l\u00e9brit\u00e9s qui avouent sans complexes avoir d\u00e9j\u00e0 \u00e9t\u00e9 tent\u00e9s par la chirurgie esth\u00e9tique.","breadcrumb":{"@id":"https:\/\/www.tunisie-chirurgie-esthetique.com\/blog\/pascal-obispo-chirurgie-esthetique\/#breadcrumb"},"inLanguage":"fr-FR","potentialAction":[{"@type":"ReadAction","target":["https:\/\/www.tunisie-chirurgie-esthetique.com\/blog\/pascal-obispo-chirurgie-esthetique\/"]}]},{"@type":"ImageObject","inLanguage":"fr-FR","@id":"https:\/\/www.tunisie-chirurgie-esthetique.com\/blog\/pascal-obispo-chirurgie-esthetique\/#primaryimage","url":"https:\/\/www.tunisie-chirurgie-esthetique.com\/blog\/wp-content\/uploads\/2021\/02\/pascal-obispo-chirurgie-esthetique.jpg","contentUrl":"https:\/\/www.tunisie-chirurgie-esthetique.com\/blog\/wp-content\/uploads\/2021\/02\/pascal-obispo-chirurgie-esthetique.jpg","width":1200,"height":798,"caption":"pascal-obispo-chirurgie-esthetique"},{"@type":"BreadcrumbList","@id":"https:\/\/www.tunisie-chirurgie-esthetique.com\/blog\/pascal-obispo-chirurgie-esthetique\/#breadcrumb","itemListElement":[{"@type":"ListItem","position":1,"name":"Accueil","item":"https:\/\/www.tunisie-chirurgie-esthetique.com\/blog\/"},{"@type":"ListItem","position":2,"name":"Guide &amp; Actualit\u00e9 chirurgie plastique","item":"https:\/\/www.tunisie-chirurgie-esthetique.com\/blog\/actualite-chirurgie-plastique\/"},{"@type":"ListItem","position":3,"name":"Pascal Obispo : retour sur sa chirurgie esth\u00e9tique"}]},{"@type":"WebSite","@id":"https:\/\/www.tunisie-chirurgie-esthetique.com\/blog\/#website","url":"https:\/\/www.tunisie-chirurgie-esthetique.com\/blog\/","name":"Actualit\u00e9s en chirurgie et m\u00e9decine esth\u00e9tique Tunisie","description":"Chirurgie en Tunisie","publisher":{"@id":"https:\/\/www.tunisie-chirurgie-esthetique.com\/blog\/#organization"},"alternateName":"Forfaits chirurgie esth\u00e9tique Tunisie prix tout compris","potentialAction":[{"@type":"SearchAction","target":{"@type":"EntryPoint","urlTemplate":"https:\/\/www.tunisie-chirurgie-esthetique.com\/blog\/?s={search_term_string}"},"query-input":{"@type":"PropertyValueSpecification","valueRequired":true,"valueName":"search_term_string"}}],"inLanguage":"fr-FR"},{"@type":"Organization","@id":"https:\/\/www.tunisie-chirurgie-esthetique.com\/blog\/#organization","name":"TCE TUNISIE","alternateName":"Chirurgie esth\u00e9tique en Tunisie","url":"https:\/\/www.tunisie-chirurgie-esthetique.com\/blog\/","logo":{"@type":"ImageObject","inLanguage":"fr-FR","@id":"https:\/\/www.tunisie-chirurgie-esthetique.com\/blog\/#\/schema\/logo\/image\/","url":"https:\/\/www.tunisie-chirurgie-esthetique.com\/blog\/wp-content\/uploads\/2022\/08\/fav-tce.png","contentUrl":"https:\/\/www.tunisie-chirurgie-esthetique.com\/blog\/wp-content\/uploads\/2022\/08\/fav-tce.png","width":512,"height":512,"caption":"TCE TUNISIE"},"image":{"@id":"https:\/\/www.tunisie-chirurgie-esthetique.com\/blog\/#\/schema\/logo\/image\/"},"sameAs":["https:\/\/www.facebook.com\/TCETUNISIE\/","https:\/\/x.com\/Tunisie_CE","https:\/\/www.instagram.com\/tunisiece\/","https:\/\/www.linkedin.com\/company\/tunisie-chirurgie-etshetique-tce\/","https:\/\/www.pinterest.fr\/tunisiechirurgi\/","https:\/\/www.youtube.com\/channel\/UCFZHPINDbYAa_yhOk121j7A\/?sub_confirmation=1"]},{"@type":"Person","@id":"https:\/\/www.tunisie-chirurgie-esthetique.com\/blog\/#\/schema\/person\/55f99d583f39ff82c83ea8d20bfb8dac","name":"Dina Legrand","description":"Je m'appelle Dina Legrand, dipl\u00f4m\u00e9e d'un Master en sciences de la sant\u00e9 de l'Universit\u00e9 de Tunis et de Paris. Forte d'une exp\u00e9rience de plus de 15 ans dans le domaine m\u00e9dical, je me suis sp\u00e9cialis\u00e9e dans la r\u00e9daction, la vulgarisation et la gestion de projets scientifiques. Dot\u00e9e d'une grande aisance r\u00e9dactionnelle, j'ai ensuite \u0153uvr\u00e9 en free-lance pour diverses institutions de sant\u00e9. J'ai organis\u00e9 avec succ\u00e8s plusieurs congr\u00e8s m\u00e9dicaux internationaux, requ\u00e9rant rigueur et capacit\u00e9 de gestion de projets complexes. Aimant partager mon savoir, j'anime aujourd'hui le blog Tunisie-chirurgie-esth\u00e9tique.com, v\u00e9ritable r\u00e9f\u00e9rence en mati\u00e8re d'information m\u00e9dicale grand public. Mon objectif est de rendre accessibles des notions parfois ardues, en adoptant un ton p\u00e9dagogique et une plume clarifiant les derni\u00e8res avanc\u00e9es. Forte de ma double comp\u00e9tence m\u00e9dicale et r\u00e9dactionnelle, je me tiens \u00e0 la disposition des professionnels et particuliers pour toute mission d'\u00e9criture, de traduction ou de vulgarisation scientifique.","url":"https:\/\/www.tunisie-chirurgie-esthetique.com\/blog\/author\/nisieshi_tunesth\/"}]}},"_links":{"self":[{"href":"https:\/\/www.tunisie-chirurgie-esthetique.com\/blog\/wp-json\/wp\/v2\/posts\/4068","targetHints":{"allow":["GET"]}}],"collection":[{"href":"https:\/\/www.tunisie-chirurgie-esthetique.com\/blog\/wp-json\/wp\/v2\/posts"}],"about":[{"href":"https:\/\/www.tunisie-chirurgie-esthetique.com\/blog\/wp-json\/wp\/v2\/types\/post"}],"author":[{"embeddable":true,"href":"https:\/\/www.tunisie-chirurgie-esthetique.com\/blog\/wp-json\/wp\/v2\/users\/1"}],"replies":[{"embeddable":true,"href":"https:\/\/www.tunisie-chirurgie-esthetique.com\/blog\/wp-json\/wp\/v2\/comments?post=4068"}],"version-history":[{"count":8,"href":"https:\/\/www.tunisie-chirurgie-esthetique.com\/blog\/wp-json\/wp\/v2\/posts\/4068\/revisions"}],"predecessor-version":[{"id":6430,"href":"https:\/\/www.tunisie-chirurgie-esthetique.com\/blog\/wp-json\/wp\/v2\/posts\/4068\/revisions\/6430"}],"wp:featuredmedia":[{"embeddable":true,"href":"https:\/\/www.tunisie-chirurgie-esthetique.com\/blog\/wp-json\/wp\/v2\/media\/4069"}],"wp:attachment":[{"href":"https:\/\/www.tunisie-chirurgie-esthetique.com\/blog\/wp-json\/wp\/v2\/media?parent=4068"}],"wp:term":[{"taxonomy":"category","embeddable":true,"href":"https:\/\/www.tunisie-chirurgie-esthetique.com\/blog\/wp-json\/wp\/v2\/categories?post=4068"},{"taxonomy":"post_tag","embeddable":true,"href":"https:\/\/www.tunisie-chirurgie-esthetique.com\/blog\/wp-json\/wp\/v2\/tags?post=4068"}],"curies":[{"name":"wp","href":"https:\/\/api.w.org\/{rel}","templated":true}]}}