{"id":3929,"date":"2021-01-07T16:15:04","date_gmt":"2021-01-07T15:15:04","guid":{"rendered":"https:\/\/www.tunisie-chirurgie-esthetique.com\/blog\/?p=3929"},"modified":"2024-04-17T12:30:35","modified_gmt":"2024-04-17T10:30:35","slug":"facettes-veneers-en-hongrie","status":"publish","type":"post","link":"https:\/\/www.tunisie-chirurgie-esthetique.com\/blog\/facettes-veneers-en-hongrie\/","title":{"rendered":"Faites-vous poser des facettes Veneers en Hongrie et retrouvez votre sourire radieux"},"content":{"rendered":"<div id=\"ez-toc-container\" class=\"ez-toc-v2_0_82_2 counter-hierarchy ez-toc-counter ez-toc-light-blue ez-toc-container-direction\">\n<div class=\"ez-toc-title-container\">\n<p class=\"ez-toc-title ez-toc-toggle\" style=\"cursor:pointer\">Sommaire<\/p>\n<span class=\"ez-toc-title-toggle\"><a href=\"#\" class=\"ez-toc-pull-right ez-toc-btn ez-toc-btn-xs ez-toc-btn-default ez-toc-toggle\" aria-label=\"Toggle Table of Content\"><span class=\"ez-toc-js-icon-con\"><span class=\"\"><span class=\"eztoc-hide\" style=\"display:none;\">Toggle<\/span><span class=\"ez-toc-icon-toggle-span\"><svg style=\"fill: #999;color:#999\" xmlns=\"http:\/\/www.w3.org\/2000\/svg\" class=\"list-377408\" width=\"20px\" height=\"20px\" viewBox=\"0 0 24 24\" fill=\"none\"><path d=\"M6 6H4v2h2V6zm14 0H8v2h12V6zM4 11h2v2H4v-2zm16 0H8v2h12v-2zM4 16h2v2H4v-2zm16 0H8v2h12v-2z\" fill=\"currentColor\"><\/path><\/svg><svg style=\"fill: #999;color:#999\" class=\"arrow-unsorted-368013\" xmlns=\"http:\/\/www.w3.org\/2000\/svg\" width=\"10px\" height=\"10px\" viewBox=\"0 0 24 24\" version=\"1.2\" baseProfile=\"tiny\"><path d=\"M18.2 9.3l-6.2-6.3-6.2 6.3c-.2.2-.3.4-.3.7s.1.5.3.7c.2.2.4.3.7.3h11c.3 0 .5-.1.7-.3.2-.2.3-.5.3-.7s-.1-.5-.3-.7zM5.8 14.7l6.2 6.3 6.2-6.3c.2-.2.3-.5.3-.7s-.1-.5-.3-.7c-.2-.2-.4-.3-.7-.3h-11c-.3 0-.5.1-.7.3-.2.2-.3.5-.3.7s.1.5.3.7z\"\/><\/svg><\/span><\/span><\/span><\/a><\/span><\/div>\n<nav><ul class='ez-toc-list ez-toc-list-level-1 eztoc-toggle-hide-by-default' ><li class='ez-toc-page-1 ez-toc-heading-level-2'><a class=\"ez-toc-link ez-toc-heading-1\" href=\"https:\/\/www.tunisie-chirurgie-esthetique.com\/blog\/facettes-veneers-en-hongrie\/#Regles_a_respecter_lors_du_choix_des_facettes_Veneers_en_Hongrie\" >R\u00e8gles \u00e0 respecter lors du choix des facettes Veneers en Hongrie<\/a><\/li><li class='ez-toc-page-1 ez-toc-heading-level-2'><a class=\"ez-toc-link ez-toc-heading-2\" href=\"https:\/\/www.tunisie-chirurgie-esthetique.com\/blog\/facettes-veneers-en-hongrie\/#Economisez_sur_vos_soins_dentaires_en_Hongrie\" >\u00c9conomisez sur vos soins dentaires en Hongrie<\/a><\/li><li class='ez-toc-page-1 ez-toc-heading-level-2'><a class=\"ez-toc-link ez-toc-heading-3\" href=\"https:\/\/www.tunisie-chirurgie-esthetique.com\/blog\/facettes-veneers-en-hongrie\/#Quelle_est_la_duree_de_vie_des_facettes_Veneers\" >Quelle est la dur\u00e9e de vie des facettes Veneers\u00a0?<\/a><\/li><\/ul><\/nav><\/div>\n<p>Une facette dentaire Veneers coll\u00e9e sur le devant de la dent, est une pellicule de 0,5 \u00e0 1mm en c\u00e9ramique (porcelaine dentaire) ou en composite ou parfois en zircone.<\/p>\n<p>Pour la pose de la facette, le dentiste polit pr\u00e8s d\u2019un demi-millim\u00e8tre de la couche d\u2019\u00e9mail mais il existe aussi la facette dentaire ultrafine qui ne n\u00e9cessite pas le polissage, elle est scell\u00e9e sans perte d\u2019\u00e9mail.<\/p>\n<p>La facette Veneers corrige tous types de disgr\u00e2ces inesth\u00e9tiques comme la couleur, la forme, la taille de la dent. Elle est toujours fabriqu\u00e9e sur mesure par les proth\u00e9sistes dentaires et elle sert de couverture compl\u00e8te ou partielle de la dent.<\/p>\n<p>En dentisterie esth\u00e9tique la pose de la <strong><a href=\"https:\/\/www.tunisie-chirurgie-esthetique.com\/facettes-lumineers-tunisie\">facette dentaire Veneers<\/a><\/strong> est le traitement num\u00e9ro 2 apr\u00e8s le blanchiment des dents car, bien qu\u2019elle soit plus ch\u00e8re que ce dernier, on obtient un r\u00e9sultat parfait qu\u2019aucune autre intervention traditionnelle ne peut apporter.<\/p>\n<p>La pose de facette Veneers est tout \u00e0 fait indolore et ne n\u00e9cessite qu\u2019une seule visite.<\/p>\n<p>Les chirurgiens-dentistes hongrois sp\u00e9cialis\u00e9s dans l\u2019accueil des patients \u00e9trangers utilisent souvent cette technique de pose de facettes Veneers pour restituer le sourire parfait de leurs patients, appropri\u00e9 aux traits du visage.<\/p>\n<h2><span class=\"ez-toc-section\" id=\"Regles_a_respecter_lors_du_choix_des_facettes_Veneers_en_Hongrie\"><\/span>R\u00e8gles \u00e0 respecter lors du choix des facettes Veneers en Hongrie<span class=\"ez-toc-section-end\"><\/span><\/h2>\n<p>Lorsqu\u2019un dentiste envisage de poser une facette en Hongrie, avant de dessiner l\u2019\u00e9bauche du nouveau sourire de son patient, il prend en consid\u00e9ration les facteurs suivants :<\/p>\n<ul>\n<li>La couleur des facettes \u00e0 poser doit \u00eatre en harmonie avec le blanc de l&#8217;\u0153il. L\u2019harmonisation offre une apparence naturelle et rajeunit. En revanche, si les facettes sont trop blanches par rapport au blanc de l\u2019\u0153il, l\u2019harmonie est bris\u00e9e et l\u2019aspect visuel final n\u2019est pas naturel.<\/li>\n<li>Les facettes devront \u00eatre coll\u00e9es de sorte que le bord des dents sup\u00e9rieures suive la ligne de l\u00e8vre inf\u00e9rieure et les incisives centrales soient un peu plus longues que les incisives lat\u00e9rales.<\/li>\n<li>La gencive ne peut pas \u00eatre apparente.<\/li>\n<li>Les dents sup\u00e9rieures doivent \u00eatre plus visibles et plac\u00e9es un peu plus avant que les dents inf\u00e9rieures.<\/li>\n<li>Les incisives centrales doivent avoir une forme identique. Les dentistes les appellent \u00ab jumeaux \u00bb.<\/li>\n<\/ul>\n<h2><span class=\"ez-toc-section\" id=\"Economisez_sur_vos_soins_dentaires_en_Hongrie\"><\/span>\u00c9conomisez sur vos soins dentaires en Hongrie<span class=\"ez-toc-section-end\"><\/span><\/h2>\n<p>Comme tous de soins dentaires, en Hongrie, la pose de la <strong>facette Veneers<\/strong> est \u00e9galement moins ch\u00e8re que dans les pays occidentaux. Les patients fran\u00e7ais peuvent recourir \u00e0 ce type de traitement \u00e0 moiti\u00e9 prix.<\/p>\n<p style=\"text-align: center;\"><a class=\"maxbutton-1 maxbutton maxbutton-devis\" target=\"_blank\" rel=\"noopener\" href=\"https:\/\/www.tunisie-chirurgie-esthetique.com\/devis\"><span class='mb-text'>Devis Gratuit !<\/span><\/a><\/p>\n<h2><span class=\"ez-toc-section\" id=\"Quelle_est_la_duree_de_vie_des_facettes_Veneers\"><\/span>Quelle est la dur\u00e9e de vie des facettes Veneers\u00a0?<span class=\"ez-toc-section-end\"><\/span><\/h2>\n<p>La dur\u00e9e de vie d\u2019une facette dentaire, en fonction de l\u2019hygi\u00e8ne bucco-dentaire du patient, varie entre 10 et 25 ans. Au bout de cette p\u00e9riode, elles peuvent \u00eatre remplac\u00e9es sans aucun probl\u00e8me.<\/p>\n<p>La pose de la facette dentaire n\u2019est pas recommand\u00e9e en cas de traitement radiculaire de la dent, en cas de malocclusion ou de bruxisme. Le <a href=\"https:\/\/www.tunisie-chirurgie-esthetique.com\/facette-dentaire-tunisie\"><strong>traitement par facette dentaire<\/strong><\/a> peut souvent \u00eatre substitu\u00e9 par le blanchiment des dents ou par des soins orthodontiques.<\/p>\n<p><em><strong>A lire aussi :<\/strong><\/em> <a href=\"https:\/\/www.tunisie-chirurgie-esthetique.com\/blog\/alignement-des-dents\/\">Alignement des dents<\/a><\/p>\n<p><iframe id=\"fskey-iframe\" class=\"fskey-autofill-dlg\" style=\"display: none;\" sandbox=\"allow-same-origin\"><\/iframe><\/p>\n<div id=\"fskey-tooltip\" class=\"fskey-tooltip\" style=\"display: none;\"><\/div>\n","protected":false},"excerpt":{"rendered":"<p>Une facette dentaire Veneers coll\u00e9e sur le devant de la dent, est une pellicule de 0,5 \u00e0 1mm en c\u00e9ramique (porcelaine dentaire) ou en composite ou parfois en zircone. Pour la pose de la facette, le dentiste polit pr\u00e8s d\u2019un demi-millim\u00e8tre de la couche d\u2019\u00e9mail mais il existe aussi la facette dentaire ultrafine qui ne [&hellip;]<\/p>\n","protected":false},"author":1,"featured_media":3931,"comment_status":"closed","ping_status":"closed","sticky":false,"template":"","format":"standard","meta":{"rop_custom_images_group":[],"rop_custom_messages_group":[],"rop_publish_now":"initial","rop_publish_now_accounts":{"facebook_2803965346576775_1735562453331861":"","twitter_4255985368_4255985368":""},"rop_publish_now_history":[],"rop_publish_now_status":"pending","footnotes":""},"categories":[1,1422],"tags":[3348],"class_list":["post-3929","post","type-post","status-publish","format-standard","has-post-thumbnail","hentry","category-actualite-chirurgie-plastique","category-guide-soins-dentaires-tunisie","tag-facettes-dentaires-pas-cher"],"yoast_head":"<!-- This site is optimized with the Yoast SEO plugin v27.4 - https:\/\/yoast.com\/product\/yoast-seo-wordpress\/ -->\n<title>Facette Veneers Hongrie : Soins et facettes dentaire par cher<\/title>\n<meta name=\"description\" content=\"Facette Veneers Hongrie : La facette Veneers corrige tous types de disgr\u00e2ces inesth\u00e9tiques comme la couleur, la forme, la taille de la dent.\" \/>\n<meta name=\"robots\" content=\"index, follow, max-snippet:-1, max-image-preview:large, max-video-preview:-1\" \/>\n<link rel=\"canonical\" href=\"https:\/\/www.tunisie-chirurgie-esthetique.com\/blog\/facettes-veneers-en-hongrie\/\" \/>\n<meta property=\"og:locale\" content=\"fr_FR\" \/>\n<meta property=\"og:type\" content=\"article\" \/>\n<meta property=\"og:title\" content=\"Facette Veneers Hongrie : Soins et facettes dentaire par cher\" \/>\n<meta property=\"og:description\" content=\"Facette Veneers Hongrie : La facette Veneers corrige tous types de disgr\u00e2ces inesth\u00e9tiques comme la couleur, la forme, la taille de la dent.\" \/>\n<meta property=\"og:url\" content=\"https:\/\/www.tunisie-chirurgie-esthetique.com\/blog\/facettes-veneers-en-hongrie\/\" \/>\n<meta property=\"og:site_name\" content=\"Actualit\u00e9s Chirurgie Esth\u00e9tique Tunisie\" \/>\n<meta property=\"article:publisher\" content=\"https:\/\/www.facebook.com\/TCETUNISIE\/\" \/>\n<meta property=\"article:published_time\" content=\"2021-01-07T15:15:04+00:00\" \/>\n<meta property=\"article:modified_time\" content=\"2024-04-17T10:30:35+00:00\" \/>\n<meta property=\"og:image\" content=\"https:\/\/www.tunisie-chirurgie-esthetique.com\/blog\/wp-content\/uploads\/2021\/01\/facettes-veneers-hongrie.jpg\" \/>\n\t<meta property=\"og:image:width\" content=\"735\" \/>\n\t<meta property=\"og:image:height\" content=\"403\" \/>\n\t<meta property=\"og:image:type\" content=\"image\/jpeg\" \/>\n<meta name=\"author\" content=\"Dina Legrand\" \/>\n<meta name=\"twitter:card\" content=\"summary_large_image\" \/>\n<meta name=\"twitter:creator\" content=\"@Tunisie_CE\" \/>\n<meta name=\"twitter:site\" content=\"@Tunisie_CE\" \/>\n<meta name=\"twitter:label1\" content=\"\u00c9crit par\" \/>\n\t<meta name=\"twitter:data1\" content=\"Dina Legrand\" \/>\n\t<meta name=\"twitter:label2\" content=\"Dur\u00e9e de lecture estim\u00e9e\" \/>\n\t<meta name=\"twitter:data2\" content=\"3 minutes\" \/>\n<!-- \/ Yoast SEO plugin. -->","yoast_head_json":{"title":"Facette Veneers Hongrie : Soins et facettes dentaire par cher","description":"Facette Veneers Hongrie : La facette Veneers corrige tous types de disgr\u00e2ces inesth\u00e9tiques comme la couleur, la forme, la taille de la dent.","robots":{"index":"index","follow":"follow","max-snippet":"max-snippet:-1","max-image-preview":"max-image-preview:large","max-video-preview":"max-video-preview:-1"},"canonical":"https:\/\/www.tunisie-chirurgie-esthetique.com\/blog\/facettes-veneers-en-hongrie\/","og_locale":"fr_FR","og_type":"article","og_title":"Facette Veneers Hongrie : Soins et facettes dentaire par cher","og_description":"Facette Veneers Hongrie : La facette Veneers corrige tous types de disgr\u00e2ces inesth\u00e9tiques comme la couleur, la forme, la taille de la dent.","og_url":"https:\/\/www.tunisie-chirurgie-esthetique.com\/blog\/facettes-veneers-en-hongrie\/","og_site_name":"Actualit\u00e9s Chirurgie Esth\u00e9tique Tunisie","article_publisher":"https:\/\/www.facebook.com\/TCETUNISIE\/","article_published_time":"2021-01-07T15:15:04+00:00","article_modified_time":"2024-04-17T10:30:35+00:00","og_image":[{"width":735,"height":403,"url":"https:\/\/www.tunisie-chirurgie-esthetique.com\/blog\/wp-content\/uploads\/2021\/01\/facettes-veneers-hongrie.jpg","type":"image\/jpeg"}],"author":"Dina Legrand","twitter_card":"summary_large_image","twitter_creator":"@Tunisie_CE","twitter_site":"@Tunisie_CE","twitter_misc":{"\u00c9crit par":"Dina Legrand","Dur\u00e9e de lecture estim\u00e9e":"3 minutes"},"schema":{"@context":"https:\/\/schema.org","@graph":[{"@type":["Article","BlogPosting"],"@id":"https:\/\/www.tunisie-chirurgie-esthetique.com\/blog\/facettes-veneers-en-hongrie\/#article","isPartOf":{"@id":"https:\/\/www.tunisie-chirurgie-esthetique.com\/blog\/facettes-veneers-en-hongrie\/"},"author":{"name":"Dina Legrand","@id":"https:\/\/www.tunisie-chirurgie-esthetique.com\/blog\/#\/schema\/person\/55f99d583f39ff82c83ea8d20bfb8dac"},"headline":"Faites-vous poser des facettes Veneers en Hongrie et retrouvez votre sourire radieux","datePublished":"2021-01-07T15:15:04+00:00","dateModified":"2024-04-17T10:30:35+00:00","mainEntityOfPage":{"@id":"https:\/\/www.tunisie-chirurgie-esthetique.com\/blog\/facettes-veneers-en-hongrie\/"},"wordCount":538,"publisher":{"@id":"https:\/\/www.tunisie-chirurgie-esthetique.com\/blog\/#organization"},"image":{"@id":"https:\/\/www.tunisie-chirurgie-esthetique.com\/blog\/facettes-veneers-en-hongrie\/#primaryimage"},"thumbnailUrl":"https:\/\/www.tunisie-chirurgie-esthetique.com\/blog\/wp-content\/uploads\/2021\/01\/facettes-veneers-hongrie.jpg","keywords":["facettes dentaires pas cher"],"articleSection":["Guide &amp; Actualit\u00e9 chirurgie plastique","Guide Soins Dentaires Tunisie"],"inLanguage":"fr-FR"},{"@type":"WebPage","@id":"https:\/\/www.tunisie-chirurgie-esthetique.com\/blog\/facettes-veneers-en-hongrie\/","url":"https:\/\/www.tunisie-chirurgie-esthetique.com\/blog\/facettes-veneers-en-hongrie\/","name":"Facette Veneers Hongrie : Soins et facettes dentaire par cher","isPartOf":{"@id":"https:\/\/www.tunisie-chirurgie-esthetique.com\/blog\/#website"},"primaryImageOfPage":{"@id":"https:\/\/www.tunisie-chirurgie-esthetique.com\/blog\/facettes-veneers-en-hongrie\/#primaryimage"},"image":{"@id":"https:\/\/www.tunisie-chirurgie-esthetique.com\/blog\/facettes-veneers-en-hongrie\/#primaryimage"},"thumbnailUrl":"https:\/\/www.tunisie-chirurgie-esthetique.com\/blog\/wp-content\/uploads\/2021\/01\/facettes-veneers-hongrie.jpg","datePublished":"2021-01-07T15:15:04+00:00","dateModified":"2024-04-17T10:30:35+00:00","description":"Facette Veneers Hongrie : La facette Veneers corrige tous types de disgr\u00e2ces inesth\u00e9tiques comme la couleur, la forme, la taille de la dent.","breadcrumb":{"@id":"https:\/\/www.tunisie-chirurgie-esthetique.com\/blog\/facettes-veneers-en-hongrie\/#breadcrumb"},"inLanguage":"fr-FR","potentialAction":[{"@type":"ReadAction","target":["https:\/\/www.tunisie-chirurgie-esthetique.com\/blog\/facettes-veneers-en-hongrie\/"]}]},{"@type":"ImageObject","inLanguage":"fr-FR","@id":"https:\/\/www.tunisie-chirurgie-esthetique.com\/blog\/facettes-veneers-en-hongrie\/#primaryimage","url":"https:\/\/www.tunisie-chirurgie-esthetique.com\/blog\/wp-content\/uploads\/2021\/01\/facettes-veneers-hongrie.jpg","contentUrl":"https:\/\/www.tunisie-chirurgie-esthetique.com\/blog\/wp-content\/uploads\/2021\/01\/facettes-veneers-hongrie.jpg","width":735,"height":403,"caption":"facettes-veneers-hongrie"},{"@type":"BreadcrumbList","@id":"https:\/\/www.tunisie-chirurgie-esthetique.com\/blog\/facettes-veneers-en-hongrie\/#breadcrumb","itemListElement":[{"@type":"ListItem","position":1,"name":"Accueil","item":"https:\/\/www.tunisie-chirurgie-esthetique.com\/blog\/"},{"@type":"ListItem","position":2,"name":"Guide &amp; Actualit\u00e9 chirurgie plastique","item":"https:\/\/www.tunisie-chirurgie-esthetique.com\/blog\/actualite-chirurgie-plastique\/"},{"@type":"ListItem","position":3,"name":"Faites-vous poser des facettes Veneers en Hongrie et retrouvez votre sourire radieux"}]},{"@type":"WebSite","@id":"https:\/\/www.tunisie-chirurgie-esthetique.com\/blog\/#website","url":"https:\/\/www.tunisie-chirurgie-esthetique.com\/blog\/","name":"Actualit\u00e9s en chirurgie et m\u00e9decine esth\u00e9tique Tunisie","description":"Chirurgie en Tunisie","publisher":{"@id":"https:\/\/www.tunisie-chirurgie-esthetique.com\/blog\/#organization"},"alternateName":"Forfaits chirurgie esth\u00e9tique Tunisie prix tout compris","potentialAction":[{"@type":"SearchAction","target":{"@type":"EntryPoint","urlTemplate":"https:\/\/www.tunisie-chirurgie-esthetique.com\/blog\/?s={search_term_string}"},"query-input":{"@type":"PropertyValueSpecification","valueRequired":true,"valueName":"search_term_string"}}],"inLanguage":"fr-FR"},{"@type":"Organization","@id":"https:\/\/www.tunisie-chirurgie-esthetique.com\/blog\/#organization","name":"TCE TUNISIE","alternateName":"Chirurgie esth\u00e9tique en Tunisie","url":"https:\/\/www.tunisie-chirurgie-esthetique.com\/blog\/","logo":{"@type":"ImageObject","inLanguage":"fr-FR","@id":"https:\/\/www.tunisie-chirurgie-esthetique.com\/blog\/#\/schema\/logo\/image\/","url":"https:\/\/www.tunisie-chirurgie-esthetique.com\/blog\/wp-content\/uploads\/2022\/08\/fav-tce.png","contentUrl":"https:\/\/www.tunisie-chirurgie-esthetique.com\/blog\/wp-content\/uploads\/2022\/08\/fav-tce.png","width":512,"height":512,"caption":"TCE TUNISIE"},"image":{"@id":"https:\/\/www.tunisie-chirurgie-esthetique.com\/blog\/#\/schema\/logo\/image\/"},"sameAs":["https:\/\/www.facebook.com\/TCETUNISIE\/","https:\/\/x.com\/Tunisie_CE","https:\/\/www.instagram.com\/tunisiece\/","https:\/\/www.linkedin.com\/company\/tunisie-chirurgie-etshetique-tce\/","https:\/\/www.pinterest.fr\/tunisiechirurgi\/","https:\/\/www.youtube.com\/channel\/UCFZHPINDbYAa_yhOk121j7A\/?sub_confirmation=1"]},{"@type":"Person","@id":"https:\/\/www.tunisie-chirurgie-esthetique.com\/blog\/#\/schema\/person\/55f99d583f39ff82c83ea8d20bfb8dac","name":"Dina Legrand","description":"Je m'appelle Dina Legrand, dipl\u00f4m\u00e9e d'un Master en sciences de la sant\u00e9 de l'Universit\u00e9 de Tunis et de Paris. Forte d'une exp\u00e9rience de plus de 15 ans dans le domaine m\u00e9dical, je me suis sp\u00e9cialis\u00e9e dans la r\u00e9daction, la vulgarisation et la gestion de projets scientifiques. Dot\u00e9e d'une grande aisance r\u00e9dactionnelle, j'ai ensuite \u0153uvr\u00e9 en free-lance pour diverses institutions de sant\u00e9. J'ai organis\u00e9 avec succ\u00e8s plusieurs congr\u00e8s m\u00e9dicaux internationaux, requ\u00e9rant rigueur et capacit\u00e9 de gestion de projets complexes. Aimant partager mon savoir, j'anime aujourd'hui le blog Tunisie-chirurgie-esth\u00e9tique.com, v\u00e9ritable r\u00e9f\u00e9rence en mati\u00e8re d'information m\u00e9dicale grand public. Mon objectif est de rendre accessibles des notions parfois ardues, en adoptant un ton p\u00e9dagogique et une plume clarifiant les derni\u00e8res avanc\u00e9es. Forte de ma double comp\u00e9tence m\u00e9dicale et r\u00e9dactionnelle, je me tiens \u00e0 la disposition des professionnels et particuliers pour toute mission d'\u00e9criture, de traduction ou de vulgarisation scientifique.","url":"https:\/\/www.tunisie-chirurgie-esthetique.com\/blog\/author\/nisieshi_tunesth\/"}]}},"_links":{"self":[{"href":"https:\/\/www.tunisie-chirurgie-esthetique.com\/blog\/wp-json\/wp\/v2\/posts\/3929","targetHints":{"allow":["GET"]}}],"collection":[{"href":"https:\/\/www.tunisie-chirurgie-esthetique.com\/blog\/wp-json\/wp\/v2\/posts"}],"about":[{"href":"https:\/\/www.tunisie-chirurgie-esthetique.com\/blog\/wp-json\/wp\/v2\/types\/post"}],"author":[{"embeddable":true,"href":"https:\/\/www.tunisie-chirurgie-esthetique.com\/blog\/wp-json\/wp\/v2\/users\/1"}],"replies":[{"embeddable":true,"href":"https:\/\/www.tunisie-chirurgie-esthetique.com\/blog\/wp-json\/wp\/v2\/comments?post=3929"}],"version-history":[{"count":7,"href":"https:\/\/www.tunisie-chirurgie-esthetique.com\/blog\/wp-json\/wp\/v2\/posts\/3929\/revisions"}],"predecessor-version":[{"id":5127,"href":"https:\/\/www.tunisie-chirurgie-esthetique.com\/blog\/wp-json\/wp\/v2\/posts\/3929\/revisions\/5127"}],"wp:featuredmedia":[{"embeddable":true,"href":"https:\/\/www.tunisie-chirurgie-esthetique.com\/blog\/wp-json\/wp\/v2\/media\/3931"}],"wp:attachment":[{"href":"https:\/\/www.tunisie-chirurgie-esthetique.com\/blog\/wp-json\/wp\/v2\/media?parent=3929"}],"wp:term":[{"taxonomy":"category","embeddable":true,"href":"https:\/\/www.tunisie-chirurgie-esthetique.com\/blog\/wp-json\/wp\/v2\/categories?post=3929"},{"taxonomy":"post_tag","embeddable":true,"href":"https:\/\/www.tunisie-chirurgie-esthetique.com\/blog\/wp-json\/wp\/v2\/tags?post=3929"}],"curies":[{"name":"wp","href":"https:\/\/api.w.org\/{rel}","templated":true}]}}