{"id":2726,"date":"2019-10-25T14:28:10","date_gmt":"2019-10-25T12:28:10","guid":{"rendered":"https:\/\/www.tunisie-chirurgie-esthetique.com\/blog\/?p=2726"},"modified":"2024-04-04T12:36:14","modified_gmt":"2024-04-04T10:36:14","slug":"facette-dentaire-ken-humain","status":"publish","type":"post","link":"https:\/\/www.tunisie-chirurgie-esthetique.com\/blog\/facette-dentaire-ken-humain\/","title":{"rendered":"Le Ken humain et ses nouvelles facettes dentaires"},"content":{"rendered":"<div id=\"ez-toc-container\" class=\"ez-toc-v2_0_82_2 counter-hierarchy ez-toc-counter ez-toc-light-blue ez-toc-container-direction\">\n<div class=\"ez-toc-title-container\">\n<p class=\"ez-toc-title ez-toc-toggle\" style=\"cursor:pointer\">Sommaire<\/p>\n<span class=\"ez-toc-title-toggle\"><a href=\"#\" class=\"ez-toc-pull-right ez-toc-btn ez-toc-btn-xs ez-toc-btn-default ez-toc-toggle\" aria-label=\"Toggle Table of Content\"><span class=\"ez-toc-js-icon-con\"><span class=\"\"><span class=\"eztoc-hide\" style=\"display:none;\">Toggle<\/span><span class=\"ez-toc-icon-toggle-span\"><svg style=\"fill: #999;color:#999\" xmlns=\"http:\/\/www.w3.org\/2000\/svg\" class=\"list-377408\" width=\"20px\" height=\"20px\" viewBox=\"0 0 24 24\" fill=\"none\"><path d=\"M6 6H4v2h2V6zm14 0H8v2h12V6zM4 11h2v2H4v-2zm16 0H8v2h12v-2zM4 16h2v2H4v-2zm16 0H8v2h12v-2z\" fill=\"currentColor\"><\/path><\/svg><svg style=\"fill: #999;color:#999\" class=\"arrow-unsorted-368013\" xmlns=\"http:\/\/www.w3.org\/2000\/svg\" width=\"10px\" height=\"10px\" viewBox=\"0 0 24 24\" version=\"1.2\" baseProfile=\"tiny\"><path d=\"M18.2 9.3l-6.2-6.3-6.2 6.3c-.2.2-.3.4-.3.7s.1.5.3.7c.2.2.4.3.7.3h11c.3 0 .5-.1.7-.3.2-.2.3-.5.3-.7s-.1-.5-.3-.7zM5.8 14.7l6.2 6.3 6.2-6.3c.2-.2.3-.5.3-.7s-.1-.5-.3-.7c-.2-.2-.4-.3-.7-.3h-11c-.3 0-.5.1-.7.3-.2.2-.3.5-.3.7s.1.5.3.7z\"\/><\/svg><\/span><\/span><\/span><\/a><\/span><\/div>\n<nav><ul class='ez-toc-list ez-toc-list-level-1 eztoc-toggle-hide-by-default' ><li class='ez-toc-page-1 ez-toc-heading-level-2'><a class=\"ez-toc-link ez-toc-heading-1\" href=\"https:\/\/www.tunisie-chirurgie-esthetique.com\/blog\/facette-dentaire-ken-humain\/#Quest-ce_que_les_facettes_dentaires_et_comment_les_poser\" >Qu\u2019est-ce que les facettes dentaires et comment les poser?<\/a><\/li><li class='ez-toc-page-1 ez-toc-heading-level-2'><a class=\"ez-toc-link ez-toc-heading-2\" href=\"https:\/\/www.tunisie-chirurgie-esthetique.com\/blog\/facette-dentaire-ken-humain\/#Quel_est_le_prix_dune_facette_dentaire\" >Quel est le prix d&#8217;une facette dentaire ?<\/a><\/li><li class='ez-toc-page-1 ez-toc-heading-level-2'><a class=\"ez-toc-link ez-toc-heading-3\" href=\"https:\/\/www.tunisie-chirurgie-esthetique.com\/blog\/facette-dentaire-ken-humain\/#Combien_de_temps_dure_une_facette_dentaire\" >Combien de temps dure une facette dentaire ?<\/a><\/li><li class='ez-toc-page-1 ez-toc-heading-level-2'><a class=\"ez-toc-link ez-toc-heading-4\" href=\"https:\/\/www.tunisie-chirurgie-esthetique.com\/blog\/facette-dentaire-ken-humain\/#Dans_quel_cas_ne_peut-on_pas_poser_de_facettes_dentaires\" >Dans quel cas ne peut-on pas poser de facettes dentaires ?<\/a><\/li><\/ul><\/nav><\/div>\n<p>Pour affiner son sourire le Ken Humain, alias Rodrigo Alves, s&#8217;est envol\u00e9 pour la Turquie. R\u00e9put\u00e9 pour les innombrables interventions de chirurgie esth\u00e9tique qu&#8217;il a subit pour m\u00e9tamorphoser sont physique et qui sont de l&#8217;ordre de 72 op\u00e9rations, Ken s\u2019int\u00e9resse \u00e0 la dentisterie esth\u00e9tique et se fait poser des <strong>facettes dentaire en porcelaine<\/strong>.<\/p>\n<figure id=\"attachment_2731\" aria-describedby=\"caption-attachment-2731\" style=\"width: 750px\" class=\"wp-caption aligncenter\"><img loading=\"lazy\" decoding=\"async\" class=\"size-large wp-image-2731\" src=\"https:\/\/www.tunisie-chirurgie-esthetique.com\/blog\/wp-content\/uploads\/2019\/10\/ken-chirurgie-dentaire-1024x575.jpg\" alt=\"ken-chirurgie-dentaire\" width=\"750\" height=\"421\" srcset=\"https:\/\/www.tunisie-chirurgie-esthetique.com\/blog\/wp-content\/uploads\/2019\/10\/ken-chirurgie-dentaire-1024x575.jpg 1024w, https:\/\/www.tunisie-chirurgie-esthetique.com\/blog\/wp-content\/uploads\/2019\/10\/ken-chirurgie-dentaire-300x169.jpg 300w, https:\/\/www.tunisie-chirurgie-esthetique.com\/blog\/wp-content\/uploads\/2019\/10\/ken-chirurgie-dentaire-768x431.jpg 768w, https:\/\/www.tunisie-chirurgie-esthetique.com\/blog\/wp-content\/uploads\/2019\/10\/ken-chirurgie-dentaire.jpg 1351w\" sizes=\"auto, (max-width: 750px) 100vw, 750px\" \/><figcaption id=\"caption-attachment-2731\" class=\"wp-caption-text\">&#8220;Ken&#8221; chirurgie dentaire<\/figcaption><\/figure>\n<p>Le choix de Ken pour des facettes en porcelaine n&#8217;est pas anodin. Les facettes dentaires ont justement \u00e9t\u00e9 cr\u00e9\u00e9es afin de r\u00e9pondre \u00e0 ce besoin purement esth\u00e9tique.<\/p>\n<h2><span class=\"ez-toc-section\" id=\"Quest-ce_que_les_facettes_dentaires_et_comment_les_poser\"><\/span>Qu\u2019est-ce que les facettes dentaires et comment les poser?<span class=\"ez-toc-section-end\"><\/span><\/h2>\n<p>Il s\u2019agit d\u2019une mince couche de porcelaine que l\u2019on ajoute en fa\u00e7ade sur la dent. G\u00e9n\u00e9ralement, il est n\u00e9cessaire d\u2019enlever une mince couche d\u2019\u00e9mail afin de pr\u00e9parer la dent, rendant le traitement permanent.<\/p>\n<p>Cette technique pr\u00e9sente de nombreux avantages :<\/p>\n<ul>\n<li>seule une quantit\u00e9 minimale de substance dure est retir\u00e9e de la dent naturelle, \u00e9vitant ainsi de la fragiliser comme ce pourrait \u00eatre le cas d\u2019une couronne dentaire<\/li>\n<li>le temps d\u2019ex\u00e9cution est tr\u00e8s court pour une esth\u00e9tique impeccable<\/li>\n<\/ul>\n<h2><span class=\"ez-toc-section\" id=\"Quel_est_le_prix_dune_facette_dentaire\"><\/span>Quel est le prix d&#8217;une facette dentaire ?<span class=\"ez-toc-section-end\"><\/span><\/h2>\n<p>Le prix de la facette dentaire est calculer en fonction du travail \u00e0 r\u00e9aliser par le chirurgien dentiste et le nombre de facettes dentaires. \u00c9galement, il existe plusieurs type de facettes dentaires en porcelaines tels que les<a href=\"https:\/\/www.tunisie-chirurgie-esthetique.com\/facettes-lumineers-tunisie\"> facettes Lumineers ultrafines<\/a>.<\/p>\n<p style=\"text-align: center;\"><a class=\"maxbutton-1 maxbutton maxbutton-devis\" target=\"_blank\" rel=\"noopener\" href=\"https:\/\/www.tunisie-chirurgie-esthetique.com\/devis\"><span class='mb-text'>Devis Gratuit !<\/span><\/a><\/p>\n<h2><span class=\"ez-toc-section\" id=\"Combien_de_temps_dure_une_facette_dentaire\"><\/span>Combien de temps dure une facette dentaire ?<span class=\"ez-toc-section-end\"><\/span><\/h2>\n<p>Les facettes dentaires sont par d\u00e9finition des \u00e9l\u00e9ments tr\u00e8s minces. Leur dur\u00e9e de vie moyenne, m\u00eame si elle reste tr\u00e8s d\u00e9pendante du mode de vie du patient, peut-\u00eatre estim\u00e9e entre 8 et 12 ans.<\/p>\n<p>Contrairement \u00e0 une couronne dentaire, une facette a tr\u00e8s peu de chance de perdurer plus longtemps, de par la finesse de sa structure. C\u2019est pourquoi il est important d\u2019\u00e9valuer l\u2019irr\u00e9versibilit\u00e9 du traitement par facettes dentaires.<\/p>\n<h2><span class=\"ez-toc-section\" id=\"Dans_quel_cas_ne_peut-on_pas_poser_de_facettes_dentaires\"><\/span>Dans quel cas ne peut-on pas poser de facettes dentaires ?<span class=\"ez-toc-section-end\"><\/span><\/h2>\n<p>Beaucoup de patients pensent que les facettes dentaires pourront r\u00e9soudre leurs probl\u00e8mes d\u2019alignement des dents, leur \u00e9vitant ainsi la lenteur du travail d\u2019orthodontie. Cependant, si les facettes peuvent corriger de minces chevauchements, elles ne peuvent remplacer l\u2019orthodontie.<\/p>\n<p>D\u2019autres part, les facettes dentaires porcelaine ne peuvent \u00eatre pos\u00e9es en cas de probl\u00e8me d\u2019occlusion (par exemple lorsque les dents du haut recouvrent celles du bas) ou pour les personnes souffrant de bruxisme (grincement des dents).<\/p>\n","protected":false},"excerpt":{"rendered":"<p>Pour affiner son sourire le Ken Humain, alias Rodrigo Alves, s&#8217;est envol\u00e9 pour la Turquie. R\u00e9put\u00e9 pour les innombrables interventions de chirurgie esth\u00e9tique qu&#8217;il a subit pour m\u00e9tamorphoser sont physique et qui sont de l&#8217;ordre de 72 op\u00e9rations, Ken s\u2019int\u00e9resse \u00e0 la dentisterie esth\u00e9tique et se fait poser des facettes dentaire en porcelaine. Le choix [&hellip;]<\/p>\n","protected":false},"author":1,"featured_media":2727,"comment_status":"closed","ping_status":"closed","sticky":false,"template":"","format":"standard","meta":{"rop_custom_images_group":[],"rop_custom_messages_group":[],"rop_publish_now":"initial","rop_publish_now_accounts":{"facebook_2803965346576775_1735562453331861":"","twitter_4255985368_4255985368":""},"rop_publish_now_history":[],"rop_publish_now_status":"pending","footnotes":""},"categories":[1],"tags":[],"class_list":["post-2726","post","type-post","status-publish","format-standard","has-post-thumbnail","hentry","category-actualite-chirurgie-plastique"],"yoast_head":"<!-- This site is optimized with the Yoast SEO plugin v27.4 - https:\/\/yoast.com\/product\/yoast-seo-wordpress\/ -->\n<title>Le Ken humain et ses nouvelles facettes dentaires<\/title>\n<meta name=\"description\" content=\"Pour affiner son sourire le Ken Humain, alias Rodrigo Alves, s&#039;est envol\u00e9 pour la Turquie. R\u00e9put\u00e9 pour les innombrables interventions de chirurgie esth\u00e9tique qu&#039;il a subit pour m\u00e9tamorphoser sont physique et qui sont de l&#039;ordre de 72 op\u00e9rations, Ken s\u2019int\u00e9resse \u00e0 la dentisterie esth\u00e9tique et se fait poser des facettes dentaire en porcelaine.\" \/>\n<meta name=\"robots\" content=\"index, follow, max-snippet:-1, max-image-preview:large, max-video-preview:-1\" \/>\n<link rel=\"canonical\" href=\"https:\/\/www.tunisie-chirurgie-esthetique.com\/blog\/facette-dentaire-ken-humain\/\" \/>\n<meta property=\"og:locale\" content=\"fr_FR\" \/>\n<meta property=\"og:type\" content=\"article\" \/>\n<meta property=\"og:title\" content=\"Le Ken humain et ses nouvelles facettes dentaires\" \/>\n<meta property=\"og:description\" content=\"Pour affiner son sourire le Ken Humain, alias Rodrigo Alves, s&#039;est envol\u00e9 pour la Turquie. R\u00e9put\u00e9 pour les innombrables interventions de chirurgie esth\u00e9tique qu&#039;il a subit pour m\u00e9tamorphoser sont physique et qui sont de l&#039;ordre de 72 op\u00e9rations, Ken s\u2019int\u00e9resse \u00e0 la dentisterie esth\u00e9tique et se fait poser des facettes dentaire en porcelaine.\" \/>\n<meta property=\"og:url\" content=\"https:\/\/www.tunisie-chirurgie-esthetique.com\/blog\/facette-dentaire-ken-humain\/\" \/>\n<meta property=\"og:site_name\" content=\"Actualit\u00e9s Chirurgie Esth\u00e9tique Tunisie\" \/>\n<meta property=\"article:publisher\" content=\"https:\/\/www.facebook.com\/TCETUNISIE\/\" \/>\n<meta property=\"article:published_time\" content=\"2019-10-25T12:28:10+00:00\" \/>\n<meta property=\"article:modified_time\" content=\"2024-04-04T10:36:14+00:00\" \/>\n<meta property=\"og:image\" content=\"https:\/\/www.tunisie-chirurgie-esthetique.com\/blog\/wp-content\/uploads\/2019\/10\/ken-humain-facette-dentaire.jpg\" \/>\n\t<meta property=\"og:image:width\" content=\"726\" \/>\n\t<meta property=\"og:image:height\" content=\"726\" \/>\n\t<meta property=\"og:image:type\" content=\"image\/jpeg\" \/>\n<meta name=\"author\" content=\"Dina Legrand\" \/>\n<meta name=\"twitter:card\" content=\"summary_large_image\" \/>\n<meta name=\"twitter:creator\" content=\"@Tunisie_CE\" \/>\n<meta name=\"twitter:site\" content=\"@Tunisie_CE\" \/>\n<meta name=\"twitter:label1\" content=\"\u00c9crit par\" \/>\n\t<meta name=\"twitter:data1\" content=\"Dina Legrand\" \/>\n\t<meta name=\"twitter:label2\" content=\"Dur\u00e9e de lecture estim\u00e9e\" \/>\n\t<meta name=\"twitter:data2\" content=\"3 minutes\" \/>\n<!-- \/ Yoast SEO plugin. -->","yoast_head_json":{"title":"Le Ken humain et ses nouvelles facettes dentaires","description":"Pour affiner son sourire le Ken Humain, alias Rodrigo Alves, s'est envol\u00e9 pour la Turquie. R\u00e9put\u00e9 pour les innombrables interventions de chirurgie esth\u00e9tique qu'il a subit pour m\u00e9tamorphoser sont physique et qui sont de l'ordre de 72 op\u00e9rations, Ken s\u2019int\u00e9resse \u00e0 la dentisterie esth\u00e9tique et se fait poser des facettes dentaire en porcelaine.","robots":{"index":"index","follow":"follow","max-snippet":"max-snippet:-1","max-image-preview":"max-image-preview:large","max-video-preview":"max-video-preview:-1"},"canonical":"https:\/\/www.tunisie-chirurgie-esthetique.com\/blog\/facette-dentaire-ken-humain\/","og_locale":"fr_FR","og_type":"article","og_title":"Le Ken humain et ses nouvelles facettes dentaires","og_description":"Pour affiner son sourire le Ken Humain, alias Rodrigo Alves, s'est envol\u00e9 pour la Turquie. R\u00e9put\u00e9 pour les innombrables interventions de chirurgie esth\u00e9tique qu'il a subit pour m\u00e9tamorphoser sont physique et qui sont de l'ordre de 72 op\u00e9rations, Ken s\u2019int\u00e9resse \u00e0 la dentisterie esth\u00e9tique et se fait poser des facettes dentaire en porcelaine.","og_url":"https:\/\/www.tunisie-chirurgie-esthetique.com\/blog\/facette-dentaire-ken-humain\/","og_site_name":"Actualit\u00e9s Chirurgie Esth\u00e9tique Tunisie","article_publisher":"https:\/\/www.facebook.com\/TCETUNISIE\/","article_published_time":"2019-10-25T12:28:10+00:00","article_modified_time":"2024-04-04T10:36:14+00:00","og_image":[{"width":726,"height":726,"url":"https:\/\/www.tunisie-chirurgie-esthetique.com\/blog\/wp-content\/uploads\/2019\/10\/ken-humain-facette-dentaire.jpg","type":"image\/jpeg"}],"author":"Dina Legrand","twitter_card":"summary_large_image","twitter_creator":"@Tunisie_CE","twitter_site":"@Tunisie_CE","twitter_misc":{"\u00c9crit par":"Dina Legrand","Dur\u00e9e de lecture estim\u00e9e":"3 minutes"},"schema":{"@context":"https:\/\/schema.org","@graph":[{"@type":["Article","BlogPosting"],"@id":"https:\/\/www.tunisie-chirurgie-esthetique.com\/blog\/facette-dentaire-ken-humain\/#article","isPartOf":{"@id":"https:\/\/www.tunisie-chirurgie-esthetique.com\/blog\/facette-dentaire-ken-humain\/"},"author":{"name":"Dina Legrand","@id":"https:\/\/www.tunisie-chirurgie-esthetique.com\/blog\/#\/schema\/person\/55f99d583f39ff82c83ea8d20bfb8dac"},"headline":"Le Ken humain et ses nouvelles facettes dentaires","datePublished":"2019-10-25T12:28:10+00:00","dateModified":"2024-04-04T10:36:14+00:00","mainEntityOfPage":{"@id":"https:\/\/www.tunisie-chirurgie-esthetique.com\/blog\/facette-dentaire-ken-humain\/"},"wordCount":436,"publisher":{"@id":"https:\/\/www.tunisie-chirurgie-esthetique.com\/blog\/#organization"},"image":{"@id":"https:\/\/www.tunisie-chirurgie-esthetique.com\/blog\/facette-dentaire-ken-humain\/#primaryimage"},"thumbnailUrl":"https:\/\/www.tunisie-chirurgie-esthetique.com\/blog\/wp-content\/uploads\/2019\/10\/ken-humain-facette-dentaire.jpg","articleSection":["Guide &amp; Actualit\u00e9 chirurgie plastique"],"inLanguage":"fr-FR"},{"@type":"WebPage","@id":"https:\/\/www.tunisie-chirurgie-esthetique.com\/blog\/facette-dentaire-ken-humain\/","url":"https:\/\/www.tunisie-chirurgie-esthetique.com\/blog\/facette-dentaire-ken-humain\/","name":"Le Ken humain et ses nouvelles facettes dentaires","isPartOf":{"@id":"https:\/\/www.tunisie-chirurgie-esthetique.com\/blog\/#website"},"primaryImageOfPage":{"@id":"https:\/\/www.tunisie-chirurgie-esthetique.com\/blog\/facette-dentaire-ken-humain\/#primaryimage"},"image":{"@id":"https:\/\/www.tunisie-chirurgie-esthetique.com\/blog\/facette-dentaire-ken-humain\/#primaryimage"},"thumbnailUrl":"https:\/\/www.tunisie-chirurgie-esthetique.com\/blog\/wp-content\/uploads\/2019\/10\/ken-humain-facette-dentaire.jpg","datePublished":"2019-10-25T12:28:10+00:00","dateModified":"2024-04-04T10:36:14+00:00","description":"Pour affiner son sourire le Ken Humain, alias Rodrigo Alves, s'est envol\u00e9 pour la Turquie. R\u00e9put\u00e9 pour les innombrables interventions de chirurgie esth\u00e9tique qu'il a subit pour m\u00e9tamorphoser sont physique et qui sont de l'ordre de 72 op\u00e9rations, Ken s\u2019int\u00e9resse \u00e0 la dentisterie esth\u00e9tique et se fait poser des facettes dentaire en porcelaine.","breadcrumb":{"@id":"https:\/\/www.tunisie-chirurgie-esthetique.com\/blog\/facette-dentaire-ken-humain\/#breadcrumb"},"inLanguage":"fr-FR","potentialAction":[{"@type":"ReadAction","target":["https:\/\/www.tunisie-chirurgie-esthetique.com\/blog\/facette-dentaire-ken-humain\/"]}]},{"@type":"ImageObject","inLanguage":"fr-FR","@id":"https:\/\/www.tunisie-chirurgie-esthetique.com\/blog\/facette-dentaire-ken-humain\/#primaryimage","url":"https:\/\/www.tunisie-chirurgie-esthetique.com\/blog\/wp-content\/uploads\/2019\/10\/ken-humain-facette-dentaire.jpg","contentUrl":"https:\/\/www.tunisie-chirurgie-esthetique.com\/blog\/wp-content\/uploads\/2019\/10\/ken-humain-facette-dentaire.jpg","width":726,"height":726,"caption":"ken-humain-facette-dentaire"},{"@type":"BreadcrumbList","@id":"https:\/\/www.tunisie-chirurgie-esthetique.com\/blog\/facette-dentaire-ken-humain\/#breadcrumb","itemListElement":[{"@type":"ListItem","position":1,"name":"Accueil","item":"https:\/\/www.tunisie-chirurgie-esthetique.com\/blog\/"},{"@type":"ListItem","position":2,"name":"Guide &amp; Actualit\u00e9 chirurgie plastique","item":"https:\/\/www.tunisie-chirurgie-esthetique.com\/blog\/actualite-chirurgie-plastique\/"},{"@type":"ListItem","position":3,"name":"Le Ken humain et ses nouvelles facettes dentaires"}]},{"@type":"WebSite","@id":"https:\/\/www.tunisie-chirurgie-esthetique.com\/blog\/#website","url":"https:\/\/www.tunisie-chirurgie-esthetique.com\/blog\/","name":"Actualit\u00e9s en chirurgie et m\u00e9decine esth\u00e9tique Tunisie","description":"Chirurgie en Tunisie","publisher":{"@id":"https:\/\/www.tunisie-chirurgie-esthetique.com\/blog\/#organization"},"alternateName":"Forfaits chirurgie esth\u00e9tique Tunisie prix tout compris","potentialAction":[{"@type":"SearchAction","target":{"@type":"EntryPoint","urlTemplate":"https:\/\/www.tunisie-chirurgie-esthetique.com\/blog\/?s={search_term_string}"},"query-input":{"@type":"PropertyValueSpecification","valueRequired":true,"valueName":"search_term_string"}}],"inLanguage":"fr-FR"},{"@type":"Organization","@id":"https:\/\/www.tunisie-chirurgie-esthetique.com\/blog\/#organization","name":"TCE TUNISIE","alternateName":"Chirurgie esth\u00e9tique en Tunisie","url":"https:\/\/www.tunisie-chirurgie-esthetique.com\/blog\/","logo":{"@type":"ImageObject","inLanguage":"fr-FR","@id":"https:\/\/www.tunisie-chirurgie-esthetique.com\/blog\/#\/schema\/logo\/image\/","url":"https:\/\/www.tunisie-chirurgie-esthetique.com\/blog\/wp-content\/uploads\/2022\/08\/fav-tce.png","contentUrl":"https:\/\/www.tunisie-chirurgie-esthetique.com\/blog\/wp-content\/uploads\/2022\/08\/fav-tce.png","width":512,"height":512,"caption":"TCE TUNISIE"},"image":{"@id":"https:\/\/www.tunisie-chirurgie-esthetique.com\/blog\/#\/schema\/logo\/image\/"},"sameAs":["https:\/\/www.facebook.com\/TCETUNISIE\/","https:\/\/x.com\/Tunisie_CE","https:\/\/www.instagram.com\/tunisiece\/","https:\/\/www.linkedin.com\/company\/tunisie-chirurgie-etshetique-tce\/","https:\/\/www.pinterest.fr\/tunisiechirurgi\/","https:\/\/www.youtube.com\/channel\/UCFZHPINDbYAa_yhOk121j7A\/?sub_confirmation=1"]},{"@type":"Person","@id":"https:\/\/www.tunisie-chirurgie-esthetique.com\/blog\/#\/schema\/person\/55f99d583f39ff82c83ea8d20bfb8dac","name":"Dina Legrand","description":"Je m'appelle Dina Legrand, dipl\u00f4m\u00e9e d'un Master en sciences de la sant\u00e9 de l'Universit\u00e9 de Tunis et de Paris. Forte d'une exp\u00e9rience de plus de 15 ans dans le domaine m\u00e9dical, je me suis sp\u00e9cialis\u00e9e dans la r\u00e9daction, la vulgarisation et la gestion de projets scientifiques. Dot\u00e9e d'une grande aisance r\u00e9dactionnelle, j'ai ensuite \u0153uvr\u00e9 en free-lance pour diverses institutions de sant\u00e9. J'ai organis\u00e9 avec succ\u00e8s plusieurs congr\u00e8s m\u00e9dicaux internationaux, requ\u00e9rant rigueur et capacit\u00e9 de gestion de projets complexes. Aimant partager mon savoir, j'anime aujourd'hui le blog Tunisie-chirurgie-esth\u00e9tique.com, v\u00e9ritable r\u00e9f\u00e9rence en mati\u00e8re d'information m\u00e9dicale grand public. Mon objectif est de rendre accessibles des notions parfois ardues, en adoptant un ton p\u00e9dagogique et une plume clarifiant les derni\u00e8res avanc\u00e9es. Forte de ma double comp\u00e9tence m\u00e9dicale et r\u00e9dactionnelle, je me tiens \u00e0 la disposition des professionnels et particuliers pour toute mission d'\u00e9criture, de traduction ou de vulgarisation scientifique.","url":"https:\/\/www.tunisie-chirurgie-esthetique.com\/blog\/author\/nisieshi_tunesth\/"}]}},"_links":{"self":[{"href":"https:\/\/www.tunisie-chirurgie-esthetique.com\/blog\/wp-json\/wp\/v2\/posts\/2726","targetHints":{"allow":["GET"]}}],"collection":[{"href":"https:\/\/www.tunisie-chirurgie-esthetique.com\/blog\/wp-json\/wp\/v2\/posts"}],"about":[{"href":"https:\/\/www.tunisie-chirurgie-esthetique.com\/blog\/wp-json\/wp\/v2\/types\/post"}],"author":[{"embeddable":true,"href":"https:\/\/www.tunisie-chirurgie-esthetique.com\/blog\/wp-json\/wp\/v2\/users\/1"}],"replies":[{"embeddable":true,"href":"https:\/\/www.tunisie-chirurgie-esthetique.com\/blog\/wp-json\/wp\/v2\/comments?post=2726"}],"version-history":[{"count":10,"href":"https:\/\/www.tunisie-chirurgie-esthetique.com\/blog\/wp-json\/wp\/v2\/posts\/2726\/revisions"}],"predecessor-version":[{"id":7099,"href":"https:\/\/www.tunisie-chirurgie-esthetique.com\/blog\/wp-json\/wp\/v2\/posts\/2726\/revisions\/7099"}],"wp:featuredmedia":[{"embeddable":true,"href":"https:\/\/www.tunisie-chirurgie-esthetique.com\/blog\/wp-json\/wp\/v2\/media\/2727"}],"wp:attachment":[{"href":"https:\/\/www.tunisie-chirurgie-esthetique.com\/blog\/wp-json\/wp\/v2\/media?parent=2726"}],"wp:term":[{"taxonomy":"category","embeddable":true,"href":"https:\/\/www.tunisie-chirurgie-esthetique.com\/blog\/wp-json\/wp\/v2\/categories?post=2726"},{"taxonomy":"post_tag","embeddable":true,"href":"https:\/\/www.tunisie-chirurgie-esthetique.com\/blog\/wp-json\/wp\/v2\/tags?post=2726"}],"curies":[{"name":"wp","href":"https:\/\/api.w.org\/{rel}","templated":true}]}}