{"id":2519,"date":"2019-08-27T15:30:59","date_gmt":"2019-08-27T13:30:59","guid":{"rendered":"https:\/\/www.tunisie-chirurgie-esthetique.com\/blog\/?p=2519"},"modified":"2023-12-05T11:05:57","modified_gmt":"2023-12-05T10:05:57","slug":"cause-chute-de-cheveux","status":"publish","type":"post","link":"https:\/\/www.tunisie-chirurgie-esthetique.com\/blog\/cause-chute-de-cheveux\/","title":{"rendered":"Qu\u2019est-ce qui cause la chute de cheveux ?"},"content":{"rendered":"<div id=\"ez-toc-container\" class=\"ez-toc-v2_0_82_2 counter-hierarchy ez-toc-counter ez-toc-light-blue ez-toc-container-direction\">\n<div class=\"ez-toc-title-container\">\n<p class=\"ez-toc-title ez-toc-toggle\" style=\"cursor:pointer\">Sommaire<\/p>\n<span class=\"ez-toc-title-toggle\"><a href=\"#\" class=\"ez-toc-pull-right ez-toc-btn ez-toc-btn-xs ez-toc-btn-default ez-toc-toggle\" aria-label=\"Toggle Table of Content\"><span class=\"ez-toc-js-icon-con\"><span class=\"\"><span class=\"eztoc-hide\" style=\"display:none;\">Toggle<\/span><span class=\"ez-toc-icon-toggle-span\"><svg style=\"fill: #999;color:#999\" xmlns=\"http:\/\/www.w3.org\/2000\/svg\" class=\"list-377408\" width=\"20px\" height=\"20px\" viewBox=\"0 0 24 24\" fill=\"none\"><path d=\"M6 6H4v2h2V6zm14 0H8v2h12V6zM4 11h2v2H4v-2zm16 0H8v2h12v-2zM4 16h2v2H4v-2zm16 0H8v2h12v-2z\" fill=\"currentColor\"><\/path><\/svg><svg style=\"fill: #999;color:#999\" class=\"arrow-unsorted-368013\" xmlns=\"http:\/\/www.w3.org\/2000\/svg\" width=\"10px\" height=\"10px\" viewBox=\"0 0 24 24\" version=\"1.2\" baseProfile=\"tiny\"><path d=\"M18.2 9.3l-6.2-6.3-6.2 6.3c-.2.2-.3.4-.3.7s.1.5.3.7c.2.2.4.3.7.3h11c.3 0 .5-.1.7-.3.2-.2.3-.5.3-.7s-.1-.5-.3-.7zM5.8 14.7l6.2 6.3 6.2-6.3c.2-.2.3-.5.3-.7s-.1-.5-.3-.7c-.2-.2-.4-.3-.7-.3h-11c-.3 0-.5.1-.7.3-.2.2-.3.5-.3.7s.1.5.3.7z\"\/><\/svg><\/span><\/span><\/span><\/a><\/span><\/div>\n<nav><ul class='ez-toc-list ez-toc-list-level-1 eztoc-toggle-hide-by-default' ><li class='ez-toc-page-1 ez-toc-heading-level-2'><a class=\"ez-toc-link ez-toc-heading-1\" href=\"https:\/\/www.tunisie-chirurgie-esthetique.com\/blog\/cause-chute-de-cheveux\/#Chute_de_cheveux_diffuse\" >Chute de cheveux diffuse<\/a><\/li><li class='ez-toc-page-1 ez-toc-heading-level-2'><a class=\"ez-toc-link ez-toc-heading-2\" href=\"https:\/\/www.tunisie-chirurgie-esthetique.com\/blog\/cause-chute-de-cheveux\/#Chute_de_cheveux_localisee\" >Chute de cheveux localis\u00e9e<\/a><\/li><li class='ez-toc-page-1 ez-toc-heading-level-2'><a class=\"ez-toc-link ez-toc-heading-3\" href=\"https:\/\/www.tunisie-chirurgie-esthetique.com\/blog\/cause-chute-de-cheveux\/#Le_stress_peut-il_causer_la_chute_de_cheveux\" >Le stress peut-il causer la chute de cheveux\u00a0?<\/a><\/li><li class='ez-toc-page-1 ez-toc-heading-level-2'><a class=\"ez-toc-link ez-toc-heading-4\" href=\"https:\/\/www.tunisie-chirurgie-esthetique.com\/blog\/cause-chute-de-cheveux\/#Comment_peut-on_traiter_la_chute_de_cheveux\" >Comment peut-on traiter la chute de cheveux\u00a0?<\/a><\/li><\/ul><\/nav><\/div>\n<p>Il est normal de <strong>perdre des cheveux<\/strong> tous les jours. Mais d\u00e8s lors qu\u2019on en perd entre 60 et 100 par jour, cela cache sans doute un probl\u00e8me. Une <strong>maladie capillaire<\/strong> qu\u2019il faut essentiellement conna\u00eetre pour s\u2019\u00e9viter \u00e0 la longue une calvitie.<\/p>\n<p>Homme comme femme, nous sommes parfois tellement attach\u00e9s \u00e0 nos cheveux qu\u2019on a du mal \u00e0 nous imaginer avec une calvitie. Alors, pour \u00e9viter le pire, se retrouver avec un cr\u00e2ne nu malgr\u00e9 soi, il est important de conna\u00eetre les maladies de nos cheveux afin d\u2019<strong>envisager un traitement de cheveux<\/strong> ad\u00e9quat.<\/p>\n<h2><span class=\"ez-toc-section\" id=\"Chute_de_cheveux_diffuse\"><\/span>Chute de cheveux diffuse<span class=\"ez-toc-section-end\"><\/span><\/h2>\n<p>Si on commence \u00e0 perdre des cheveux sur toute la t\u00eate, on parle alors de chute de cheveux diffuse. C&#8217;est-\u00e0-dire que les cheveux tombent un peu de partout sur la t\u00eate.<\/p>\n<p>Si on se retrouve dans ce cas, alors cela peut provenir d\u2019une <a href=\"https:\/\/www.tunisie-chirurgie-esthetique.com\/greffe-cheveux-dhi-tunisie\"><strong>alop\u00e9cie androg\u00e9nique<\/strong><\/a> qui touche autant les hommes que les femmes. Dans le cas contraire, ce serait l\u2019effluvium t\u00e9log\u00e8ne ou l\u2019effluvium anag\u00e8ne qui serait en cause.<\/p>\n<p>Le premier r\u00e9sulte d\u2019une importante fi\u00e8vre, de la prise de certains m\u00e9dicaments, d\u2019une grossesse, etc. Le second quant \u00e0 lui \u00e9mane d\u2019une chimioth\u00e9rapie ou d\u2019une pelade. Dans l\u2019un ou l\u2019autre cas, il s\u2019agit d\u2019une chute de cheveux abondante et brutale.<\/p>\n<h2><span class=\"ez-toc-section\" id=\"Chute_de_cheveux_localisee\"><\/span>Chute de cheveux localis\u00e9e<span class=\"ez-toc-section-end\"><\/span><\/h2>\n<p>Si au contraire, la chute de cheveux se fait \u00e0 des endroits pr\u00e9cis comme la tonsure, on parle alors de chute de cheveux localis\u00e9e. Celle-ci peut avoir plusieurs causes. La perte de cheveux peut dans ce cas, r\u00e9sulter d\u2019une alop\u00e9cie androg\u00e9n\u00e9tique, d\u2019une alop\u00e9cie cicatricielle, d\u2019une pelade, ou bien alors de certaines tumeurs.<\/p>\n<h2><span class=\"ez-toc-section\" id=\"Le_stress_peut-il_causer_la_chute_de_cheveux\"><\/span>Le stress peut-il causer la chute de cheveux\u00a0?<span class=\"ez-toc-section-end\"><\/span><\/h2>\n<p>Il est fr\u00e9quent de citer le stress parmi les causes de la chute de cheveux. Toutefois, si chez la souris il a \u00e9t\u00e9 constat\u00e9 que le stress peut \u00eatre une cause d\u2019aggravation de l\u2019effluvium t\u00e9log\u00e8ne, chez l\u2019humain, aucune \u00e9tude scientifique n\u2019a encore r\u00e9ellement \u00e9tabli ce <strong>lien entre le stress et la perte de cheveux<\/strong>.<\/p>\n<h2><span class=\"ez-toc-section\" id=\"Comment_peut-on_traiter_la_chute_de_cheveux\"><\/span>Comment peut-on traiter la chute de cheveux\u00a0?<span class=\"ez-toc-section-end\"><\/span><\/h2>\n<p>Il existe de nombreux traitements de la chute de cheveux. Pour que le traitement envisag\u00e9 fonctionne, il est important de d\u00e9terminer qu\u2019est-ce qui cause la chute de cheveux.<\/p>\n<p>Par exemple, si la chute de cheveux est en rapport avec un effluvium t\u00e9log\u00e8ne, il faut d\u00e9terminer si ce n\u2019est pas une carence vitaminique ou alors un m\u00e9dicament qui provoque la perte de cheveux. Dans un cas, aucun traitement n\u2019est n\u00e9cessaire et dans l\u2019autre, il faudra remplacer le m\u00e9dicament en cause de la perte de cheveux.<\/p>\n<p>Quant \u00e0 l\u2019alop\u00e9cie androg\u00e9nique, qu\u2019elle soit masculine ou f\u00e9minine, on peut s\u2019essayer \u00e0 un traitement m\u00e9dical (Minoxidil et Finast\u00e9ride). Et si jamais cela ne marche pas, on peut toujours opter pour une <a href=\"https:\/\/www.tunisie-chirurgie-esthetique.com\/greffe-capillaire\"><strong>greffe de cheveux<\/strong><\/a>. Le plus important est toujours de trouver pour quelle raison on perd des cheveux.<\/p>\n","protected":false},"excerpt":{"rendered":"<p>Il est normal de perdre des cheveux tous les jours. Mais d\u00e8s lors qu\u2019on en perd entre 60 et 100 par jour, cela cache sans doute un probl\u00e8me. Une maladie capillaire qu\u2019il faut essentiellement conna\u00eetre pour s\u2019\u00e9viter \u00e0 la longue une calvitie. Homme comme femme, nous sommes parfois tellement attach\u00e9s \u00e0 nos cheveux qu\u2019on a [&hellip;]<\/p>\n","protected":false},"author":1,"featured_media":2521,"comment_status":"closed","ping_status":"closed","sticky":false,"template":"","format":"standard","meta":{"rop_custom_images_group":[],"rop_custom_messages_group":[],"rop_publish_now":"initial","rop_publish_now_accounts":{"facebook_2803965346576775_1735562453331861":"","twitter_4255985368_4255985368":""},"rop_publish_now_history":[],"rop_publish_now_status":"pending","footnotes":""},"categories":[1],"tags":[],"class_list":["post-2519","post","type-post","status-publish","format-standard","has-post-thumbnail","hentry","category-actualite-chirurgie-plastique"],"yoast_head":"<!-- This site is optimized with the Yoast SEO plugin v27.4 - https:\/\/yoast.com\/product\/yoast-seo-wordpress\/ -->\n<title>Alop\u00e9cie : Quelles sont les causes et comment pr\u00e9venir et stopper la chute de cheveux<\/title>\n<meta name=\"description\" content=\"Homme comme femme, nous sommes parfois tellement attach\u00e9s \u00e0 nos cheveux qu\u2019on a du mal \u00e0 nous imaginer avec une calvitie. Alors, pour \u00e9viter le pire, se retrouver avec un cr\u00e2ne nu malgr\u00e9 soi, il est important de conna\u00eetre les maladies de nos cheveux afin d\u2019envisager un traitement de cheveux ad\u00e9quat.\" \/>\n<meta name=\"robots\" content=\"index, follow, max-snippet:-1, max-image-preview:large, max-video-preview:-1\" \/>\n<link rel=\"canonical\" href=\"https:\/\/www.tunisie-chirurgie-esthetique.com\/blog\/cause-chute-de-cheveux\/\" \/>\n<meta property=\"og:locale\" content=\"fr_FR\" \/>\n<meta property=\"og:type\" content=\"article\" \/>\n<meta property=\"og:title\" content=\"Alop\u00e9cie : Quelles sont les causes et comment pr\u00e9venir et stopper la chute de cheveux\" \/>\n<meta property=\"og:description\" content=\"Homme comme femme, nous sommes parfois tellement attach\u00e9s \u00e0 nos cheveux qu\u2019on a du mal \u00e0 nous imaginer avec une calvitie. Alors, pour \u00e9viter le pire, se retrouver avec un cr\u00e2ne nu malgr\u00e9 soi, il est important de conna\u00eetre les maladies de nos cheveux afin d\u2019envisager un traitement de cheveux ad\u00e9quat.\" \/>\n<meta property=\"og:url\" content=\"https:\/\/www.tunisie-chirurgie-esthetique.com\/blog\/cause-chute-de-cheveux\/\" \/>\n<meta property=\"og:site_name\" content=\"Actualit\u00e9s Chirurgie Esth\u00e9tique Tunisie\" \/>\n<meta property=\"article:publisher\" content=\"https:\/\/www.facebook.com\/TCETUNISIE\/\" \/>\n<meta property=\"article:published_time\" content=\"2019-08-27T13:30:59+00:00\" \/>\n<meta property=\"article:modified_time\" content=\"2023-12-05T10:05:57+00:00\" \/>\n<meta property=\"og:image\" content=\"https:\/\/www.tunisie-chirurgie-esthetique.com\/blog\/wp-content\/uploads\/2019\/08\/cause-chute-cheveux.jpg\" \/>\n\t<meta property=\"og:image:width\" content=\"700\" \/>\n\t<meta property=\"og:image:height\" content=\"480\" \/>\n\t<meta property=\"og:image:type\" content=\"image\/jpeg\" \/>\n<meta name=\"author\" content=\"Dina Legrand\" \/>\n<meta name=\"twitter:card\" content=\"summary_large_image\" \/>\n<meta name=\"twitter:creator\" content=\"@Tunisie_CE\" \/>\n<meta name=\"twitter:site\" content=\"@Tunisie_CE\" \/>\n<meta name=\"twitter:label1\" content=\"\u00c9crit par\" \/>\n\t<meta name=\"twitter:data1\" content=\"Dina Legrand\" \/>\n\t<meta name=\"twitter:label2\" content=\"Dur\u00e9e de lecture estim\u00e9e\" \/>\n\t<meta name=\"twitter:data2\" content=\"3 minutes\" \/>\n<!-- \/ Yoast SEO plugin. -->","yoast_head_json":{"title":"Alop\u00e9cie : Quelles sont les causes et comment pr\u00e9venir et stopper la chute de cheveux","description":"Homme comme femme, nous sommes parfois tellement attach\u00e9s \u00e0 nos cheveux qu\u2019on a du mal \u00e0 nous imaginer avec une calvitie. Alors, pour \u00e9viter le pire, se retrouver avec un cr\u00e2ne nu malgr\u00e9 soi, il est important de conna\u00eetre les maladies de nos cheveux afin d\u2019envisager un traitement de cheveux ad\u00e9quat.","robots":{"index":"index","follow":"follow","max-snippet":"max-snippet:-1","max-image-preview":"max-image-preview:large","max-video-preview":"max-video-preview:-1"},"canonical":"https:\/\/www.tunisie-chirurgie-esthetique.com\/blog\/cause-chute-de-cheveux\/","og_locale":"fr_FR","og_type":"article","og_title":"Alop\u00e9cie : Quelles sont les causes et comment pr\u00e9venir et stopper la chute de cheveux","og_description":"Homme comme femme, nous sommes parfois tellement attach\u00e9s \u00e0 nos cheveux qu\u2019on a du mal \u00e0 nous imaginer avec une calvitie. Alors, pour \u00e9viter le pire, se retrouver avec un cr\u00e2ne nu malgr\u00e9 soi, il est important de conna\u00eetre les maladies de nos cheveux afin d\u2019envisager un traitement de cheveux ad\u00e9quat.","og_url":"https:\/\/www.tunisie-chirurgie-esthetique.com\/blog\/cause-chute-de-cheveux\/","og_site_name":"Actualit\u00e9s Chirurgie Esth\u00e9tique Tunisie","article_publisher":"https:\/\/www.facebook.com\/TCETUNISIE\/","article_published_time":"2019-08-27T13:30:59+00:00","article_modified_time":"2023-12-05T10:05:57+00:00","og_image":[{"width":700,"height":480,"url":"https:\/\/www.tunisie-chirurgie-esthetique.com\/blog\/wp-content\/uploads\/2019\/08\/cause-chute-cheveux.jpg","type":"image\/jpeg"}],"author":"Dina Legrand","twitter_card":"summary_large_image","twitter_creator":"@Tunisie_CE","twitter_site":"@Tunisie_CE","twitter_misc":{"\u00c9crit par":"Dina Legrand","Dur\u00e9e de lecture estim\u00e9e":"3 minutes"},"schema":{"@context":"https:\/\/schema.org","@graph":[{"@type":["Article","BlogPosting"],"@id":"https:\/\/www.tunisie-chirurgie-esthetique.com\/blog\/cause-chute-de-cheveux\/#article","isPartOf":{"@id":"https:\/\/www.tunisie-chirurgie-esthetique.com\/blog\/cause-chute-de-cheveux\/"},"author":{"name":"Dina Legrand","@id":"https:\/\/www.tunisie-chirurgie-esthetique.com\/blog\/#\/schema\/person\/55f99d583f39ff82c83ea8d20bfb8dac"},"headline":"Qu\u2019est-ce qui cause la chute de cheveux ?","datePublished":"2019-08-27T13:30:59+00:00","dateModified":"2023-12-05T10:05:57+00:00","mainEntityOfPage":{"@id":"https:\/\/www.tunisie-chirurgie-esthetique.com\/blog\/cause-chute-de-cheveux\/"},"wordCount":534,"publisher":{"@id":"https:\/\/www.tunisie-chirurgie-esthetique.com\/blog\/#organization"},"image":{"@id":"https:\/\/www.tunisie-chirurgie-esthetique.com\/blog\/cause-chute-de-cheveux\/#primaryimage"},"thumbnailUrl":"https:\/\/www.tunisie-chirurgie-esthetique.com\/blog\/wp-content\/uploads\/2019\/08\/cause-chute-cheveux.jpg","articleSection":["Guide &amp; Actualit\u00e9 chirurgie plastique"],"inLanguage":"fr-FR"},{"@type":"WebPage","@id":"https:\/\/www.tunisie-chirurgie-esthetique.com\/blog\/cause-chute-de-cheveux\/","url":"https:\/\/www.tunisie-chirurgie-esthetique.com\/blog\/cause-chute-de-cheveux\/","name":"Alop\u00e9cie : Quelles sont les causes et comment pr\u00e9venir et stopper la chute de cheveux","isPartOf":{"@id":"https:\/\/www.tunisie-chirurgie-esthetique.com\/blog\/#website"},"primaryImageOfPage":{"@id":"https:\/\/www.tunisie-chirurgie-esthetique.com\/blog\/cause-chute-de-cheveux\/#primaryimage"},"image":{"@id":"https:\/\/www.tunisie-chirurgie-esthetique.com\/blog\/cause-chute-de-cheveux\/#primaryimage"},"thumbnailUrl":"https:\/\/www.tunisie-chirurgie-esthetique.com\/blog\/wp-content\/uploads\/2019\/08\/cause-chute-cheveux.jpg","datePublished":"2019-08-27T13:30:59+00:00","dateModified":"2023-12-05T10:05:57+00:00","description":"Homme comme femme, nous sommes parfois tellement attach\u00e9s \u00e0 nos cheveux qu\u2019on a du mal \u00e0 nous imaginer avec une calvitie. Alors, pour \u00e9viter le pire, se retrouver avec un cr\u00e2ne nu malgr\u00e9 soi, il est important de conna\u00eetre les maladies de nos cheveux afin d\u2019envisager un traitement de cheveux ad\u00e9quat.","breadcrumb":{"@id":"https:\/\/www.tunisie-chirurgie-esthetique.com\/blog\/cause-chute-de-cheveux\/#breadcrumb"},"inLanguage":"fr-FR","potentialAction":[{"@type":"ReadAction","target":["https:\/\/www.tunisie-chirurgie-esthetique.com\/blog\/cause-chute-de-cheveux\/"]}]},{"@type":"ImageObject","inLanguage":"fr-FR","@id":"https:\/\/www.tunisie-chirurgie-esthetique.com\/blog\/cause-chute-de-cheveux\/#primaryimage","url":"https:\/\/www.tunisie-chirurgie-esthetique.com\/blog\/wp-content\/uploads\/2019\/08\/cause-chute-cheveux.jpg","contentUrl":"https:\/\/www.tunisie-chirurgie-esthetique.com\/blog\/wp-content\/uploads\/2019\/08\/cause-chute-cheveux.jpg","width":700,"height":480,"caption":"cause perte cheveux"},{"@type":"BreadcrumbList","@id":"https:\/\/www.tunisie-chirurgie-esthetique.com\/blog\/cause-chute-de-cheveux\/#breadcrumb","itemListElement":[{"@type":"ListItem","position":1,"name":"Accueil","item":"https:\/\/www.tunisie-chirurgie-esthetique.com\/blog\/"},{"@type":"ListItem","position":2,"name":"Guide &amp; Actualit\u00e9 chirurgie plastique","item":"https:\/\/www.tunisie-chirurgie-esthetique.com\/blog\/actualite-chirurgie-plastique\/"},{"@type":"ListItem","position":3,"name":"Qu\u2019est-ce qui cause la chute de cheveux ?"}]},{"@type":"WebSite","@id":"https:\/\/www.tunisie-chirurgie-esthetique.com\/blog\/#website","url":"https:\/\/www.tunisie-chirurgie-esthetique.com\/blog\/","name":"Actualit\u00e9s en chirurgie et m\u00e9decine esth\u00e9tique Tunisie","description":"Chirurgie en Tunisie","publisher":{"@id":"https:\/\/www.tunisie-chirurgie-esthetique.com\/blog\/#organization"},"alternateName":"Forfaits chirurgie esth\u00e9tique Tunisie prix tout compris","potentialAction":[{"@type":"SearchAction","target":{"@type":"EntryPoint","urlTemplate":"https:\/\/www.tunisie-chirurgie-esthetique.com\/blog\/?s={search_term_string}"},"query-input":{"@type":"PropertyValueSpecification","valueRequired":true,"valueName":"search_term_string"}}],"inLanguage":"fr-FR"},{"@type":"Organization","@id":"https:\/\/www.tunisie-chirurgie-esthetique.com\/blog\/#organization","name":"TCE TUNISIE","alternateName":"Chirurgie esth\u00e9tique en Tunisie","url":"https:\/\/www.tunisie-chirurgie-esthetique.com\/blog\/","logo":{"@type":"ImageObject","inLanguage":"fr-FR","@id":"https:\/\/www.tunisie-chirurgie-esthetique.com\/blog\/#\/schema\/logo\/image\/","url":"https:\/\/www.tunisie-chirurgie-esthetique.com\/blog\/wp-content\/uploads\/2022\/08\/fav-tce.png","contentUrl":"https:\/\/www.tunisie-chirurgie-esthetique.com\/blog\/wp-content\/uploads\/2022\/08\/fav-tce.png","width":512,"height":512,"caption":"TCE TUNISIE"},"image":{"@id":"https:\/\/www.tunisie-chirurgie-esthetique.com\/blog\/#\/schema\/logo\/image\/"},"sameAs":["https:\/\/www.facebook.com\/TCETUNISIE\/","https:\/\/x.com\/Tunisie_CE","https:\/\/www.instagram.com\/tunisiece\/","https:\/\/www.linkedin.com\/company\/tunisie-chirurgie-etshetique-tce\/","https:\/\/www.pinterest.fr\/tunisiechirurgi\/","https:\/\/www.youtube.com\/channel\/UCFZHPINDbYAa_yhOk121j7A\/?sub_confirmation=1"]},{"@type":"Person","@id":"https:\/\/www.tunisie-chirurgie-esthetique.com\/blog\/#\/schema\/person\/55f99d583f39ff82c83ea8d20bfb8dac","name":"Dina Legrand","description":"Je m'appelle Dina Legrand, dipl\u00f4m\u00e9e d'un Master en sciences de la sant\u00e9 de l'Universit\u00e9 de Tunis et de Paris. Forte d'une exp\u00e9rience de plus de 15 ans dans le domaine m\u00e9dical, je me suis sp\u00e9cialis\u00e9e dans la r\u00e9daction, la vulgarisation et la gestion de projets scientifiques. Dot\u00e9e d'une grande aisance r\u00e9dactionnelle, j'ai ensuite \u0153uvr\u00e9 en free-lance pour diverses institutions de sant\u00e9. J'ai organis\u00e9 avec succ\u00e8s plusieurs congr\u00e8s m\u00e9dicaux internationaux, requ\u00e9rant rigueur et capacit\u00e9 de gestion de projets complexes. Aimant partager mon savoir, j'anime aujourd'hui le blog Tunisie-chirurgie-esth\u00e9tique.com, v\u00e9ritable r\u00e9f\u00e9rence en mati\u00e8re d'information m\u00e9dicale grand public. Mon objectif est de rendre accessibles des notions parfois ardues, en adoptant un ton p\u00e9dagogique et une plume clarifiant les derni\u00e8res avanc\u00e9es. Forte de ma double comp\u00e9tence m\u00e9dicale et r\u00e9dactionnelle, je me tiens \u00e0 la disposition des professionnels et particuliers pour toute mission d'\u00e9criture, de traduction ou de vulgarisation scientifique.","url":"https:\/\/www.tunisie-chirurgie-esthetique.com\/blog\/author\/nisieshi_tunesth\/"}]}},"_links":{"self":[{"href":"https:\/\/www.tunisie-chirurgie-esthetique.com\/blog\/wp-json\/wp\/v2\/posts\/2519","targetHints":{"allow":["GET"]}}],"collection":[{"href":"https:\/\/www.tunisie-chirurgie-esthetique.com\/blog\/wp-json\/wp\/v2\/posts"}],"about":[{"href":"https:\/\/www.tunisie-chirurgie-esthetique.com\/blog\/wp-json\/wp\/v2\/types\/post"}],"author":[{"embeddable":true,"href":"https:\/\/www.tunisie-chirurgie-esthetique.com\/blog\/wp-json\/wp\/v2\/users\/1"}],"replies":[{"embeddable":true,"href":"https:\/\/www.tunisie-chirurgie-esthetique.com\/blog\/wp-json\/wp\/v2\/comments?post=2519"}],"version-history":[{"count":5,"href":"https:\/\/www.tunisie-chirurgie-esthetique.com\/blog\/wp-json\/wp\/v2\/posts\/2519\/revisions"}],"predecessor-version":[{"id":5579,"href":"https:\/\/www.tunisie-chirurgie-esthetique.com\/blog\/wp-json\/wp\/v2\/posts\/2519\/revisions\/5579"}],"wp:featuredmedia":[{"embeddable":true,"href":"https:\/\/www.tunisie-chirurgie-esthetique.com\/blog\/wp-json\/wp\/v2\/media\/2521"}],"wp:attachment":[{"href":"https:\/\/www.tunisie-chirurgie-esthetique.com\/blog\/wp-json\/wp\/v2\/media?parent=2519"}],"wp:term":[{"taxonomy":"category","embeddable":true,"href":"https:\/\/www.tunisie-chirurgie-esthetique.com\/blog\/wp-json\/wp\/v2\/categories?post=2519"},{"taxonomy":"post_tag","embeddable":true,"href":"https:\/\/www.tunisie-chirurgie-esthetique.com\/blog\/wp-json\/wp\/v2\/tags?post=2519"}],"curies":[{"name":"wp","href":"https:\/\/api.w.org\/{rel}","templated":true}]}}