{"id":2474,"date":"2019-08-05T11:22:21","date_gmt":"2019-08-05T09:22:21","guid":{"rendered":"https:\/\/www.tunisie-chirurgie-esthetique.com\/blog\/?p=2474"},"modified":"2023-07-26T11:02:00","modified_gmt":"2023-07-26T09:02:00","slug":"la-chirurgie-esthetique-peut-elle-aider-au-traitement-de-la-paralysie-faciale","status":"publish","type":"post","link":"https:\/\/www.tunisie-chirurgie-esthetique.com\/blog\/la-chirurgie-esthetique-peut-elle-aider-au-traitement-de-la-paralysie-faciale\/","title":{"rendered":"La chirurgie esth\u00e9tique peut-elle aider au traitement de la paralysie faciale ?"},"content":{"rendered":"<div id=\"ez-toc-container\" class=\"ez-toc-v2_0_82_2 counter-hierarchy ez-toc-counter ez-toc-light-blue ez-toc-container-direction\">\n<div class=\"ez-toc-title-container\">\n<p class=\"ez-toc-title ez-toc-toggle\" style=\"cursor:pointer\">Sommaire<\/p>\n<span class=\"ez-toc-title-toggle\"><a href=\"#\" class=\"ez-toc-pull-right ez-toc-btn ez-toc-btn-xs ez-toc-btn-default ez-toc-toggle\" aria-label=\"Toggle Table of Content\"><span class=\"ez-toc-js-icon-con\"><span class=\"\"><span class=\"eztoc-hide\" style=\"display:none;\">Toggle<\/span><span class=\"ez-toc-icon-toggle-span\"><svg style=\"fill: #999;color:#999\" xmlns=\"http:\/\/www.w3.org\/2000\/svg\" class=\"list-377408\" width=\"20px\" height=\"20px\" viewBox=\"0 0 24 24\" fill=\"none\"><path d=\"M6 6H4v2h2V6zm14 0H8v2h12V6zM4 11h2v2H4v-2zm16 0H8v2h12v-2zM4 16h2v2H4v-2zm16 0H8v2h12v-2z\" fill=\"currentColor\"><\/path><\/svg><svg style=\"fill: #999;color:#999\" class=\"arrow-unsorted-368013\" xmlns=\"http:\/\/www.w3.org\/2000\/svg\" width=\"10px\" height=\"10px\" viewBox=\"0 0 24 24\" version=\"1.2\" baseProfile=\"tiny\"><path d=\"M18.2 9.3l-6.2-6.3-6.2 6.3c-.2.2-.3.4-.3.7s.1.5.3.7c.2.2.4.3.7.3h11c.3 0 .5-.1.7-.3.2-.2.3-.5.3-.7s-.1-.5-.3-.7zM5.8 14.7l6.2 6.3 6.2-6.3c.2-.2.3-.5.3-.7s-.1-.5-.3-.7c-.2-.2-.4-.3-.7-.3h-11c-.3 0-.5.1-.7.3-.2.2-.3.5-.3.7s.1.5.3.7z\"\/><\/svg><\/span><\/span><\/span><\/a><\/span><\/div>\n<nav><ul class='ez-toc-list ez-toc-list-level-1 eztoc-toggle-hide-by-default' ><li class='ez-toc-page-1 ez-toc-heading-level-2'><a class=\"ez-toc-link ez-toc-heading-1\" href=\"https:\/\/www.tunisie-chirurgie-esthetique.com\/blog\/la-chirurgie-esthetique-peut-elle-aider-au-traitement-de-la-paralysie-faciale\/#Les_types_de_paralysie_faciale\" >Les types de paralysie faciale<\/a><\/li><li class='ez-toc-page-1 ez-toc-heading-level-2'><a class=\"ez-toc-link ez-toc-heading-2\" href=\"https:\/\/www.tunisie-chirurgie-esthetique.com\/blog\/la-chirurgie-esthetique-peut-elle-aider-au-traitement-de-la-paralysie-faciale\/#Traitement_chirurgical_de_la_paralysie_faciale\" >Traitement chirurgical de la paralysie faciale<\/a><\/li><\/ul><\/nav><\/div>\n<p>La paralysie faciale se d\u00e9finit par la perte d\u2019une partie ou de la totalit\u00e9 de la motricit\u00e9 du visage. Si on retrouve la paralysie faciale parmi les complications de la <a href=\"https:\/\/www.tunisie-chirurgie-esthetique.com\/reduction-boule-de-bichat\">r\u00e9duction de la boule de bichat<\/a>, il faut dire qu\u2019elle n\u2019a r\u00e9ellement pas de cause. C\u2019est pourquoi on dit d\u2019elle qu\u2019elle est \u00ab\u00a0idiopathique\u00a0\u00bb ou \u00ab\u00a0a frigore\u00a0\u00bb.<\/p>\n<p>N\u00e9anmoins, on retiendra que la <strong>paralysie du visage<\/strong> peut \u00eatre li\u00e9e \u00e0 des anomalies comme des tumeurs se trouvant sur le parcours du nerf facial, les otites, le zona ou d\u2019autres infections, le diab\u00e8te, la vascularite ou bien d\u2019autres maladies rares. Quelle que soit sa cause, comment corriger les s\u00e9quelles de la paralysie faciale\u00a0?<\/p>\n<h2><span class=\"ez-toc-section\" id=\"Les_types_de_paralysie_faciale\"><\/span><strong>Les types de paralysie faciale <\/strong><span class=\"ez-toc-section-end\"><\/span><\/h2>\n<p>On distingue principalement deux types de paralysie faciale. L\u2019une, dite paralysie faciale centrale et l\u2019autre, dite paralysie faciale p\u00e9riph\u00e9rique.<\/p>\n<p>La premi\u00e8re, r\u00e9sultant le plus souvent des l\u00e9sions vasculaires c\u00e9r\u00e9brales, se caract\u00e9rise par une paralysie de la moiti\u00e9 du visage. Elle s\u2019associe g\u00e9n\u00e9ralement \u00e0 une h\u00e9mipl\u00e9gie. Ce type de paralysie faciale se remarque principalement quand le patient doit volontairement effectuer un mouvement du visage.<\/p>\n<p>La seconde quant \u00e0 elle, se caract\u00e9rise par une paralysie de la moiti\u00e9 du visage homolat\u00e9ral, c&#8217;est-\u00e0-dire situ\u00e9 du c\u00f4t\u00e9 de la l\u00e9sion nerveuse. Cette paralysie du visage dont la cause est le plus souvent inconnue, r\u00e9gresse seule dans la plupart des cas.<\/p>\n<p>Contrairement \u00e0 la paralysie centrale qui concerne uniquement la bouche, les joues, la paralysie p\u00e9riph\u00e9rique touche en plus, le front, les sourcils, les paupi\u00e8res.<\/p>\n<h2><span class=\"ez-toc-section\" id=\"Traitement_chirurgical_de_la_paralysie_faciale\"><\/span><strong>Traitement chirurgical de la paralysie faciale <\/strong><span class=\"ez-toc-section-end\"><\/span><\/h2>\n<p>Sur le plan chirurgical, le traitement de la paralysie faciale peut se faire par suture du nerf ou par greffe du nerf. L\u2019objectif \u00e9tant de r\u00e9-innerver le nerf facial.<\/p>\n<p>Pour corriger les s\u00e9quelles de la paralysie faciale cependant, on peut recourir \u00e0 la <strong><a href=\"https:\/\/www.tunisie-chirurgie-esthetique.com\/chirurgie-visage\">chirurgie esth\u00e9tique du visage<\/a><\/strong>. Ce traitement est g\u00e9n\u00e9ralement envisag\u00e9 2 ans apr\u00e8s la paralysie.<\/p>\n<p>Il consiste d\u2019une part \u00e0 remonter le sourcil. Pour ce faire, le chirurgien peut soit effectuer une r\u00e9section de la peau se situant au-dessus du sourcil, tout comme il peut choisir de proc\u00e9der \u00e0 un lifting temporal pour remonter uniquement la queue du sourcil du c\u00f4t\u00e9 affect\u00e9, ou effectuer un lifting frontal si le sourcil du c\u00f4t\u00e9 paralys\u00e9 est trop abaiss\u00e9.<\/p>\n<p>D\u2019autre part, la correction chirurgicale des s\u00e9quelles de la paralysie faciale visera \u00e0 restaurer la fermeture des paupi\u00e8res sup\u00e9rieure d\u2019une part et d\u2019autre part, \u00e0 corriger l\u2019abaissement de la paupi\u00e8re inf\u00e9rieure. Ces corrections sont r\u00e9alis\u00e9es gr\u00e2ce \u00e0 la <a href=\"https:\/\/www.tunisie-chirurgie-esthetique.com\/blepharoplastie\">bl\u00e9pharoplastie<\/a>.<\/p>\n<p>Enfin, il sera effectu\u00e9 un traitement chirurgical de la paralysie des l\u00e8vres. Le choix de la technique d\u00e9pendra uniquement du type d\u2019imperfections. Mais l\u2019objectif sera de restaurer le sourire.<\/p>\n","protected":false},"excerpt":{"rendered":"<p>La paralysie faciale se d\u00e9finit par la perte d\u2019une partie ou de la totalit\u00e9 de la motricit\u00e9 du visage. Si on retrouve la paralysie faciale parmi les complications de la r\u00e9duction de la boule de bichat, il faut dire qu\u2019elle n\u2019a r\u00e9ellement pas de cause. C\u2019est pourquoi on dit d\u2019elle qu\u2019elle est \u00ab\u00a0idiopathique\u00a0\u00bb ou \u00ab\u00a0a [&hellip;]<\/p>\n","protected":false},"author":1,"featured_media":2479,"comment_status":"closed","ping_status":"closed","sticky":false,"template":"","format":"standard","meta":{"rop_custom_images_group":[],"rop_custom_messages_group":[],"rop_publish_now":"initial","rop_publish_now_accounts":{"facebook_2803965346576775_1735562453331861":"","twitter_4255985368_4255985368":""},"rop_publish_now_history":[],"rop_publish_now_status":"pending","footnotes":""},"categories":[1],"tags":[],"class_list":["post-2474","post","type-post","status-publish","format-standard","has-post-thumbnail","hentry","category-actualite-chirurgie-plastique"],"yoast_head":"<!-- This site is optimized with the Yoast SEO plugin v27.4 - https:\/\/yoast.com\/product\/yoast-seo-wordpress\/ -->\n<title>Traitement chirurgical de la paralysie faciale<\/title>\n<meta name=\"description\" content=\"La chirurgie esth\u00e9tique pour corriger les s\u00e9quelles de la paralysie faciale qui touche la bouche, les joues, le front, les sourcils, les paupi\u00e8res...\" \/>\n<meta name=\"robots\" content=\"index, follow, max-snippet:-1, max-image-preview:large, max-video-preview:-1\" \/>\n<link rel=\"canonical\" href=\"https:\/\/www.tunisie-chirurgie-esthetique.com\/blog\/la-chirurgie-esthetique-peut-elle-aider-au-traitement-de-la-paralysie-faciale\/\" \/>\n<meta property=\"og:locale\" content=\"fr_FR\" \/>\n<meta property=\"og:type\" content=\"article\" \/>\n<meta property=\"og:title\" content=\"Traitement chirurgical de la paralysie faciale\" \/>\n<meta property=\"og:description\" content=\"La chirurgie esth\u00e9tique pour corriger les s\u00e9quelles de la paralysie faciale qui touche la bouche, les joues, le front, les sourcils, les paupi\u00e8res...\" \/>\n<meta property=\"og:url\" content=\"https:\/\/www.tunisie-chirurgie-esthetique.com\/blog\/la-chirurgie-esthetique-peut-elle-aider-au-traitement-de-la-paralysie-faciale\/\" \/>\n<meta property=\"og:site_name\" content=\"Actualit\u00e9s Chirurgie Esth\u00e9tique Tunisie\" \/>\n<meta property=\"article:publisher\" content=\"https:\/\/www.facebook.com\/TCETUNISIE\/\" \/>\n<meta property=\"article:published_time\" content=\"2019-08-05T09:22:21+00:00\" \/>\n<meta property=\"article:modified_time\" content=\"2023-07-26T09:02:00+00:00\" \/>\n<meta property=\"og:image\" content=\"https:\/\/www.tunisie-chirurgie-esthetique.com\/blog\/wp-content\/uploads\/2019\/08\/chirurgie-esthetique-paralisie-facciale.jpg\" \/>\n\t<meta property=\"og:image:width\" content=\"765\" \/>\n\t<meta property=\"og:image:height\" content=\"477\" \/>\n\t<meta property=\"og:image:type\" content=\"image\/jpeg\" \/>\n<meta name=\"author\" content=\"Dina Legrand\" \/>\n<meta name=\"twitter:card\" content=\"summary_large_image\" \/>\n<meta name=\"twitter:creator\" content=\"@Tunisie_CE\" \/>\n<meta name=\"twitter:site\" content=\"@Tunisie_CE\" \/>\n<meta name=\"twitter:label1\" content=\"\u00c9crit par\" \/>\n\t<meta name=\"twitter:data1\" content=\"Dina Legrand\" \/>\n\t<meta name=\"twitter:label2\" content=\"Dur\u00e9e de lecture estim\u00e9e\" \/>\n\t<meta name=\"twitter:data2\" content=\"3 minutes\" \/>\n<!-- \/ Yoast SEO plugin. -->","yoast_head_json":{"title":"Traitement chirurgical de la paralysie faciale","description":"La chirurgie esth\u00e9tique pour corriger les s\u00e9quelles de la paralysie faciale qui touche la bouche, les joues, le front, les sourcils, les paupi\u00e8res...","robots":{"index":"index","follow":"follow","max-snippet":"max-snippet:-1","max-image-preview":"max-image-preview:large","max-video-preview":"max-video-preview:-1"},"canonical":"https:\/\/www.tunisie-chirurgie-esthetique.com\/blog\/la-chirurgie-esthetique-peut-elle-aider-au-traitement-de-la-paralysie-faciale\/","og_locale":"fr_FR","og_type":"article","og_title":"Traitement chirurgical de la paralysie faciale","og_description":"La chirurgie esth\u00e9tique pour corriger les s\u00e9quelles de la paralysie faciale qui touche la bouche, les joues, le front, les sourcils, les paupi\u00e8res...","og_url":"https:\/\/www.tunisie-chirurgie-esthetique.com\/blog\/la-chirurgie-esthetique-peut-elle-aider-au-traitement-de-la-paralysie-faciale\/","og_site_name":"Actualit\u00e9s Chirurgie Esth\u00e9tique Tunisie","article_publisher":"https:\/\/www.facebook.com\/TCETUNISIE\/","article_published_time":"2019-08-05T09:22:21+00:00","article_modified_time":"2023-07-26T09:02:00+00:00","og_image":[{"width":765,"height":477,"url":"https:\/\/www.tunisie-chirurgie-esthetique.com\/blog\/wp-content\/uploads\/2019\/08\/chirurgie-esthetique-paralisie-facciale.jpg","type":"image\/jpeg"}],"author":"Dina Legrand","twitter_card":"summary_large_image","twitter_creator":"@Tunisie_CE","twitter_site":"@Tunisie_CE","twitter_misc":{"\u00c9crit par":"Dina Legrand","Dur\u00e9e de lecture estim\u00e9e":"3 minutes"},"schema":{"@context":"https:\/\/schema.org","@graph":[{"@type":["Article","BlogPosting"],"@id":"https:\/\/www.tunisie-chirurgie-esthetique.com\/blog\/la-chirurgie-esthetique-peut-elle-aider-au-traitement-de-la-paralysie-faciale\/#article","isPartOf":{"@id":"https:\/\/www.tunisie-chirurgie-esthetique.com\/blog\/la-chirurgie-esthetique-peut-elle-aider-au-traitement-de-la-paralysie-faciale\/"},"author":{"name":"Dina Legrand","@id":"https:\/\/www.tunisie-chirurgie-esthetique.com\/blog\/#\/schema\/person\/55f99d583f39ff82c83ea8d20bfb8dac"},"headline":"La chirurgie esth\u00e9tique peut-elle aider au traitement de la paralysie faciale ?","datePublished":"2019-08-05T09:22:21+00:00","dateModified":"2023-07-26T09:02:00+00:00","mainEntityOfPage":{"@id":"https:\/\/www.tunisie-chirurgie-esthetique.com\/blog\/la-chirurgie-esthetique-peut-elle-aider-au-traitement-de-la-paralysie-faciale\/"},"wordCount":506,"publisher":{"@id":"https:\/\/www.tunisie-chirurgie-esthetique.com\/blog\/#organization"},"image":{"@id":"https:\/\/www.tunisie-chirurgie-esthetique.com\/blog\/la-chirurgie-esthetique-peut-elle-aider-au-traitement-de-la-paralysie-faciale\/#primaryimage"},"thumbnailUrl":"https:\/\/www.tunisie-chirurgie-esthetique.com\/blog\/wp-content\/uploads\/2019\/08\/chirurgie-esthetique-paralisie-facciale.jpg","articleSection":["Guide &amp; Actualit\u00e9 chirurgie plastique"],"inLanguage":"fr-FR"},{"@type":"WebPage","@id":"https:\/\/www.tunisie-chirurgie-esthetique.com\/blog\/la-chirurgie-esthetique-peut-elle-aider-au-traitement-de-la-paralysie-faciale\/","url":"https:\/\/www.tunisie-chirurgie-esthetique.com\/blog\/la-chirurgie-esthetique-peut-elle-aider-au-traitement-de-la-paralysie-faciale\/","name":"Traitement chirurgical de la paralysie faciale","isPartOf":{"@id":"https:\/\/www.tunisie-chirurgie-esthetique.com\/blog\/#website"},"primaryImageOfPage":{"@id":"https:\/\/www.tunisie-chirurgie-esthetique.com\/blog\/la-chirurgie-esthetique-peut-elle-aider-au-traitement-de-la-paralysie-faciale\/#primaryimage"},"image":{"@id":"https:\/\/www.tunisie-chirurgie-esthetique.com\/blog\/la-chirurgie-esthetique-peut-elle-aider-au-traitement-de-la-paralysie-faciale\/#primaryimage"},"thumbnailUrl":"https:\/\/www.tunisie-chirurgie-esthetique.com\/blog\/wp-content\/uploads\/2019\/08\/chirurgie-esthetique-paralisie-facciale.jpg","datePublished":"2019-08-05T09:22:21+00:00","dateModified":"2023-07-26T09:02:00+00:00","description":"La chirurgie esth\u00e9tique pour corriger les s\u00e9quelles de la paralysie faciale qui touche la bouche, les joues, le front, les sourcils, les paupi\u00e8res...","breadcrumb":{"@id":"https:\/\/www.tunisie-chirurgie-esthetique.com\/blog\/la-chirurgie-esthetique-peut-elle-aider-au-traitement-de-la-paralysie-faciale\/#breadcrumb"},"inLanguage":"fr-FR","potentialAction":[{"@type":"ReadAction","target":["https:\/\/www.tunisie-chirurgie-esthetique.com\/blog\/la-chirurgie-esthetique-peut-elle-aider-au-traitement-de-la-paralysie-faciale\/"]}]},{"@type":"ImageObject","inLanguage":"fr-FR","@id":"https:\/\/www.tunisie-chirurgie-esthetique.com\/blog\/la-chirurgie-esthetique-peut-elle-aider-au-traitement-de-la-paralysie-faciale\/#primaryimage","url":"https:\/\/www.tunisie-chirurgie-esthetique.com\/blog\/wp-content\/uploads\/2019\/08\/chirurgie-esthetique-paralisie-facciale.jpg","contentUrl":"https:\/\/www.tunisie-chirurgie-esthetique.com\/blog\/wp-content\/uploads\/2019\/08\/chirurgie-esthetique-paralisie-facciale.jpg","width":765,"height":477},{"@type":"BreadcrumbList","@id":"https:\/\/www.tunisie-chirurgie-esthetique.com\/blog\/la-chirurgie-esthetique-peut-elle-aider-au-traitement-de-la-paralysie-faciale\/#breadcrumb","itemListElement":[{"@type":"ListItem","position":1,"name":"Accueil","item":"https:\/\/www.tunisie-chirurgie-esthetique.com\/blog\/"},{"@type":"ListItem","position":2,"name":"Guide &amp; Actualit\u00e9 chirurgie plastique","item":"https:\/\/www.tunisie-chirurgie-esthetique.com\/blog\/actualite-chirurgie-plastique\/"},{"@type":"ListItem","position":3,"name":"La chirurgie esth\u00e9tique peut-elle aider au traitement de la paralysie faciale ?"}]},{"@type":"WebSite","@id":"https:\/\/www.tunisie-chirurgie-esthetique.com\/blog\/#website","url":"https:\/\/www.tunisie-chirurgie-esthetique.com\/blog\/","name":"Actualit\u00e9s en chirurgie et m\u00e9decine esth\u00e9tique Tunisie","description":"Chirurgie en Tunisie","publisher":{"@id":"https:\/\/www.tunisie-chirurgie-esthetique.com\/blog\/#organization"},"alternateName":"Forfaits chirurgie esth\u00e9tique Tunisie prix tout compris","potentialAction":[{"@type":"SearchAction","target":{"@type":"EntryPoint","urlTemplate":"https:\/\/www.tunisie-chirurgie-esthetique.com\/blog\/?s={search_term_string}"},"query-input":{"@type":"PropertyValueSpecification","valueRequired":true,"valueName":"search_term_string"}}],"inLanguage":"fr-FR"},{"@type":"Organization","@id":"https:\/\/www.tunisie-chirurgie-esthetique.com\/blog\/#organization","name":"TCE TUNISIE","alternateName":"Chirurgie esth\u00e9tique en Tunisie","url":"https:\/\/www.tunisie-chirurgie-esthetique.com\/blog\/","logo":{"@type":"ImageObject","inLanguage":"fr-FR","@id":"https:\/\/www.tunisie-chirurgie-esthetique.com\/blog\/#\/schema\/logo\/image\/","url":"https:\/\/www.tunisie-chirurgie-esthetique.com\/blog\/wp-content\/uploads\/2022\/08\/fav-tce.png","contentUrl":"https:\/\/www.tunisie-chirurgie-esthetique.com\/blog\/wp-content\/uploads\/2022\/08\/fav-tce.png","width":512,"height":512,"caption":"TCE TUNISIE"},"image":{"@id":"https:\/\/www.tunisie-chirurgie-esthetique.com\/blog\/#\/schema\/logo\/image\/"},"sameAs":["https:\/\/www.facebook.com\/TCETUNISIE\/","https:\/\/x.com\/Tunisie_CE","https:\/\/www.instagram.com\/tunisiece\/","https:\/\/www.linkedin.com\/company\/tunisie-chirurgie-etshetique-tce\/","https:\/\/www.pinterest.fr\/tunisiechirurgi\/","https:\/\/www.youtube.com\/channel\/UCFZHPINDbYAa_yhOk121j7A\/?sub_confirmation=1"]},{"@type":"Person","@id":"https:\/\/www.tunisie-chirurgie-esthetique.com\/blog\/#\/schema\/person\/55f99d583f39ff82c83ea8d20bfb8dac","name":"Dina Legrand","description":"Je m'appelle Dina Legrand, dipl\u00f4m\u00e9e d'un Master en sciences de la sant\u00e9 de l'Universit\u00e9 de Tunis et de Paris. Forte d'une exp\u00e9rience de plus de 15 ans dans le domaine m\u00e9dical, je me suis sp\u00e9cialis\u00e9e dans la r\u00e9daction, la vulgarisation et la gestion de projets scientifiques. Dot\u00e9e d'une grande aisance r\u00e9dactionnelle, j'ai ensuite \u0153uvr\u00e9 en free-lance pour diverses institutions de sant\u00e9. J'ai organis\u00e9 avec succ\u00e8s plusieurs congr\u00e8s m\u00e9dicaux internationaux, requ\u00e9rant rigueur et capacit\u00e9 de gestion de projets complexes. Aimant partager mon savoir, j'anime aujourd'hui le blog Tunisie-chirurgie-esth\u00e9tique.com, v\u00e9ritable r\u00e9f\u00e9rence en mati\u00e8re d'information m\u00e9dicale grand public. Mon objectif est de rendre accessibles des notions parfois ardues, en adoptant un ton p\u00e9dagogique et une plume clarifiant les derni\u00e8res avanc\u00e9es. Forte de ma double comp\u00e9tence m\u00e9dicale et r\u00e9dactionnelle, je me tiens \u00e0 la disposition des professionnels et particuliers pour toute mission d'\u00e9criture, de traduction ou de vulgarisation scientifique.","url":"https:\/\/www.tunisie-chirurgie-esthetique.com\/blog\/author\/nisieshi_tunesth\/"}]}},"_links":{"self":[{"href":"https:\/\/www.tunisie-chirurgie-esthetique.com\/blog\/wp-json\/wp\/v2\/posts\/2474","targetHints":{"allow":["GET"]}}],"collection":[{"href":"https:\/\/www.tunisie-chirurgie-esthetique.com\/blog\/wp-json\/wp\/v2\/posts"}],"about":[{"href":"https:\/\/www.tunisie-chirurgie-esthetique.com\/blog\/wp-json\/wp\/v2\/types\/post"}],"author":[{"embeddable":true,"href":"https:\/\/www.tunisie-chirurgie-esthetique.com\/blog\/wp-json\/wp\/v2\/users\/1"}],"replies":[{"embeddable":true,"href":"https:\/\/www.tunisie-chirurgie-esthetique.com\/blog\/wp-json\/wp\/v2\/comments?post=2474"}],"version-history":[{"count":6,"href":"https:\/\/www.tunisie-chirurgie-esthetique.com\/blog\/wp-json\/wp\/v2\/posts\/2474\/revisions"}],"predecessor-version":[{"id":5257,"href":"https:\/\/www.tunisie-chirurgie-esthetique.com\/blog\/wp-json\/wp\/v2\/posts\/2474\/revisions\/5257"}],"wp:featuredmedia":[{"embeddable":true,"href":"https:\/\/www.tunisie-chirurgie-esthetique.com\/blog\/wp-json\/wp\/v2\/media\/2479"}],"wp:attachment":[{"href":"https:\/\/www.tunisie-chirurgie-esthetique.com\/blog\/wp-json\/wp\/v2\/media?parent=2474"}],"wp:term":[{"taxonomy":"category","embeddable":true,"href":"https:\/\/www.tunisie-chirurgie-esthetique.com\/blog\/wp-json\/wp\/v2\/categories?post=2474"},{"taxonomy":"post_tag","embeddable":true,"href":"https:\/\/www.tunisie-chirurgie-esthetique.com\/blog\/wp-json\/wp\/v2\/tags?post=2474"}],"curies":[{"name":"wp","href":"https:\/\/api.w.org\/{rel}","templated":true}]}}