{"id":2428,"date":"2019-06-27T14:41:35","date_gmt":"2019-06-27T12:41:35","guid":{"rendered":"https:\/\/www.tunisie-chirurgie-esthetique.com\/blog\/?p=2428"},"modified":"2023-08-02T10:46:48","modified_gmt":"2023-08-02T08:46:48","slug":"congres-international-greffe-de-cheveux-avignon","status":"publish","type":"post","link":"https:\/\/www.tunisie-chirurgie-esthetique.com\/blog\/congres-international-greffe-de-cheveux-avignon\/","title":{"rendered":"Les conclusions du congr\u00e8s international sur la greffe de cheveux &#8211; Avignon"},"content":{"rendered":"<div id=\"ez-toc-container\" class=\"ez-toc-v2_0_82_2 counter-hierarchy ez-toc-counter ez-toc-light-blue ez-toc-container-direction\">\n<div class=\"ez-toc-title-container\">\n<p class=\"ez-toc-title ez-toc-toggle\" style=\"cursor:pointer\">Sommaire<\/p>\n<span class=\"ez-toc-title-toggle\"><a href=\"#\" class=\"ez-toc-pull-right ez-toc-btn ez-toc-btn-xs ez-toc-btn-default ez-toc-toggle\" aria-label=\"Toggle Table of Content\"><span class=\"ez-toc-js-icon-con\"><span class=\"\"><span class=\"eztoc-hide\" style=\"display:none;\">Toggle<\/span><span class=\"ez-toc-icon-toggle-span\"><svg style=\"fill: #999;color:#999\" xmlns=\"http:\/\/www.w3.org\/2000\/svg\" class=\"list-377408\" width=\"20px\" height=\"20px\" viewBox=\"0 0 24 24\" fill=\"none\"><path d=\"M6 6H4v2h2V6zm14 0H8v2h12V6zM4 11h2v2H4v-2zm16 0H8v2h12v-2zM4 16h2v2H4v-2zm16 0H8v2h12v-2z\" fill=\"currentColor\"><\/path><\/svg><svg style=\"fill: #999;color:#999\" class=\"arrow-unsorted-368013\" xmlns=\"http:\/\/www.w3.org\/2000\/svg\" width=\"10px\" height=\"10px\" viewBox=\"0 0 24 24\" version=\"1.2\" baseProfile=\"tiny\"><path d=\"M18.2 9.3l-6.2-6.3-6.2 6.3c-.2.2-.3.4-.3.7s.1.5.3.7c.2.2.4.3.7.3h11c.3 0 .5-.1.7-.3.2-.2.3-.5.3-.7s-.1-.5-.3-.7zM5.8 14.7l6.2 6.3 6.2-6.3c.2-.2.3-.5.3-.7s-.1-.5-.3-.7c-.2-.2-.4-.3-.7-.3h-11c-.3 0-.5.1-.7.3-.2.2-.3.5-.3.7s.1.5.3.7z\"\/><\/svg><\/span><\/span><\/span><\/a><\/span><\/div>\n<nav><ul class='ez-toc-list ez-toc-list-level-1 eztoc-toggle-hide-by-default' ><li class='ez-toc-page-1 ez-toc-heading-level-2'><a class=\"ez-toc-link ez-toc-heading-1\" href=\"https:\/\/www.tunisie-chirurgie-esthetique.com\/blog\/congres-international-greffe-de-cheveux-avignon\/#Innover_dans_la_greffe_de_cheveux_Fue\" >Innover dans la greffe de cheveux Fue<\/a><\/li><li class='ez-toc-page-1 ez-toc-heading-level-2'><a class=\"ez-toc-link ez-toc-heading-2\" href=\"https:\/\/www.tunisie-chirurgie-esthetique.com\/blog\/congres-international-greffe-de-cheveux-avignon\/#Assurer_la_formation_des_jeunes_medecins\" >Assurer la formation des jeunes m\u00e9decins<\/a><\/li><li class='ez-toc-page-1 ez-toc-heading-level-2'><a class=\"ez-toc-link ez-toc-heading-3\" href=\"https:\/\/www.tunisie-chirurgie-esthetique.com\/blog\/congres-international-greffe-de-cheveux-avignon\/#Cest_quoi_la_greffe_de_cheveux_FUE\" >C\u2019est quoi la greffe de cheveux FUE\u00a0?<\/a><\/li><\/ul><\/nav><\/div>\n<p>C\u2019est le samedi 22 juin 2019 que s\u2019est tenu \u00e0 Avignon le 4<sup>\u00e8me<\/sup> congr\u00e8s du World Fue Institute. Un congr\u00e8s qui a r\u00e9uni les chirurgiens venus de 4 coins du globe. Le congr\u00e8s a eu lieu \u00e0 la clinique NHT \u00e0 Pierre S\u00e9mard.<\/p>\n<p>Entre ateliers, conf\u00e9rences, d\u00e9bats, tables rondes, les sp\u00e9cialistes de la <a href=\"https:\/\/www.tunisie-chirurgie-esthetique.com\/greffe-cheveux-dhi-tunisie\"><strong>greffe de cheveux<\/strong><\/a> ont surtout tenu a d\u00e9montr\u00e9 leur savoir-faire en la mati\u00e8re, en r\u00e9alisant en direct des <strong>implantations de cheveux<\/strong>.<\/p>\n<h2><span class=\"ez-toc-section\" id=\"Innover_dans_la_greffe_de_cheveux_Fue\"><\/span><strong>Innover dans la greffe de cheveux Fue <\/strong><span class=\"ez-toc-section-end\"><\/span><\/h2>\n<p>Fond\u00e9 \u00e0 Bruxelles en 2016, le World FUE Institute regroupe principalement des professionnels de l\u2019<a href=\"https:\/\/www.tunisie-chirurgie-esthetique.com\/greffe-capillaire\"><strong>implantation capillaire<\/strong><\/a>, et plus particuli\u00e8rement ceux qui sont sp\u00e9cialis\u00e9s dans la <strong>technique FUE<\/strong>. L\u2019objectif de cette organisation est, outre l\u2019\u00e9ducation, la recherche de nouvelles id\u00e9es pouvant permettre d\u2019am\u00e9liorer cette <strong>technique de greffe de cheveux<\/strong>.<\/p>\n<h2><span class=\"ez-toc-section\" id=\"Assurer_la_formation_des_jeunes_medecins\"><\/span><strong>Assurer la formation des jeunes m\u00e9decins <\/strong><span class=\"ez-toc-section-end\"><\/span><\/h2>\n<p>Ainsi,\u00a0 au travers de ces congr\u00e8s dont le 1<sup>er<\/sup> s\u2019est tenu aux \u00eeles Canaris en 2016, les sp\u00e9cialistes de la greffe de cheveux venus du monde entier discutent non seulement des innovations, mais partagent aussi leurs exp\u00e9riences sur les avantages et les inconv\u00e9nients de certaines techniques. Ils en profitent aussi pour transmettre leurs exp\u00e9riences, gr\u00e2ce \u00e0 des ateliers de formation, aux plus jeunes d\u2019entre eux sur l\u2019utilisation de certains instruments de pointe.<\/p>\n<h2><span class=\"ez-toc-section\" id=\"Cest_quoi_la_greffe_de_cheveux_FUE\"><\/span><strong>C\u2019est quoi la greffe de cheveux FUE\u00a0? <\/strong><span class=\"ez-toc-section-end\"><\/span><\/h2>\n<p>Il faut savoir que la greffe de cheveux compte plusieurs techniques parmi lesquelles, la <strong>FUT<\/strong> ou la <strong>greffe de cheveux DHI<\/strong>.<\/p>\n<p>La greffe de cheveux Fue se distingue des autres par le fait qu\u2019elle est principalement consid\u00e9r\u00e9e comme une greffe de cheveux sans cicatrices.<\/p>\n<p>Il faut retenir que la <strong>diff\u00e9rence entre la FUE et la FUT<\/strong> r\u00e9side principalement au niveau de l\u2019extraction folliculaire ou du pr\u00e9l\u00e8vement des greffons. Dans la FUE, les greffons sont pr\u00e9lev\u00e9s un par un. D\u2019o\u00f9 son nom,\u00a0 <a href=\"https:\/\/www.tunisie-chirurgie-esthetique.com\/blog\/greffe-capillaire-fue-traditionnelle\/\">FUE qui signifie <em>Follicular Unit Extraction<\/em><\/a>.<\/p>\n<p>Or, pour ce qui est du FUT (<em>Follicular Unit Transplantation<\/em>), les greffons s\u2019obtiennent en pr\u00e9levant une bandelette de cheveux, ce qui est \u00e0 l\u2019origine d\u2019une cicatrice sur la zone donneuse.\u00a0 Toutefois, le <strong>proc\u00e9d\u00e9 d\u2019implantation capillaire<\/strong> est le m\u00eame dans l\u2019un ou l\u2019autre cas.<\/p>\n","protected":false},"excerpt":{"rendered":"<p>C\u2019est le samedi 22 juin 2019 que s\u2019est tenu \u00e0 Avignon le 4\u00e8me congr\u00e8s du World Fue Institute. Un congr\u00e8s qui a r\u00e9uni les chirurgiens venus de 4 coins du globe. Le congr\u00e8s a eu lieu \u00e0 la clinique NHT \u00e0 Pierre S\u00e9mard. Entre ateliers, conf\u00e9rences, d\u00e9bats, tables rondes, les sp\u00e9cialistes de la greffe de [&hellip;]<\/p>\n","protected":false},"author":1,"featured_media":2432,"comment_status":"closed","ping_status":"closed","sticky":false,"template":"","format":"standard","meta":{"rop_custom_images_group":[],"rop_custom_messages_group":[],"rop_publish_now":"initial","rop_publish_now_accounts":{"facebook_2803965346576775_1735562453331861":"","twitter_4255985368_4255985368":""},"rop_publish_now_history":[],"rop_publish_now_status":"pending","footnotes":""},"categories":[1],"tags":[],"class_list":["post-2428","post","type-post","status-publish","format-standard","has-post-thumbnail","hentry","category-actualite-chirurgie-plastique"],"yoast_head":"<!-- This site is optimized with the Yoast SEO plugin v27.4 - https:\/\/yoast.com\/product\/yoast-seo-wordpress\/ -->\n<title>Le congr\u00e8s international sur la greffe de cheveux s\u2019est tenu \u00e0 Avignon<\/title>\n<meta name=\"description\" content=\"Entre ateliers, conf\u00e9rences, d\u00e9bats, tables rondes, les sp\u00e9cialistes de la greffe de cheveux ont surtout tenu a d\u00e9montr\u00e9 leur savoir-faire en la mati\u00e8re, en r\u00e9alisant en direct des implantations de cheveux.\" \/>\n<meta name=\"robots\" content=\"index, follow, max-snippet:-1, max-image-preview:large, max-video-preview:-1\" \/>\n<link rel=\"canonical\" href=\"https:\/\/www.tunisie-chirurgie-esthetique.com\/blog\/congres-international-greffe-de-cheveux-avignon\/\" \/>\n<meta property=\"og:locale\" content=\"fr_FR\" \/>\n<meta property=\"og:type\" content=\"article\" \/>\n<meta property=\"og:title\" content=\"Le congr\u00e8s international sur la greffe de cheveux s\u2019est tenu \u00e0 Avignon\" \/>\n<meta property=\"og:description\" content=\"Entre ateliers, conf\u00e9rences, d\u00e9bats, tables rondes, les sp\u00e9cialistes de la greffe de cheveux ont surtout tenu a d\u00e9montr\u00e9 leur savoir-faire en la mati\u00e8re, en r\u00e9alisant en direct des implantations de cheveux.\" \/>\n<meta property=\"og:url\" content=\"https:\/\/www.tunisie-chirurgie-esthetique.com\/blog\/congres-international-greffe-de-cheveux-avignon\/\" \/>\n<meta property=\"og:site_name\" content=\"Actualit\u00e9s Chirurgie Esth\u00e9tique Tunisie\" \/>\n<meta property=\"article:publisher\" content=\"https:\/\/www.facebook.com\/TCETUNISIE\/\" \/>\n<meta property=\"article:published_time\" content=\"2019-06-27T12:41:35+00:00\" \/>\n<meta property=\"article:modified_time\" content=\"2023-08-02T08:46:48+00:00\" \/>\n<meta property=\"og:image\" content=\"https:\/\/www.tunisie-chirurgie-esthetique.com\/blog\/wp-content\/uploads\/2019\/06\/greffe-de-cheveux.jpg\" \/>\n\t<meta property=\"og:image:width\" content=\"1024\" \/>\n\t<meta property=\"og:image:height\" content=\"576\" \/>\n\t<meta property=\"og:image:type\" content=\"image\/jpeg\" \/>\n<meta name=\"author\" content=\"Dina Legrand\" \/>\n<meta name=\"twitter:card\" content=\"summary_large_image\" \/>\n<meta name=\"twitter:creator\" content=\"@Tunisie_CE\" \/>\n<meta name=\"twitter:site\" content=\"@Tunisie_CE\" \/>\n<meta name=\"twitter:label1\" content=\"\u00c9crit par\" \/>\n\t<meta name=\"twitter:data1\" content=\"Dina Legrand\" \/>\n\t<meta name=\"twitter:label2\" content=\"Dur\u00e9e de lecture estim\u00e9e\" \/>\n\t<meta name=\"twitter:data2\" content=\"2 minutes\" \/>\n<!-- \/ Yoast SEO plugin. -->","yoast_head_json":{"title":"Le congr\u00e8s international sur la greffe de cheveux s\u2019est tenu \u00e0 Avignon","description":"Entre ateliers, conf\u00e9rences, d\u00e9bats, tables rondes, les sp\u00e9cialistes de la greffe de cheveux ont surtout tenu a d\u00e9montr\u00e9 leur savoir-faire en la mati\u00e8re, en r\u00e9alisant en direct des implantations de cheveux.","robots":{"index":"index","follow":"follow","max-snippet":"max-snippet:-1","max-image-preview":"max-image-preview:large","max-video-preview":"max-video-preview:-1"},"canonical":"https:\/\/www.tunisie-chirurgie-esthetique.com\/blog\/congres-international-greffe-de-cheveux-avignon\/","og_locale":"fr_FR","og_type":"article","og_title":"Le congr\u00e8s international sur la greffe de cheveux s\u2019est tenu \u00e0 Avignon","og_description":"Entre ateliers, conf\u00e9rences, d\u00e9bats, tables rondes, les sp\u00e9cialistes de la greffe de cheveux ont surtout tenu a d\u00e9montr\u00e9 leur savoir-faire en la mati\u00e8re, en r\u00e9alisant en direct des implantations de cheveux.","og_url":"https:\/\/www.tunisie-chirurgie-esthetique.com\/blog\/congres-international-greffe-de-cheveux-avignon\/","og_site_name":"Actualit\u00e9s Chirurgie Esth\u00e9tique Tunisie","article_publisher":"https:\/\/www.facebook.com\/TCETUNISIE\/","article_published_time":"2019-06-27T12:41:35+00:00","article_modified_time":"2023-08-02T08:46:48+00:00","og_image":[{"width":1024,"height":576,"url":"https:\/\/www.tunisie-chirurgie-esthetique.com\/blog\/wp-content\/uploads\/2019\/06\/greffe-de-cheveux.jpg","type":"image\/jpeg"}],"author":"Dina Legrand","twitter_card":"summary_large_image","twitter_creator":"@Tunisie_CE","twitter_site":"@Tunisie_CE","twitter_misc":{"\u00c9crit par":"Dina Legrand","Dur\u00e9e de lecture estim\u00e9e":"2 minutes"},"schema":{"@context":"https:\/\/schema.org","@graph":[{"@type":["Article","BlogPosting"],"@id":"https:\/\/www.tunisie-chirurgie-esthetique.com\/blog\/congres-international-greffe-de-cheveux-avignon\/#article","isPartOf":{"@id":"https:\/\/www.tunisie-chirurgie-esthetique.com\/blog\/congres-international-greffe-de-cheveux-avignon\/"},"author":{"name":"Dina Legrand","@id":"https:\/\/www.tunisie-chirurgie-esthetique.com\/blog\/#\/schema\/person\/55f99d583f39ff82c83ea8d20bfb8dac"},"headline":"Les conclusions du congr\u00e8s international sur la greffe de cheveux &#8211; Avignon","datePublished":"2019-06-27T12:41:35+00:00","dateModified":"2023-08-02T08:46:48+00:00","mainEntityOfPage":{"@id":"https:\/\/www.tunisie-chirurgie-esthetique.com\/blog\/congres-international-greffe-de-cheveux-avignon\/"},"wordCount":399,"publisher":{"@id":"https:\/\/www.tunisie-chirurgie-esthetique.com\/blog\/#organization"},"image":{"@id":"https:\/\/www.tunisie-chirurgie-esthetique.com\/blog\/congres-international-greffe-de-cheveux-avignon\/#primaryimage"},"thumbnailUrl":"https:\/\/www.tunisie-chirurgie-esthetique.com\/blog\/wp-content\/uploads\/2019\/06\/greffe-de-cheveux.jpg","articleSection":["Guide &amp; Actualit\u00e9 chirurgie plastique"],"inLanguage":"fr-FR"},{"@type":"WebPage","@id":"https:\/\/www.tunisie-chirurgie-esthetique.com\/blog\/congres-international-greffe-de-cheveux-avignon\/","url":"https:\/\/www.tunisie-chirurgie-esthetique.com\/blog\/congres-international-greffe-de-cheveux-avignon\/","name":"Le congr\u00e8s international sur la greffe de cheveux s\u2019est tenu \u00e0 Avignon","isPartOf":{"@id":"https:\/\/www.tunisie-chirurgie-esthetique.com\/blog\/#website"},"primaryImageOfPage":{"@id":"https:\/\/www.tunisie-chirurgie-esthetique.com\/blog\/congres-international-greffe-de-cheveux-avignon\/#primaryimage"},"image":{"@id":"https:\/\/www.tunisie-chirurgie-esthetique.com\/blog\/congres-international-greffe-de-cheveux-avignon\/#primaryimage"},"thumbnailUrl":"https:\/\/www.tunisie-chirurgie-esthetique.com\/blog\/wp-content\/uploads\/2019\/06\/greffe-de-cheveux.jpg","datePublished":"2019-06-27T12:41:35+00:00","dateModified":"2023-08-02T08:46:48+00:00","description":"Entre ateliers, conf\u00e9rences, d\u00e9bats, tables rondes, les sp\u00e9cialistes de la greffe de cheveux ont surtout tenu a d\u00e9montr\u00e9 leur savoir-faire en la mati\u00e8re, en r\u00e9alisant en direct des implantations de cheveux.","breadcrumb":{"@id":"https:\/\/www.tunisie-chirurgie-esthetique.com\/blog\/congres-international-greffe-de-cheveux-avignon\/#breadcrumb"},"inLanguage":"fr-FR","potentialAction":[{"@type":"ReadAction","target":["https:\/\/www.tunisie-chirurgie-esthetique.com\/blog\/congres-international-greffe-de-cheveux-avignon\/"]}]},{"@type":"ImageObject","inLanguage":"fr-FR","@id":"https:\/\/www.tunisie-chirurgie-esthetique.com\/blog\/congres-international-greffe-de-cheveux-avignon\/#primaryimage","url":"https:\/\/www.tunisie-chirurgie-esthetique.com\/blog\/wp-content\/uploads\/2019\/06\/greffe-de-cheveux.jpg","contentUrl":"https:\/\/www.tunisie-chirurgie-esthetique.com\/blog\/wp-content\/uploads\/2019\/06\/greffe-de-cheveux.jpg","width":1024,"height":576},{"@type":"BreadcrumbList","@id":"https:\/\/www.tunisie-chirurgie-esthetique.com\/blog\/congres-international-greffe-de-cheveux-avignon\/#breadcrumb","itemListElement":[{"@type":"ListItem","position":1,"name":"Accueil","item":"https:\/\/www.tunisie-chirurgie-esthetique.com\/blog\/"},{"@type":"ListItem","position":2,"name":"Guide &amp; Actualit\u00e9 chirurgie plastique","item":"https:\/\/www.tunisie-chirurgie-esthetique.com\/blog\/actualite-chirurgie-plastique\/"},{"@type":"ListItem","position":3,"name":"Les conclusions du congr\u00e8s international sur la greffe de cheveux &#8211; Avignon"}]},{"@type":"WebSite","@id":"https:\/\/www.tunisie-chirurgie-esthetique.com\/blog\/#website","url":"https:\/\/www.tunisie-chirurgie-esthetique.com\/blog\/","name":"Actualit\u00e9s en chirurgie et m\u00e9decine esth\u00e9tique Tunisie","description":"Chirurgie en Tunisie","publisher":{"@id":"https:\/\/www.tunisie-chirurgie-esthetique.com\/blog\/#organization"},"alternateName":"Forfaits chirurgie esth\u00e9tique Tunisie prix tout compris","potentialAction":[{"@type":"SearchAction","target":{"@type":"EntryPoint","urlTemplate":"https:\/\/www.tunisie-chirurgie-esthetique.com\/blog\/?s={search_term_string}"},"query-input":{"@type":"PropertyValueSpecification","valueRequired":true,"valueName":"search_term_string"}}],"inLanguage":"fr-FR"},{"@type":"Organization","@id":"https:\/\/www.tunisie-chirurgie-esthetique.com\/blog\/#organization","name":"TCE TUNISIE","alternateName":"Chirurgie esth\u00e9tique en Tunisie","url":"https:\/\/www.tunisie-chirurgie-esthetique.com\/blog\/","logo":{"@type":"ImageObject","inLanguage":"fr-FR","@id":"https:\/\/www.tunisie-chirurgie-esthetique.com\/blog\/#\/schema\/logo\/image\/","url":"https:\/\/www.tunisie-chirurgie-esthetique.com\/blog\/wp-content\/uploads\/2022\/08\/fav-tce.png","contentUrl":"https:\/\/www.tunisie-chirurgie-esthetique.com\/blog\/wp-content\/uploads\/2022\/08\/fav-tce.png","width":512,"height":512,"caption":"TCE TUNISIE"},"image":{"@id":"https:\/\/www.tunisie-chirurgie-esthetique.com\/blog\/#\/schema\/logo\/image\/"},"sameAs":["https:\/\/www.facebook.com\/TCETUNISIE\/","https:\/\/x.com\/Tunisie_CE","https:\/\/www.instagram.com\/tunisiece\/","https:\/\/www.linkedin.com\/company\/tunisie-chirurgie-etshetique-tce\/","https:\/\/www.pinterest.fr\/tunisiechirurgi\/","https:\/\/www.youtube.com\/channel\/UCFZHPINDbYAa_yhOk121j7A\/?sub_confirmation=1"]},{"@type":"Person","@id":"https:\/\/www.tunisie-chirurgie-esthetique.com\/blog\/#\/schema\/person\/55f99d583f39ff82c83ea8d20bfb8dac","name":"Dina Legrand","description":"Je m'appelle Dina Legrand, dipl\u00f4m\u00e9e d'un Master en sciences de la sant\u00e9 de l'Universit\u00e9 de Tunis et de Paris. Forte d'une exp\u00e9rience de plus de 15 ans dans le domaine m\u00e9dical, je me suis sp\u00e9cialis\u00e9e dans la r\u00e9daction, la vulgarisation et la gestion de projets scientifiques. Dot\u00e9e d'une grande aisance r\u00e9dactionnelle, j'ai ensuite \u0153uvr\u00e9 en free-lance pour diverses institutions de sant\u00e9. J'ai organis\u00e9 avec succ\u00e8s plusieurs congr\u00e8s m\u00e9dicaux internationaux, requ\u00e9rant rigueur et capacit\u00e9 de gestion de projets complexes. Aimant partager mon savoir, j'anime aujourd'hui le blog Tunisie-chirurgie-esth\u00e9tique.com, v\u00e9ritable r\u00e9f\u00e9rence en mati\u00e8re d'information m\u00e9dicale grand public. Mon objectif est de rendre accessibles des notions parfois ardues, en adoptant un ton p\u00e9dagogique et une plume clarifiant les derni\u00e8res avanc\u00e9es. Forte de ma double comp\u00e9tence m\u00e9dicale et r\u00e9dactionnelle, je me tiens \u00e0 la disposition des professionnels et particuliers pour toute mission d'\u00e9criture, de traduction ou de vulgarisation scientifique.","url":"https:\/\/www.tunisie-chirurgie-esthetique.com\/blog\/author\/nisieshi_tunesth\/"}]}},"_links":{"self":[{"href":"https:\/\/www.tunisie-chirurgie-esthetique.com\/blog\/wp-json\/wp\/v2\/posts\/2428","targetHints":{"allow":["GET"]}}],"collection":[{"href":"https:\/\/www.tunisie-chirurgie-esthetique.com\/blog\/wp-json\/wp\/v2\/posts"}],"about":[{"href":"https:\/\/www.tunisie-chirurgie-esthetique.com\/blog\/wp-json\/wp\/v2\/types\/post"}],"author":[{"embeddable":true,"href":"https:\/\/www.tunisie-chirurgie-esthetique.com\/blog\/wp-json\/wp\/v2\/users\/1"}],"replies":[{"embeddable":true,"href":"https:\/\/www.tunisie-chirurgie-esthetique.com\/blog\/wp-json\/wp\/v2\/comments?post=2428"}],"version-history":[{"count":7,"href":"https:\/\/www.tunisie-chirurgie-esthetique.com\/blog\/wp-json\/wp\/v2\/posts\/2428\/revisions"}],"predecessor-version":[{"id":5264,"href":"https:\/\/www.tunisie-chirurgie-esthetique.com\/blog\/wp-json\/wp\/v2\/posts\/2428\/revisions\/5264"}],"wp:featuredmedia":[{"embeddable":true,"href":"https:\/\/www.tunisie-chirurgie-esthetique.com\/blog\/wp-json\/wp\/v2\/media\/2432"}],"wp:attachment":[{"href":"https:\/\/www.tunisie-chirurgie-esthetique.com\/blog\/wp-json\/wp\/v2\/media?parent=2428"}],"wp:term":[{"taxonomy":"category","embeddable":true,"href":"https:\/\/www.tunisie-chirurgie-esthetique.com\/blog\/wp-json\/wp\/v2\/categories?post=2428"},{"taxonomy":"post_tag","embeddable":true,"href":"https:\/\/www.tunisie-chirurgie-esthetique.com\/blog\/wp-json\/wp\/v2\/tags?post=2428"}],"curies":[{"name":"wp","href":"https:\/\/api.w.org\/{rel}","templated":true}]}}