{"id":2386,"date":"2019-06-14T11:51:49","date_gmt":"2019-06-14T09:51:49","guid":{"rendered":"https:\/\/www.tunisie-chirurgie-esthetique.com\/blog\/?p=2386"},"modified":"2023-09-14T16:00:34","modified_gmt":"2023-09-14T14:00:34","slug":"mimie-mathy-sest-laissee-tenter-par-la-chirurgie-esthetique","status":"publish","type":"post","link":"https:\/\/www.tunisie-chirurgie-esthetique.com\/blog\/mimie-mathy-sest-laissee-tenter-par-la-chirurgie-esthetique\/","title":{"rendered":"Mimie Mathy s\u2019est laiss\u00e9e tenter par la chirurgie esth\u00e9tique"},"content":{"rendered":"<div id=\"ez-toc-container\" class=\"ez-toc-v2_0_82_2 counter-hierarchy ez-toc-counter ez-toc-light-blue ez-toc-container-direction\">\n<div class=\"ez-toc-title-container\">\n<p class=\"ez-toc-title ez-toc-toggle\" style=\"cursor:pointer\">Sommaire<\/p>\n<span class=\"ez-toc-title-toggle\"><a href=\"#\" class=\"ez-toc-pull-right ez-toc-btn ez-toc-btn-xs ez-toc-btn-default ez-toc-toggle\" aria-label=\"Toggle Table of Content\"><span class=\"ez-toc-js-icon-con\"><span class=\"\"><span class=\"eztoc-hide\" style=\"display:none;\">Toggle<\/span><span class=\"ez-toc-icon-toggle-span\"><svg style=\"fill: #999;color:#999\" xmlns=\"http:\/\/www.w3.org\/2000\/svg\" class=\"list-377408\" width=\"20px\" height=\"20px\" viewBox=\"0 0 24 24\" fill=\"none\"><path d=\"M6 6H4v2h2V6zm14 0H8v2h12V6zM4 11h2v2H4v-2zm16 0H8v2h12v-2zM4 16h2v2H4v-2zm16 0H8v2h12v-2z\" fill=\"currentColor\"><\/path><\/svg><svg style=\"fill: #999;color:#999\" class=\"arrow-unsorted-368013\" xmlns=\"http:\/\/www.w3.org\/2000\/svg\" width=\"10px\" height=\"10px\" viewBox=\"0 0 24 24\" version=\"1.2\" baseProfile=\"tiny\"><path d=\"M18.2 9.3l-6.2-6.3-6.2 6.3c-.2.2-.3.4-.3.7s.1.5.3.7c.2.2.4.3.7.3h11c.3 0 .5-.1.7-.3.2-.2.3-.5.3-.7s-.1-.5-.3-.7zM5.8 14.7l6.2 6.3 6.2-6.3c.2-.2.3-.5.3-.7s-.1-.5-.3-.7c-.2-.2-.4-.3-.7-.3h-11c-.3 0-.5.1-.7.3-.2.2-.3.5-.3.7s.1.5.3.7z\"\/><\/svg><\/span><\/span><\/span><\/a><\/span><\/div>\n<nav><ul class='ez-toc-list ez-toc-list-level-1 eztoc-toggle-hide-by-default' ><li class='ez-toc-page-1 ez-toc-heading-level-2'><a class=\"ez-toc-link ez-toc-heading-1\" href=\"https:\/\/www.tunisie-chirurgie-esthetique.com\/blog\/mimie-mathy-sest-laissee-tenter-par-la-chirurgie-esthetique\/#La_chirurgie_esthetique_de_Mimie\" >La chirurgie esth\u00e9tique de Mimie<\/a><\/li><li class='ez-toc-page-1 ez-toc-heading-level-2'><a class=\"ez-toc-link ez-toc-heading-2\" href=\"https:\/\/www.tunisie-chirurgie-esthetique.com\/blog\/mimie-mathy-sest-laissee-tenter-par-la-chirurgie-esthetique\/#Une_Mimie_remodelee_de_retour_a_la_tele\" >Une Mimie remodel\u00e9e de retour \u00e0 la t\u00e9l\u00e9<\/a><\/li><\/ul><\/nav><\/div>\n<p>Elle mesure 1.32 m. Ce qui en soi aurait pu \u00eatre un \u00e9norme complexe pour certains. Mais Mimie Mathy a su capitaliser sa petite taille, en faire un tremplin pour se hisser au sommet de l\u2019art th\u00e9\u00e2tral et cin\u00e9matographique.<\/p>\n<p>Si elle n\u2019a pas d\u2019enfant, Mimie est <em>Une nounou pas comme les autres<\/em> qui aura r\u00e9uni pr\u00e8s de 12,8 millions de t\u00e9l\u00e9spectateurs\u00a0 devant leurs \u00e9crans sur France 2. La femme de Benoist G\u00e9rard est une <em>Nana pas comme les autres<\/em>, Chevalier de l\u2019Ordre national du m\u00e9rite en 2013, L\u00e9gion d\u2019Honneur en 2015, elle a cependant un complexe qui l\u2019a pouss\u00e9e vers la <strong>chirurgie esth\u00e9tique<\/strong>.\u00a0 D\u00e9couvrons lequel.<\/p>\n<h2><span class=\"ez-toc-section\" id=\"La_chirurgie_esthetique_de_Mimie\"><\/span><strong>La chirurgie esth\u00e9tique de Mimie <\/strong><span class=\"ez-toc-section-end\"><\/span><\/h2>\n<p>La <a href=\"https:\/\/www.tunisie-chirurgie-esthetique.com\/\">chirurgie esth\u00e9tique<\/a> ne peut sans doute pas la gu\u00e9rir de l\u2019achondroplasie \u00e0 l\u2019origine de sa petite taille. Mais elle qui aujourd\u2019hui ne se sent pas moins femme, moins humain que les autres, vit aussi douloureusement le fait d\u2019avoir d\u2019\u00e9normes seins. C\u2019est d\u2019ailleurs cette hypertrophie mammaire dont elle estime souffrir, qui l\u2019aura conduit vers une chirurgie mammaire et plus pr\u00e9cis\u00e9ment vers la r\u00e9duction mammaire dont elle a confi\u00e9 y avoir eu recours.<\/p>\n<p>T\u00e9moignant de ce qu\u2019elle est consciente qu\u2019il existe d\u2019autres imperfections \u00e0 corriger chez elle par la chirurgie esth\u00e9tique dont elle comprend \u00ab\u00a0<em>qu\u2019on le fasse pour se sentir mieux\u00a0<\/em>\u00bb, elle estime cependant qu\u2019il faut y aller \u00e0 petite dose. Mimie Mathy serait-elle pr\u00eate \u00e0 devenir accro \u00e0 la <strong>chirurgie esth\u00e9tique<\/strong>\u00a0? Sans ambages, elle r\u00e9pond par la n\u00e9gative. \u00ab\u00a0<em>J\u2019aurais pu tout refaire mais il aurait fallu s\u2019attaquer aux fondations chez moi. C\u2019est un gros chantier, j\u2019y ai renonc\u00e9<\/em>\u00a0\u00bb.<\/p>\n<p>\u00c2g\u00e9e de 61 ans et donc portant sur son visage des traits naturels de vieillissement, elle n\u2019est sans doute pas pr\u00eate \u00e0 un <a href=\"https:\/\/www.tunisie-chirurgie-esthetique.com\/lifting\">lifting du visage<\/a>. Devrait-on s\u2019attendre \u00e0 l\u2019<a href=\"https:\/\/www.tunisie-chirurgie-esthetique.com\/produit-de-comblement\">injection d\u2019un produit de comblement<\/a>, acide hyaluronique ou Botox\u00a0? Rien n\u2019est pour le moment moins s\u00fbr.<\/p>\n<h2><span class=\"ez-toc-section\" id=\"Une_Mimie_remodelee_de_retour_a_la_tele\"><\/span><strong>Une Mimie remodel\u00e9e de retour \u00e0 la t\u00e9l\u00e9 <\/strong><span class=\"ez-toc-section-end\"><\/span><\/h2>\n<p>Fugues \u00e0 Fugain, Amimicalement, Marie et Tom, Jos\u00e9phine Ange gardien, Trois filles en cavale\u2026, Le Prix de la\u00a0 v\u00e9rit\u00e9 sont certaines de ses apparitions \u00e0 la t\u00e9l\u00e9vision o\u00f9 elle signera son grand retour avec Le Prix de la loyaut\u00e9 dont elle reprendra le costume de l\u2019officier de police Marie Jourdain.<\/p>\n<p>Elle aura pour responsabilit\u00e9 cette fois-ci d\u2019innocenter son coll\u00e8gue Paul Danceny que l\u2019on accuse d\u2019avoir tu\u00e9 sa ma\u00eetresse. C\u2019est donc une Mimie refaite, remodel\u00e9e qu\u2019on aura l\u2019occasion de voir dans cette nouvelle parution cin\u00e9matographique.<\/p>\n<p>&nbsp;<\/p>\n","protected":false},"excerpt":{"rendered":"<p>Elle mesure 1.32 m. Ce qui en soi aurait pu \u00eatre un \u00e9norme complexe pour certains. Mais Mimie Mathy a su capitaliser sa petite taille, en faire un tremplin pour se hisser au sommet de l\u2019art th\u00e9\u00e2tral et cin\u00e9matographique. Si elle n\u2019a pas d\u2019enfant, Mimie est Une nounou pas comme les autres qui aura r\u00e9uni [&hellip;]<\/p>\n","protected":false},"author":1,"featured_media":2388,"comment_status":"closed","ping_status":"closed","sticky":false,"template":"","format":"standard","meta":{"rop_custom_images_group":[],"rop_custom_messages_group":[],"rop_publish_now":"initial","rop_publish_now_accounts":{"facebook_2803965346576775_1735562453331861":"","twitter_4255985368_4255985368":""},"rop_publish_now_history":[],"rop_publish_now_status":"pending","footnotes":""},"categories":[2741,1],"tags":[],"class_list":["post-2386","post","type-post","status-publish","format-standard","has-post-thumbnail","hentry","category-chirurgies-paris-france","category-actualite-chirurgie-plastique"],"yoast_head":"<!-- This site is optimized with the Yoast SEO plugin v27.4 - https:\/\/yoast.com\/product\/yoast-seo-wordpress\/ -->\n<title>Mimie Mathy s\u2019est laiss\u00e9e tenter par la chirurgie esth\u00e9tique<\/title>\n<meta name=\"description\" content=\"Si elle n\u2019a pas d\u2019enfant, Mimie est Une nounou pas comme les autres qui aura r\u00e9uni pr\u00e8s de 12,8 millions de t\u00e9l\u00e9spectateurs\u00a0 devant leurs \u00e9crans sur France 2. La femme de Benoist G\u00e9rard est une Nana pas comme les autres, Chevalier de l\u2019Ordre national du m\u00e9rite en 2013, L\u00e9gion d\u2019Honneur en 2015, elle a cependant un complexe qui l\u2019a pouss\u00e9e vers la chirurgie esth\u00e9tique.\u00a0 D\u00e9couvrons lequel.\" \/>\n<meta name=\"robots\" content=\"index, follow, max-snippet:-1, max-image-preview:large, max-video-preview:-1\" \/>\n<link rel=\"canonical\" href=\"https:\/\/www.tunisie-chirurgie-esthetique.com\/blog\/mimie-mathy-sest-laissee-tenter-par-la-chirurgie-esthetique\/\" \/>\n<meta property=\"og:locale\" content=\"fr_FR\" \/>\n<meta property=\"og:type\" content=\"article\" \/>\n<meta property=\"og:title\" content=\"Mimie Mathy s\u2019est laiss\u00e9e tenter par la chirurgie esth\u00e9tique\" \/>\n<meta property=\"og:description\" content=\"Si elle n\u2019a pas d\u2019enfant, Mimie est Une nounou pas comme les autres qui aura r\u00e9uni pr\u00e8s de 12,8 millions de t\u00e9l\u00e9spectateurs\u00a0 devant leurs \u00e9crans sur France 2. La femme de Benoist G\u00e9rard est une Nana pas comme les autres, Chevalier de l\u2019Ordre national du m\u00e9rite en 2013, L\u00e9gion d\u2019Honneur en 2015, elle a cependant un complexe qui l\u2019a pouss\u00e9e vers la chirurgie esth\u00e9tique.\u00a0 D\u00e9couvrons lequel.\" \/>\n<meta property=\"og:url\" content=\"https:\/\/www.tunisie-chirurgie-esthetique.com\/blog\/mimie-mathy-sest-laissee-tenter-par-la-chirurgie-esthetique\/\" \/>\n<meta property=\"og:site_name\" content=\"Actualit\u00e9s Chirurgie Esth\u00e9tique Tunisie\" \/>\n<meta property=\"article:publisher\" content=\"https:\/\/www.facebook.com\/TCETUNISIE\/\" \/>\n<meta property=\"article:published_time\" content=\"2019-06-14T09:51:49+00:00\" \/>\n<meta property=\"article:modified_time\" content=\"2023-09-14T14:00:34+00:00\" \/>\n<meta property=\"og:image\" content=\"https:\/\/www.tunisie-chirurgie-esthetique.com\/blog\/wp-content\/uploads\/2019\/06\/mimie-mathy.jpg\" \/>\n\t<meta property=\"og:image:width\" content=\"1200\" \/>\n\t<meta property=\"og:image:height\" content=\"630\" \/>\n\t<meta property=\"og:image:type\" content=\"image\/jpeg\" \/>\n<meta name=\"author\" content=\"Dina Legrand\" \/>\n<meta name=\"twitter:card\" content=\"summary_large_image\" \/>\n<meta name=\"twitter:creator\" content=\"@Tunisie_CE\" \/>\n<meta name=\"twitter:site\" content=\"@Tunisie_CE\" \/>\n<meta name=\"twitter:label1\" content=\"\u00c9crit par\" \/>\n\t<meta name=\"twitter:data1\" content=\"Dina Legrand\" \/>\n\t<meta name=\"twitter:label2\" content=\"Dur\u00e9e de lecture estim\u00e9e\" \/>\n\t<meta name=\"twitter:data2\" content=\"2 minutes\" \/>\n<!-- \/ Yoast SEO plugin. -->","yoast_head_json":{"title":"Mimie Mathy s\u2019est laiss\u00e9e tenter par la chirurgie esth\u00e9tique","description":"Si elle n\u2019a pas d\u2019enfant, Mimie est Une nounou pas comme les autres qui aura r\u00e9uni pr\u00e8s de 12,8 millions de t\u00e9l\u00e9spectateurs\u00a0 devant leurs \u00e9crans sur France 2. La femme de Benoist G\u00e9rard est une Nana pas comme les autres, Chevalier de l\u2019Ordre national du m\u00e9rite en 2013, L\u00e9gion d\u2019Honneur en 2015, elle a cependant un complexe qui l\u2019a pouss\u00e9e vers la chirurgie esth\u00e9tique.\u00a0 D\u00e9couvrons lequel.","robots":{"index":"index","follow":"follow","max-snippet":"max-snippet:-1","max-image-preview":"max-image-preview:large","max-video-preview":"max-video-preview:-1"},"canonical":"https:\/\/www.tunisie-chirurgie-esthetique.com\/blog\/mimie-mathy-sest-laissee-tenter-par-la-chirurgie-esthetique\/","og_locale":"fr_FR","og_type":"article","og_title":"Mimie Mathy s\u2019est laiss\u00e9e tenter par la chirurgie esth\u00e9tique","og_description":"Si elle n\u2019a pas d\u2019enfant, Mimie est Une nounou pas comme les autres qui aura r\u00e9uni pr\u00e8s de 12,8 millions de t\u00e9l\u00e9spectateurs\u00a0 devant leurs \u00e9crans sur France 2. La femme de Benoist G\u00e9rard est une Nana pas comme les autres, Chevalier de l\u2019Ordre national du m\u00e9rite en 2013, L\u00e9gion d\u2019Honneur en 2015, elle a cependant un complexe qui l\u2019a pouss\u00e9e vers la chirurgie esth\u00e9tique.\u00a0 D\u00e9couvrons lequel.","og_url":"https:\/\/www.tunisie-chirurgie-esthetique.com\/blog\/mimie-mathy-sest-laissee-tenter-par-la-chirurgie-esthetique\/","og_site_name":"Actualit\u00e9s Chirurgie Esth\u00e9tique Tunisie","article_publisher":"https:\/\/www.facebook.com\/TCETUNISIE\/","article_published_time":"2019-06-14T09:51:49+00:00","article_modified_time":"2023-09-14T14:00:34+00:00","og_image":[{"width":1200,"height":630,"url":"https:\/\/www.tunisie-chirurgie-esthetique.com\/blog\/wp-content\/uploads\/2019\/06\/mimie-mathy.jpg","type":"image\/jpeg"}],"author":"Dina Legrand","twitter_card":"summary_large_image","twitter_creator":"@Tunisie_CE","twitter_site":"@Tunisie_CE","twitter_misc":{"\u00c9crit par":"Dina Legrand","Dur\u00e9e de lecture estim\u00e9e":"2 minutes"},"schema":{"@context":"https:\/\/schema.org","@graph":[{"@type":["Article","BlogPosting"],"@id":"https:\/\/www.tunisie-chirurgie-esthetique.com\/blog\/mimie-mathy-sest-laissee-tenter-par-la-chirurgie-esthetique\/#article","isPartOf":{"@id":"https:\/\/www.tunisie-chirurgie-esthetique.com\/blog\/mimie-mathy-sest-laissee-tenter-par-la-chirurgie-esthetique\/"},"author":{"name":"Dina Legrand","@id":"https:\/\/www.tunisie-chirurgie-esthetique.com\/blog\/#\/schema\/person\/55f99d583f39ff82c83ea8d20bfb8dac"},"headline":"Mimie Mathy s\u2019est laiss\u00e9e tenter par la chirurgie esth\u00e9tique","datePublished":"2019-06-14T09:51:49+00:00","dateModified":"2023-09-14T14:00:34+00:00","mainEntityOfPage":{"@id":"https:\/\/www.tunisie-chirurgie-esthetique.com\/blog\/mimie-mathy-sest-laissee-tenter-par-la-chirurgie-esthetique\/"},"wordCount":464,"publisher":{"@id":"https:\/\/www.tunisie-chirurgie-esthetique.com\/blog\/#organization"},"image":{"@id":"https:\/\/www.tunisie-chirurgie-esthetique.com\/blog\/mimie-mathy-sest-laissee-tenter-par-la-chirurgie-esthetique\/#primaryimage"},"thumbnailUrl":"https:\/\/www.tunisie-chirurgie-esthetique.com\/blog\/wp-content\/uploads\/2019\/06\/mimie-mathy.jpg","articleSection":["Chirurgies Paris","Guide &amp; Actualit\u00e9 chirurgie plastique"],"inLanguage":"fr-FR"},{"@type":"WebPage","@id":"https:\/\/www.tunisie-chirurgie-esthetique.com\/blog\/mimie-mathy-sest-laissee-tenter-par-la-chirurgie-esthetique\/","url":"https:\/\/www.tunisie-chirurgie-esthetique.com\/blog\/mimie-mathy-sest-laissee-tenter-par-la-chirurgie-esthetique\/","name":"Mimie Mathy s\u2019est laiss\u00e9e tenter par la chirurgie esth\u00e9tique","isPartOf":{"@id":"https:\/\/www.tunisie-chirurgie-esthetique.com\/blog\/#website"},"primaryImageOfPage":{"@id":"https:\/\/www.tunisie-chirurgie-esthetique.com\/blog\/mimie-mathy-sest-laissee-tenter-par-la-chirurgie-esthetique\/#primaryimage"},"image":{"@id":"https:\/\/www.tunisie-chirurgie-esthetique.com\/blog\/mimie-mathy-sest-laissee-tenter-par-la-chirurgie-esthetique\/#primaryimage"},"thumbnailUrl":"https:\/\/www.tunisie-chirurgie-esthetique.com\/blog\/wp-content\/uploads\/2019\/06\/mimie-mathy.jpg","datePublished":"2019-06-14T09:51:49+00:00","dateModified":"2023-09-14T14:00:34+00:00","description":"Si elle n\u2019a pas d\u2019enfant, Mimie est Une nounou pas comme les autres qui aura r\u00e9uni pr\u00e8s de 12,8 millions de t\u00e9l\u00e9spectateurs\u00a0 devant leurs \u00e9crans sur France 2. La femme de Benoist G\u00e9rard est une Nana pas comme les autres, Chevalier de l\u2019Ordre national du m\u00e9rite en 2013, L\u00e9gion d\u2019Honneur en 2015, elle a cependant un complexe qui l\u2019a pouss\u00e9e vers la chirurgie esth\u00e9tique.\u00a0 D\u00e9couvrons lequel.","breadcrumb":{"@id":"https:\/\/www.tunisie-chirurgie-esthetique.com\/blog\/mimie-mathy-sest-laissee-tenter-par-la-chirurgie-esthetique\/#breadcrumb"},"inLanguage":"fr-FR","potentialAction":[{"@type":"ReadAction","target":["https:\/\/www.tunisie-chirurgie-esthetique.com\/blog\/mimie-mathy-sest-laissee-tenter-par-la-chirurgie-esthetique\/"]}]},{"@type":"ImageObject","inLanguage":"fr-FR","@id":"https:\/\/www.tunisie-chirurgie-esthetique.com\/blog\/mimie-mathy-sest-laissee-tenter-par-la-chirurgie-esthetique\/#primaryimage","url":"https:\/\/www.tunisie-chirurgie-esthetique.com\/blog\/wp-content\/uploads\/2019\/06\/mimie-mathy.jpg","contentUrl":"https:\/\/www.tunisie-chirurgie-esthetique.com\/blog\/wp-content\/uploads\/2019\/06\/mimie-mathy.jpg","width":1200,"height":630},{"@type":"BreadcrumbList","@id":"https:\/\/www.tunisie-chirurgie-esthetique.com\/blog\/mimie-mathy-sest-laissee-tenter-par-la-chirurgie-esthetique\/#breadcrumb","itemListElement":[{"@type":"ListItem","position":1,"name":"Accueil","item":"https:\/\/www.tunisie-chirurgie-esthetique.com\/blog\/"},{"@type":"ListItem","position":2,"name":"Guide &amp; Actualit\u00e9 chirurgie plastique","item":"https:\/\/www.tunisie-chirurgie-esthetique.com\/blog\/actualite-chirurgie-plastique\/"},{"@type":"ListItem","position":3,"name":"Mimie Mathy s\u2019est laiss\u00e9e tenter par la chirurgie esth\u00e9tique"}]},{"@type":"WebSite","@id":"https:\/\/www.tunisie-chirurgie-esthetique.com\/blog\/#website","url":"https:\/\/www.tunisie-chirurgie-esthetique.com\/blog\/","name":"Actualit\u00e9s en chirurgie et m\u00e9decine esth\u00e9tique Tunisie","description":"Chirurgie en Tunisie","publisher":{"@id":"https:\/\/www.tunisie-chirurgie-esthetique.com\/blog\/#organization"},"alternateName":"Forfaits chirurgie esth\u00e9tique Tunisie prix tout compris","potentialAction":[{"@type":"SearchAction","target":{"@type":"EntryPoint","urlTemplate":"https:\/\/www.tunisie-chirurgie-esthetique.com\/blog\/?s={search_term_string}"},"query-input":{"@type":"PropertyValueSpecification","valueRequired":true,"valueName":"search_term_string"}}],"inLanguage":"fr-FR"},{"@type":"Organization","@id":"https:\/\/www.tunisie-chirurgie-esthetique.com\/blog\/#organization","name":"TCE TUNISIE","alternateName":"Chirurgie esth\u00e9tique en Tunisie","url":"https:\/\/www.tunisie-chirurgie-esthetique.com\/blog\/","logo":{"@type":"ImageObject","inLanguage":"fr-FR","@id":"https:\/\/www.tunisie-chirurgie-esthetique.com\/blog\/#\/schema\/logo\/image\/","url":"https:\/\/www.tunisie-chirurgie-esthetique.com\/blog\/wp-content\/uploads\/2022\/08\/fav-tce.png","contentUrl":"https:\/\/www.tunisie-chirurgie-esthetique.com\/blog\/wp-content\/uploads\/2022\/08\/fav-tce.png","width":512,"height":512,"caption":"TCE TUNISIE"},"image":{"@id":"https:\/\/www.tunisie-chirurgie-esthetique.com\/blog\/#\/schema\/logo\/image\/"},"sameAs":["https:\/\/www.facebook.com\/TCETUNISIE\/","https:\/\/x.com\/Tunisie_CE","https:\/\/www.instagram.com\/tunisiece\/","https:\/\/www.linkedin.com\/company\/tunisie-chirurgie-etshetique-tce\/","https:\/\/www.pinterest.fr\/tunisiechirurgi\/","https:\/\/www.youtube.com\/channel\/UCFZHPINDbYAa_yhOk121j7A\/?sub_confirmation=1"]},{"@type":"Person","@id":"https:\/\/www.tunisie-chirurgie-esthetique.com\/blog\/#\/schema\/person\/55f99d583f39ff82c83ea8d20bfb8dac","name":"Dina Legrand","description":"Je m'appelle Dina Legrand, dipl\u00f4m\u00e9e d'un Master en sciences de la sant\u00e9 de l'Universit\u00e9 de Tunis et de Paris. Forte d'une exp\u00e9rience de plus de 15 ans dans le domaine m\u00e9dical, je me suis sp\u00e9cialis\u00e9e dans la r\u00e9daction, la vulgarisation et la gestion de projets scientifiques. Dot\u00e9e d'une grande aisance r\u00e9dactionnelle, j'ai ensuite \u0153uvr\u00e9 en free-lance pour diverses institutions de sant\u00e9. J'ai organis\u00e9 avec succ\u00e8s plusieurs congr\u00e8s m\u00e9dicaux internationaux, requ\u00e9rant rigueur et capacit\u00e9 de gestion de projets complexes. Aimant partager mon savoir, j'anime aujourd'hui le blog Tunisie-chirurgie-esth\u00e9tique.com, v\u00e9ritable r\u00e9f\u00e9rence en mati\u00e8re d'information m\u00e9dicale grand public. Mon objectif est de rendre accessibles des notions parfois ardues, en adoptant un ton p\u00e9dagogique et une plume clarifiant les derni\u00e8res avanc\u00e9es. Forte de ma double comp\u00e9tence m\u00e9dicale et r\u00e9dactionnelle, je me tiens \u00e0 la disposition des professionnels et particuliers pour toute mission d'\u00e9criture, de traduction ou de vulgarisation scientifique.","url":"https:\/\/www.tunisie-chirurgie-esthetique.com\/blog\/author\/nisieshi_tunesth\/"}]}},"_links":{"self":[{"href":"https:\/\/www.tunisie-chirurgie-esthetique.com\/blog\/wp-json\/wp\/v2\/posts\/2386","targetHints":{"allow":["GET"]}}],"collection":[{"href":"https:\/\/www.tunisie-chirurgie-esthetique.com\/blog\/wp-json\/wp\/v2\/posts"}],"about":[{"href":"https:\/\/www.tunisie-chirurgie-esthetique.com\/blog\/wp-json\/wp\/v2\/types\/post"}],"author":[{"embeddable":true,"href":"https:\/\/www.tunisie-chirurgie-esthetique.com\/blog\/wp-json\/wp\/v2\/users\/1"}],"replies":[{"embeddable":true,"href":"https:\/\/www.tunisie-chirurgie-esthetique.com\/blog\/wp-json\/wp\/v2\/comments?post=2386"}],"version-history":[{"count":3,"href":"https:\/\/www.tunisie-chirurgie-esthetique.com\/blog\/wp-json\/wp\/v2\/posts\/2386\/revisions"}],"predecessor-version":[{"id":6414,"href":"https:\/\/www.tunisie-chirurgie-esthetique.com\/blog\/wp-json\/wp\/v2\/posts\/2386\/revisions\/6414"}],"wp:featuredmedia":[{"embeddable":true,"href":"https:\/\/www.tunisie-chirurgie-esthetique.com\/blog\/wp-json\/wp\/v2\/media\/2388"}],"wp:attachment":[{"href":"https:\/\/www.tunisie-chirurgie-esthetique.com\/blog\/wp-json\/wp\/v2\/media?parent=2386"}],"wp:term":[{"taxonomy":"category","embeddable":true,"href":"https:\/\/www.tunisie-chirurgie-esthetique.com\/blog\/wp-json\/wp\/v2\/categories?post=2386"},{"taxonomy":"post_tag","embeddable":true,"href":"https:\/\/www.tunisie-chirurgie-esthetique.com\/blog\/wp-json\/wp\/v2\/tags?post=2386"}],"curies":[{"name":"wp","href":"https:\/\/api.w.org\/{rel}","templated":true}]}}