{"id":2340,"date":"2019-05-24T11:30:36","date_gmt":"2019-05-24T09:30:36","guid":{"rendered":"https:\/\/www.tunisie-chirurgie-esthetique.com\/blog\/?p=2340"},"modified":"2022-08-30T11:23:42","modified_gmt":"2022-08-30T09:23:42","slug":"pourquoi-realise-t-on-une-otoplastie-a-partir-de-6-ans","status":"publish","type":"post","link":"https:\/\/www.tunisie-chirurgie-esthetique.com\/blog\/pourquoi-realise-t-on-une-otoplastie-a-partir-de-6-ans\/","title":{"rendered":"Pourquoi r\u00e9alise-t-on une otoplastie \u00e0 partir de 6 ans\u00a0?"},"content":{"rendered":"<div id=\"ez-toc-container\" class=\"ez-toc-v2_0_82_2 counter-hierarchy ez-toc-counter ez-toc-light-blue ez-toc-container-direction\">\n<div class=\"ez-toc-title-container\">\n<p class=\"ez-toc-title ez-toc-toggle\" style=\"cursor:pointer\">Sommaire<\/p>\n<span class=\"ez-toc-title-toggle\"><a href=\"#\" class=\"ez-toc-pull-right ez-toc-btn ez-toc-btn-xs ez-toc-btn-default ez-toc-toggle\" aria-label=\"Toggle Table of Content\"><span class=\"ez-toc-js-icon-con\"><span class=\"\"><span class=\"eztoc-hide\" style=\"display:none;\">Toggle<\/span><span class=\"ez-toc-icon-toggle-span\"><svg style=\"fill: #999;color:#999\" xmlns=\"http:\/\/www.w3.org\/2000\/svg\" class=\"list-377408\" width=\"20px\" height=\"20px\" viewBox=\"0 0 24 24\" fill=\"none\"><path d=\"M6 6H4v2h2V6zm14 0H8v2h12V6zM4 11h2v2H4v-2zm16 0H8v2h12v-2zM4 16h2v2H4v-2zm16 0H8v2h12v-2z\" fill=\"currentColor\"><\/path><\/svg><svg style=\"fill: #999;color:#999\" class=\"arrow-unsorted-368013\" xmlns=\"http:\/\/www.w3.org\/2000\/svg\" width=\"10px\" height=\"10px\" viewBox=\"0 0 24 24\" version=\"1.2\" baseProfile=\"tiny\"><path d=\"M18.2 9.3l-6.2-6.3-6.2 6.3c-.2.2-.3.4-.3.7s.1.5.3.7c.2.2.4.3.7.3h11c.3 0 .5-.1.7-.3.2-.2.3-.5.3-.7s-.1-.5-.3-.7zM5.8 14.7l6.2 6.3 6.2-6.3c.2-.2.3-.5.3-.7s-.1-.5-.3-.7c-.2-.2-.4-.3-.7-.3h-11c-.3 0-.5.1-.7.3-.2.2-.3.5-.3.7s.1.5.3.7z\"\/><\/svg><\/span><\/span><\/span><\/a><\/span><\/div>\n<nav><ul class='ez-toc-list ez-toc-list-level-1 eztoc-toggle-hide-by-default' ><li class='ez-toc-page-1 ez-toc-heading-level-2'><a class=\"ez-toc-link ez-toc-heading-1\" href=\"https:\/\/www.tunisie-chirurgie-esthetique.com\/blog\/pourquoi-realise-t-on-une-otoplastie-a-partir-de-6-ans\/#Malformation_des_oreilles_gene_esthetique_ou_fonctionnelle\" >Malformation des oreilles, g\u00eane esth\u00e9tique ou fonctionnelle\u00a0?<\/a><\/li><li class='ez-toc-page-1 ez-toc-heading-level-2'><a class=\"ez-toc-link ez-toc-heading-2\" href=\"https:\/\/www.tunisie-chirurgie-esthetique.com\/blog\/pourquoi-realise-t-on-une-otoplastie-a-partir-de-6-ans\/#Pourquoi_operer_les_oreilles_decollees_a_6-7_ans\" >Pourquoi op\u00e9rer les oreilles d\u00e9coll\u00e9es \u00e0 6-7 ans\u00a0?<\/a><\/li><\/ul><\/nav><\/div>\n<p>Contrairement aux autres interventions de la chirurgie esth\u00e9tique qui n\u00e9cessitent le plus souvent d\u2019\u00eatre r\u00e9alis\u00e9es \u00e0 partir de 15-16 ans, l\u2019otoplastie qui permet de corriger les oreilles d\u00e9coll\u00e9es peut \u00eatre pratiqu\u00e9e d\u00e8s l\u2019\u00e2ge de 6 ans. Si l\u2019on justifie cette <a href=\"https:\/\/www.tunisie-chirurgie-esthetique.com\/otoplastie\">chirurgie des oreilles<\/a> pr\u00e9coce par le fait que les oreilles d\u00e9coll\u00e9es sont sources de complexes, alors pourquoi ne pas envisager une rhinoplastie pour corriger une malformation du nez qui elle aussi entra\u00eenerait des moqueries du genre \u00ab\u00a0Pinocchio\u00a0\u00bb\u00a0?<\/p>\n<h2><span class=\"ez-toc-section\" id=\"Malformation_des_oreilles_gene_esthetique_ou_fonctionnelle\"><\/span><strong>Malformation des oreilles, g\u00eane esth\u00e9tique ou fonctionnelle\u00a0? <\/strong><span class=\"ez-toc-section-end\"><\/span><\/h2>\n<p>Les oreilles d\u00e9coll\u00e9es sont le plus souvent la cons\u00e9quence d\u2019un d\u00e9faut de plicature de l\u2019anth\u00e9lix, d\u2019un valgus de la conque qui se caract\u00e9rise par une importante angulation entre le pavillon et le cr\u00e2ne, d\u2019une hypertrophie de la conque ou d\u2019une protrusion du lobule.<\/p>\n<p>Ces anomalies pr\u00e9sentes d\u00e8s la naissance, on l\u2019a dit, sont le plus souvent sources de complexes pour les enfants qui dans leur rapport aux autres, sentent cette diff\u00e9rence et se le font d\u2019ailleurs rappeler sous forme de moqueries.<\/p>\n<p>Mais, il faut dire qu\u2019en dehors de cet aspect inesth\u00e9tique des oreilles, il n\u2019y a aucune anomalie auditive qui en r\u00e9sulte. L\u2019otoplastie chez l\u2019enfant comme chez l\u2019adulte, a donc une finalit\u00e9 esth\u00e9tique uniquement.<\/p>\n<h2><span class=\"ez-toc-section\" id=\"Pourquoi_operer_les_oreilles_decollees_a_6-7_ans\"><\/span><strong>Pourquoi op\u00e9rer les oreilles d\u00e9coll\u00e9es \u00e0 6-7 ans\u00a0? <\/strong><span class=\"ez-toc-section-end\"><\/span><\/h2>\n<p>Sans aucun doute pour offrir une vie \u00e9panouie \u00e0 son enfant. \u00ab\u00a0L\u2019enfant est le p\u00e8re de l\u2019homme\u00a0\u00bb. Que l\u2019on attribue cette pens\u00e9e \u00e0 Freud ou \u00e0 William Wordsworth, la v\u00e9rit\u00e9 qui en d\u00e9coule c\u2019est que l\u2019enfance est d\u00e9terminante du devenir de l\u2019homme. Si en raison des moqueries que l\u2019enfant devra subir \u00e0 l\u2019\u00e9cole en raison de ses oreilles d\u00e9coll\u00e9es, en r\u00e9sulte un homme frustr\u00e9, le parent se sentira tout aussi responsable de ne l\u2019avoir pas fait op\u00e9rer plus t\u00f4t.<\/p>\n<p>Mais cette d\u00e9cision d\u2019offrir \u00e0 son enfant une correction chirurgicale des oreilles d\u00e9coll\u00e9es doit se faire avec son assentiment. Il ne suffit pas pour le parent d\u2019en prendre la d\u00e9cision unilat\u00e9ralement et d\u2019aller vers le chirurgien comme s\u2019il allait consulter pour soigner une diarrh\u00e9e ou de la fi\u00e8vre.<\/p>\n<p>La chirurgie des oreilles de l\u2019enfant doit se faire avec son consentement. Et c\u2019est l\u2019une des raisons pour lesquelles, il est demand\u00e9 de la r\u00e9aliser \u00e0 partir de 6 ou 7 ans. Car, \u00e0 partir de cet \u00e2ge, l\u2019enfant peut au moins savoir et exprimer ses choix.<\/p>\n<p>L\u2019autre raison qui pousse \u00e0 pratiquer une otoplastie \u00e0 6 ans contrairement \u00e0 la rhinoplastie ou \u00e0 la <a href=\"https:\/\/www.tunisie-chirurgie-esthetique.com\/genioplastie-tunisie\"><strong>g\u00e9nioplastie<\/strong><\/a>, c\u2019est qu\u2019\u00e0 cet \u00e2ge, l\u2019oreille a atteint la taille adulte, contrairement au nez ou au menton dont les os croissent encore.<\/p>\n<p>&nbsp;<\/p>\n","protected":false},"excerpt":{"rendered":"<p>Contrairement aux autres interventions de la chirurgie esth\u00e9tique qui n\u00e9cessitent le plus souvent d\u2019\u00eatre r\u00e9alis\u00e9es \u00e0 partir de 15-16 ans, l\u2019otoplastie qui permet de corriger les oreilles d\u00e9coll\u00e9es peut \u00eatre pratiqu\u00e9e d\u00e8s l\u2019\u00e2ge de 6 ans. Si l\u2019on justifie cette chirurgie des oreilles pr\u00e9coce par le fait que les oreilles d\u00e9coll\u00e9es sont sources de complexes, [&hellip;]<\/p>\n","protected":false},"author":1,"featured_media":2343,"comment_status":"closed","ping_status":"closed","sticky":false,"template":"","format":"standard","meta":{"rop_custom_images_group":[],"rop_custom_messages_group":[],"rop_publish_now":"initial","rop_publish_now_accounts":{"facebook_2803965346576775_1735562453331861":"","twitter_4255985368_4255985368":""},"rop_publish_now_history":[],"rop_publish_now_status":"pending","footnotes":""},"categories":[1],"tags":[],"class_list":["post-2340","post","type-post","status-publish","format-standard","has-post-thumbnail","hentry","category-actualite-chirurgie-plastique"],"yoast_head":"<!-- This site is optimized with the Yoast SEO plugin v27.4 - https:\/\/yoast.com\/product\/yoast-seo-wordpress\/ -->\n<title>Pourquoi r\u00e9alise-t-on une otoplastie \u00e0 partir de 6 ans<\/title>\n<meta name=\"description\" content=\"l\u2019otoplastie qui permet de corriger les oreilles d\u00e9coll\u00e9es peut \u00eatre pratiqu\u00e9e d\u00e8s l\u2019\u00e2ge de 6 ans. La chirurgie des oreilles de l\u2019enfant doit se faire avec son consentement. Et c\u2019est l\u2019une des raisons pour lesquelles, il est demand\u00e9 de la r\u00e9aliser \u00e0 partir de 6 ou 7 ans. Car, \u00e0 partir de cet \u00e2ge, l\u2019enfant peut au moins savoir et exprimer ses choix.\" \/>\n<meta name=\"robots\" content=\"index, follow, max-snippet:-1, max-image-preview:large, max-video-preview:-1\" \/>\n<link rel=\"canonical\" href=\"https:\/\/www.tunisie-chirurgie-esthetique.com\/blog\/pourquoi-realise-t-on-une-otoplastie-a-partir-de-6-ans\/\" \/>\n<meta property=\"og:locale\" content=\"fr_FR\" \/>\n<meta property=\"og:type\" content=\"article\" \/>\n<meta property=\"og:title\" content=\"Pourquoi r\u00e9alise-t-on une otoplastie \u00e0 partir de 6 ans\" \/>\n<meta property=\"og:description\" content=\"l\u2019otoplastie qui permet de corriger les oreilles d\u00e9coll\u00e9es peut \u00eatre pratiqu\u00e9e d\u00e8s l\u2019\u00e2ge de 6 ans. La chirurgie des oreilles de l\u2019enfant doit se faire avec son consentement. Et c\u2019est l\u2019une des raisons pour lesquelles, il est demand\u00e9 de la r\u00e9aliser \u00e0 partir de 6 ou 7 ans. Car, \u00e0 partir de cet \u00e2ge, l\u2019enfant peut au moins savoir et exprimer ses choix.\" \/>\n<meta property=\"og:url\" content=\"https:\/\/www.tunisie-chirurgie-esthetique.com\/blog\/pourquoi-realise-t-on-une-otoplastie-a-partir-de-6-ans\/\" \/>\n<meta property=\"og:site_name\" content=\"Actualit\u00e9s Chirurgie Esth\u00e9tique Tunisie\" \/>\n<meta property=\"article:publisher\" content=\"https:\/\/www.facebook.com\/TCETUNISIE\/\" \/>\n<meta property=\"article:published_time\" content=\"2019-05-24T09:30:36+00:00\" \/>\n<meta property=\"article:modified_time\" content=\"2022-08-30T09:23:42+00:00\" \/>\n<meta property=\"og:image\" content=\"https:\/\/www.tunisie-chirurgie-esthetique.com\/blog\/wp-content\/uploads\/2019\/05\/otoplastie-enfant-avant-apres.jpg\" \/>\n\t<meta property=\"og:image:width\" content=\"580\" \/>\n\t<meta property=\"og:image:height\" content=\"420\" \/>\n\t<meta property=\"og:image:type\" content=\"image\/jpeg\" \/>\n<meta name=\"author\" content=\"Dina Legrand\" \/>\n<meta name=\"twitter:card\" content=\"summary_large_image\" \/>\n<meta name=\"twitter:creator\" content=\"@Tunisie_CE\" \/>\n<meta name=\"twitter:site\" content=\"@Tunisie_CE\" \/>\n<meta name=\"twitter:label1\" content=\"\u00c9crit par\" \/>\n\t<meta name=\"twitter:data1\" content=\"Dina Legrand\" \/>\n\t<meta name=\"twitter:label2\" content=\"Dur\u00e9e de lecture estim\u00e9e\" \/>\n\t<meta name=\"twitter:data2\" content=\"2 minutes\" \/>\n<!-- \/ Yoast SEO plugin. -->","yoast_head_json":{"title":"Pourquoi r\u00e9alise-t-on une otoplastie \u00e0 partir de 6 ans","description":"l\u2019otoplastie qui permet de corriger les oreilles d\u00e9coll\u00e9es peut \u00eatre pratiqu\u00e9e d\u00e8s l\u2019\u00e2ge de 6 ans. La chirurgie des oreilles de l\u2019enfant doit se faire avec son consentement. Et c\u2019est l\u2019une des raisons pour lesquelles, il est demand\u00e9 de la r\u00e9aliser \u00e0 partir de 6 ou 7 ans. Car, \u00e0 partir de cet \u00e2ge, l\u2019enfant peut au moins savoir et exprimer ses choix.","robots":{"index":"index","follow":"follow","max-snippet":"max-snippet:-1","max-image-preview":"max-image-preview:large","max-video-preview":"max-video-preview:-1"},"canonical":"https:\/\/www.tunisie-chirurgie-esthetique.com\/blog\/pourquoi-realise-t-on-une-otoplastie-a-partir-de-6-ans\/","og_locale":"fr_FR","og_type":"article","og_title":"Pourquoi r\u00e9alise-t-on une otoplastie \u00e0 partir de 6 ans","og_description":"l\u2019otoplastie qui permet de corriger les oreilles d\u00e9coll\u00e9es peut \u00eatre pratiqu\u00e9e d\u00e8s l\u2019\u00e2ge de 6 ans. La chirurgie des oreilles de l\u2019enfant doit se faire avec son consentement. Et c\u2019est l\u2019une des raisons pour lesquelles, il est demand\u00e9 de la r\u00e9aliser \u00e0 partir de 6 ou 7 ans. Car, \u00e0 partir de cet \u00e2ge, l\u2019enfant peut au moins savoir et exprimer ses choix.","og_url":"https:\/\/www.tunisie-chirurgie-esthetique.com\/blog\/pourquoi-realise-t-on-une-otoplastie-a-partir-de-6-ans\/","og_site_name":"Actualit\u00e9s Chirurgie Esth\u00e9tique Tunisie","article_publisher":"https:\/\/www.facebook.com\/TCETUNISIE\/","article_published_time":"2019-05-24T09:30:36+00:00","article_modified_time":"2022-08-30T09:23:42+00:00","og_image":[{"width":580,"height":420,"url":"https:\/\/www.tunisie-chirurgie-esthetique.com\/blog\/wp-content\/uploads\/2019\/05\/otoplastie-enfant-avant-apres.jpg","type":"image\/jpeg"}],"author":"Dina Legrand","twitter_card":"summary_large_image","twitter_creator":"@Tunisie_CE","twitter_site":"@Tunisie_CE","twitter_misc":{"\u00c9crit par":"Dina Legrand","Dur\u00e9e de lecture estim\u00e9e":"2 minutes"},"schema":{"@context":"https:\/\/schema.org","@graph":[{"@type":["Article","BlogPosting"],"@id":"https:\/\/www.tunisie-chirurgie-esthetique.com\/blog\/pourquoi-realise-t-on-une-otoplastie-a-partir-de-6-ans\/#article","isPartOf":{"@id":"https:\/\/www.tunisie-chirurgie-esthetique.com\/blog\/pourquoi-realise-t-on-une-otoplastie-a-partir-de-6-ans\/"},"author":{"name":"Dina Legrand","@id":"https:\/\/www.tunisie-chirurgie-esthetique.com\/blog\/#\/schema\/person\/55f99d583f39ff82c83ea8d20bfb8dac"},"headline":"Pourquoi r\u00e9alise-t-on une otoplastie \u00e0 partir de 6 ans\u00a0?","datePublished":"2019-05-24T09:30:36+00:00","dateModified":"2022-08-30T09:23:42+00:00","mainEntityOfPage":{"@id":"https:\/\/www.tunisie-chirurgie-esthetique.com\/blog\/pourquoi-realise-t-on-une-otoplastie-a-partir-de-6-ans\/"},"wordCount":497,"publisher":{"@id":"https:\/\/www.tunisie-chirurgie-esthetique.com\/blog\/#organization"},"image":{"@id":"https:\/\/www.tunisie-chirurgie-esthetique.com\/blog\/pourquoi-realise-t-on-une-otoplastie-a-partir-de-6-ans\/#primaryimage"},"thumbnailUrl":"https:\/\/www.tunisie-chirurgie-esthetique.com\/blog\/wp-content\/uploads\/2019\/05\/otoplastie-enfant-avant-apres.jpg","articleSection":["Guide &amp; Actualit\u00e9 chirurgie plastique"],"inLanguage":"fr-FR"},{"@type":"WebPage","@id":"https:\/\/www.tunisie-chirurgie-esthetique.com\/blog\/pourquoi-realise-t-on-une-otoplastie-a-partir-de-6-ans\/","url":"https:\/\/www.tunisie-chirurgie-esthetique.com\/blog\/pourquoi-realise-t-on-une-otoplastie-a-partir-de-6-ans\/","name":"Pourquoi r\u00e9alise-t-on une otoplastie \u00e0 partir de 6 ans","isPartOf":{"@id":"https:\/\/www.tunisie-chirurgie-esthetique.com\/blog\/#website"},"primaryImageOfPage":{"@id":"https:\/\/www.tunisie-chirurgie-esthetique.com\/blog\/pourquoi-realise-t-on-une-otoplastie-a-partir-de-6-ans\/#primaryimage"},"image":{"@id":"https:\/\/www.tunisie-chirurgie-esthetique.com\/blog\/pourquoi-realise-t-on-une-otoplastie-a-partir-de-6-ans\/#primaryimage"},"thumbnailUrl":"https:\/\/www.tunisie-chirurgie-esthetique.com\/blog\/wp-content\/uploads\/2019\/05\/otoplastie-enfant-avant-apres.jpg","datePublished":"2019-05-24T09:30:36+00:00","dateModified":"2022-08-30T09:23:42+00:00","description":"l\u2019otoplastie qui permet de corriger les oreilles d\u00e9coll\u00e9es peut \u00eatre pratiqu\u00e9e d\u00e8s l\u2019\u00e2ge de 6 ans. La chirurgie des oreilles de l\u2019enfant doit se faire avec son consentement. Et c\u2019est l\u2019une des raisons pour lesquelles, il est demand\u00e9 de la r\u00e9aliser \u00e0 partir de 6 ou 7 ans. Car, \u00e0 partir de cet \u00e2ge, l\u2019enfant peut au moins savoir et exprimer ses choix.","breadcrumb":{"@id":"https:\/\/www.tunisie-chirurgie-esthetique.com\/blog\/pourquoi-realise-t-on-une-otoplastie-a-partir-de-6-ans\/#breadcrumb"},"inLanguage":"fr-FR","potentialAction":[{"@type":"ReadAction","target":["https:\/\/www.tunisie-chirurgie-esthetique.com\/blog\/pourquoi-realise-t-on-une-otoplastie-a-partir-de-6-ans\/"]}]},{"@type":"ImageObject","inLanguage":"fr-FR","@id":"https:\/\/www.tunisie-chirurgie-esthetique.com\/blog\/pourquoi-realise-t-on-une-otoplastie-a-partir-de-6-ans\/#primaryimage","url":"https:\/\/www.tunisie-chirurgie-esthetique.com\/blog\/wp-content\/uploads\/2019\/05\/otoplastie-enfant-avant-apres.jpg","contentUrl":"https:\/\/www.tunisie-chirurgie-esthetique.com\/blog\/wp-content\/uploads\/2019\/05\/otoplastie-enfant-avant-apres.jpg","width":580,"height":420},{"@type":"BreadcrumbList","@id":"https:\/\/www.tunisie-chirurgie-esthetique.com\/blog\/pourquoi-realise-t-on-une-otoplastie-a-partir-de-6-ans\/#breadcrumb","itemListElement":[{"@type":"ListItem","position":1,"name":"Accueil","item":"https:\/\/www.tunisie-chirurgie-esthetique.com\/blog\/"},{"@type":"ListItem","position":2,"name":"Guide &amp; Actualit\u00e9 chirurgie plastique","item":"https:\/\/www.tunisie-chirurgie-esthetique.com\/blog\/actualite-chirurgie-plastique\/"},{"@type":"ListItem","position":3,"name":"Pourquoi r\u00e9alise-t-on une otoplastie \u00e0 partir de 6 ans\u00a0?"}]},{"@type":"WebSite","@id":"https:\/\/www.tunisie-chirurgie-esthetique.com\/blog\/#website","url":"https:\/\/www.tunisie-chirurgie-esthetique.com\/blog\/","name":"Actualit\u00e9s en chirurgie et m\u00e9decine esth\u00e9tique Tunisie","description":"Chirurgie en Tunisie","publisher":{"@id":"https:\/\/www.tunisie-chirurgie-esthetique.com\/blog\/#organization"},"alternateName":"Forfaits chirurgie esth\u00e9tique Tunisie prix tout compris","potentialAction":[{"@type":"SearchAction","target":{"@type":"EntryPoint","urlTemplate":"https:\/\/www.tunisie-chirurgie-esthetique.com\/blog\/?s={search_term_string}"},"query-input":{"@type":"PropertyValueSpecification","valueRequired":true,"valueName":"search_term_string"}}],"inLanguage":"fr-FR"},{"@type":"Organization","@id":"https:\/\/www.tunisie-chirurgie-esthetique.com\/blog\/#organization","name":"TCE TUNISIE","alternateName":"Chirurgie esth\u00e9tique en Tunisie","url":"https:\/\/www.tunisie-chirurgie-esthetique.com\/blog\/","logo":{"@type":"ImageObject","inLanguage":"fr-FR","@id":"https:\/\/www.tunisie-chirurgie-esthetique.com\/blog\/#\/schema\/logo\/image\/","url":"https:\/\/www.tunisie-chirurgie-esthetique.com\/blog\/wp-content\/uploads\/2022\/08\/fav-tce.png","contentUrl":"https:\/\/www.tunisie-chirurgie-esthetique.com\/blog\/wp-content\/uploads\/2022\/08\/fav-tce.png","width":512,"height":512,"caption":"TCE TUNISIE"},"image":{"@id":"https:\/\/www.tunisie-chirurgie-esthetique.com\/blog\/#\/schema\/logo\/image\/"},"sameAs":["https:\/\/www.facebook.com\/TCETUNISIE\/","https:\/\/x.com\/Tunisie_CE","https:\/\/www.instagram.com\/tunisiece\/","https:\/\/www.linkedin.com\/company\/tunisie-chirurgie-etshetique-tce\/","https:\/\/www.pinterest.fr\/tunisiechirurgi\/","https:\/\/www.youtube.com\/channel\/UCFZHPINDbYAa_yhOk121j7A\/?sub_confirmation=1"]},{"@type":"Person","@id":"https:\/\/www.tunisie-chirurgie-esthetique.com\/blog\/#\/schema\/person\/55f99d583f39ff82c83ea8d20bfb8dac","name":"Dina Legrand","description":"Je m'appelle Dina Legrand, dipl\u00f4m\u00e9e d'un Master en sciences de la sant\u00e9 de l'Universit\u00e9 de Tunis et de Paris. Forte d'une exp\u00e9rience de plus de 15 ans dans le domaine m\u00e9dical, je me suis sp\u00e9cialis\u00e9e dans la r\u00e9daction, la vulgarisation et la gestion de projets scientifiques. Dot\u00e9e d'une grande aisance r\u00e9dactionnelle, j'ai ensuite \u0153uvr\u00e9 en free-lance pour diverses institutions de sant\u00e9. J'ai organis\u00e9 avec succ\u00e8s plusieurs congr\u00e8s m\u00e9dicaux internationaux, requ\u00e9rant rigueur et capacit\u00e9 de gestion de projets complexes. Aimant partager mon savoir, j'anime aujourd'hui le blog Tunisie-chirurgie-esth\u00e9tique.com, v\u00e9ritable r\u00e9f\u00e9rence en mati\u00e8re d'information m\u00e9dicale grand public. Mon objectif est de rendre accessibles des notions parfois ardues, en adoptant un ton p\u00e9dagogique et une plume clarifiant les derni\u00e8res avanc\u00e9es. Forte de ma double comp\u00e9tence m\u00e9dicale et r\u00e9dactionnelle, je me tiens \u00e0 la disposition des professionnels et particuliers pour toute mission d'\u00e9criture, de traduction ou de vulgarisation scientifique.","url":"https:\/\/www.tunisie-chirurgie-esthetique.com\/blog\/author\/nisieshi_tunesth\/"}]}},"_links":{"self":[{"href":"https:\/\/www.tunisie-chirurgie-esthetique.com\/blog\/wp-json\/wp\/v2\/posts\/2340","targetHints":{"allow":["GET"]}}],"collection":[{"href":"https:\/\/www.tunisie-chirurgie-esthetique.com\/blog\/wp-json\/wp\/v2\/posts"}],"about":[{"href":"https:\/\/www.tunisie-chirurgie-esthetique.com\/blog\/wp-json\/wp\/v2\/types\/post"}],"author":[{"embeddable":true,"href":"https:\/\/www.tunisie-chirurgie-esthetique.com\/blog\/wp-json\/wp\/v2\/users\/1"}],"replies":[{"embeddable":true,"href":"https:\/\/www.tunisie-chirurgie-esthetique.com\/blog\/wp-json\/wp\/v2\/comments?post=2340"}],"version-history":[{"count":2,"href":"https:\/\/www.tunisie-chirurgie-esthetique.com\/blog\/wp-json\/wp\/v2\/posts\/2340\/revisions"}],"predecessor-version":[{"id":5277,"href":"https:\/\/www.tunisie-chirurgie-esthetique.com\/blog\/wp-json\/wp\/v2\/posts\/2340\/revisions\/5277"}],"wp:featuredmedia":[{"embeddable":true,"href":"https:\/\/www.tunisie-chirurgie-esthetique.com\/blog\/wp-json\/wp\/v2\/media\/2343"}],"wp:attachment":[{"href":"https:\/\/www.tunisie-chirurgie-esthetique.com\/blog\/wp-json\/wp\/v2\/media?parent=2340"}],"wp:term":[{"taxonomy":"category","embeddable":true,"href":"https:\/\/www.tunisie-chirurgie-esthetique.com\/blog\/wp-json\/wp\/v2\/categories?post=2340"},{"taxonomy":"post_tag","embeddable":true,"href":"https:\/\/www.tunisie-chirurgie-esthetique.com\/blog\/wp-json\/wp\/v2\/tags?post=2340"}],"curies":[{"name":"wp","href":"https:\/\/api.w.org\/{rel}","templated":true}]}}