{"id":2325,"date":"2019-05-17T13:42:57","date_gmt":"2019-05-17T11:42:57","guid":{"rendered":"https:\/\/www.tunisie-chirurgie-esthetique.com\/blog\/?p=2325"},"modified":"2022-08-30T11:29:13","modified_gmt":"2022-08-30T09:29:13","slug":"comment-lutter-contre-une-calvitie-precoce","status":"publish","type":"post","link":"https:\/\/www.tunisie-chirurgie-esthetique.com\/blog\/comment-lutter-contre-une-calvitie-precoce\/","title":{"rendered":"Comment lutter contre une calvitie pr\u00e9coce ?"},"content":{"rendered":"<div id=\"ez-toc-container\" class=\"ez-toc-v2_0_82_2 counter-hierarchy ez-toc-counter ez-toc-light-blue ez-toc-container-direction\">\n<div class=\"ez-toc-title-container\">\n<p class=\"ez-toc-title ez-toc-toggle\" style=\"cursor:pointer\">Sommaire<\/p>\n<span class=\"ez-toc-title-toggle\"><a href=\"#\" class=\"ez-toc-pull-right ez-toc-btn ez-toc-btn-xs ez-toc-btn-default ez-toc-toggle\" aria-label=\"Toggle Table of Content\"><span class=\"ez-toc-js-icon-con\"><span class=\"\"><span class=\"eztoc-hide\" style=\"display:none;\">Toggle<\/span><span class=\"ez-toc-icon-toggle-span\"><svg style=\"fill: #999;color:#999\" xmlns=\"http:\/\/www.w3.org\/2000\/svg\" class=\"list-377408\" width=\"20px\" height=\"20px\" viewBox=\"0 0 24 24\" fill=\"none\"><path d=\"M6 6H4v2h2V6zm14 0H8v2h12V6zM4 11h2v2H4v-2zm16 0H8v2h12v-2zM4 16h2v2H4v-2zm16 0H8v2h12v-2z\" fill=\"currentColor\"><\/path><\/svg><svg style=\"fill: #999;color:#999\" class=\"arrow-unsorted-368013\" xmlns=\"http:\/\/www.w3.org\/2000\/svg\" width=\"10px\" height=\"10px\" viewBox=\"0 0 24 24\" version=\"1.2\" baseProfile=\"tiny\"><path d=\"M18.2 9.3l-6.2-6.3-6.2 6.3c-.2.2-.3.4-.3.7s.1.5.3.7c.2.2.4.3.7.3h11c.3 0 .5-.1.7-.3.2-.2.3-.5.3-.7s-.1-.5-.3-.7zM5.8 14.7l6.2 6.3 6.2-6.3c.2-.2.3-.5.3-.7s-.1-.5-.3-.7c-.2-.2-.4-.3-.7-.3h-11c-.3 0-.5.1-.7.3-.2.2-.3.5-.3.7s.1.5.3.7z\"\/><\/svg><\/span><\/span><\/span><\/a><\/span><\/div>\n<nav><ul class='ez-toc-list ez-toc-list-level-1 eztoc-toggle-hide-by-default' ><li class='ez-toc-page-1 ez-toc-heading-level-2'><a class=\"ez-toc-link ez-toc-heading-1\" href=\"https:\/\/www.tunisie-chirurgie-esthetique.com\/blog\/comment-lutter-contre-une-calvitie-precoce\/#Quand_parle-t-on_de_calvitie_precoce\" >Quand parle-t-on de calvitie pr\u00e9coce\u00a0?<\/a><\/li><li class='ez-toc-page-1 ez-toc-heading-level-2'><a class=\"ez-toc-link ez-toc-heading-2\" href=\"https:\/\/www.tunisie-chirurgie-esthetique.com\/blog\/comment-lutter-contre-une-calvitie-precoce\/#Quest-ce_qui_cause_la_calvitie_precoce\" >Qu\u2019est-ce qui cause la calvitie pr\u00e9coce\u00a0?<\/a><\/li><li class='ez-toc-page-1 ez-toc-heading-level-2'><a class=\"ez-toc-link ez-toc-heading-3\" href=\"https:\/\/www.tunisie-chirurgie-esthetique.com\/blog\/comment-lutter-contre-une-calvitie-precoce\/#Que_faut-il_faire_en_cas_de_calvitie_precoce\" >Que faut-il faire en cas de calvitie pr\u00e9coce\u00a0?<\/a><\/li><\/ul><\/nav><\/div>\n<p>Contrairement \u00e0 l\u2019alop\u00e9cie qui d\u00e9signe la perte de cheveux et qui concerne autant les hommes que les femmes, la calvitie est essentiellement masculine et repr\u00e9sente l\u2019\u00e9tape ultime de la perte de cheveux o\u00f9 l\u2019homme troque sa belle tonsure pour une t\u00eate chauve. De nombreuses causes explique la calvitie qui peut survenir tr\u00e8s pr\u00e9cocement chez certains. Des scientifiques font alors la parall\u00e8le entre une calvitie pr\u00e9coce et le d\u00e9veloppement des maladies cardiaques. Alors comment pr\u00e9venir une calvitie pr\u00e9coce\u00a0?<\/p>\n<h2><span class=\"ez-toc-section\" id=\"Quand_parle-t-on_de_calvitie_precoce\"><\/span><strong>Quand parle-t-on de calvitie pr\u00e9coce\u00a0? <\/strong><span class=\"ez-toc-section-end\"><\/span><\/h2>\n<p>N\u2019y a-t-il donc pas d\u2019\u00e2ge pour vieillir\u00a0? Alors qu\u2019on a toujours pens\u00e9 que la calvitie est une affaire de vieux, c&#8217;est-\u00e0-dire de personnes \u00e2g\u00e9es de plus de 65 ans, elle se manifeste tr\u00e8s t\u00f4t chez de nombreux adolescents. Parfois, elle survient m\u00eame chez d\u2019autres entre 14 et 15 ans. De quoi faire peur. De nombreux jeunes hommes qui entrent ainsi dans l\u2019\u00e2ge adulte, \u00e0 18 ou 20 ans, connaissent d\u00e9j\u00e0 la perte pr\u00e9coce de cheveux. Dans ces cas d\u2019alop\u00e9cie androg\u00e9nique, on rencontre aussi de jeunes filles dont 5 % environ connaissent \u00e0 leurs d\u00e9pens, cette chute de cheveux pr\u00e9coce. Or, on compte 25 % d\u2019hommes entre 25 et 35 ans, et 20 % \u00e2g\u00e9s de 20 ans, qui tr\u00e8s t\u00f4t, manifeste une calvitie.<\/p>\n<h2><span class=\"ez-toc-section\" id=\"Quest-ce_qui_cause_la_calvitie_precoce\"><\/span><strong>Qu\u2019est-ce qui cause la calvitie pr\u00e9coce\u00a0? <\/strong><span class=\"ez-toc-section-end\"><\/span><\/h2>\n<p>La principale cause de la calvitie est hormonale. Des hormones m\u00e2les en exc\u00e8s expliquent la chute pr\u00e9coce de cheveux. Dans ces cas, l\u2019h\u00e9r\u00e9dit\u00e9 est aussi au banc des accus\u00e9s. On parle alors d\u2019alop\u00e9cie androg\u00e9n\u00e9tique h\u00e9r\u00e9ditaire. Ne dit-on pas que \u00ab\u00a0tel p\u00e8re, tel fils\u00a0\u00bb\u00a0? Mais il n\u2019y a pas que l\u2019h\u00e9r\u00e9dit\u00e9, car le stress, des carences alimentaires, certains m\u00e9dicaments, peuvent acc\u00e9l\u00e9rer la chute pr\u00e9matur\u00e9e des cheveux.<\/p>\n<h2><span class=\"ez-toc-section\" id=\"Que_faut-il_faire_en_cas_de_calvitie_precoce\"><\/span><strong>Que faut-il faire en cas de calvitie pr\u00e9coce\u00a0? <\/strong><span class=\"ez-toc-section-end\"><\/span><\/h2>\n<p>D\u00e8s lors qu\u2019une chute de cheveux se manifeste, on peut d\u00e9j\u00e0 envisager un traitement m\u00e9dicamenteux de la chute de cheveux.<\/p>\n<p>Les m\u00e9dicaments les plus connus qui permettent de lutter contre la chute de cheveux sont le Finast\u00e9ride et le Minoxidil dont l\u2019efficacit\u00e9 sur la perte de cheveux est reconnue, bien que certains effets secondaires soient enregistr\u00e9s avec le Finast\u00e9ride. Ils se prennent par voie orale.<\/p>\n<p>D\u2019autre part, on peut recourir aux cellules souches pour stopper la chute de cheveux. Le <a href=\"https:\/\/www.tunisie-chirurgie-esthetique.com\/prp\"><strong>PRP cheveux<\/strong><\/a> est alors une solution envisageable pour acc\u00e9l\u00e9rer la croissance des cheveux.<\/p>\n<p>Si ces solutions ne semblent pas satisfaisantes pour certains, il y a lieu d\u2019envisager un traitement chirurgical de la chute des cheveux. D\u00e8s lors, une <a href=\"https:\/\/www.tunisie-chirurgie-esthetique.com\/greffe-capillaire\"><strong>greffe de cheveux<\/strong><\/a> peut \u00eatre envisag\u00e9e. Le choix se fera entre la <strong>greffe de cheveux FUT<\/strong> ou la <strong>greffe de cheveux FUE<\/strong>.<\/p>\n<p>&nbsp;<\/p>\n","protected":false},"excerpt":{"rendered":"<p>Contrairement \u00e0 l\u2019alop\u00e9cie qui d\u00e9signe la perte de cheveux et qui concerne autant les hommes que les femmes, la calvitie est essentiellement masculine et repr\u00e9sente l\u2019\u00e9tape ultime de la perte de cheveux o\u00f9 l\u2019homme troque sa belle tonsure pour une t\u00eate chauve. De nombreuses causes explique la calvitie qui peut survenir tr\u00e8s pr\u00e9cocement chez certains. [&hellip;]<\/p>\n","protected":false},"author":1,"featured_media":2327,"comment_status":"closed","ping_status":"closed","sticky":false,"template":"","format":"standard","meta":{"rop_custom_images_group":[],"rop_custom_messages_group":[],"rop_publish_now":"initial","rop_publish_now_accounts":{"facebook_2803965346576775_1735562453331861":"","twitter_4255985368_4255985368":""},"rop_publish_now_history":[],"rop_publish_now_status":"pending","footnotes":""},"categories":[1],"tags":[],"class_list":["post-2325","post","type-post","status-publish","format-standard","has-post-thumbnail","hentry","category-actualite-chirurgie-plastique"],"yoast_head":"<!-- This site is optimized with the Yoast SEO plugin v27.4 - https:\/\/yoast.com\/product\/yoast-seo-wordpress\/ -->\n<title>Comment lutter contre une calvitie pr\u00e9coce ?<\/title>\n<meta name=\"description\" content=\"Le PRP cheveux est alors une solution envisageable pour acc\u00e9l\u00e9rer la croissance des cheveux.Si ces solutions ne semblent pas satisfaisantes pour certains, il y a lieu d\u2019envisager un traitement chirurgical de la chute des cheveux. D\u00e8s lors, une greffe de cheveux peut \u00eatre envisag\u00e9e. Le choix se fera entre la greffe de cheveux FUT ou la greffe de cheveux FUE.\" \/>\n<meta name=\"robots\" content=\"index, follow, max-snippet:-1, max-image-preview:large, max-video-preview:-1\" \/>\n<link rel=\"canonical\" href=\"https:\/\/www.tunisie-chirurgie-esthetique.com\/blog\/comment-lutter-contre-une-calvitie-precoce\/\" \/>\n<meta property=\"og:locale\" content=\"fr_FR\" \/>\n<meta property=\"og:type\" content=\"article\" \/>\n<meta property=\"og:title\" content=\"Comment lutter contre une calvitie pr\u00e9coce ?\" \/>\n<meta property=\"og:description\" content=\"Le PRP cheveux est alors une solution envisageable pour acc\u00e9l\u00e9rer la croissance des cheveux.Si ces solutions ne semblent pas satisfaisantes pour certains, il y a lieu d\u2019envisager un traitement chirurgical de la chute des cheveux. D\u00e8s lors, une greffe de cheveux peut \u00eatre envisag\u00e9e. Le choix se fera entre la greffe de cheveux FUT ou la greffe de cheveux FUE.\" \/>\n<meta property=\"og:url\" content=\"https:\/\/www.tunisie-chirurgie-esthetique.com\/blog\/comment-lutter-contre-une-calvitie-precoce\/\" \/>\n<meta property=\"og:site_name\" content=\"Actualit\u00e9s Chirurgie Esth\u00e9tique Tunisie\" \/>\n<meta property=\"article:publisher\" content=\"https:\/\/www.facebook.com\/TCETUNISIE\/\" \/>\n<meta property=\"article:published_time\" content=\"2019-05-17T11:42:57+00:00\" \/>\n<meta property=\"article:modified_time\" content=\"2022-08-30T09:29:13+00:00\" \/>\n<meta property=\"og:image\" content=\"https:\/\/www.tunisie-chirurgie-esthetique.com\/blog\/wp-content\/uploads\/2019\/05\/calvitie-precoce.jpg\" \/>\n\t<meta property=\"og:image:width\" content=\"468\" \/>\n\t<meta property=\"og:image:height\" content=\"264\" \/>\n\t<meta property=\"og:image:type\" content=\"image\/jpeg\" \/>\n<meta name=\"author\" content=\"Dina Legrand\" \/>\n<meta name=\"twitter:card\" content=\"summary_large_image\" \/>\n<meta name=\"twitter:creator\" content=\"@Tunisie_CE\" \/>\n<meta name=\"twitter:site\" content=\"@Tunisie_CE\" \/>\n<meta name=\"twitter:label1\" content=\"\u00c9crit par\" \/>\n\t<meta name=\"twitter:data1\" content=\"Dina Legrand\" \/>\n\t<meta name=\"twitter:label2\" content=\"Dur\u00e9e de lecture estim\u00e9e\" \/>\n\t<meta name=\"twitter:data2\" content=\"2 minutes\" \/>\n<!-- \/ Yoast SEO plugin. -->","yoast_head_json":{"title":"Comment lutter contre une calvitie pr\u00e9coce ?","description":"Le PRP cheveux est alors une solution envisageable pour acc\u00e9l\u00e9rer la croissance des cheveux.Si ces solutions ne semblent pas satisfaisantes pour certains, il y a lieu d\u2019envisager un traitement chirurgical de la chute des cheveux. D\u00e8s lors, une greffe de cheveux peut \u00eatre envisag\u00e9e. Le choix se fera entre la greffe de cheveux FUT ou la greffe de cheveux FUE.","robots":{"index":"index","follow":"follow","max-snippet":"max-snippet:-1","max-image-preview":"max-image-preview:large","max-video-preview":"max-video-preview:-1"},"canonical":"https:\/\/www.tunisie-chirurgie-esthetique.com\/blog\/comment-lutter-contre-une-calvitie-precoce\/","og_locale":"fr_FR","og_type":"article","og_title":"Comment lutter contre une calvitie pr\u00e9coce ?","og_description":"Le PRP cheveux est alors une solution envisageable pour acc\u00e9l\u00e9rer la croissance des cheveux.Si ces solutions ne semblent pas satisfaisantes pour certains, il y a lieu d\u2019envisager un traitement chirurgical de la chute des cheveux. D\u00e8s lors, une greffe de cheveux peut \u00eatre envisag\u00e9e. Le choix se fera entre la greffe de cheveux FUT ou la greffe de cheveux FUE.","og_url":"https:\/\/www.tunisie-chirurgie-esthetique.com\/blog\/comment-lutter-contre-une-calvitie-precoce\/","og_site_name":"Actualit\u00e9s Chirurgie Esth\u00e9tique Tunisie","article_publisher":"https:\/\/www.facebook.com\/TCETUNISIE\/","article_published_time":"2019-05-17T11:42:57+00:00","article_modified_time":"2022-08-30T09:29:13+00:00","og_image":[{"width":468,"height":264,"url":"https:\/\/www.tunisie-chirurgie-esthetique.com\/blog\/wp-content\/uploads\/2019\/05\/calvitie-precoce.jpg","type":"image\/jpeg"}],"author":"Dina Legrand","twitter_card":"summary_large_image","twitter_creator":"@Tunisie_CE","twitter_site":"@Tunisie_CE","twitter_misc":{"\u00c9crit par":"Dina Legrand","Dur\u00e9e de lecture estim\u00e9e":"2 minutes"},"schema":{"@context":"https:\/\/schema.org","@graph":[{"@type":["Article","BlogPosting"],"@id":"https:\/\/www.tunisie-chirurgie-esthetique.com\/blog\/comment-lutter-contre-une-calvitie-precoce\/#article","isPartOf":{"@id":"https:\/\/www.tunisie-chirurgie-esthetique.com\/blog\/comment-lutter-contre-une-calvitie-precoce\/"},"author":{"name":"Dina Legrand","@id":"https:\/\/www.tunisie-chirurgie-esthetique.com\/blog\/#\/schema\/person\/55f99d583f39ff82c83ea8d20bfb8dac"},"headline":"Comment lutter contre une calvitie pr\u00e9coce ?","datePublished":"2019-05-17T11:42:57+00:00","dateModified":"2022-08-30T09:29:13+00:00","mainEntityOfPage":{"@id":"https:\/\/www.tunisie-chirurgie-esthetique.com\/blog\/comment-lutter-contre-une-calvitie-precoce\/"},"wordCount":492,"publisher":{"@id":"https:\/\/www.tunisie-chirurgie-esthetique.com\/blog\/#organization"},"image":{"@id":"https:\/\/www.tunisie-chirurgie-esthetique.com\/blog\/comment-lutter-contre-une-calvitie-precoce\/#primaryimage"},"thumbnailUrl":"https:\/\/www.tunisie-chirurgie-esthetique.com\/blog\/wp-content\/uploads\/2019\/05\/calvitie-precoce.jpg","articleSection":["Guide &amp; Actualit\u00e9 chirurgie plastique"],"inLanguage":"fr-FR"},{"@type":"WebPage","@id":"https:\/\/www.tunisie-chirurgie-esthetique.com\/blog\/comment-lutter-contre-une-calvitie-precoce\/","url":"https:\/\/www.tunisie-chirurgie-esthetique.com\/blog\/comment-lutter-contre-une-calvitie-precoce\/","name":"Comment lutter contre une calvitie pr\u00e9coce ?","isPartOf":{"@id":"https:\/\/www.tunisie-chirurgie-esthetique.com\/blog\/#website"},"primaryImageOfPage":{"@id":"https:\/\/www.tunisie-chirurgie-esthetique.com\/blog\/comment-lutter-contre-une-calvitie-precoce\/#primaryimage"},"image":{"@id":"https:\/\/www.tunisie-chirurgie-esthetique.com\/blog\/comment-lutter-contre-une-calvitie-precoce\/#primaryimage"},"thumbnailUrl":"https:\/\/www.tunisie-chirurgie-esthetique.com\/blog\/wp-content\/uploads\/2019\/05\/calvitie-precoce.jpg","datePublished":"2019-05-17T11:42:57+00:00","dateModified":"2022-08-30T09:29:13+00:00","description":"Le PRP cheveux est alors une solution envisageable pour acc\u00e9l\u00e9rer la croissance des cheveux.Si ces solutions ne semblent pas satisfaisantes pour certains, il y a lieu d\u2019envisager un traitement chirurgical de la chute des cheveux. D\u00e8s lors, une greffe de cheveux peut \u00eatre envisag\u00e9e. Le choix se fera entre la greffe de cheveux FUT ou la greffe de cheveux FUE.","breadcrumb":{"@id":"https:\/\/www.tunisie-chirurgie-esthetique.com\/blog\/comment-lutter-contre-une-calvitie-precoce\/#breadcrumb"},"inLanguage":"fr-FR","potentialAction":[{"@type":"ReadAction","target":["https:\/\/www.tunisie-chirurgie-esthetique.com\/blog\/comment-lutter-contre-une-calvitie-precoce\/"]}]},{"@type":"ImageObject","inLanguage":"fr-FR","@id":"https:\/\/www.tunisie-chirurgie-esthetique.com\/blog\/comment-lutter-contre-une-calvitie-precoce\/#primaryimage","url":"https:\/\/www.tunisie-chirurgie-esthetique.com\/blog\/wp-content\/uploads\/2019\/05\/calvitie-precoce.jpg","contentUrl":"https:\/\/www.tunisie-chirurgie-esthetique.com\/blog\/wp-content\/uploads\/2019\/05\/calvitie-precoce.jpg","width":468,"height":264,"caption":"calvitie precoce"},{"@type":"BreadcrumbList","@id":"https:\/\/www.tunisie-chirurgie-esthetique.com\/blog\/comment-lutter-contre-une-calvitie-precoce\/#breadcrumb","itemListElement":[{"@type":"ListItem","position":1,"name":"Accueil","item":"https:\/\/www.tunisie-chirurgie-esthetique.com\/blog\/"},{"@type":"ListItem","position":2,"name":"Guide &amp; Actualit\u00e9 chirurgie plastique","item":"https:\/\/www.tunisie-chirurgie-esthetique.com\/blog\/actualite-chirurgie-plastique\/"},{"@type":"ListItem","position":3,"name":"Comment lutter contre une calvitie pr\u00e9coce ?"}]},{"@type":"WebSite","@id":"https:\/\/www.tunisie-chirurgie-esthetique.com\/blog\/#website","url":"https:\/\/www.tunisie-chirurgie-esthetique.com\/blog\/","name":"Actualit\u00e9s en chirurgie et m\u00e9decine esth\u00e9tique Tunisie","description":"Chirurgie en Tunisie","publisher":{"@id":"https:\/\/www.tunisie-chirurgie-esthetique.com\/blog\/#organization"},"alternateName":"Forfaits chirurgie esth\u00e9tique Tunisie prix tout compris","potentialAction":[{"@type":"SearchAction","target":{"@type":"EntryPoint","urlTemplate":"https:\/\/www.tunisie-chirurgie-esthetique.com\/blog\/?s={search_term_string}"},"query-input":{"@type":"PropertyValueSpecification","valueRequired":true,"valueName":"search_term_string"}}],"inLanguage":"fr-FR"},{"@type":"Organization","@id":"https:\/\/www.tunisie-chirurgie-esthetique.com\/blog\/#organization","name":"TCE TUNISIE","alternateName":"Chirurgie esth\u00e9tique en Tunisie","url":"https:\/\/www.tunisie-chirurgie-esthetique.com\/blog\/","logo":{"@type":"ImageObject","inLanguage":"fr-FR","@id":"https:\/\/www.tunisie-chirurgie-esthetique.com\/blog\/#\/schema\/logo\/image\/","url":"https:\/\/www.tunisie-chirurgie-esthetique.com\/blog\/wp-content\/uploads\/2022\/08\/fav-tce.png","contentUrl":"https:\/\/www.tunisie-chirurgie-esthetique.com\/blog\/wp-content\/uploads\/2022\/08\/fav-tce.png","width":512,"height":512,"caption":"TCE TUNISIE"},"image":{"@id":"https:\/\/www.tunisie-chirurgie-esthetique.com\/blog\/#\/schema\/logo\/image\/"},"sameAs":["https:\/\/www.facebook.com\/TCETUNISIE\/","https:\/\/x.com\/Tunisie_CE","https:\/\/www.instagram.com\/tunisiece\/","https:\/\/www.linkedin.com\/company\/tunisie-chirurgie-etshetique-tce\/","https:\/\/www.pinterest.fr\/tunisiechirurgi\/","https:\/\/www.youtube.com\/channel\/UCFZHPINDbYAa_yhOk121j7A\/?sub_confirmation=1"]},{"@type":"Person","@id":"https:\/\/www.tunisie-chirurgie-esthetique.com\/blog\/#\/schema\/person\/55f99d583f39ff82c83ea8d20bfb8dac","name":"Dina Legrand","description":"Je m'appelle Dina Legrand, dipl\u00f4m\u00e9e d'un Master en sciences de la sant\u00e9 de l'Universit\u00e9 de Tunis et de Paris. Forte d'une exp\u00e9rience de plus de 15 ans dans le domaine m\u00e9dical, je me suis sp\u00e9cialis\u00e9e dans la r\u00e9daction, la vulgarisation et la gestion de projets scientifiques. Dot\u00e9e d'une grande aisance r\u00e9dactionnelle, j'ai ensuite \u0153uvr\u00e9 en free-lance pour diverses institutions de sant\u00e9. J'ai organis\u00e9 avec succ\u00e8s plusieurs congr\u00e8s m\u00e9dicaux internationaux, requ\u00e9rant rigueur et capacit\u00e9 de gestion de projets complexes. Aimant partager mon savoir, j'anime aujourd'hui le blog Tunisie-chirurgie-esth\u00e9tique.com, v\u00e9ritable r\u00e9f\u00e9rence en mati\u00e8re d'information m\u00e9dicale grand public. Mon objectif est de rendre accessibles des notions parfois ardues, en adoptant un ton p\u00e9dagogique et une plume clarifiant les derni\u00e8res avanc\u00e9es. Forte de ma double comp\u00e9tence m\u00e9dicale et r\u00e9dactionnelle, je me tiens \u00e0 la disposition des professionnels et particuliers pour toute mission d'\u00e9criture, de traduction ou de vulgarisation scientifique.","url":"https:\/\/www.tunisie-chirurgie-esthetique.com\/blog\/author\/nisieshi_tunesth\/"}]}},"_links":{"self":[{"href":"https:\/\/www.tunisie-chirurgie-esthetique.com\/blog\/wp-json\/wp\/v2\/posts\/2325","targetHints":{"allow":["GET"]}}],"collection":[{"href":"https:\/\/www.tunisie-chirurgie-esthetique.com\/blog\/wp-json\/wp\/v2\/posts"}],"about":[{"href":"https:\/\/www.tunisie-chirurgie-esthetique.com\/blog\/wp-json\/wp\/v2\/types\/post"}],"author":[{"embeddable":true,"href":"https:\/\/www.tunisie-chirurgie-esthetique.com\/blog\/wp-json\/wp\/v2\/users\/1"}],"replies":[{"embeddable":true,"href":"https:\/\/www.tunisie-chirurgie-esthetique.com\/blog\/wp-json\/wp\/v2\/comments?post=2325"}],"version-history":[{"count":4,"href":"https:\/\/www.tunisie-chirurgie-esthetique.com\/blog\/wp-json\/wp\/v2\/posts\/2325\/revisions"}],"predecessor-version":[{"id":5283,"href":"https:\/\/www.tunisie-chirurgie-esthetique.com\/blog\/wp-json\/wp\/v2\/posts\/2325\/revisions\/5283"}],"wp:featuredmedia":[{"embeddable":true,"href":"https:\/\/www.tunisie-chirurgie-esthetique.com\/blog\/wp-json\/wp\/v2\/media\/2327"}],"wp:attachment":[{"href":"https:\/\/www.tunisie-chirurgie-esthetique.com\/blog\/wp-json\/wp\/v2\/media?parent=2325"}],"wp:term":[{"taxonomy":"category","embeddable":true,"href":"https:\/\/www.tunisie-chirurgie-esthetique.com\/blog\/wp-json\/wp\/v2\/categories?post=2325"},{"taxonomy":"post_tag","embeddable":true,"href":"https:\/\/www.tunisie-chirurgie-esthetique.com\/blog\/wp-json\/wp\/v2\/tags?post=2325"}],"curies":[{"name":"wp","href":"https:\/\/api.w.org\/{rel}","templated":true}]}}