{"id":2322,"date":"2019-05-16T13:15:07","date_gmt":"2019-05-16T11:15:07","guid":{"rendered":"https:\/\/www.tunisie-chirurgie-esthetique.com\/blog\/?p=2322"},"modified":"2023-07-26T12:52:51","modified_gmt":"2023-07-26T10:52:51","slug":"criteres-visage-parfait-selon-la-chirurgie-esthetique","status":"publish","type":"post","link":"https:\/\/www.tunisie-chirurgie-esthetique.com\/blog\/criteres-visage-parfait-selon-la-chirurgie-esthetique\/","title":{"rendered":"Quels crit\u00e8res d\u00e9terminent un visage parfait selon la chirurgie esth\u00e9tique\u00a0?"},"content":{"rendered":"<div id=\"ez-toc-container\" class=\"ez-toc-v2_0_82_2 counter-hierarchy ez-toc-counter ez-toc-light-blue ez-toc-container-direction\">\n<div class=\"ez-toc-title-container\">\n<p class=\"ez-toc-title ez-toc-toggle\" style=\"cursor:pointer\">Sommaire<\/p>\n<span class=\"ez-toc-title-toggle\"><a href=\"#\" class=\"ez-toc-pull-right ez-toc-btn ez-toc-btn-xs ez-toc-btn-default ez-toc-toggle\" aria-label=\"Toggle Table of Content\"><span class=\"ez-toc-js-icon-con\"><span class=\"\"><span class=\"eztoc-hide\" style=\"display:none;\">Toggle<\/span><span class=\"ez-toc-icon-toggle-span\"><svg style=\"fill: #999;color:#999\" xmlns=\"http:\/\/www.w3.org\/2000\/svg\" class=\"list-377408\" width=\"20px\" height=\"20px\" viewBox=\"0 0 24 24\" fill=\"none\"><path d=\"M6 6H4v2h2V6zm14 0H8v2h12V6zM4 11h2v2H4v-2zm16 0H8v2h12v-2zM4 16h2v2H4v-2zm16 0H8v2h12v-2z\" fill=\"currentColor\"><\/path><\/svg><svg style=\"fill: #999;color:#999\" class=\"arrow-unsorted-368013\" xmlns=\"http:\/\/www.w3.org\/2000\/svg\" width=\"10px\" height=\"10px\" viewBox=\"0 0 24 24\" version=\"1.2\" baseProfile=\"tiny\"><path d=\"M18.2 9.3l-6.2-6.3-6.2 6.3c-.2.2-.3.4-.3.7s.1.5.3.7c.2.2.4.3.7.3h11c.3 0 .5-.1.7-.3.2-.2.3-.5.3-.7s-.1-.5-.3-.7zM5.8 14.7l6.2 6.3 6.2-6.3c.2-.2.3-.5.3-.7s-.1-.5-.3-.7c-.2-.2-.4-.3-.7-.3h-11c-.3 0-.5.1-.7.3-.2.2-.3.5-.3.7s.1.5.3.7z\"\/><\/svg><\/span><\/span><\/span><\/a><\/span><\/div>\n<nav><ul class='ez-toc-list ez-toc-list-level-1 eztoc-toggle-hide-by-default' ><li class='ez-toc-page-1 ez-toc-heading-level-2'><a class=\"ez-toc-link ez-toc-heading-1\" href=\"https:\/\/www.tunisie-chirurgie-esthetique.com\/blog\/criteres-visage-parfait-selon-la-chirurgie-esthetique\/#_Lantiquite_grecque_et_le_visage_parfait\" >\u00a0L\u2019antiquit\u00e9 grecque et le visage parfait<\/a><\/li><li class='ez-toc-page-1 ez-toc-heading-level-2'><a class=\"ez-toc-link ez-toc-heading-2\" href=\"https:\/\/www.tunisie-chirurgie-esthetique.com\/blog\/criteres-visage-parfait-selon-la-chirurgie-esthetique\/#Le_moyen-age_et_le_visage_parfait\" >Le moyen-\u00e2ge et le visage parfait<\/a><\/li><li class='ez-toc-page-1 ez-toc-heading-level-2'><a class=\"ez-toc-link ez-toc-heading-3\" href=\"https:\/\/www.tunisie-chirurgie-esthetique.com\/blog\/criteres-visage-parfait-selon-la-chirurgie-esthetique\/#Le_visage_parfait_a_lepoque_moderne\" >Le visage parfait \u00e0 l\u2019\u00e9poque moderne<\/a><\/li><\/ul><\/nav><\/div>\n<p>Qu\u2019il s\u2019agisse des chirurgiens esth\u00e9tiques eux-m\u00eames ou de leur patient\u00e8le, il n\u2019est pas rare d\u2019entendre parler de \u00ab\u00a0visage parfait\u00a0\u00bb. Les uns en font la promesse aux autres. Les autres quant \u00e0 eux, imaginent ou per\u00e7oivent de nombreuses imperfections au niveau de leur visage, qu\u2019ils exigent des premiers, un visage sans aucune imperfection.<\/p>\n<p>Si pour ceux-ci, c\u2019est souvent en regardant certaines c\u00e9l\u00e9brit\u00e9s dont ils appr\u00e9cient chez l\u2019un la forme de la bouche, chez l\u2019autre la forme du nez, qu\u2019ils d\u00e9sirent pour eux la somme de ces beaut\u00e9s, qu\u2019en est-il de l\u2019id\u00e9e d\u2019un visage parfait pour un plasticien\u00a0?<\/p>\n<h2><span class=\"ez-toc-section\" id=\"_Lantiquite_grecque_et_le_visage_parfait\"><\/span>\u00a0<strong>L\u2019antiquit\u00e9 grecque et le visage parfait <\/strong><span class=\"ez-toc-section-end\"><\/span><\/h2>\n<p>Le visage id\u00e9al a fait l&#8217;objet de nombreuses qu\u00eates depuis l&#8217;antiquit\u00e9 jusqu&#8217;\u00e0 tr\u00e8s r\u00e9cemment.<\/p>\n<p>Un visage parfait selon les anciens grecs, est un visage dont la t\u00eate repr\u00e9sente chez l&#8217;adulte, le 1\/7\u00e8me de son corps, tandis que le nez repr\u00e9sente le 1\/4 de son visage et doit avoir une taille proportionnelle \u00e0 celle du front et de l&#8217;oreille. La bouche doit occuper dans ces proportions du visage id\u00e9al, le 1\/3 de l\u2019esp\u00e8ce qui s\u00e9pare la base du nez de la courbe du menton, tandis que les yeux sur une ligne m\u00e9diane, ne doivent occuper que les 2\/5\u00e8me de la largeur.<\/p>\n<h2><span class=\"ez-toc-section\" id=\"Le_moyen-age_et_le_visage_parfait\"><\/span><strong>Le moyen-\u00e2ge et le visage parfait<\/strong><span class=\"ez-toc-section-end\"><\/span><\/h2>\n<p>Si c&#8217;est de face que les grecs prenaient ces mesures du visage harmonieux, L\u00e9onard de Vinci trouvera que c&#8217;est de profil qu&#8217;un visage beau et parfait peut s&#8217;identifier. Le faisant, il inscrit le visage dans un carr\u00e9 dont l&#8217;extr\u00e9mit\u00e9 ant\u00e9ro-sup\u00e9rieure de l&#8217;h\u00e9lix, la t\u00eate du sourcil, le sillon labio-mentonnier et l&#8217;angle de la mandibule, repr\u00e9sentent les principaux angles. Mais avant, il inscrit le front, le nez tout comme le menton dans un arc de cercle dont il fait du m\u00e9at auditif externe, le centre du rayon.<\/p>\n<p>Pratiquement \u00e0 la m\u00eame \u00e9poque, Albert D\u00fcrer va faire une classification du profil en 3 types: droit, convexe et concave.<\/p>\n<h2><span class=\"ez-toc-section\" id=\"Le_visage_parfait_a_lepoque_moderne\"><\/span><strong>Le visage parfait \u00e0 l\u2019\u00e9poque moderne <\/strong><span class=\"ez-toc-section-end\"><\/span><\/h2>\n<p>Cette analyse des concordances du visage \u00e0 partir de son observation de profil, va \u00e0 partir de 1962, conduire Gonzales Ulloa a d\u00e9velopp\u00e9 le concept de profiloplastie aujourd&#8217;hui utilis\u00e9 en chirurgie esth\u00e9tique pour d\u00e9signer l&#8217;association chirurgicale de la <strong><a href=\"https:\/\/www.tunisie-chirurgie-esthetique.com\/genioplastie-tunisie\">g\u00e9nioplastie<\/a> <\/strong>et de la <a href=\"https:\/\/www.tunisie-chirurgie-esthetique.com\/rhinoplastie-tunisie\"><strong>rhinoplastie<\/strong><\/a>.<\/p>\n<p>Dans son approche, pour qu&#8217;un visage soit dit parfait ou id\u00e9al, le front, le nez et la bouche doivent s&#8217;inscrire chacun, dans 3 parties \u00e9gales du visage, dont la premi\u00e8re dite tiers sup\u00e9rieur, doit partir de la ligne de cheveux sur le front ou trichion jusqu&#8217;\u00e0 l&#8217;intersection qui s\u00e9pare le nez du front ou nasion; la seconde partie\u00a0 ou tiers m\u00e9dian dans laquelle le nez est pr\u00e9sent, doit va aller du nasion jusqu&#8217;au point de jonction entre la columelle et la l\u00e8vre blanche qu&#8217;on appelle aussi sub-nasion; naturellement, du sub-nasion jusqu&#8217;au menton, cette partie dite tiers inf\u00e9rieur, doit \u00eatre occup\u00e9e par la bouche.<\/p>\n<p>Telles sont quelques-unes des th\u00e9ories sur lesquelles les plasticiens fondent leur appr\u00e9ciation du visage parfait pour corriger ou r\u00e9parer les imperfections du visage.<\/p>\n","protected":false},"excerpt":{"rendered":"<p>Qu\u2019il s\u2019agisse des chirurgiens esth\u00e9tiques eux-m\u00eames ou de leur patient\u00e8le, il n\u2019est pas rare d\u2019entendre parler de \u00ab\u00a0visage parfait\u00a0\u00bb. Les uns en font la promesse aux autres. Les autres quant \u00e0 eux, imaginent ou per\u00e7oivent de nombreuses imperfections au niveau de leur visage, qu\u2019ils exigent des premiers, un visage sans aucune imperfection. Si pour ceux-ci, [&hellip;]<\/p>\n","protected":false},"author":1,"featured_media":2324,"comment_status":"closed","ping_status":"closed","sticky":false,"template":"","format":"standard","meta":{"rop_custom_images_group":[],"rop_custom_messages_group":[],"rop_publish_now":"initial","rop_publish_now_accounts":{"facebook_2803965346576775_1735562453331861":"","twitter_4255985368_4255985368":""},"rop_publish_now_history":[],"rop_publish_now_status":"pending","footnotes":""},"categories":[1],"tags":[],"class_list":["post-2322","post","type-post","status-publish","format-standard","has-post-thumbnail","hentry","category-actualite-chirurgie-plastique"],"yoast_head":"<!-- This site is optimized with the Yoast SEO plugin v27.4 - https:\/\/yoast.com\/product\/yoast-seo-wordpress\/ -->\n<title>Quels crit\u00e8res d\u00e9terminent un visage parfait selon la chirurgie esth\u00e9tique ?<\/title>\n<meta name=\"description\" content=\"Un visage parfait selon les anciens grecs, est un visage dont la t\u00eate repr\u00e9sente chez l&#039;adulte, le 1\/7\u00e8me de son corps, tandis que le nez repr\u00e9sente le 1\/4 de son visage et doit avoir une taille proportionnelle \u00e0 celle du front et de l&#039;oreille. La bouche doit occuper dans ces proportions du visage id\u00e9al, le 1\/3 de l\u2019esp\u00e8ce qui s\u00e9pare la base du nez de la courbe du menton, tandis que les yeux sur une ligne m\u00e9diane, ne doivent occuper que les 2\/5\u00e8me de la largeur.\" \/>\n<meta name=\"robots\" content=\"index, follow, max-snippet:-1, max-image-preview:large, max-video-preview:-1\" \/>\n<link rel=\"canonical\" href=\"https:\/\/www.tunisie-chirurgie-esthetique.com\/blog\/criteres-visage-parfait-selon-la-chirurgie-esthetique\/\" \/>\n<meta property=\"og:locale\" content=\"fr_FR\" \/>\n<meta property=\"og:type\" content=\"article\" \/>\n<meta property=\"og:title\" content=\"Quels crit\u00e8res d\u00e9terminent un visage parfait selon la chirurgie esth\u00e9tique ?\" \/>\n<meta property=\"og:description\" content=\"Un visage parfait selon les anciens grecs, est un visage dont la t\u00eate repr\u00e9sente chez l&#039;adulte, le 1\/7\u00e8me de son corps, tandis que le nez repr\u00e9sente le 1\/4 de son visage et doit avoir une taille proportionnelle \u00e0 celle du front et de l&#039;oreille. La bouche doit occuper dans ces proportions du visage id\u00e9al, le 1\/3 de l\u2019esp\u00e8ce qui s\u00e9pare la base du nez de la courbe du menton, tandis que les yeux sur une ligne m\u00e9diane, ne doivent occuper que les 2\/5\u00e8me de la largeur.\" \/>\n<meta property=\"og:url\" content=\"https:\/\/www.tunisie-chirurgie-esthetique.com\/blog\/criteres-visage-parfait-selon-la-chirurgie-esthetique\/\" \/>\n<meta property=\"og:site_name\" content=\"Actualit\u00e9s Chirurgie Esth\u00e9tique Tunisie\" \/>\n<meta property=\"article:publisher\" content=\"https:\/\/www.facebook.com\/TCETUNISIE\/\" \/>\n<meta property=\"article:published_time\" content=\"2019-05-16T11:15:07+00:00\" \/>\n<meta property=\"article:modified_time\" content=\"2023-07-26T10:52:51+00:00\" \/>\n<meta property=\"og:image\" content=\"https:\/\/www.tunisie-chirurgie-esthetique.com\/blog\/wp-content\/uploads\/2019\/05\/visage-parfait.jpg\" \/>\n\t<meta property=\"og:image:width\" content=\"600\" \/>\n\t<meta property=\"og:image:height\" content=\"396\" \/>\n\t<meta property=\"og:image:type\" content=\"image\/jpeg\" \/>\n<meta name=\"author\" content=\"Dina Legrand\" \/>\n<meta name=\"twitter:card\" content=\"summary_large_image\" \/>\n<meta name=\"twitter:creator\" content=\"@Tunisie_CE\" \/>\n<meta name=\"twitter:site\" content=\"@Tunisie_CE\" \/>\n<meta name=\"twitter:label1\" content=\"\u00c9crit par\" \/>\n\t<meta name=\"twitter:data1\" content=\"Dina Legrand\" \/>\n\t<meta name=\"twitter:label2\" content=\"Dur\u00e9e de lecture estim\u00e9e\" \/>\n\t<meta name=\"twitter:data2\" content=\"3 minutes\" \/>\n<!-- \/ Yoast SEO plugin. -->","yoast_head_json":{"title":"Quels crit\u00e8res d\u00e9terminent un visage parfait selon la chirurgie esth\u00e9tique ?","description":"Un visage parfait selon les anciens grecs, est un visage dont la t\u00eate repr\u00e9sente chez l'adulte, le 1\/7\u00e8me de son corps, tandis que le nez repr\u00e9sente le 1\/4 de son visage et doit avoir une taille proportionnelle \u00e0 celle du front et de l'oreille. La bouche doit occuper dans ces proportions du visage id\u00e9al, le 1\/3 de l\u2019esp\u00e8ce qui s\u00e9pare la base du nez de la courbe du menton, tandis que les yeux sur une ligne m\u00e9diane, ne doivent occuper que les 2\/5\u00e8me de la largeur.","robots":{"index":"index","follow":"follow","max-snippet":"max-snippet:-1","max-image-preview":"max-image-preview:large","max-video-preview":"max-video-preview:-1"},"canonical":"https:\/\/www.tunisie-chirurgie-esthetique.com\/blog\/criteres-visage-parfait-selon-la-chirurgie-esthetique\/","og_locale":"fr_FR","og_type":"article","og_title":"Quels crit\u00e8res d\u00e9terminent un visage parfait selon la chirurgie esth\u00e9tique ?","og_description":"Un visage parfait selon les anciens grecs, est un visage dont la t\u00eate repr\u00e9sente chez l'adulte, le 1\/7\u00e8me de son corps, tandis que le nez repr\u00e9sente le 1\/4 de son visage et doit avoir une taille proportionnelle \u00e0 celle du front et de l'oreille. La bouche doit occuper dans ces proportions du visage id\u00e9al, le 1\/3 de l\u2019esp\u00e8ce qui s\u00e9pare la base du nez de la courbe du menton, tandis que les yeux sur une ligne m\u00e9diane, ne doivent occuper que les 2\/5\u00e8me de la largeur.","og_url":"https:\/\/www.tunisie-chirurgie-esthetique.com\/blog\/criteres-visage-parfait-selon-la-chirurgie-esthetique\/","og_site_name":"Actualit\u00e9s Chirurgie Esth\u00e9tique Tunisie","article_publisher":"https:\/\/www.facebook.com\/TCETUNISIE\/","article_published_time":"2019-05-16T11:15:07+00:00","article_modified_time":"2023-07-26T10:52:51+00:00","og_image":[{"width":600,"height":396,"url":"https:\/\/www.tunisie-chirurgie-esthetique.com\/blog\/wp-content\/uploads\/2019\/05\/visage-parfait.jpg","type":"image\/jpeg"}],"author":"Dina Legrand","twitter_card":"summary_large_image","twitter_creator":"@Tunisie_CE","twitter_site":"@Tunisie_CE","twitter_misc":{"\u00c9crit par":"Dina Legrand","Dur\u00e9e de lecture estim\u00e9e":"3 minutes"},"schema":{"@context":"https:\/\/schema.org","@graph":[{"@type":["Article","BlogPosting"],"@id":"https:\/\/www.tunisie-chirurgie-esthetique.com\/blog\/criteres-visage-parfait-selon-la-chirurgie-esthetique\/#article","isPartOf":{"@id":"https:\/\/www.tunisie-chirurgie-esthetique.com\/blog\/criteres-visage-parfait-selon-la-chirurgie-esthetique\/"},"author":{"name":"Dina Legrand","@id":"https:\/\/www.tunisie-chirurgie-esthetique.com\/blog\/#\/schema\/person\/55f99d583f39ff82c83ea8d20bfb8dac"},"headline":"Quels crit\u00e8res d\u00e9terminent un visage parfait selon la chirurgie esth\u00e9tique\u00a0?","datePublished":"2019-05-16T11:15:07+00:00","dateModified":"2023-07-26T10:52:51+00:00","mainEntityOfPage":{"@id":"https:\/\/www.tunisie-chirurgie-esthetique.com\/blog\/criteres-visage-parfait-selon-la-chirurgie-esthetique\/"},"wordCount":555,"publisher":{"@id":"https:\/\/www.tunisie-chirurgie-esthetique.com\/blog\/#organization"},"image":{"@id":"https:\/\/www.tunisie-chirurgie-esthetique.com\/blog\/criteres-visage-parfait-selon-la-chirurgie-esthetique\/#primaryimage"},"thumbnailUrl":"https:\/\/www.tunisie-chirurgie-esthetique.com\/blog\/wp-content\/uploads\/2019\/05\/visage-parfait.jpg","articleSection":["Guide &amp; Actualit\u00e9 chirurgie plastique"],"inLanguage":"fr-FR"},{"@type":"WebPage","@id":"https:\/\/www.tunisie-chirurgie-esthetique.com\/blog\/criteres-visage-parfait-selon-la-chirurgie-esthetique\/","url":"https:\/\/www.tunisie-chirurgie-esthetique.com\/blog\/criteres-visage-parfait-selon-la-chirurgie-esthetique\/","name":"Quels crit\u00e8res d\u00e9terminent un visage parfait selon la chirurgie esth\u00e9tique ?","isPartOf":{"@id":"https:\/\/www.tunisie-chirurgie-esthetique.com\/blog\/#website"},"primaryImageOfPage":{"@id":"https:\/\/www.tunisie-chirurgie-esthetique.com\/blog\/criteres-visage-parfait-selon-la-chirurgie-esthetique\/#primaryimage"},"image":{"@id":"https:\/\/www.tunisie-chirurgie-esthetique.com\/blog\/criteres-visage-parfait-selon-la-chirurgie-esthetique\/#primaryimage"},"thumbnailUrl":"https:\/\/www.tunisie-chirurgie-esthetique.com\/blog\/wp-content\/uploads\/2019\/05\/visage-parfait.jpg","datePublished":"2019-05-16T11:15:07+00:00","dateModified":"2023-07-26T10:52:51+00:00","description":"Un visage parfait selon les anciens grecs, est un visage dont la t\u00eate repr\u00e9sente chez l'adulte, le 1\/7\u00e8me de son corps, tandis que le nez repr\u00e9sente le 1\/4 de son visage et doit avoir une taille proportionnelle \u00e0 celle du front et de l'oreille. La bouche doit occuper dans ces proportions du visage id\u00e9al, le 1\/3 de l\u2019esp\u00e8ce qui s\u00e9pare la base du nez de la courbe du menton, tandis que les yeux sur une ligne m\u00e9diane, ne doivent occuper que les 2\/5\u00e8me de la largeur.","breadcrumb":{"@id":"https:\/\/www.tunisie-chirurgie-esthetique.com\/blog\/criteres-visage-parfait-selon-la-chirurgie-esthetique\/#breadcrumb"},"inLanguage":"fr-FR","potentialAction":[{"@type":"ReadAction","target":["https:\/\/www.tunisie-chirurgie-esthetique.com\/blog\/criteres-visage-parfait-selon-la-chirurgie-esthetique\/"]}]},{"@type":"ImageObject","inLanguage":"fr-FR","@id":"https:\/\/www.tunisie-chirurgie-esthetique.com\/blog\/criteres-visage-parfait-selon-la-chirurgie-esthetique\/#primaryimage","url":"https:\/\/www.tunisie-chirurgie-esthetique.com\/blog\/wp-content\/uploads\/2019\/05\/visage-parfait.jpg","contentUrl":"https:\/\/www.tunisie-chirurgie-esthetique.com\/blog\/wp-content\/uploads\/2019\/05\/visage-parfait.jpg","width":600,"height":396},{"@type":"BreadcrumbList","@id":"https:\/\/www.tunisie-chirurgie-esthetique.com\/blog\/criteres-visage-parfait-selon-la-chirurgie-esthetique\/#breadcrumb","itemListElement":[{"@type":"ListItem","position":1,"name":"Accueil","item":"https:\/\/www.tunisie-chirurgie-esthetique.com\/blog\/"},{"@type":"ListItem","position":2,"name":"Guide &amp; Actualit\u00e9 chirurgie plastique","item":"https:\/\/www.tunisie-chirurgie-esthetique.com\/blog\/actualite-chirurgie-plastique\/"},{"@type":"ListItem","position":3,"name":"Quels crit\u00e8res d\u00e9terminent un visage parfait selon la chirurgie esth\u00e9tique\u00a0?"}]},{"@type":"WebSite","@id":"https:\/\/www.tunisie-chirurgie-esthetique.com\/blog\/#website","url":"https:\/\/www.tunisie-chirurgie-esthetique.com\/blog\/","name":"Actualit\u00e9s en chirurgie et m\u00e9decine esth\u00e9tique Tunisie","description":"Chirurgie en Tunisie","publisher":{"@id":"https:\/\/www.tunisie-chirurgie-esthetique.com\/blog\/#organization"},"alternateName":"Forfaits chirurgie esth\u00e9tique Tunisie prix tout compris","potentialAction":[{"@type":"SearchAction","target":{"@type":"EntryPoint","urlTemplate":"https:\/\/www.tunisie-chirurgie-esthetique.com\/blog\/?s={search_term_string}"},"query-input":{"@type":"PropertyValueSpecification","valueRequired":true,"valueName":"search_term_string"}}],"inLanguage":"fr-FR"},{"@type":"Organization","@id":"https:\/\/www.tunisie-chirurgie-esthetique.com\/blog\/#organization","name":"TCE TUNISIE","alternateName":"Chirurgie esth\u00e9tique en Tunisie","url":"https:\/\/www.tunisie-chirurgie-esthetique.com\/blog\/","logo":{"@type":"ImageObject","inLanguage":"fr-FR","@id":"https:\/\/www.tunisie-chirurgie-esthetique.com\/blog\/#\/schema\/logo\/image\/","url":"https:\/\/www.tunisie-chirurgie-esthetique.com\/blog\/wp-content\/uploads\/2022\/08\/fav-tce.png","contentUrl":"https:\/\/www.tunisie-chirurgie-esthetique.com\/blog\/wp-content\/uploads\/2022\/08\/fav-tce.png","width":512,"height":512,"caption":"TCE TUNISIE"},"image":{"@id":"https:\/\/www.tunisie-chirurgie-esthetique.com\/blog\/#\/schema\/logo\/image\/"},"sameAs":["https:\/\/www.facebook.com\/TCETUNISIE\/","https:\/\/x.com\/Tunisie_CE","https:\/\/www.instagram.com\/tunisiece\/","https:\/\/www.linkedin.com\/company\/tunisie-chirurgie-etshetique-tce\/","https:\/\/www.pinterest.fr\/tunisiechirurgi\/","https:\/\/www.youtube.com\/channel\/UCFZHPINDbYAa_yhOk121j7A\/?sub_confirmation=1"]},{"@type":"Person","@id":"https:\/\/www.tunisie-chirurgie-esthetique.com\/blog\/#\/schema\/person\/55f99d583f39ff82c83ea8d20bfb8dac","name":"Dina Legrand","description":"Je m'appelle Dina Legrand, dipl\u00f4m\u00e9e d'un Master en sciences de la sant\u00e9 de l'Universit\u00e9 de Tunis et de Paris. Forte d'une exp\u00e9rience de plus de 15 ans dans le domaine m\u00e9dical, je me suis sp\u00e9cialis\u00e9e dans la r\u00e9daction, la vulgarisation et la gestion de projets scientifiques. Dot\u00e9e d'une grande aisance r\u00e9dactionnelle, j'ai ensuite \u0153uvr\u00e9 en free-lance pour diverses institutions de sant\u00e9. J'ai organis\u00e9 avec succ\u00e8s plusieurs congr\u00e8s m\u00e9dicaux internationaux, requ\u00e9rant rigueur et capacit\u00e9 de gestion de projets complexes. Aimant partager mon savoir, j'anime aujourd'hui le blog Tunisie-chirurgie-esth\u00e9tique.com, v\u00e9ritable r\u00e9f\u00e9rence en mati\u00e8re d'information m\u00e9dicale grand public. Mon objectif est de rendre accessibles des notions parfois ardues, en adoptant un ton p\u00e9dagogique et une plume clarifiant les derni\u00e8res avanc\u00e9es. Forte de ma double comp\u00e9tence m\u00e9dicale et r\u00e9dactionnelle, je me tiens \u00e0 la disposition des professionnels et particuliers pour toute mission d'\u00e9criture, de traduction ou de vulgarisation scientifique.","url":"https:\/\/www.tunisie-chirurgie-esthetique.com\/blog\/author\/nisieshi_tunesth\/"}]}},"_links":{"self":[{"href":"https:\/\/www.tunisie-chirurgie-esthetique.com\/blog\/wp-json\/wp\/v2\/posts\/2322","targetHints":{"allow":["GET"]}}],"collection":[{"href":"https:\/\/www.tunisie-chirurgie-esthetique.com\/blog\/wp-json\/wp\/v2\/posts"}],"about":[{"href":"https:\/\/www.tunisie-chirurgie-esthetique.com\/blog\/wp-json\/wp\/v2\/types\/post"}],"author":[{"embeddable":true,"href":"https:\/\/www.tunisie-chirurgie-esthetique.com\/blog\/wp-json\/wp\/v2\/users\/1"}],"replies":[{"embeddable":true,"href":"https:\/\/www.tunisie-chirurgie-esthetique.com\/blog\/wp-json\/wp\/v2\/comments?post=2322"}],"version-history":[{"count":2,"href":"https:\/\/www.tunisie-chirurgie-esthetique.com\/blog\/wp-json\/wp\/v2\/posts\/2322\/revisions"}],"predecessor-version":[{"id":5284,"href":"https:\/\/www.tunisie-chirurgie-esthetique.com\/blog\/wp-json\/wp\/v2\/posts\/2322\/revisions\/5284"}],"wp:featuredmedia":[{"embeddable":true,"href":"https:\/\/www.tunisie-chirurgie-esthetique.com\/blog\/wp-json\/wp\/v2\/media\/2324"}],"wp:attachment":[{"href":"https:\/\/www.tunisie-chirurgie-esthetique.com\/blog\/wp-json\/wp\/v2\/media?parent=2322"}],"wp:term":[{"taxonomy":"category","embeddable":true,"href":"https:\/\/www.tunisie-chirurgie-esthetique.com\/blog\/wp-json\/wp\/v2\/categories?post=2322"},{"taxonomy":"post_tag","embeddable":true,"href":"https:\/\/www.tunisie-chirurgie-esthetique.com\/blog\/wp-json\/wp\/v2\/tags?post=2322"}],"curies":[{"name":"wp","href":"https:\/\/api.w.org\/{rel}","templated":true}]}}