{"id":2245,"date":"2019-03-25T14:23:15","date_gmt":"2019-03-25T13:23:15","guid":{"rendered":"https:\/\/www.tunisie-chirurgie-esthetique.com\/blog\/?p=2245"},"modified":"2022-08-30T11:37:56","modified_gmt":"2022-08-30T09:37:56","slug":"pour-etre-unique-un-australien-se-fait-enlever-la-conque-interieur-des-oreilles","status":"publish","type":"post","link":"https:\/\/www.tunisie-chirurgie-esthetique.com\/blog\/pour-etre-unique-un-australien-se-fait-enlever-la-conque-interieur-des-oreilles\/","title":{"rendered":"Pour \u00eatre unique, un australien se fait enlever la conque (int\u00e9rieur des oreilles)"},"content":{"rendered":"<div id=\"ez-toc-container\" class=\"ez-toc-v2_0_82_2 counter-hierarchy ez-toc-counter ez-toc-light-blue ez-toc-container-direction\">\n<div class=\"ez-toc-title-container\">\n<p class=\"ez-toc-title ez-toc-toggle\" style=\"cursor:pointer\">Sommaire<\/p>\n<span class=\"ez-toc-title-toggle\"><a href=\"#\" class=\"ez-toc-pull-right ez-toc-btn ez-toc-btn-xs ez-toc-btn-default ez-toc-toggle\" aria-label=\"Toggle Table of Content\"><span class=\"ez-toc-js-icon-con\"><span class=\"\"><span class=\"eztoc-hide\" style=\"display:none;\">Toggle<\/span><span class=\"ez-toc-icon-toggle-span\"><svg style=\"fill: #999;color:#999\" xmlns=\"http:\/\/www.w3.org\/2000\/svg\" class=\"list-377408\" width=\"20px\" height=\"20px\" viewBox=\"0 0 24 24\" fill=\"none\"><path d=\"M6 6H4v2h2V6zm14 0H8v2h12V6zM4 11h2v2H4v-2zm16 0H8v2h12v-2zM4 16h2v2H4v-2zm16 0H8v2h12v-2z\" fill=\"currentColor\"><\/path><\/svg><svg style=\"fill: #999;color:#999\" class=\"arrow-unsorted-368013\" xmlns=\"http:\/\/www.w3.org\/2000\/svg\" width=\"10px\" height=\"10px\" viewBox=\"0 0 24 24\" version=\"1.2\" baseProfile=\"tiny\"><path d=\"M18.2 9.3l-6.2-6.3-6.2 6.3c-.2.2-.3.4-.3.7s.1.5.3.7c.2.2.4.3.7.3h11c.3 0 .5-.1.7-.3.2-.2.3-.5.3-.7s-.1-.5-.3-.7zM5.8 14.7l6.2 6.3 6.2-6.3c.2-.2.3-.5.3-.7s-.1-.5-.3-.7c-.2-.2-.4-.3-.7-.3h-11c-.3 0-.5.1-.7.3-.2.2-.3.5-.3.7s.1.5.3.7z\"\/><\/svg><\/span><\/span><\/span><\/a><\/span><\/div>\n<nav><ul class='ez-toc-list ez-toc-list-level-1 eztoc-toggle-hide-by-default' ><li class='ez-toc-page-1 ez-toc-heading-level-2'><a class=\"ez-toc-link ez-toc-heading-1\" href=\"https:\/\/www.tunisie-chirurgie-esthetique.com\/blog\/pour-etre-unique-un-australien-se-fait-enlever-la-conque-interieur-des-oreilles\/#Chirurgie_dablation_de_la_conque_a_Stockholm\" >Chirurgie d\u2019ablation de la conque \u00e0 Stockholm<\/a><\/li><li class='ez-toc-page-1 ez-toc-heading-level-2'><a class=\"ez-toc-link ez-toc-heading-2\" href=\"https:\/\/www.tunisie-chirurgie-esthetique.com\/blog\/pour-etre-unique-un-australien-se-fait-enlever-la-conque-interieur-des-oreilles\/#Une_chirurgie_risquee\" >Une chirurgie risqu\u00e9e\u00a0?<\/a><\/li><li class='ez-toc-page-1 ez-toc-heading-level-2'><a class=\"ez-toc-link ez-toc-heading-3\" href=\"https:\/\/www.tunisie-chirurgie-esthetique.com\/blog\/pour-etre-unique-un-australien-se-fait-enlever-la-conque-interieur-des-oreilles\/#Vers_une_popularisation_de_lablation_de_la_conque\" >Vers une popularisation de l\u2019ablation de la conque\u00a0?<\/a><\/li><\/ul><\/nav><\/div>\n<p>La chirurgie esth\u00e9tique des oreilles jusqu\u2019ici n\u2019avait pas d\u2019autres indications que la correction des oreilles d\u00e9coll\u00e9es. Les principales disgr\u00e2ces des oreilles portaient soit sur un manque de plicature de l\u2019anth\u00e9lix, sur une hypertrophie de la conque ou sur un angle r\u00e9tro-auriculaire excessif. Mais peut-\u00eatre que bient\u00f4t l\u2019ablation de la conque fera partie des demandes en <a href=\"https:\/\/www.tunisie-chirurgie-esthetique.com\/otoplastie\">otoplastie<\/a> puisqu\u2019en Australie, un jeune en qu\u00eate d\u2019une identit\u00e9 particuli\u00e8re, pour marquer sa diff\u00e9rence, a d\u00e9cid\u00e9 de se faire enlever l\u2019int\u00e9rieur des oreilles.<\/p>\n<h2><span class=\"ez-toc-section\" id=\"Chirurgie_dablation_de_la_conque_a_Stockholm\"><\/span>Chirurgie d\u2019ablation de la conque \u00e0 Stockholm<span class=\"ez-toc-section-end\"><\/span><\/h2>\n<p>Chai Maibert est propri\u00e9taire de <em>Calm Boby Modification<\/em> \u00e0 Stockholm, il a post\u00e9 sur son compte Instagram la photo de Charles, un jeune australien, qui pr\u00e9cise-t-il, aurait fait le tour du monde \u00e0 la recherche d\u2019un chirurgien pouvant faire de lui une identit\u00e9 physique remarquable en lui enlevant l\u2019int\u00e9rieur des oreilles. C\u2019est donc apr\u00e8s avoir r\u00e9alis\u00e9 le v\u0153u de son \u00ab\u00a0patient\u00a0\u00bb \u00e0 savoir, lui ouvrir une \u00ab\u00a0fen\u00eatre\u00a0\u00bb\u00a0 au centre de chaque oreille, que Chai Maibert a d\u00e9cid\u00e9 de partager cette intervention unique avec ses nombreux <em>followers<\/em>. Une photo devenue tout de suite virale, avec parfois des commentaires acerbes condamnant cette performance chirurgicale.<\/p>\n<h2><span class=\"ez-toc-section\" id=\"Une_chirurgie_risquee\"><\/span>Une chirurgie risqu\u00e9e\u00a0?<span class=\"ez-toc-section-end\"><\/span><\/h2>\n<p>Selon Maryam Gadheri chef du d\u00e9partement d\u2019audiologie au Centre d\u2019audiologie de la zone de Toronto, le retrait de la conque impacte n\u00e9cessairement sur la capacit\u00e9 d\u2019\u00e9coute du patient. Pour elle, la conque et l\u2019oreille externe joue un r\u00f4le important dans l\u2019audition. Or, \u00ab\u00a0si vous avez cette partie manquante, dit-elle, je suppose qu\u2019un peu de votre audition en serait affect\u00e9e- probablement votre sens de la localisation sonore\u00a0\u00bb. En termes de pourcentage, la sp\u00e9cialiste dit qu\u2019il lui est impossible d\u2019\u00e9valuer. \u00ab\u00a0Il est difficile de dire en termes de pourcentage de perte auditive\u00a0\u00bb.<\/p>\n<p>Chai Maibert pour sa part se d\u00e9fend des cons\u00e9quences ou des possibles complications de cette chirurgie d\u2019ablation de la conque dont il juge que les effets ne peuvent \u00eatre nocifs que pour un temps avant que les oreilles ne s\u2019adaptent ou plut\u00f4t avant que le patient ne s\u2019adapte \u00e0 ses nouvelles oreilles. \u00ab\u00a0<em>Notez, se d\u00e9fend-t-il, que cette proc\u00e9dure ne vous rend pas sourd. Cela pourrait alt\u00e9rer votre capacait\u00e9 \u00e0 entendre la direction du son pendant les deux premi\u00e8res semaines jusqu\u2019\u00e0 ce que votre esprit s\u2019adapte \u00e0 vos nouvelles oreilles<\/em>\u00a0\u00bb.<\/p>\n<h2><span class=\"ez-toc-section\" id=\"Vers_une_popularisation_de_lablation_de_la_conque\"><\/span>Vers une popularisation de l\u2019ablation de la conque\u00a0?<span class=\"ez-toc-section-end\"><\/span><\/h2>\n<p>Peut-\u00eatre aussi que l\u2019intervention risque de se populariser. Surtout qu\u2019il faut le rappeler, M. Maibert est un plasticien de renom dont les \u0153uvres ont toujours \u00e9t\u00e9 mondialement appr\u00e9ci\u00e9es. Cette renomm\u00e9e peut contribuer \u00e0 vulgariser l\u2019ablation de la conque, et en faire une demande sp\u00e9cifique de la <a href=\"https:\/\/www.tunisie-chirurgie-esthetique.com\/\">chirurgie esth\u00e9tique<\/a>.<\/p>\n","protected":false},"excerpt":{"rendered":"<p>La chirurgie esth\u00e9tique des oreilles jusqu\u2019ici n\u2019avait pas d\u2019autres indications que la correction des oreilles d\u00e9coll\u00e9es. Les principales disgr\u00e2ces des oreilles portaient soit sur un manque de plicature de l\u2019anth\u00e9lix, sur une hypertrophie de la conque ou sur un angle r\u00e9tro-auriculaire excessif. Mais peut-\u00eatre que bient\u00f4t l\u2019ablation de la conque fera partie des demandes en [&hellip;]<\/p>\n","protected":false},"author":1,"featured_media":2247,"comment_status":"closed","ping_status":"closed","sticky":false,"template":"","format":"standard","meta":{"rop_custom_images_group":[],"rop_custom_messages_group":[],"rop_publish_now":"initial","rop_publish_now_accounts":{"facebook_2803965346576775_1735562453331861":"","twitter_4255985368_4255985368":""},"rop_publish_now_history":[],"rop_publish_now_status":"pending","footnotes":""},"categories":[1],"tags":[],"class_list":["post-2245","post","type-post","status-publish","format-standard","has-post-thumbnail","hentry","category-actualite-chirurgie-plastique"],"yoast_head":"<!-- This site is optimized with the Yoast SEO plugin v27.4 - https:\/\/yoast.com\/product\/yoast-seo-wordpress\/ -->\n<title>Pour \u00eatre unique, un australien se fait enlever la conque int\u00e9rieur des oreilles<\/title>\n<meta name=\"description\" content=\"Chai Maibert est propri\u00e9taire de Calm Boby Modification \u00e0 Stockholm, il a post\u00e9 sur son compte Instagram la photo de Charles, un jeune australien, qui pr\u00e9cise-t-il, aurait fait le tour du monde \u00e0 la recherche d\u2019un chirurgien pouvant faire de lui une identit\u00e9 physique remarquable en lui enlevant l\u2019int\u00e9rieur des oreilles.\" \/>\n<meta name=\"robots\" content=\"index, follow, max-snippet:-1, max-image-preview:large, max-video-preview:-1\" \/>\n<link rel=\"canonical\" href=\"https:\/\/www.tunisie-chirurgie-esthetique.com\/blog\/pour-etre-unique-un-australien-se-fait-enlever-la-conque-interieur-des-oreilles\/\" \/>\n<meta property=\"og:locale\" content=\"fr_FR\" \/>\n<meta property=\"og:type\" content=\"article\" \/>\n<meta property=\"og:title\" content=\"Pour \u00eatre unique, un australien se fait enlever la conque int\u00e9rieur des oreilles\" \/>\n<meta property=\"og:description\" content=\"Chai Maibert est propri\u00e9taire de Calm Boby Modification \u00e0 Stockholm, il a post\u00e9 sur son compte Instagram la photo de Charles, un jeune australien, qui pr\u00e9cise-t-il, aurait fait le tour du monde \u00e0 la recherche d\u2019un chirurgien pouvant faire de lui une identit\u00e9 physique remarquable en lui enlevant l\u2019int\u00e9rieur des oreilles.\" \/>\n<meta property=\"og:url\" content=\"https:\/\/www.tunisie-chirurgie-esthetique.com\/blog\/pour-etre-unique-un-australien-se-fait-enlever-la-conque-interieur-des-oreilles\/\" \/>\n<meta property=\"og:site_name\" content=\"Actualit\u00e9s Chirurgie Esth\u00e9tique Tunisie\" \/>\n<meta property=\"article:publisher\" content=\"https:\/\/www.facebook.com\/TCETUNISIE\/\" \/>\n<meta property=\"article:published_time\" content=\"2019-03-25T13:23:15+00:00\" \/>\n<meta property=\"article:modified_time\" content=\"2022-08-30T09:37:56+00:00\" \/>\n<meta property=\"og:image\" content=\"https:\/\/www.tunisie-chirurgie-esthetique.com\/blog\/wp-content\/uploads\/2019\/03\/retirer-interieur-oreilles.jpg\" \/>\n\t<meta property=\"og:image:width\" content=\"526\" \/>\n\t<meta property=\"og:image:height\" content=\"526\" \/>\n\t<meta property=\"og:image:type\" content=\"image\/jpeg\" \/>\n<meta name=\"author\" content=\"Dina Legrand\" \/>\n<meta name=\"twitter:card\" content=\"summary_large_image\" \/>\n<meta name=\"twitter:creator\" content=\"@Tunisie_CE\" \/>\n<meta name=\"twitter:site\" content=\"@Tunisie_CE\" \/>\n<meta name=\"twitter:label1\" content=\"\u00c9crit par\" \/>\n\t<meta name=\"twitter:data1\" content=\"Dina Legrand\" \/>\n\t<meta name=\"twitter:label2\" content=\"Dur\u00e9e de lecture estim\u00e9e\" \/>\n\t<meta name=\"twitter:data2\" content=\"2 minutes\" \/>\n<!-- \/ Yoast SEO plugin. -->","yoast_head_json":{"title":"Pour \u00eatre unique, un australien se fait enlever la conque int\u00e9rieur des oreilles","description":"Chai Maibert est propri\u00e9taire de Calm Boby Modification \u00e0 Stockholm, il a post\u00e9 sur son compte Instagram la photo de Charles, un jeune australien, qui pr\u00e9cise-t-il, aurait fait le tour du monde \u00e0 la recherche d\u2019un chirurgien pouvant faire de lui une identit\u00e9 physique remarquable en lui enlevant l\u2019int\u00e9rieur des oreilles.","robots":{"index":"index","follow":"follow","max-snippet":"max-snippet:-1","max-image-preview":"max-image-preview:large","max-video-preview":"max-video-preview:-1"},"canonical":"https:\/\/www.tunisie-chirurgie-esthetique.com\/blog\/pour-etre-unique-un-australien-se-fait-enlever-la-conque-interieur-des-oreilles\/","og_locale":"fr_FR","og_type":"article","og_title":"Pour \u00eatre unique, un australien se fait enlever la conque int\u00e9rieur des oreilles","og_description":"Chai Maibert est propri\u00e9taire de Calm Boby Modification \u00e0 Stockholm, il a post\u00e9 sur son compte Instagram la photo de Charles, un jeune australien, qui pr\u00e9cise-t-il, aurait fait le tour du monde \u00e0 la recherche d\u2019un chirurgien pouvant faire de lui une identit\u00e9 physique remarquable en lui enlevant l\u2019int\u00e9rieur des oreilles.","og_url":"https:\/\/www.tunisie-chirurgie-esthetique.com\/blog\/pour-etre-unique-un-australien-se-fait-enlever-la-conque-interieur-des-oreilles\/","og_site_name":"Actualit\u00e9s Chirurgie Esth\u00e9tique Tunisie","article_publisher":"https:\/\/www.facebook.com\/TCETUNISIE\/","article_published_time":"2019-03-25T13:23:15+00:00","article_modified_time":"2022-08-30T09:37:56+00:00","og_image":[{"width":526,"height":526,"url":"https:\/\/www.tunisie-chirurgie-esthetique.com\/blog\/wp-content\/uploads\/2019\/03\/retirer-interieur-oreilles.jpg","type":"image\/jpeg"}],"author":"Dina Legrand","twitter_card":"summary_large_image","twitter_creator":"@Tunisie_CE","twitter_site":"@Tunisie_CE","twitter_misc":{"\u00c9crit par":"Dina Legrand","Dur\u00e9e de lecture estim\u00e9e":"2 minutes"},"schema":{"@context":"https:\/\/schema.org","@graph":[{"@type":["Article","BlogPosting"],"@id":"https:\/\/www.tunisie-chirurgie-esthetique.com\/blog\/pour-etre-unique-un-australien-se-fait-enlever-la-conque-interieur-des-oreilles\/#article","isPartOf":{"@id":"https:\/\/www.tunisie-chirurgie-esthetique.com\/blog\/pour-etre-unique-un-australien-se-fait-enlever-la-conque-interieur-des-oreilles\/"},"author":{"name":"Dina Legrand","@id":"https:\/\/www.tunisie-chirurgie-esthetique.com\/blog\/#\/schema\/person\/55f99d583f39ff82c83ea8d20bfb8dac"},"headline":"Pour \u00eatre unique, un australien se fait enlever la conque (int\u00e9rieur des oreilles)","datePublished":"2019-03-25T13:23:15+00:00","dateModified":"2022-08-30T09:37:56+00:00","mainEntityOfPage":{"@id":"https:\/\/www.tunisie-chirurgie-esthetique.com\/blog\/pour-etre-unique-un-australien-se-fait-enlever-la-conque-interieur-des-oreilles\/"},"wordCount":499,"publisher":{"@id":"https:\/\/www.tunisie-chirurgie-esthetique.com\/blog\/#organization"},"image":{"@id":"https:\/\/www.tunisie-chirurgie-esthetique.com\/blog\/pour-etre-unique-un-australien-se-fait-enlever-la-conque-interieur-des-oreilles\/#primaryimage"},"thumbnailUrl":"https:\/\/www.tunisie-chirurgie-esthetique.com\/blog\/wp-content\/uploads\/2019\/03\/retirer-interieur-oreilles.jpg","articleSection":["Guide &amp; Actualit\u00e9 chirurgie plastique"],"inLanguage":"fr-FR"},{"@type":"WebPage","@id":"https:\/\/www.tunisie-chirurgie-esthetique.com\/blog\/pour-etre-unique-un-australien-se-fait-enlever-la-conque-interieur-des-oreilles\/","url":"https:\/\/www.tunisie-chirurgie-esthetique.com\/blog\/pour-etre-unique-un-australien-se-fait-enlever-la-conque-interieur-des-oreilles\/","name":"Pour \u00eatre unique, un australien se fait enlever la conque int\u00e9rieur des oreilles","isPartOf":{"@id":"https:\/\/www.tunisie-chirurgie-esthetique.com\/blog\/#website"},"primaryImageOfPage":{"@id":"https:\/\/www.tunisie-chirurgie-esthetique.com\/blog\/pour-etre-unique-un-australien-se-fait-enlever-la-conque-interieur-des-oreilles\/#primaryimage"},"image":{"@id":"https:\/\/www.tunisie-chirurgie-esthetique.com\/blog\/pour-etre-unique-un-australien-se-fait-enlever-la-conque-interieur-des-oreilles\/#primaryimage"},"thumbnailUrl":"https:\/\/www.tunisie-chirurgie-esthetique.com\/blog\/wp-content\/uploads\/2019\/03\/retirer-interieur-oreilles.jpg","datePublished":"2019-03-25T13:23:15+00:00","dateModified":"2022-08-30T09:37:56+00:00","description":"Chai Maibert est propri\u00e9taire de Calm Boby Modification \u00e0 Stockholm, il a post\u00e9 sur son compte Instagram la photo de Charles, un jeune australien, qui pr\u00e9cise-t-il, aurait fait le tour du monde \u00e0 la recherche d\u2019un chirurgien pouvant faire de lui une identit\u00e9 physique remarquable en lui enlevant l\u2019int\u00e9rieur des oreilles.","breadcrumb":{"@id":"https:\/\/www.tunisie-chirurgie-esthetique.com\/blog\/pour-etre-unique-un-australien-se-fait-enlever-la-conque-interieur-des-oreilles\/#breadcrumb"},"inLanguage":"fr-FR","potentialAction":[{"@type":"ReadAction","target":["https:\/\/www.tunisie-chirurgie-esthetique.com\/blog\/pour-etre-unique-un-australien-se-fait-enlever-la-conque-interieur-des-oreilles\/"]}]},{"@type":"ImageObject","inLanguage":"fr-FR","@id":"https:\/\/www.tunisie-chirurgie-esthetique.com\/blog\/pour-etre-unique-un-australien-se-fait-enlever-la-conque-interieur-des-oreilles\/#primaryimage","url":"https:\/\/www.tunisie-chirurgie-esthetique.com\/blog\/wp-content\/uploads\/2019\/03\/retirer-interieur-oreilles.jpg","contentUrl":"https:\/\/www.tunisie-chirurgie-esthetique.com\/blog\/wp-content\/uploads\/2019\/03\/retirer-interieur-oreilles.jpg","width":526,"height":526},{"@type":"BreadcrumbList","@id":"https:\/\/www.tunisie-chirurgie-esthetique.com\/blog\/pour-etre-unique-un-australien-se-fait-enlever-la-conque-interieur-des-oreilles\/#breadcrumb","itemListElement":[{"@type":"ListItem","position":1,"name":"Accueil","item":"https:\/\/www.tunisie-chirurgie-esthetique.com\/blog\/"},{"@type":"ListItem","position":2,"name":"Guide &amp; Actualit\u00e9 chirurgie plastique","item":"https:\/\/www.tunisie-chirurgie-esthetique.com\/blog\/actualite-chirurgie-plastique\/"},{"@type":"ListItem","position":3,"name":"Pour \u00eatre unique, un australien se fait enlever la conque (int\u00e9rieur des oreilles)"}]},{"@type":"WebSite","@id":"https:\/\/www.tunisie-chirurgie-esthetique.com\/blog\/#website","url":"https:\/\/www.tunisie-chirurgie-esthetique.com\/blog\/","name":"Actualit\u00e9s en chirurgie et m\u00e9decine esth\u00e9tique Tunisie","description":"Chirurgie en Tunisie","publisher":{"@id":"https:\/\/www.tunisie-chirurgie-esthetique.com\/blog\/#organization"},"alternateName":"Forfaits chirurgie esth\u00e9tique Tunisie prix tout compris","potentialAction":[{"@type":"SearchAction","target":{"@type":"EntryPoint","urlTemplate":"https:\/\/www.tunisie-chirurgie-esthetique.com\/blog\/?s={search_term_string}"},"query-input":{"@type":"PropertyValueSpecification","valueRequired":true,"valueName":"search_term_string"}}],"inLanguage":"fr-FR"},{"@type":"Organization","@id":"https:\/\/www.tunisie-chirurgie-esthetique.com\/blog\/#organization","name":"TCE TUNISIE","alternateName":"Chirurgie esth\u00e9tique en Tunisie","url":"https:\/\/www.tunisie-chirurgie-esthetique.com\/blog\/","logo":{"@type":"ImageObject","inLanguage":"fr-FR","@id":"https:\/\/www.tunisie-chirurgie-esthetique.com\/blog\/#\/schema\/logo\/image\/","url":"https:\/\/www.tunisie-chirurgie-esthetique.com\/blog\/wp-content\/uploads\/2022\/08\/fav-tce.png","contentUrl":"https:\/\/www.tunisie-chirurgie-esthetique.com\/blog\/wp-content\/uploads\/2022\/08\/fav-tce.png","width":512,"height":512,"caption":"TCE TUNISIE"},"image":{"@id":"https:\/\/www.tunisie-chirurgie-esthetique.com\/blog\/#\/schema\/logo\/image\/"},"sameAs":["https:\/\/www.facebook.com\/TCETUNISIE\/","https:\/\/x.com\/Tunisie_CE","https:\/\/www.instagram.com\/tunisiece\/","https:\/\/www.linkedin.com\/company\/tunisie-chirurgie-etshetique-tce\/","https:\/\/www.pinterest.fr\/tunisiechirurgi\/","https:\/\/www.youtube.com\/channel\/UCFZHPINDbYAa_yhOk121j7A\/?sub_confirmation=1"]},{"@type":"Person","@id":"https:\/\/www.tunisie-chirurgie-esthetique.com\/blog\/#\/schema\/person\/55f99d583f39ff82c83ea8d20bfb8dac","name":"Dina Legrand","description":"Je m'appelle Dina Legrand, dipl\u00f4m\u00e9e d'un Master en sciences de la sant\u00e9 de l'Universit\u00e9 de Tunis et de Paris. Forte d'une exp\u00e9rience de plus de 15 ans dans le domaine m\u00e9dical, je me suis sp\u00e9cialis\u00e9e dans la r\u00e9daction, la vulgarisation et la gestion de projets scientifiques. Dot\u00e9e d'une grande aisance r\u00e9dactionnelle, j'ai ensuite \u0153uvr\u00e9 en free-lance pour diverses institutions de sant\u00e9. J'ai organis\u00e9 avec succ\u00e8s plusieurs congr\u00e8s m\u00e9dicaux internationaux, requ\u00e9rant rigueur et capacit\u00e9 de gestion de projets complexes. Aimant partager mon savoir, j'anime aujourd'hui le blog Tunisie-chirurgie-esth\u00e9tique.com, v\u00e9ritable r\u00e9f\u00e9rence en mati\u00e8re d'information m\u00e9dicale grand public. Mon objectif est de rendre accessibles des notions parfois ardues, en adoptant un ton p\u00e9dagogique et une plume clarifiant les derni\u00e8res avanc\u00e9es. Forte de ma double comp\u00e9tence m\u00e9dicale et r\u00e9dactionnelle, je me tiens \u00e0 la disposition des professionnels et particuliers pour toute mission d'\u00e9criture, de traduction ou de vulgarisation scientifique.","url":"https:\/\/www.tunisie-chirurgie-esthetique.com\/blog\/author\/nisieshi_tunesth\/"}]}},"_links":{"self":[{"href":"https:\/\/www.tunisie-chirurgie-esthetique.com\/blog\/wp-json\/wp\/v2\/posts\/2245","targetHints":{"allow":["GET"]}}],"collection":[{"href":"https:\/\/www.tunisie-chirurgie-esthetique.com\/blog\/wp-json\/wp\/v2\/posts"}],"about":[{"href":"https:\/\/www.tunisie-chirurgie-esthetique.com\/blog\/wp-json\/wp\/v2\/types\/post"}],"author":[{"embeddable":true,"href":"https:\/\/www.tunisie-chirurgie-esthetique.com\/blog\/wp-json\/wp\/v2\/users\/1"}],"replies":[{"embeddable":true,"href":"https:\/\/www.tunisie-chirurgie-esthetique.com\/blog\/wp-json\/wp\/v2\/comments?post=2245"}],"version-history":[{"count":3,"href":"https:\/\/www.tunisie-chirurgie-esthetique.com\/blog\/wp-json\/wp\/v2\/posts\/2245\/revisions"}],"predecessor-version":[{"id":5299,"href":"https:\/\/www.tunisie-chirurgie-esthetique.com\/blog\/wp-json\/wp\/v2\/posts\/2245\/revisions\/5299"}],"wp:featuredmedia":[{"embeddable":true,"href":"https:\/\/www.tunisie-chirurgie-esthetique.com\/blog\/wp-json\/wp\/v2\/media\/2247"}],"wp:attachment":[{"href":"https:\/\/www.tunisie-chirurgie-esthetique.com\/blog\/wp-json\/wp\/v2\/media?parent=2245"}],"wp:term":[{"taxonomy":"category","embeddable":true,"href":"https:\/\/www.tunisie-chirurgie-esthetique.com\/blog\/wp-json\/wp\/v2\/categories?post=2245"},{"taxonomy":"post_tag","embeddable":true,"href":"https:\/\/www.tunisie-chirurgie-esthetique.com\/blog\/wp-json\/wp\/v2\/tags?post=2245"}],"curies":[{"name":"wp","href":"https:\/\/api.w.org\/{rel}","templated":true}]}}