{"id":2147,"date":"2019-02-13T14:14:35","date_gmt":"2019-02-13T13:14:35","guid":{"rendered":"https:\/\/www.tunisie-chirurgie-esthetique.com\/blog\/?p=2147"},"modified":"2022-08-30T12:10:17","modified_gmt":"2022-08-30T10:10:17","slug":"vers-la-fin-du-finasteride-pour-lutter-contre-la-chute-des-cheveux","status":"publish","type":"post","link":"https:\/\/www.tunisie-chirurgie-esthetique.com\/blog\/vers-la-fin-du-finasteride-pour-lutter-contre-la-chute-des-cheveux\/","title":{"rendered":"Vers la fin du Finast\u00e9ride pour lutter contre la chute des cheveux ?"},"content":{"rendered":"<div id=\"ez-toc-container\" class=\"ez-toc-v2_0_82_2 counter-hierarchy ez-toc-counter ez-toc-light-blue ez-toc-container-direction\">\n<div class=\"ez-toc-title-container\">\n<p class=\"ez-toc-title ez-toc-toggle\" style=\"cursor:pointer\">Sommaire<\/p>\n<span class=\"ez-toc-title-toggle\"><a href=\"#\" class=\"ez-toc-pull-right ez-toc-btn ez-toc-btn-xs ez-toc-btn-default ez-toc-toggle\" aria-label=\"Toggle Table of Content\"><span class=\"ez-toc-js-icon-con\"><span class=\"\"><span class=\"eztoc-hide\" style=\"display:none;\">Toggle<\/span><span class=\"ez-toc-icon-toggle-span\"><svg style=\"fill: #999;color:#999\" xmlns=\"http:\/\/www.w3.org\/2000\/svg\" class=\"list-377408\" width=\"20px\" height=\"20px\" viewBox=\"0 0 24 24\" fill=\"none\"><path d=\"M6 6H4v2h2V6zm14 0H8v2h12V6zM4 11h2v2H4v-2zm16 0H8v2h12v-2zM4 16h2v2H4v-2zm16 0H8v2h12v-2z\" fill=\"currentColor\"><\/path><\/svg><svg style=\"fill: #999;color:#999\" class=\"arrow-unsorted-368013\" xmlns=\"http:\/\/www.w3.org\/2000\/svg\" width=\"10px\" height=\"10px\" viewBox=\"0 0 24 24\" version=\"1.2\" baseProfile=\"tiny\"><path d=\"M18.2 9.3l-6.2-6.3-6.2 6.3c-.2.2-.3.4-.3.7s.1.5.3.7c.2.2.4.3.7.3h11c.3 0 .5-.1.7-.3.2-.2.3-.5.3-.7s-.1-.5-.3-.7zM5.8 14.7l6.2 6.3 6.2-6.3c.2-.2.3-.5.3-.7s-.1-.5-.3-.7c-.2-.2-.4-.3-.7-.3h-11c-.3 0-.5.1-.7.3-.2.2-.3.5-.3.7s.1.5.3.7z\"\/><\/svg><\/span><\/span><\/span><\/a><\/span><\/div>\n<nav><ul class='ez-toc-list ez-toc-list-level-1 eztoc-toggle-hide-by-default' ><li class='ez-toc-page-1 ez-toc-heading-level-2'><a class=\"ez-toc-link ez-toc-heading-1\" href=\"https:\/\/www.tunisie-chirurgie-esthetique.com\/blog\/vers-la-fin-du-finasteride-pour-lutter-contre-la-chute-des-cheveux\/#Le_Propecia_doit-il_etre_retire_du_marche\" >Le Prop\u00e9cia doit-il \u00eatre retir\u00e9 du march\u00e9\u00a0?<\/a><\/li><li class='ez-toc-page-1 ez-toc-heading-level-2'><a class=\"ez-toc-link ez-toc-heading-2\" href=\"https:\/\/www.tunisie-chirurgie-esthetique.com\/blog\/vers-la-fin-du-finasteride-pour-lutter-contre-la-chute-des-cheveux\/#Une_pilule_miracle_contre_la_chute_de_cheveux\" >Une pilule miracle contre la chute de cheveux\u00a0<\/a><\/li><li class='ez-toc-page-1 ez-toc-heading-level-2'><a class=\"ez-toc-link ez-toc-heading-3\" href=\"https:\/\/www.tunisie-chirurgie-esthetique.com\/blog\/vers-la-fin-du-finasteride-pour-lutter-contre-la-chute-des-cheveux\/#Un_medicament_aux_nombreux_effets_secondaires\" >Un m\u00e9dicament aux nombreux effets secondaires<\/a><\/li><li class='ez-toc-page-1 ez-toc-heading-level-2'><a class=\"ez-toc-link ez-toc-heading-4\" href=\"https:\/\/www.tunisie-chirurgie-esthetique.com\/blog\/vers-la-fin-du-finasteride-pour-lutter-contre-la-chute-des-cheveux\/#Quelle_autre_solution_pour_faire_repousser_les_cheveux\" >Quelle autre solution pour faire repousser les cheveux\u00a0?<\/a><\/li><\/ul><\/nav><\/div>\n<p>Dans un article publi\u00e9 dans <em>Le Monde<\/em> du 23 janvier 2019, Pascale Santi met en garde tr\u00e8s explicitement contre les dangers du Finast\u00e9ride. \u00ab\u00a0gare au Finast\u00e9ride\u00a0\u00bb, \u00e9crit-elle p\u00e9remptoirement. Une alerte qu\u2019elle fait reposer sur le suicide de Romain, \u00ab\u00a0<em>ce jeune homme de 25 ans (qui) souffrait de d\u00e9pression<\/em>\u00a0\u00bb\u2026 et sur Adrien qui \u00e0 cause de ce m\u00e9dicament contre la chute de cheveux aura tout perdu \u00ab\u00a0<em>son travail, sa vie de couple, sa vitalit\u00e9\u00a0<\/em>\u00bb. Les effets secondaires du Prop\u00e9cia, il faut le dire, ont toujours \u00e9t\u00e9 d\u00e9cri\u00e9s. Sommes-nous entrain de tendre donc vers son retrait d\u00e9finitif du march\u00e9\u00a0?<\/p>\n<h2><span class=\"ez-toc-section\" id=\"Le_Propecia_doit-il_etre_retire_du_marche\"><\/span><strong>Le Prop\u00e9cia doit-il \u00eatre retir\u00e9 du march\u00e9\u00a0? <\/strong><span class=\"ez-toc-section-end\"><\/span><\/h2>\n<p>A moins bien s\u00fbr que \u00ab\u00a0<em>Donald Trump, utilisateur officiel\u00a0<\/em>\u00bb du finast\u00e9ride selon l\u2019article du Monde ne s\u2019insurge contre la d\u00e9cision de retirer cette mol\u00e9cule du march\u00e9, l\u2019association d\u2019Aide aux victimes du finast\u00e9ride est bien d\u00e9cid\u00e9e cette fois \u00e0 combattre le produit, \u00e0 l\u2019\u00e9radiquer des rayons des pharmacies. Et pour cause, le nombre des victimes selon l\u2019AVFIN est en augmentation malgr\u00e9 les mises en garde.<\/p>\n<p>Et pourquoi\u00a0? Parce qu\u2019\u00e9videmment aucun homme ne souhaite \u00eatre chauve. Parce que c\u2019est dur d\u2019avoir une calvitie, de l\u2019accepter surtout lorsqu\u2019on est jeune. Or, il est aujourd\u2019hui reconnu qu\u2019un homme sur deux dans la trentaine souffrirait d\u2019une calvitie pr\u00e9coce.<\/p>\n<h2><span class=\"ez-toc-section\" id=\"Une_pilule_miracle_contre_la_chute_de_cheveux\"><\/span><strong>Une pilule miracle contre la chute de cheveux\u00a0 <\/strong><span class=\"ez-toc-section-end\"><\/span><\/h2>\n<p>D\u00e8s lors, pour combattre cette calvitie naissante, on serait pr\u00eat \u00e0 tout, y compris \u00e0 prendre un m\u00e9dicament dont on n\u2019ignore pas que ses b\u00e9n\u00e9fices cachent autant ses dangers. En effet, le Prop\u00e9cia qui contient 1mg de finast\u00e9ride permet de lutter contre l\u2019alop\u00e9cie de type hormonale. On n\u2019a pas h\u00e9sit\u00e9 d\u2019ailleurs de la qualifier de \u00ab\u00a0pilule miracle\u00a0\u00bb contre la chute de cheveux. C\u2019est que son action consiste \u00e0 normaliser la production de la dihydrotestost\u00e9rone (DHT), une hormone sexuelle dont les scientifiques disent qu\u2019elle est, lorsqu\u2019elle est en surabondance, \u00e0 l\u2019origine de la mort du follicule pileux et donc de la perte de cheveux.<\/p>\n<h2><span class=\"ez-toc-section\" id=\"Un_medicament_aux_nombreux_effets_secondaires\"><\/span><strong>Un m\u00e9dicament aux nombreux effets secondaires<\/strong><span class=\"ez-toc-section-end\"><\/span><\/h2>\n<p>Si on ne peut remettre en cause le fait que le Prop\u00e9cia permet d\u2019<a href=\"https:\/\/www.tunisie-chirurgie-esthetique.com\/greffe-capillaire\">emp\u00eacher la chute de cheveu<\/a> et donc de favoriser la repousse des cheveux, il serait par contre anormal d\u2019ignorer ses nombreux effets secondaires au nombre desquelles on cite outre la d\u00e9pression, les id\u00e9es suicidaires, la baisse de la libido, des troubles de l\u2019\u00e9rection, une diminution du volume de l\u2019\u00e9jaculation, des l\u00e9gers maux de t\u00eate, une d\u00e9pression nerveuse, etc. Autant dire que le m\u00e9dicament fait pousser un poil dans le cerveau.<\/p>\n<h2><span class=\"ez-toc-section\" id=\"Quelle_autre_solution_pour_faire_repousser_les_cheveux\"><\/span><strong>Quelle autre solution pour faire repousser les cheveux\u00a0? <\/strong><span class=\"ez-toc-section-end\"><\/span><\/h2>\n<p>Il serait donc peut \u00eatre temps de penser \u00e0 d\u2019autres solutions que m\u00e9dicales pour lutter contre l\u2019alop\u00e9cie. On peut \u00e0 cet effet penser \u00e0 une greffe de cheveux (Fue, Fut, DHI) ou pour ceux qui redoutent la chirurgie, \u00e0 un PRP cheveux donc une <a href=\"https:\/\/www.tunisie-chirurgie-esthetique.com\/prp\">injection de plasma riche en plaquettes pour faire repousser les cheveux<\/a>.<\/p>\n","protected":false},"excerpt":{"rendered":"<p>Dans un article publi\u00e9 dans Le Monde du 23 janvier 2019, Pascale Santi met en garde tr\u00e8s explicitement contre les dangers du Finast\u00e9ride. \u00ab\u00a0gare au Finast\u00e9ride\u00a0\u00bb, \u00e9crit-elle p\u00e9remptoirement. Une alerte qu\u2019elle fait reposer sur le suicide de Romain, \u00ab\u00a0ce jeune homme de 25 ans (qui) souffrait de d\u00e9pression\u00a0\u00bb\u2026 et sur Adrien qui \u00e0 cause de [&hellip;]<\/p>\n","protected":false},"author":1,"featured_media":2149,"comment_status":"closed","ping_status":"closed","sticky":false,"template":"","format":"standard","meta":{"rop_custom_images_group":[],"rop_custom_messages_group":[],"rop_publish_now":"initial","rop_publish_now_accounts":{"facebook_2803965346576775_1735562453331861":"","twitter_4255985368_4255985368":""},"rop_publish_now_history":[],"rop_publish_now_status":"pending","footnotes":""},"categories":[1],"tags":[],"class_list":["post-2147","post","type-post","status-publish","format-standard","has-post-thumbnail","hentry","category-actualite-chirurgie-plastique"],"yoast_head":"<!-- This site is optimized with the Yoast SEO plugin v27.4 - https:\/\/yoast.com\/product\/yoast-seo-wordpress\/ -->\n<title>Vers la fin du Finast\u00e9ride pour lutter contre la chute des cheveux<\/title>\n<meta name=\"description\" content=\"Dans un article publi\u00e9 dans Le Monde du 23 janvier 2019, Pascale Santi met en garde tr\u00e8s explicitement contre les dangers du Finast\u00e9ride. \u00ab gare au Finast\u00e9ride \u00bb, \u00e9crit-elle p\u00e9remptoirement. Une alerte qu\u2019elle fait reposer sur le suicide de Romain, \u00ab ce jeune homme de 25 ans (qui) souffrait de d\u00e9pression \u00bb\u2026 et sur Adrien qui \u00e0 cause de ce m\u00e9dicament contre la chute de cheveux aura tout perdu \u00ab son travail, sa vie de couple, sa vitalit\u00e9 \u00bb. Les effets secondaires du Prop\u00e9cia, il faut le dire, ont toujours \u00e9t\u00e9 d\u00e9cri\u00e9s. Sommes-nous entrain de tendre donc vers son retrait d\u00e9finitif du march\u00e9 ?\" \/>\n<meta name=\"robots\" content=\"index, follow, max-snippet:-1, max-image-preview:large, max-video-preview:-1\" \/>\n<link rel=\"canonical\" href=\"https:\/\/www.tunisie-chirurgie-esthetique.com\/blog\/vers-la-fin-du-finasteride-pour-lutter-contre-la-chute-des-cheveux\/\" \/>\n<meta property=\"og:locale\" content=\"fr_FR\" \/>\n<meta property=\"og:type\" content=\"article\" \/>\n<meta property=\"og:title\" content=\"Vers la fin du Finast\u00e9ride pour lutter contre la chute des cheveux\" \/>\n<meta property=\"og:description\" content=\"Dans un article publi\u00e9 dans Le Monde du 23 janvier 2019, Pascale Santi met en garde tr\u00e8s explicitement contre les dangers du Finast\u00e9ride. \u00ab gare au Finast\u00e9ride \u00bb, \u00e9crit-elle p\u00e9remptoirement. Une alerte qu\u2019elle fait reposer sur le suicide de Romain, \u00ab ce jeune homme de 25 ans (qui) souffrait de d\u00e9pression \u00bb\u2026 et sur Adrien qui \u00e0 cause de ce m\u00e9dicament contre la chute de cheveux aura tout perdu \u00ab son travail, sa vie de couple, sa vitalit\u00e9 \u00bb. Les effets secondaires du Prop\u00e9cia, il faut le dire, ont toujours \u00e9t\u00e9 d\u00e9cri\u00e9s. Sommes-nous entrain de tendre donc vers son retrait d\u00e9finitif du march\u00e9 ?\" \/>\n<meta property=\"og:url\" content=\"https:\/\/www.tunisie-chirurgie-esthetique.com\/blog\/vers-la-fin-du-finasteride-pour-lutter-contre-la-chute-des-cheveux\/\" \/>\n<meta property=\"og:site_name\" content=\"Actualit\u00e9s Chirurgie Esth\u00e9tique Tunisie\" \/>\n<meta property=\"article:publisher\" content=\"https:\/\/www.facebook.com\/TCETUNISIE\/\" \/>\n<meta property=\"article:published_time\" content=\"2019-02-13T13:14:35+00:00\" \/>\n<meta property=\"article:modified_time\" content=\"2022-08-30T10:10:17+00:00\" \/>\n<meta property=\"og:image\" content=\"https:\/\/www.tunisie-chirurgie-esthetique.com\/blog\/wp-content\/uploads\/2019\/02\/Finasteride-greffe-cheveux.png\" \/>\n\t<meta property=\"og:image:width\" content=\"902\" \/>\n\t<meta property=\"og:image:height\" content=\"454\" \/>\n\t<meta property=\"og:image:type\" content=\"image\/png\" \/>\n<meta name=\"author\" content=\"Dina Legrand\" \/>\n<meta name=\"twitter:card\" content=\"summary_large_image\" \/>\n<meta name=\"twitter:creator\" content=\"@Tunisie_CE\" \/>\n<meta name=\"twitter:site\" content=\"@Tunisie_CE\" \/>\n<meta name=\"twitter:label1\" content=\"\u00c9crit par\" \/>\n\t<meta name=\"twitter:data1\" content=\"Dina Legrand\" \/>\n\t<meta name=\"twitter:label2\" content=\"Dur\u00e9e de lecture estim\u00e9e\" \/>\n\t<meta name=\"twitter:data2\" content=\"3 minutes\" \/>\n<!-- \/ Yoast SEO plugin. -->","yoast_head_json":{"title":"Vers la fin du Finast\u00e9ride pour lutter contre la chute des cheveux","description":"Dans un article publi\u00e9 dans Le Monde du 23 janvier 2019, Pascale Santi met en garde tr\u00e8s explicitement contre les dangers du Finast\u00e9ride. \u00ab gare au Finast\u00e9ride \u00bb, \u00e9crit-elle p\u00e9remptoirement. Une alerte qu\u2019elle fait reposer sur le suicide de Romain, \u00ab ce jeune homme de 25 ans (qui) souffrait de d\u00e9pression \u00bb\u2026 et sur Adrien qui \u00e0 cause de ce m\u00e9dicament contre la chute de cheveux aura tout perdu \u00ab son travail, sa vie de couple, sa vitalit\u00e9 \u00bb. Les effets secondaires du Prop\u00e9cia, il faut le dire, ont toujours \u00e9t\u00e9 d\u00e9cri\u00e9s. Sommes-nous entrain de tendre donc vers son retrait d\u00e9finitif du march\u00e9 ?","robots":{"index":"index","follow":"follow","max-snippet":"max-snippet:-1","max-image-preview":"max-image-preview:large","max-video-preview":"max-video-preview:-1"},"canonical":"https:\/\/www.tunisie-chirurgie-esthetique.com\/blog\/vers-la-fin-du-finasteride-pour-lutter-contre-la-chute-des-cheveux\/","og_locale":"fr_FR","og_type":"article","og_title":"Vers la fin du Finast\u00e9ride pour lutter contre la chute des cheveux","og_description":"Dans un article publi\u00e9 dans Le Monde du 23 janvier 2019, Pascale Santi met en garde tr\u00e8s explicitement contre les dangers du Finast\u00e9ride. \u00ab gare au Finast\u00e9ride \u00bb, \u00e9crit-elle p\u00e9remptoirement. Une alerte qu\u2019elle fait reposer sur le suicide de Romain, \u00ab ce jeune homme de 25 ans (qui) souffrait de d\u00e9pression \u00bb\u2026 et sur Adrien qui \u00e0 cause de ce m\u00e9dicament contre la chute de cheveux aura tout perdu \u00ab son travail, sa vie de couple, sa vitalit\u00e9 \u00bb. Les effets secondaires du Prop\u00e9cia, il faut le dire, ont toujours \u00e9t\u00e9 d\u00e9cri\u00e9s. Sommes-nous entrain de tendre donc vers son retrait d\u00e9finitif du march\u00e9 ?","og_url":"https:\/\/www.tunisie-chirurgie-esthetique.com\/blog\/vers-la-fin-du-finasteride-pour-lutter-contre-la-chute-des-cheveux\/","og_site_name":"Actualit\u00e9s Chirurgie Esth\u00e9tique Tunisie","article_publisher":"https:\/\/www.facebook.com\/TCETUNISIE\/","article_published_time":"2019-02-13T13:14:35+00:00","article_modified_time":"2022-08-30T10:10:17+00:00","og_image":[{"width":902,"height":454,"url":"https:\/\/www.tunisie-chirurgie-esthetique.com\/blog\/wp-content\/uploads\/2019\/02\/Finasteride-greffe-cheveux.png","type":"image\/png"}],"author":"Dina Legrand","twitter_card":"summary_large_image","twitter_creator":"@Tunisie_CE","twitter_site":"@Tunisie_CE","twitter_misc":{"\u00c9crit par":"Dina Legrand","Dur\u00e9e de lecture estim\u00e9e":"3 minutes"},"schema":{"@context":"https:\/\/schema.org","@graph":[{"@type":["Article","BlogPosting"],"@id":"https:\/\/www.tunisie-chirurgie-esthetique.com\/blog\/vers-la-fin-du-finasteride-pour-lutter-contre-la-chute-des-cheveux\/#article","isPartOf":{"@id":"https:\/\/www.tunisie-chirurgie-esthetique.com\/blog\/vers-la-fin-du-finasteride-pour-lutter-contre-la-chute-des-cheveux\/"},"author":{"name":"Dina Legrand","@id":"https:\/\/www.tunisie-chirurgie-esthetique.com\/blog\/#\/schema\/person\/55f99d583f39ff82c83ea8d20bfb8dac"},"headline":"Vers la fin du Finast\u00e9ride pour lutter contre la chute des cheveux ?","datePublished":"2019-02-13T13:14:35+00:00","dateModified":"2022-08-30T10:10:17+00:00","mainEntityOfPage":{"@id":"https:\/\/www.tunisie-chirurgie-esthetique.com\/blog\/vers-la-fin-du-finasteride-pour-lutter-contre-la-chute-des-cheveux\/"},"wordCount":538,"publisher":{"@id":"https:\/\/www.tunisie-chirurgie-esthetique.com\/blog\/#organization"},"image":{"@id":"https:\/\/www.tunisie-chirurgie-esthetique.com\/blog\/vers-la-fin-du-finasteride-pour-lutter-contre-la-chute-des-cheveux\/#primaryimage"},"thumbnailUrl":"https:\/\/www.tunisie-chirurgie-esthetique.com\/blog\/wp-content\/uploads\/2019\/02\/Finasteride-greffe-cheveux.png","articleSection":["Guide &amp; Actualit\u00e9 chirurgie plastique"],"inLanguage":"fr-FR"},{"@type":"WebPage","@id":"https:\/\/www.tunisie-chirurgie-esthetique.com\/blog\/vers-la-fin-du-finasteride-pour-lutter-contre-la-chute-des-cheveux\/","url":"https:\/\/www.tunisie-chirurgie-esthetique.com\/blog\/vers-la-fin-du-finasteride-pour-lutter-contre-la-chute-des-cheveux\/","name":"Vers la fin du Finast\u00e9ride pour lutter contre la chute des cheveux","isPartOf":{"@id":"https:\/\/www.tunisie-chirurgie-esthetique.com\/blog\/#website"},"primaryImageOfPage":{"@id":"https:\/\/www.tunisie-chirurgie-esthetique.com\/blog\/vers-la-fin-du-finasteride-pour-lutter-contre-la-chute-des-cheveux\/#primaryimage"},"image":{"@id":"https:\/\/www.tunisie-chirurgie-esthetique.com\/blog\/vers-la-fin-du-finasteride-pour-lutter-contre-la-chute-des-cheveux\/#primaryimage"},"thumbnailUrl":"https:\/\/www.tunisie-chirurgie-esthetique.com\/blog\/wp-content\/uploads\/2019\/02\/Finasteride-greffe-cheveux.png","datePublished":"2019-02-13T13:14:35+00:00","dateModified":"2022-08-30T10:10:17+00:00","description":"Dans un article publi\u00e9 dans Le Monde du 23 janvier 2019, Pascale Santi met en garde tr\u00e8s explicitement contre les dangers du Finast\u00e9ride. \u00ab gare au Finast\u00e9ride \u00bb, \u00e9crit-elle p\u00e9remptoirement. Une alerte qu\u2019elle fait reposer sur le suicide de Romain, \u00ab ce jeune homme de 25 ans (qui) souffrait de d\u00e9pression \u00bb\u2026 et sur Adrien qui \u00e0 cause de ce m\u00e9dicament contre la chute de cheveux aura tout perdu \u00ab son travail, sa vie de couple, sa vitalit\u00e9 \u00bb. Les effets secondaires du Prop\u00e9cia, il faut le dire, ont toujours \u00e9t\u00e9 d\u00e9cri\u00e9s. Sommes-nous entrain de tendre donc vers son retrait d\u00e9finitif du march\u00e9 ?","breadcrumb":{"@id":"https:\/\/www.tunisie-chirurgie-esthetique.com\/blog\/vers-la-fin-du-finasteride-pour-lutter-contre-la-chute-des-cheveux\/#breadcrumb"},"inLanguage":"fr-FR","potentialAction":[{"@type":"ReadAction","target":["https:\/\/www.tunisie-chirurgie-esthetique.com\/blog\/vers-la-fin-du-finasteride-pour-lutter-contre-la-chute-des-cheveux\/"]}]},{"@type":"ImageObject","inLanguage":"fr-FR","@id":"https:\/\/www.tunisie-chirurgie-esthetique.com\/blog\/vers-la-fin-du-finasteride-pour-lutter-contre-la-chute-des-cheveux\/#primaryimage","url":"https:\/\/www.tunisie-chirurgie-esthetique.com\/blog\/wp-content\/uploads\/2019\/02\/Finasteride-greffe-cheveux.png","contentUrl":"https:\/\/www.tunisie-chirurgie-esthetique.com\/blog\/wp-content\/uploads\/2019\/02\/Finasteride-greffe-cheveux.png","width":902,"height":454},{"@type":"BreadcrumbList","@id":"https:\/\/www.tunisie-chirurgie-esthetique.com\/blog\/vers-la-fin-du-finasteride-pour-lutter-contre-la-chute-des-cheveux\/#breadcrumb","itemListElement":[{"@type":"ListItem","position":1,"name":"Accueil","item":"https:\/\/www.tunisie-chirurgie-esthetique.com\/blog\/"},{"@type":"ListItem","position":2,"name":"Guide &amp; Actualit\u00e9 chirurgie plastique","item":"https:\/\/www.tunisie-chirurgie-esthetique.com\/blog\/actualite-chirurgie-plastique\/"},{"@type":"ListItem","position":3,"name":"Vers la fin du Finast\u00e9ride pour lutter contre la chute des cheveux ?"}]},{"@type":"WebSite","@id":"https:\/\/www.tunisie-chirurgie-esthetique.com\/blog\/#website","url":"https:\/\/www.tunisie-chirurgie-esthetique.com\/blog\/","name":"Actualit\u00e9s en chirurgie et m\u00e9decine esth\u00e9tique Tunisie","description":"Chirurgie en Tunisie","publisher":{"@id":"https:\/\/www.tunisie-chirurgie-esthetique.com\/blog\/#organization"},"alternateName":"Forfaits chirurgie esth\u00e9tique Tunisie prix tout compris","potentialAction":[{"@type":"SearchAction","target":{"@type":"EntryPoint","urlTemplate":"https:\/\/www.tunisie-chirurgie-esthetique.com\/blog\/?s={search_term_string}"},"query-input":{"@type":"PropertyValueSpecification","valueRequired":true,"valueName":"search_term_string"}}],"inLanguage":"fr-FR"},{"@type":"Organization","@id":"https:\/\/www.tunisie-chirurgie-esthetique.com\/blog\/#organization","name":"TCE TUNISIE","alternateName":"Chirurgie esth\u00e9tique en Tunisie","url":"https:\/\/www.tunisie-chirurgie-esthetique.com\/blog\/","logo":{"@type":"ImageObject","inLanguage":"fr-FR","@id":"https:\/\/www.tunisie-chirurgie-esthetique.com\/blog\/#\/schema\/logo\/image\/","url":"https:\/\/www.tunisie-chirurgie-esthetique.com\/blog\/wp-content\/uploads\/2022\/08\/fav-tce.png","contentUrl":"https:\/\/www.tunisie-chirurgie-esthetique.com\/blog\/wp-content\/uploads\/2022\/08\/fav-tce.png","width":512,"height":512,"caption":"TCE TUNISIE"},"image":{"@id":"https:\/\/www.tunisie-chirurgie-esthetique.com\/blog\/#\/schema\/logo\/image\/"},"sameAs":["https:\/\/www.facebook.com\/TCETUNISIE\/","https:\/\/x.com\/Tunisie_CE","https:\/\/www.instagram.com\/tunisiece\/","https:\/\/www.linkedin.com\/company\/tunisie-chirurgie-etshetique-tce\/","https:\/\/www.pinterest.fr\/tunisiechirurgi\/","https:\/\/www.youtube.com\/channel\/UCFZHPINDbYAa_yhOk121j7A\/?sub_confirmation=1"]},{"@type":"Person","@id":"https:\/\/www.tunisie-chirurgie-esthetique.com\/blog\/#\/schema\/person\/55f99d583f39ff82c83ea8d20bfb8dac","name":"Dina Legrand","description":"Je m'appelle Dina Legrand, dipl\u00f4m\u00e9e d'un Master en sciences de la sant\u00e9 de l'Universit\u00e9 de Tunis et de Paris. Forte d'une exp\u00e9rience de plus de 15 ans dans le domaine m\u00e9dical, je me suis sp\u00e9cialis\u00e9e dans la r\u00e9daction, la vulgarisation et la gestion de projets scientifiques. Dot\u00e9e d'une grande aisance r\u00e9dactionnelle, j'ai ensuite \u0153uvr\u00e9 en free-lance pour diverses institutions de sant\u00e9. J'ai organis\u00e9 avec succ\u00e8s plusieurs congr\u00e8s m\u00e9dicaux internationaux, requ\u00e9rant rigueur et capacit\u00e9 de gestion de projets complexes. Aimant partager mon savoir, j'anime aujourd'hui le blog Tunisie-chirurgie-esth\u00e9tique.com, v\u00e9ritable r\u00e9f\u00e9rence en mati\u00e8re d'information m\u00e9dicale grand public. Mon objectif est de rendre accessibles des notions parfois ardues, en adoptant un ton p\u00e9dagogique et une plume clarifiant les derni\u00e8res avanc\u00e9es. Forte de ma double comp\u00e9tence m\u00e9dicale et r\u00e9dactionnelle, je me tiens \u00e0 la disposition des professionnels et particuliers pour toute mission d'\u00e9criture, de traduction ou de vulgarisation scientifique.","url":"https:\/\/www.tunisie-chirurgie-esthetique.com\/blog\/author\/nisieshi_tunesth\/"}]}},"_links":{"self":[{"href":"https:\/\/www.tunisie-chirurgie-esthetique.com\/blog\/wp-json\/wp\/v2\/posts\/2147","targetHints":{"allow":["GET"]}}],"collection":[{"href":"https:\/\/www.tunisie-chirurgie-esthetique.com\/blog\/wp-json\/wp\/v2\/posts"}],"about":[{"href":"https:\/\/www.tunisie-chirurgie-esthetique.com\/blog\/wp-json\/wp\/v2\/types\/post"}],"author":[{"embeddable":true,"href":"https:\/\/www.tunisie-chirurgie-esthetique.com\/blog\/wp-json\/wp\/v2\/users\/1"}],"replies":[{"embeddable":true,"href":"https:\/\/www.tunisie-chirurgie-esthetique.com\/blog\/wp-json\/wp\/v2\/comments?post=2147"}],"version-history":[{"count":3,"href":"https:\/\/www.tunisie-chirurgie-esthetique.com\/blog\/wp-json\/wp\/v2\/posts\/2147\/revisions"}],"predecessor-version":[{"id":5326,"href":"https:\/\/www.tunisie-chirurgie-esthetique.com\/blog\/wp-json\/wp\/v2\/posts\/2147\/revisions\/5326"}],"wp:featuredmedia":[{"embeddable":true,"href":"https:\/\/www.tunisie-chirurgie-esthetique.com\/blog\/wp-json\/wp\/v2\/media\/2149"}],"wp:attachment":[{"href":"https:\/\/www.tunisie-chirurgie-esthetique.com\/blog\/wp-json\/wp\/v2\/media?parent=2147"}],"wp:term":[{"taxonomy":"category","embeddable":true,"href":"https:\/\/www.tunisie-chirurgie-esthetique.com\/blog\/wp-json\/wp\/v2\/categories?post=2147"},{"taxonomy":"post_tag","embeddable":true,"href":"https:\/\/www.tunisie-chirurgie-esthetique.com\/blog\/wp-json\/wp\/v2\/tags?post=2147"}],"curies":[{"name":"wp","href":"https:\/\/api.w.org\/{rel}","templated":true}]}}