{"id":1994,"date":"2018-11-27T11:43:13","date_gmt":"2018-11-27T10:43:13","guid":{"rendered":"https:\/\/www.tunisie-chirurgie-esthetique.com\/blog\/?p=1994"},"modified":"2023-09-04T15:00:27","modified_gmt":"2023-09-04T13:00:27","slug":"pourquoi-se-faire-operer-le-nez","status":"publish","type":"post","link":"https:\/\/www.tunisie-chirurgie-esthetique.com\/blog\/pourquoi-se-faire-operer-le-nez\/","title":{"rendered":"Pourquoi certains veulent-ils se faire op\u00e9rer le nez ?"},"content":{"rendered":"<div id=\"ez-toc-container\" class=\"ez-toc-v2_0_82_2 counter-hierarchy ez-toc-counter ez-toc-light-blue ez-toc-container-direction\">\n<div class=\"ez-toc-title-container\">\n<p class=\"ez-toc-title ez-toc-toggle\" style=\"cursor:pointer\">Sommaire<\/p>\n<span class=\"ez-toc-title-toggle\"><a href=\"#\" class=\"ez-toc-pull-right ez-toc-btn ez-toc-btn-xs ez-toc-btn-default ez-toc-toggle\" aria-label=\"Toggle Table of Content\"><span class=\"ez-toc-js-icon-con\"><span class=\"\"><span class=\"eztoc-hide\" style=\"display:none;\">Toggle<\/span><span class=\"ez-toc-icon-toggle-span\"><svg style=\"fill: #999;color:#999\" xmlns=\"http:\/\/www.w3.org\/2000\/svg\" class=\"list-377408\" width=\"20px\" height=\"20px\" viewBox=\"0 0 24 24\" fill=\"none\"><path d=\"M6 6H4v2h2V6zm14 0H8v2h12V6zM4 11h2v2H4v-2zm16 0H8v2h12v-2zM4 16h2v2H4v-2zm16 0H8v2h12v-2z\" fill=\"currentColor\"><\/path><\/svg><svg style=\"fill: #999;color:#999\" class=\"arrow-unsorted-368013\" xmlns=\"http:\/\/www.w3.org\/2000\/svg\" width=\"10px\" height=\"10px\" viewBox=\"0 0 24 24\" version=\"1.2\" baseProfile=\"tiny\"><path d=\"M18.2 9.3l-6.2-6.3-6.2 6.3c-.2.2-.3.4-.3.7s.1.5.3.7c.2.2.4.3.7.3h11c.3 0 .5-.1.7-.3.2-.2.3-.5.3-.7s-.1-.5-.3-.7zM5.8 14.7l6.2 6.3 6.2-6.3c.2-.2.3-.5.3-.7s-.1-.5-.3-.7c-.2-.2-.4-.3-.7-.3h-11c-.3 0-.5.1-.7.3-.2.2-.3.5-.3.7s.1.5.3.7z\"\/><\/svg><\/span><\/span><\/span><\/a><\/span><\/div>\n<nav><ul class='ez-toc-list ez-toc-list-level-1 eztoc-toggle-hide-by-default' ><li class='ez-toc-page-1 ez-toc-heading-level-2'><a class=\"ez-toc-link ez-toc-heading-1\" href=\"https:\/\/www.tunisie-chirurgie-esthetique.com\/blog\/pourquoi-se-faire-operer-le-nez\/#Les_raisons_des_demandes_de_rhinoplastie\" >Les raisons des demandes de rhinoplastie<\/a><ul class='ez-toc-list-level-3' ><li class='ez-toc-heading-level-3'><a class=\"ez-toc-link ez-toc-heading-2\" href=\"https:\/\/www.tunisie-chirurgie-esthetique.com\/blog\/pourquoi-se-faire-operer-le-nez\/#Les_malformations_evidentes_du_nez\" >Les malformations \u00e9videntes du nez<\/a><\/li><li class='ez-toc-page-1 ez-toc-heading-level-3'><a class=\"ez-toc-link ez-toc-heading-3\" href=\"https:\/\/www.tunisie-chirurgie-esthetique.com\/blog\/pourquoi-se-faire-operer-le-nez\/#Les_cas_de_troubles_psychosomatiques\" >Les cas de troubles psychosomatiques<\/a><\/li><li class='ez-toc-page-1 ez-toc-heading-level-3'><a class=\"ez-toc-link ez-toc-heading-4\" href=\"https:\/\/www.tunisie-chirurgie-esthetique.com\/blog\/pourquoi-se-faire-operer-le-nez\/#La_necessite_professionnelle\" >La n\u00e9cessit\u00e9 professionnelle<\/a><\/li><li class='ez-toc-page-1 ez-toc-heading-level-3'><a class=\"ez-toc-link ez-toc-heading-5\" href=\"https:\/\/www.tunisie-chirurgie-esthetique.com\/blog\/pourquoi-se-faire-operer-le-nez\/#Les_malformations_de_la_cloison_nasale\" >Les malformations de la cloison nasale<\/a><\/li><\/ul><\/li><\/ul><\/nav><\/div>\n<p>Contrairement \u00e0 la chirurgie de la d\u00e9viation de la cloison nasale que l\u2019on nomme aussi septoplastie, laquelle est r\u00e9alis\u00e9e pour des raisons essentiellement fonctionnelles, la rhinoplastie est une intervention pratiqu\u00e9e d\u2019abord pour <a href=\"https:\/\/www.tunisie-chirurgie-esthetique.com\/rhinoplastie-tunisie\">corriger les d\u00e9fauts esth\u00e9tiques du nez<\/a>, m\u00eame si \u00e9videmment il existe une <strong><a href=\"https:\/\/www.tunisie-chirurgie-esthetique.com\/septoplastie-tunisie\">rhinoplastie fonctionnelle<\/a><\/strong>. C\u2019est surtout pour corriger un nez imparfait ou jug\u00e9 d\u00e9fectueux que la rhinoplastie est sollicit\u00e9e par les patients. Mais de quel d\u00e9faut du nez parle-t-on\u00a0?<\/p>\n<h2><span class=\"ez-toc-section\" id=\"Les_raisons_des_demandes_de_rhinoplastie\"><\/span><strong>Les raisons des demandes de rhinoplastie <\/strong><span class=\"ez-toc-section-end\"><\/span><\/h2>\n<h3><span class=\"ez-toc-section\" id=\"Les_malformations_evidentes_du_nez\"><\/span><strong>Les malformations \u00e9videntes du nez <\/strong><span class=\"ez-toc-section-end\"><\/span><\/h3>\n<p>Une demande de chirurgie esth\u00e9tique du nez peut \u00eatre faite pour corriger soit les dimensions soit les d\u00e9formations du nez. Dans le 1<sup>er<\/sup> cas, il peut s\u2019agir d\u2019un nez trop long ou d\u2019un nez trop court. Dans le cas des d\u00e9formations, on peut avoir un nez bossu ou nez en pied de marmite lorsque la d\u00e9formation est ant\u00e9ropost\u00e9rieure\u00a0; ou un nez d\u00e9vi\u00e9 ou nez camus lorsque la d\u00e9formation est transversale.<\/p>\n<h3><span class=\"ez-toc-section\" id=\"Les_cas_de_troubles_psychosomatiques\"><\/span><strong>Les cas de troubles psychosomatiques <\/strong><span class=\"ez-toc-section-end\"><\/span><\/h3>\n<p>A c\u00f4t\u00e9 de cette premi\u00e8re cat\u00e9gorie de personnes qui pr\u00e9sentent des malformations du nez r\u00e9elles, visibles ou imm\u00e9diatement perceptibles, se trouvent ceux qui manifestent le sentiment d\u2019une inad\u00e9quation entre la forme de leur nez et leur personnalit\u00e9, et qui trouvent dans la plastie du nez, l\u2019unique moyen de r\u00e9tablir cet \u00e9quilibre. En l\u2019absence d\u2019une prise en charge chirurgicale, ils se manifestent chez ces personnes, une d\u00e9viation profonde du caract\u00e8re.<\/p>\n<h3><span class=\"ez-toc-section\" id=\"La_necessite_professionnelle\"><\/span><strong>La n\u00e9cessit\u00e9 professionnelle <\/strong><span class=\"ez-toc-section-end\"><\/span><\/h3>\n<p>Depuis quelques ann\u00e9es, les visages de c\u00e9l\u00e9brit\u00e9s ayant eu recours \u00e0 la <strong>chirurgie du nez<\/strong> sont nombreux. Chaque jour, une star du cin\u00e9ma ou de la t\u00e9l\u00e9 doit se faire op\u00e9rer un nez avec lequel il a pourtant v\u00e9cu longtemps.<\/p>\n<p>Tout se passe comme si dans les professions o\u00f9 l\u2019on est en contact quotidien ou fr\u00e9quent avec un public, s\u2019impose la n\u00e9cessit\u00e9 de corriger le moindre d\u00e9faut physique, y compris m\u00eame celui ne se laissait pas percevoir. C\u2019est que dans notre monde o\u00f9 l\u2019apparence est devenue un crit\u00e8re objectif de r\u00e9ussite social, les autres deviennent pour nous un miroir. Les entreprises, fonci\u00e8rement capitalistes, savent que pour augmenter leur chiffre, il faut employer des personnes dont l\u2019image est en soi \u00ab\u00a0vendable\u00a0\u00bb.<\/p>\n<p>C\u2019est pourquoi la rhinoplastie fait partie des interventions chirurgie esth\u00e9tique les plus pratiqu\u00e9es \u00e0 Hollywood. D\u2019autres, qui ne veulent pas, en raison de longues suites op\u00e9ratoires, des complications ou pour dissimuler cette intervention, pr\u00e9f\u00e8rent une <a href=\"https:\/\/www.tunisie-chirurgie-esthetique.com\/rhinoplastie-medicale-tunisie\">rhinoplastie m\u00e9dicale<\/a>. Mais toujours est-il qu\u2019ils modifient l\u2019apparence de leur nez pour se faire-valoir.<\/p>\n<h3><span class=\"ez-toc-section\" id=\"Les_malformations_de_la_cloison_nasale\"><\/span><strong>Les malformations de la cloison nasale <\/strong><span class=\"ez-toc-section-end\"><\/span><\/h3>\n<p>Certaines malformations externes du nez peuvent \u00eatre associ\u00e9es \u00e0 une d\u00e9formation interne. Avec pour cons\u00e9quence, une g\u00eane respiratoire ou un rhume chronique. Dans ce cas, une demande de <a href=\"https:\/\/www.tunisie-chirurgie-esthetique.com\/septoplastie-tunisie\">correction de la structure ost\u00e9o-cartilagineuse<\/a> pour restaurer la fonction respiratoire peut \u00eatre r\u00e9alis\u00e9e dans le m\u00eame temps op\u00e9ratoire.<\/p>\n<p><strong>\u00a0<\/strong><\/p>\n","protected":false},"excerpt":{"rendered":"<p>Contrairement \u00e0 la chirurgie de la d\u00e9viation de la cloison nasale que l\u2019on nomme aussi septoplastie, laquelle est r\u00e9alis\u00e9e pour des raisons essentiellement fonctionnelles, la rhinoplastie est une intervention pratiqu\u00e9e d\u2019abord pour corriger les d\u00e9fauts esth\u00e9tiques du nez, m\u00eame si \u00e9videmment il existe une rhinoplastie fonctionnelle. C\u2019est surtout pour corriger un nez imparfait ou jug\u00e9 [&hellip;]<\/p>\n","protected":false},"author":1,"featured_media":1998,"comment_status":"closed","ping_status":"closed","sticky":false,"template":"","format":"standard","meta":{"rop_custom_images_group":[],"rop_custom_messages_group":[],"rop_publish_now":"initial","rop_publish_now_accounts":{"facebook_2803965346576775_1735562453331861":"","twitter_4255985368_4255985368":""},"rop_publish_now_history":[],"rop_publish_now_status":"pending","footnotes":""},"categories":[1],"tags":[],"class_list":["post-1994","post","type-post","status-publish","format-standard","has-post-thumbnail","hentry","category-actualite-chirurgie-plastique"],"yoast_head":"<!-- This site is optimized with the Yoast SEO plugin v27.4 - https:\/\/yoast.com\/product\/yoast-seo-wordpress\/ -->\n<title>Pourquoi certains veulent-ils se faire op\u00e9rer le nez ?<\/title>\n<meta name=\"description\" content=\"Depuis quelques ann\u00e9es, les visages de c\u00e9l\u00e9brit\u00e9s ayant eu recours \u00e0 la chirurgie du nez sont nombreux. Chaque jour, une star du cin\u00e9ma ou de la t\u00e9l\u00e9 doit se faire op\u00e9rer un nez avec lequel il a pourtant v\u00e9cu longtemps.\" \/>\n<meta name=\"robots\" content=\"index, follow, max-snippet:-1, max-image-preview:large, max-video-preview:-1\" \/>\n<link rel=\"canonical\" href=\"https:\/\/www.tunisie-chirurgie-esthetique.com\/blog\/pourquoi-se-faire-operer-le-nez\/\" \/>\n<meta property=\"og:locale\" content=\"fr_FR\" \/>\n<meta property=\"og:type\" content=\"article\" \/>\n<meta property=\"og:title\" content=\"Pourquoi certains veulent-ils se faire op\u00e9rer le nez ?\" \/>\n<meta property=\"og:description\" content=\"Depuis quelques ann\u00e9es, les visages de c\u00e9l\u00e9brit\u00e9s ayant eu recours \u00e0 la chirurgie du nez sont nombreux. Chaque jour, une star du cin\u00e9ma ou de la t\u00e9l\u00e9 doit se faire op\u00e9rer un nez avec lequel il a pourtant v\u00e9cu longtemps.\" \/>\n<meta property=\"og:url\" content=\"https:\/\/www.tunisie-chirurgie-esthetique.com\/blog\/pourquoi-se-faire-operer-le-nez\/\" \/>\n<meta property=\"og:site_name\" content=\"Actualit\u00e9s Chirurgie Esth\u00e9tique Tunisie\" \/>\n<meta property=\"article:publisher\" content=\"https:\/\/www.facebook.com\/TCETUNISIE\/\" \/>\n<meta property=\"article:published_time\" content=\"2018-11-27T10:43:13+00:00\" \/>\n<meta property=\"article:modified_time\" content=\"2023-09-04T13:00:27+00:00\" \/>\n<meta property=\"og:image\" content=\"https:\/\/www.tunisie-chirurgie-esthetique.com\/blog\/wp-content\/uploads\/2018\/11\/deformations-nasales.png\" \/>\n\t<meta property=\"og:image:width\" content=\"750\" \/>\n\t<meta property=\"og:image:height\" content=\"420\" \/>\n\t<meta property=\"og:image:type\" content=\"image\/png\" \/>\n<meta name=\"author\" content=\"Dina Legrand\" \/>\n<meta name=\"twitter:card\" content=\"summary_large_image\" \/>\n<meta name=\"twitter:creator\" content=\"@Tunisie_CE\" \/>\n<meta name=\"twitter:site\" content=\"@Tunisie_CE\" \/>\n<meta name=\"twitter:label1\" content=\"\u00c9crit par\" \/>\n\t<meta name=\"twitter:data1\" content=\"Dina Legrand\" \/>\n\t<meta name=\"twitter:label2\" content=\"Dur\u00e9e de lecture estim\u00e9e\" \/>\n\t<meta name=\"twitter:data2\" content=\"3 minutes\" \/>\n<!-- \/ Yoast SEO plugin. -->","yoast_head_json":{"title":"Pourquoi certains veulent-ils se faire op\u00e9rer le nez ?","description":"Depuis quelques ann\u00e9es, les visages de c\u00e9l\u00e9brit\u00e9s ayant eu recours \u00e0 la chirurgie du nez sont nombreux. Chaque jour, une star du cin\u00e9ma ou de la t\u00e9l\u00e9 doit se faire op\u00e9rer un nez avec lequel il a pourtant v\u00e9cu longtemps.","robots":{"index":"index","follow":"follow","max-snippet":"max-snippet:-1","max-image-preview":"max-image-preview:large","max-video-preview":"max-video-preview:-1"},"canonical":"https:\/\/www.tunisie-chirurgie-esthetique.com\/blog\/pourquoi-se-faire-operer-le-nez\/","og_locale":"fr_FR","og_type":"article","og_title":"Pourquoi certains veulent-ils se faire op\u00e9rer le nez ?","og_description":"Depuis quelques ann\u00e9es, les visages de c\u00e9l\u00e9brit\u00e9s ayant eu recours \u00e0 la chirurgie du nez sont nombreux. Chaque jour, une star du cin\u00e9ma ou de la t\u00e9l\u00e9 doit se faire op\u00e9rer un nez avec lequel il a pourtant v\u00e9cu longtemps.","og_url":"https:\/\/www.tunisie-chirurgie-esthetique.com\/blog\/pourquoi-se-faire-operer-le-nez\/","og_site_name":"Actualit\u00e9s Chirurgie Esth\u00e9tique Tunisie","article_publisher":"https:\/\/www.facebook.com\/TCETUNISIE\/","article_published_time":"2018-11-27T10:43:13+00:00","article_modified_time":"2023-09-04T13:00:27+00:00","og_image":[{"width":750,"height":420,"url":"https:\/\/www.tunisie-chirurgie-esthetique.com\/blog\/wp-content\/uploads\/2018\/11\/deformations-nasales.png","type":"image\/png"}],"author":"Dina Legrand","twitter_card":"summary_large_image","twitter_creator":"@Tunisie_CE","twitter_site":"@Tunisie_CE","twitter_misc":{"\u00c9crit par":"Dina Legrand","Dur\u00e9e de lecture estim\u00e9e":"3 minutes"},"schema":{"@context":"https:\/\/schema.org","@graph":[{"@type":["Article","BlogPosting"],"@id":"https:\/\/www.tunisie-chirurgie-esthetique.com\/blog\/pourquoi-se-faire-operer-le-nez\/#article","isPartOf":{"@id":"https:\/\/www.tunisie-chirurgie-esthetique.com\/blog\/pourquoi-se-faire-operer-le-nez\/"},"author":{"name":"Dina Legrand","@id":"https:\/\/www.tunisie-chirurgie-esthetique.com\/blog\/#\/schema\/person\/55f99d583f39ff82c83ea8d20bfb8dac"},"headline":"Pourquoi certains veulent-ils se faire op\u00e9rer le nez ?","datePublished":"2018-11-27T10:43:13+00:00","dateModified":"2023-09-04T13:00:27+00:00","mainEntityOfPage":{"@id":"https:\/\/www.tunisie-chirurgie-esthetique.com\/blog\/pourquoi-se-faire-operer-le-nez\/"},"wordCount":533,"publisher":{"@id":"https:\/\/www.tunisie-chirurgie-esthetique.com\/blog\/#organization"},"image":{"@id":"https:\/\/www.tunisie-chirurgie-esthetique.com\/blog\/pourquoi-se-faire-operer-le-nez\/#primaryimage"},"thumbnailUrl":"https:\/\/www.tunisie-chirurgie-esthetique.com\/blog\/wp-content\/uploads\/2018\/11\/deformations-nasales.png","articleSection":["Guide &amp; Actualit\u00e9 chirurgie plastique"],"inLanguage":"fr-FR"},{"@type":"WebPage","@id":"https:\/\/www.tunisie-chirurgie-esthetique.com\/blog\/pourquoi-se-faire-operer-le-nez\/","url":"https:\/\/www.tunisie-chirurgie-esthetique.com\/blog\/pourquoi-se-faire-operer-le-nez\/","name":"Pourquoi certains veulent-ils se faire op\u00e9rer le nez ?","isPartOf":{"@id":"https:\/\/www.tunisie-chirurgie-esthetique.com\/blog\/#website"},"primaryImageOfPage":{"@id":"https:\/\/www.tunisie-chirurgie-esthetique.com\/blog\/pourquoi-se-faire-operer-le-nez\/#primaryimage"},"image":{"@id":"https:\/\/www.tunisie-chirurgie-esthetique.com\/blog\/pourquoi-se-faire-operer-le-nez\/#primaryimage"},"thumbnailUrl":"https:\/\/www.tunisie-chirurgie-esthetique.com\/blog\/wp-content\/uploads\/2018\/11\/deformations-nasales.png","datePublished":"2018-11-27T10:43:13+00:00","dateModified":"2023-09-04T13:00:27+00:00","description":"Depuis quelques ann\u00e9es, les visages de c\u00e9l\u00e9brit\u00e9s ayant eu recours \u00e0 la chirurgie du nez sont nombreux. Chaque jour, une star du cin\u00e9ma ou de la t\u00e9l\u00e9 doit se faire op\u00e9rer un nez avec lequel il a pourtant v\u00e9cu longtemps.","breadcrumb":{"@id":"https:\/\/www.tunisie-chirurgie-esthetique.com\/blog\/pourquoi-se-faire-operer-le-nez\/#breadcrumb"},"inLanguage":"fr-FR","potentialAction":[{"@type":"ReadAction","target":["https:\/\/www.tunisie-chirurgie-esthetique.com\/blog\/pourquoi-se-faire-operer-le-nez\/"]}]},{"@type":"ImageObject","inLanguage":"fr-FR","@id":"https:\/\/www.tunisie-chirurgie-esthetique.com\/blog\/pourquoi-se-faire-operer-le-nez\/#primaryimage","url":"https:\/\/www.tunisie-chirurgie-esthetique.com\/blog\/wp-content\/uploads\/2018\/11\/deformations-nasales.png","contentUrl":"https:\/\/www.tunisie-chirurgie-esthetique.com\/blog\/wp-content\/uploads\/2018\/11\/deformations-nasales.png","width":750,"height":420},{"@type":"BreadcrumbList","@id":"https:\/\/www.tunisie-chirurgie-esthetique.com\/blog\/pourquoi-se-faire-operer-le-nez\/#breadcrumb","itemListElement":[{"@type":"ListItem","position":1,"name":"Accueil","item":"https:\/\/www.tunisie-chirurgie-esthetique.com\/blog\/"},{"@type":"ListItem","position":2,"name":"Guide &amp; Actualit\u00e9 chirurgie plastique","item":"https:\/\/www.tunisie-chirurgie-esthetique.com\/blog\/actualite-chirurgie-plastique\/"},{"@type":"ListItem","position":3,"name":"Pourquoi certains veulent-ils se faire op\u00e9rer le nez ?"}]},{"@type":"WebSite","@id":"https:\/\/www.tunisie-chirurgie-esthetique.com\/blog\/#website","url":"https:\/\/www.tunisie-chirurgie-esthetique.com\/blog\/","name":"Actualit\u00e9s en chirurgie et m\u00e9decine esth\u00e9tique Tunisie","description":"Chirurgie en Tunisie","publisher":{"@id":"https:\/\/www.tunisie-chirurgie-esthetique.com\/blog\/#organization"},"alternateName":"Forfaits chirurgie esth\u00e9tique Tunisie prix tout compris","potentialAction":[{"@type":"SearchAction","target":{"@type":"EntryPoint","urlTemplate":"https:\/\/www.tunisie-chirurgie-esthetique.com\/blog\/?s={search_term_string}"},"query-input":{"@type":"PropertyValueSpecification","valueRequired":true,"valueName":"search_term_string"}}],"inLanguage":"fr-FR"},{"@type":"Organization","@id":"https:\/\/www.tunisie-chirurgie-esthetique.com\/blog\/#organization","name":"TCE TUNISIE","alternateName":"Chirurgie esth\u00e9tique en Tunisie","url":"https:\/\/www.tunisie-chirurgie-esthetique.com\/blog\/","logo":{"@type":"ImageObject","inLanguage":"fr-FR","@id":"https:\/\/www.tunisie-chirurgie-esthetique.com\/blog\/#\/schema\/logo\/image\/","url":"https:\/\/www.tunisie-chirurgie-esthetique.com\/blog\/wp-content\/uploads\/2022\/08\/fav-tce.png","contentUrl":"https:\/\/www.tunisie-chirurgie-esthetique.com\/blog\/wp-content\/uploads\/2022\/08\/fav-tce.png","width":512,"height":512,"caption":"TCE TUNISIE"},"image":{"@id":"https:\/\/www.tunisie-chirurgie-esthetique.com\/blog\/#\/schema\/logo\/image\/"},"sameAs":["https:\/\/www.facebook.com\/TCETUNISIE\/","https:\/\/x.com\/Tunisie_CE","https:\/\/www.instagram.com\/tunisiece\/","https:\/\/www.linkedin.com\/company\/tunisie-chirurgie-etshetique-tce\/","https:\/\/www.pinterest.fr\/tunisiechirurgi\/","https:\/\/www.youtube.com\/channel\/UCFZHPINDbYAa_yhOk121j7A\/?sub_confirmation=1"]},{"@type":"Person","@id":"https:\/\/www.tunisie-chirurgie-esthetique.com\/blog\/#\/schema\/person\/55f99d583f39ff82c83ea8d20bfb8dac","name":"Dina Legrand","description":"Je m'appelle Dina Legrand, dipl\u00f4m\u00e9e d'un Master en sciences de la sant\u00e9 de l'Universit\u00e9 de Tunis et de Paris. Forte d'une exp\u00e9rience de plus de 15 ans dans le domaine m\u00e9dical, je me suis sp\u00e9cialis\u00e9e dans la r\u00e9daction, la vulgarisation et la gestion de projets scientifiques. Dot\u00e9e d'une grande aisance r\u00e9dactionnelle, j'ai ensuite \u0153uvr\u00e9 en free-lance pour diverses institutions de sant\u00e9. J'ai organis\u00e9 avec succ\u00e8s plusieurs congr\u00e8s m\u00e9dicaux internationaux, requ\u00e9rant rigueur et capacit\u00e9 de gestion de projets complexes. Aimant partager mon savoir, j'anime aujourd'hui le blog Tunisie-chirurgie-esth\u00e9tique.com, v\u00e9ritable r\u00e9f\u00e9rence en mati\u00e8re d'information m\u00e9dicale grand public. Mon objectif est de rendre accessibles des notions parfois ardues, en adoptant un ton p\u00e9dagogique et une plume clarifiant les derni\u00e8res avanc\u00e9es. Forte de ma double comp\u00e9tence m\u00e9dicale et r\u00e9dactionnelle, je me tiens \u00e0 la disposition des professionnels et particuliers pour toute mission d'\u00e9criture, de traduction ou de vulgarisation scientifique.","url":"https:\/\/www.tunisie-chirurgie-esthetique.com\/blog\/author\/nisieshi_tunesth\/"}]}},"_links":{"self":[{"href":"https:\/\/www.tunisie-chirurgie-esthetique.com\/blog\/wp-json\/wp\/v2\/posts\/1994","targetHints":{"allow":["GET"]}}],"collection":[{"href":"https:\/\/www.tunisie-chirurgie-esthetique.com\/blog\/wp-json\/wp\/v2\/posts"}],"about":[{"href":"https:\/\/www.tunisie-chirurgie-esthetique.com\/blog\/wp-json\/wp\/v2\/types\/post"}],"author":[{"embeddable":true,"href":"https:\/\/www.tunisie-chirurgie-esthetique.com\/blog\/wp-json\/wp\/v2\/users\/1"}],"replies":[{"embeddable":true,"href":"https:\/\/www.tunisie-chirurgie-esthetique.com\/blog\/wp-json\/wp\/v2\/comments?post=1994"}],"version-history":[{"count":4,"href":"https:\/\/www.tunisie-chirurgie-esthetique.com\/blog\/wp-json\/wp\/v2\/posts\/1994\/revisions"}],"predecessor-version":[{"id":5361,"href":"https:\/\/www.tunisie-chirurgie-esthetique.com\/blog\/wp-json\/wp\/v2\/posts\/1994\/revisions\/5361"}],"wp:featuredmedia":[{"embeddable":true,"href":"https:\/\/www.tunisie-chirurgie-esthetique.com\/blog\/wp-json\/wp\/v2\/media\/1998"}],"wp:attachment":[{"href":"https:\/\/www.tunisie-chirurgie-esthetique.com\/blog\/wp-json\/wp\/v2\/media?parent=1994"}],"wp:term":[{"taxonomy":"category","embeddable":true,"href":"https:\/\/www.tunisie-chirurgie-esthetique.com\/blog\/wp-json\/wp\/v2\/categories?post=1994"},{"taxonomy":"post_tag","embeddable":true,"href":"https:\/\/www.tunisie-chirurgie-esthetique.com\/blog\/wp-json\/wp\/v2\/tags?post=1994"}],"curies":[{"name":"wp","href":"https:\/\/api.w.org\/{rel}","templated":true}]}}