{"id":1810,"date":"2018-10-03T12:56:55","date_gmt":"2018-10-03T10:56:55","guid":{"rendered":"https:\/\/www.tunisie-chirurgie-esthetique.com\/blog\/?p=1810"},"modified":"2023-09-14T15:57:45","modified_gmt":"2023-09-14T13:57:45","slug":"par-qui-le-sosie-de-ken-sest-il-fait-agresser","status":"publish","type":"post","link":"https:\/\/www.tunisie-chirurgie-esthetique.com\/blog\/par-qui-le-sosie-de-ken-sest-il-fait-agresser\/","title":{"rendered":"Par qui le sosie de Ken s\u2019est-il fait agresser ?"},"content":{"rendered":"<div id=\"ez-toc-container\" class=\"ez-toc-v2_0_82_2 counter-hierarchy ez-toc-counter ez-toc-light-blue ez-toc-container-direction\">\n<div class=\"ez-toc-title-container\">\n<p class=\"ez-toc-title ez-toc-toggle\" style=\"cursor:pointer\">Sommaire<\/p>\n<span class=\"ez-toc-title-toggle\"><a href=\"#\" class=\"ez-toc-pull-right ez-toc-btn ez-toc-btn-xs ez-toc-btn-default ez-toc-toggle\" aria-label=\"Toggle Table of Content\"><span class=\"ez-toc-js-icon-con\"><span class=\"\"><span class=\"eztoc-hide\" style=\"display:none;\">Toggle<\/span><span class=\"ez-toc-icon-toggle-span\"><svg style=\"fill: #999;color:#999\" xmlns=\"http:\/\/www.w3.org\/2000\/svg\" class=\"list-377408\" width=\"20px\" height=\"20px\" viewBox=\"0 0 24 24\" fill=\"none\"><path d=\"M6 6H4v2h2V6zm14 0H8v2h12V6zM4 11h2v2H4v-2zm16 0H8v2h12v-2zM4 16h2v2H4v-2zm16 0H8v2h12v-2z\" fill=\"currentColor\"><\/path><\/svg><svg style=\"fill: #999;color:#999\" class=\"arrow-unsorted-368013\" xmlns=\"http:\/\/www.w3.org\/2000\/svg\" width=\"10px\" height=\"10px\" viewBox=\"0 0 24 24\" version=\"1.2\" baseProfile=\"tiny\"><path d=\"M18.2 9.3l-6.2-6.3-6.2 6.3c-.2.2-.3.4-.3.7s.1.5.3.7c.2.2.4.3.7.3h11c.3 0 .5-.1.7-.3.2-.2.3-.5.3-.7s-.1-.5-.3-.7zM5.8 14.7l6.2 6.3 6.2-6.3c.2-.2.3-.5.3-.7s-.1-.5-.3-.7c-.2-.2-.4-.3-.7-.3h-11c-.3 0-.5.1-.7.3-.2.2-.3.5-.3.7s.1.5.3.7z\"\/><\/svg><\/span><\/span><\/span><\/a><\/span><\/div>\n<nav><ul class='ez-toc-list ez-toc-list-level-1 eztoc-toggle-hide-by-default' ><li class='ez-toc-page-1 ez-toc-heading-level-2'><a class=\"ez-toc-link ez-toc-heading-1\" href=\"https:\/\/www.tunisie-chirurgie-esthetique.com\/blog\/par-qui-le-sosie-de-ken-sest-il-fait-agresser\/#Quentin_Dehar_agresse_dans_sa_chambre_a_Cannes\" >Quentin Dehar agress\u00e9 dans sa chambre \u00e0 Cannes<\/a><\/li><li class='ez-toc-page-1 ez-toc-heading-level-2'><a class=\"ez-toc-link ez-toc-heading-2\" href=\"https:\/\/www.tunisie-chirurgie-esthetique.com\/blog\/par-qui-le-sosie-de-ken-sest-il-fait-agresser\/#Quentin_Dehar_une_rediffusion_pour_une_agression\" >Quentin Dehar\u00a0: une rediffusion pour une agression<\/a><\/li><li class='ez-toc-page-1 ez-toc-heading-level-2'><a class=\"ez-toc-link ez-toc-heading-3\" href=\"https:\/\/www.tunisie-chirurgie-esthetique.com\/blog\/par-qui-le-sosie-de-ken-sest-il-fait-agresser\/#Quentin_Dehar_regrette_davoir_ete_abandonne\" >Quentin Dehar regrette d\u2019avoir \u00e9t\u00e9 abandonn\u00e9<\/a><\/li><\/ul><\/nav><\/div>\n<p>C\u2019est en 2016 que <strong>Quentin Dehar<\/strong>, l\u2019homme qui se fait passer pour le sosie de <a href=\"https:\/\/www.closermag.fr\/insolite\/photos.-ken-humain-decouvrez-a-quoi-il-ressemblait-avant-ses-nombreuses-operations-756206\" rel=\"nofollow\">Ken<\/a> a particip\u00e9 \u00e0 l\u2019\u00e9mission produite par Studio 89, \u00e0 savoir, Un d\u00eener presque parfait. Or, c\u2019est en 2018 qu\u2019il aurait subi l\u2019agression pour laquelle il a intent\u00e9 une proc\u00e9dure judiciaire contre la cha\u00eene de t\u00e9l\u00e9vision W9. Une affaire qui selon lui aurait un lien avec la rediffusion de l\u2019\u00e9mission par la cha\u00eene.<\/p>\n<p><img loading=\"lazy\" decoding=\"async\" class=\"size-medium wp-image-1814 aligncenter\" src=\"https:\/\/www.tunisie-chirurgie-esthetique.com\/blog\/wp-content\/uploads\/2018\/10\/human-ken-300x300.jpg\" alt=\"human ken Quentin Dehar\" width=\"300\" height=\"300\" srcset=\"https:\/\/www.tunisie-chirurgie-esthetique.com\/blog\/wp-content\/uploads\/2018\/10\/human-ken-300x300.jpg 300w, https:\/\/www.tunisie-chirurgie-esthetique.com\/blog\/wp-content\/uploads\/2018\/10\/human-ken-150x150.jpg 150w, https:\/\/www.tunisie-chirurgie-esthetique.com\/blog\/wp-content\/uploads\/2018\/10\/human-ken.jpg 750w\" sizes=\"auto, (max-width: 300px) 100vw, 300px\" \/><\/p>\n<h2><span class=\"ez-toc-section\" id=\"Quentin_Dehar_agresse_dans_sa_chambre_a_Cannes\"><\/span><strong>Quentin Dehar agress\u00e9 dans sa chambre \u00e0 Cannes <\/strong><span class=\"ez-toc-section-end\"><\/span><\/h2>\n<p>Selon la victime qui s\u00e9journait \u00e0 Cannes pour sa participation \u00e0 une conf\u00e9rence, il aurait \u00e9t\u00e9 agress\u00e9 dans sa chambre. Se confiant au micro de T\u00e9l\u00e9 Star, il affirme qu\u2019il a \u00e9t\u00e9 \u00ab\u00a0victime de coup mont\u00e9\u00a0\u00bb. Une machination qui lui a valu son braquage. \u00ab\u00a0<em>J\u2019\u00e9tais seul dans ma chambre. J\u2019ai accept\u00e9 qu\u2019un inconnu vienne me saluer\u00a0<\/em>\u00bb, raconte-t-il. Une rencontre fortuite ayant abouti sur une aventure amoureuse, et qui aurait mal tourn\u00e9. Puisque, apr\u00e8s \u00eatre \u00abrest\u00e9s plusieurs jours ensemble\u00a0\u00bbfinalement, \u00ab\u00a0<em>je suis finalement tomb\u00e9 amoureux de lui<\/em>\u00a0\u00bb. C\u2019est ainsi que ce tourtereau avec lequel il avait d\u00e9cid\u00e9 de flirter va lui \u00ab\u00a0<em>proposer les services d\u2019une coiffeuse<\/em>\u00a0\u00bb.<\/p>\n<p>\u00ab\u00a0<em>Au final, elle m\u2019a agress\u00e9 pour me soutirer de l\u2019argent<\/em>\u00a0\u00bb comme il le d\u00e9plore. Pour l\u2019homme qui a d\u00e9pens\u00e9 d\u2019\u00e9normes sommes pour subir des multiples <a href=\"https:\/\/www.tunisie-chirurgie-esthetique.com\/\">interventions de chirurgie esth\u00e9tique<\/a>, parmi lesquelles une <a href=\"https:\/\/www.tunisie-chirurgie-esthetique.com\/rhinoplastie-tunisie\"><strong>rhinoplastie <\/strong><\/a>et des <a href=\"https:\/\/www.tunisie-chirurgie-esthetique.com\/injection-acide-hyaluronique-tunisie\">injections d\u2019acide hyalruonique<\/a>, il y aurait un lien de cause \u00e0 effet avec la rediffusion de l\u2019\u00e9mission \u00e0 laquelle il avait particip\u00e9 et au cours de laquelle il s\u2019\u00e9tait d\u00e9marqu\u00e9 par un clash avec un h\u00f4te.<\/p>\n<h2><span class=\"ez-toc-section\" id=\"Quentin_Dehar_une_rediffusion_pour_une_agression\"><\/span><strong>Quentin Dehar\u00a0: une rediffusion pour une agression <\/strong><span class=\"ez-toc-section-end\"><\/span><\/h2>\n<p>Ce titre conviendrait parfaitement \u00e0 la m\u00e9saventure de Quentin Dehar qui reste convaincu que si la production n\u2019avait pas rediffus\u00e9 l\u2019\u00e9mission de 2016 il n\u2019aurait jamais \u00e9t\u00e9 victime de cette attaque. Car, faute de l\u2019avoir pr\u00e9venu avant de repasser l\u2019\u00e9mission et surtout de mettre \u00e0 sa disposition un garde du corps, il lui appara\u00eet \u00e9vident qu\u2019en faisant une \u00ab\u00a0<em>nouvelle fois le buzz\u00a0<\/em>\u00bb,\u00a0 il aurait \u00e9t\u00e9 agress\u00e9 parce que les \u00ab\u00a0<em>gens sont fanatiques<\/em>\u00a0\u00bb.<\/p>\n<h2><span class=\"ez-toc-section\" id=\"Quentin_Dehar_regrette_davoir_ete_abandonne\"><\/span><strong>Quentin Dehar regrette d\u2019avoir \u00e9t\u00e9 abandonn\u00e9 <\/strong><span class=\"ez-toc-section-end\"><\/span><\/h2>\n<p>Outre cette agression sordide qu\u2019il aurait subi, le sosie de Ken rajoute d\u2019autres r\u00e9criminations au nombre des plaintes qu\u2019il formule \u00e0 l\u2019endroit du groupe M6, c\u2019est ce sentiment d\u2019avoir \u00e9t\u00e9 abandonn\u00e9 alors qu\u2019on l\u2019avait plac\u00e9 aux cimes de la gloire.<\/p>\n<p>\u00ab\u00a0<em>Moi, ce que je reproche \u00e0 M6, dit-il, c\u2019est qu\u2019on me propulse et me laisse\u00a0! Je n\u2019arrive \u00e0 joindre personne. Personne ne me r\u00e9pond. Heureusement que je travaille et que j\u2019ai une famille soud\u00e9e et un cadre de vie structur\u00e9e<\/em>\u00a0\u00bb. Sa plus grande peur qui r\u00e9sulte de cet abandon, c\u2019est de finir comme \u00ab\u00a0<em><a href=\"https:\/\/www.tunisie-chirurgie-esthetique.com\/blog\/loana-chirurgie-esthetique-tunisie\/\">Loana<\/a> ou FX<\/em>\u00a0\u00bb.<\/p>\n<p><img loading=\"lazy\" decoding=\"async\" class=\"size-medium wp-image-1815 aligncenter\" src=\"https:\/\/www.tunisie-chirurgie-esthetique.com\/blog\/wp-content\/uploads\/2018\/10\/ken-226x300.jpg\" alt=\"\" width=\"226\" height=\"300\" srcset=\"https:\/\/www.tunisie-chirurgie-esthetique.com\/blog\/wp-content\/uploads\/2018\/10\/ken-226x300.jpg 226w, https:\/\/www.tunisie-chirurgie-esthetique.com\/blog\/wp-content\/uploads\/2018\/10\/ken.jpg 400w\" sizes=\"auto, (max-width: 226px) 100vw, 226px\" \/><\/p>\n","protected":false},"excerpt":{"rendered":"<p>C\u2019est en 2016 que Quentin Dehar, l\u2019homme qui se fait passer pour le sosie de Ken a particip\u00e9 \u00e0 l\u2019\u00e9mission produite par Studio 89, \u00e0 savoir, Un d\u00eener presque parfait. Or, c\u2019est en 2018 qu\u2019il aurait subi l\u2019agression pour laquelle il a intent\u00e9 une proc\u00e9dure judiciaire contre la cha\u00eene de t\u00e9l\u00e9vision W9. Une affaire qui [&hellip;]<\/p>\n","protected":false},"author":1,"featured_media":1817,"comment_status":"closed","ping_status":"closed","sticky":false,"template":"","format":"standard","meta":{"rop_custom_images_group":[],"rop_custom_messages_group":[],"rop_publish_now":"initial","rop_publish_now_accounts":{"facebook_2803965346576775_1735562453331861":"","twitter_4255985368_4255985368":""},"rop_publish_now_history":[],"rop_publish_now_status":"pending","footnotes":""},"categories":[1,2740],"tags":[],"class_list":["post-1810","post","type-post","status-publish","format-standard","has-post-thumbnail","hentry","category-actualite-chirurgie-plastique","category-potins-stars-tele-realite"],"yoast_head":"<!-- This site is optimized with the Yoast SEO plugin v27.4 - https:\/\/yoast.com\/product\/yoast-seo-wordpress\/ -->\n<title>Par qui Quentin Dehar le sosie de Ken s\u2019est-il fait agresser ?<\/title>\n<meta name=\"description\" content=\"Selon la victime qui s\u00e9journait \u00e0 Cannes pour sa participation \u00e0 une conf\u00e9rence, il aurait \u00e9t\u00e9 agress\u00e9 dans sa chambre.\" \/>\n<meta name=\"robots\" content=\"index, follow, max-snippet:-1, max-image-preview:large, max-video-preview:-1\" \/>\n<link rel=\"canonical\" href=\"https:\/\/www.tunisie-chirurgie-esthetique.com\/blog\/par-qui-le-sosie-de-ken-sest-il-fait-agresser\/\" \/>\n<meta property=\"og:locale\" content=\"fr_FR\" \/>\n<meta property=\"og:type\" content=\"article\" \/>\n<meta property=\"og:title\" content=\"Par qui Quentin Dehar le sosie de Ken s\u2019est-il fait agresser ?\" \/>\n<meta property=\"og:description\" content=\"Selon la victime qui s\u00e9journait \u00e0 Cannes pour sa participation \u00e0 une conf\u00e9rence, il aurait \u00e9t\u00e9 agress\u00e9 dans sa chambre.\" \/>\n<meta property=\"og:url\" content=\"https:\/\/www.tunisie-chirurgie-esthetique.com\/blog\/par-qui-le-sosie-de-ken-sest-il-fait-agresser\/\" \/>\n<meta property=\"og:site_name\" content=\"Actualit\u00e9s Chirurgie Esth\u00e9tique Tunisie\" \/>\n<meta property=\"article:publisher\" content=\"https:\/\/www.facebook.com\/TCETUNISIE\/\" \/>\n<meta property=\"article:published_time\" content=\"2018-10-03T10:56:55+00:00\" \/>\n<meta property=\"article:modified_time\" content=\"2023-09-14T13:57:45+00:00\" \/>\n<meta property=\"og:image\" content=\"https:\/\/www.tunisie-chirurgie-esthetique.com\/blog\/wp-content\/uploads\/2018\/10\/quentin-dehar-barbie-ken.jpg\" \/>\n\t<meta property=\"og:image:width\" content=\"700\" \/>\n\t<meta property=\"og:image:height\" content=\"465\" \/>\n\t<meta property=\"og:image:type\" content=\"image\/jpeg\" \/>\n<meta name=\"author\" content=\"Dina Legrand\" \/>\n<meta name=\"twitter:card\" content=\"summary_large_image\" \/>\n<meta name=\"twitter:creator\" content=\"@Tunisie_CE\" \/>\n<meta name=\"twitter:site\" content=\"@Tunisie_CE\" \/>\n<meta name=\"twitter:label1\" content=\"\u00c9crit par\" \/>\n\t<meta name=\"twitter:data1\" content=\"Dina Legrand\" \/>\n\t<meta name=\"twitter:label2\" content=\"Dur\u00e9e de lecture estim\u00e9e\" \/>\n\t<meta name=\"twitter:data2\" content=\"2 minutes\" \/>\n<!-- \/ Yoast SEO plugin. -->","yoast_head_json":{"title":"Par qui Quentin Dehar le sosie de Ken s\u2019est-il fait agresser ?","description":"Selon la victime qui s\u00e9journait \u00e0 Cannes pour sa participation \u00e0 une conf\u00e9rence, il aurait \u00e9t\u00e9 agress\u00e9 dans sa chambre.","robots":{"index":"index","follow":"follow","max-snippet":"max-snippet:-1","max-image-preview":"max-image-preview:large","max-video-preview":"max-video-preview:-1"},"canonical":"https:\/\/www.tunisie-chirurgie-esthetique.com\/blog\/par-qui-le-sosie-de-ken-sest-il-fait-agresser\/","og_locale":"fr_FR","og_type":"article","og_title":"Par qui Quentin Dehar le sosie de Ken s\u2019est-il fait agresser ?","og_description":"Selon la victime qui s\u00e9journait \u00e0 Cannes pour sa participation \u00e0 une conf\u00e9rence, il aurait \u00e9t\u00e9 agress\u00e9 dans sa chambre.","og_url":"https:\/\/www.tunisie-chirurgie-esthetique.com\/blog\/par-qui-le-sosie-de-ken-sest-il-fait-agresser\/","og_site_name":"Actualit\u00e9s Chirurgie Esth\u00e9tique Tunisie","article_publisher":"https:\/\/www.facebook.com\/TCETUNISIE\/","article_published_time":"2018-10-03T10:56:55+00:00","article_modified_time":"2023-09-14T13:57:45+00:00","og_image":[{"width":700,"height":465,"url":"https:\/\/www.tunisie-chirurgie-esthetique.com\/blog\/wp-content\/uploads\/2018\/10\/quentin-dehar-barbie-ken.jpg","type":"image\/jpeg"}],"author":"Dina Legrand","twitter_card":"summary_large_image","twitter_creator":"@Tunisie_CE","twitter_site":"@Tunisie_CE","twitter_misc":{"\u00c9crit par":"Dina Legrand","Dur\u00e9e de lecture estim\u00e9e":"2 minutes"},"schema":{"@context":"https:\/\/schema.org","@graph":[{"@type":["Article","BlogPosting"],"@id":"https:\/\/www.tunisie-chirurgie-esthetique.com\/blog\/par-qui-le-sosie-de-ken-sest-il-fait-agresser\/#article","isPartOf":{"@id":"https:\/\/www.tunisie-chirurgie-esthetique.com\/blog\/par-qui-le-sosie-de-ken-sest-il-fait-agresser\/"},"author":{"name":"Dina Legrand","@id":"https:\/\/www.tunisie-chirurgie-esthetique.com\/blog\/#\/schema\/person\/55f99d583f39ff82c83ea8d20bfb8dac"},"headline":"Par qui le sosie de Ken s\u2019est-il fait agresser ?","datePublished":"2018-10-03T10:56:55+00:00","dateModified":"2023-09-14T13:57:45+00:00","mainEntityOfPage":{"@id":"https:\/\/www.tunisie-chirurgie-esthetique.com\/blog\/par-qui-le-sosie-de-ken-sest-il-fait-agresser\/"},"wordCount":492,"publisher":{"@id":"https:\/\/www.tunisie-chirurgie-esthetique.com\/blog\/#organization"},"image":{"@id":"https:\/\/www.tunisie-chirurgie-esthetique.com\/blog\/par-qui-le-sosie-de-ken-sest-il-fait-agresser\/#primaryimage"},"thumbnailUrl":"https:\/\/www.tunisie-chirurgie-esthetique.com\/blog\/wp-content\/uploads\/2018\/10\/quentin-dehar-barbie-ken.jpg","articleSection":["Guide &amp; Actualit\u00e9 chirurgie plastique","Potins Stars T\u00e9l\u00e9-r\u00e9alit\u00e9"],"inLanguage":"fr-FR"},{"@type":"WebPage","@id":"https:\/\/www.tunisie-chirurgie-esthetique.com\/blog\/par-qui-le-sosie-de-ken-sest-il-fait-agresser\/","url":"https:\/\/www.tunisie-chirurgie-esthetique.com\/blog\/par-qui-le-sosie-de-ken-sest-il-fait-agresser\/","name":"Par qui Quentin Dehar le sosie de Ken s\u2019est-il fait agresser ?","isPartOf":{"@id":"https:\/\/www.tunisie-chirurgie-esthetique.com\/blog\/#website"},"primaryImageOfPage":{"@id":"https:\/\/www.tunisie-chirurgie-esthetique.com\/blog\/par-qui-le-sosie-de-ken-sest-il-fait-agresser\/#primaryimage"},"image":{"@id":"https:\/\/www.tunisie-chirurgie-esthetique.com\/blog\/par-qui-le-sosie-de-ken-sest-il-fait-agresser\/#primaryimage"},"thumbnailUrl":"https:\/\/www.tunisie-chirurgie-esthetique.com\/blog\/wp-content\/uploads\/2018\/10\/quentin-dehar-barbie-ken.jpg","datePublished":"2018-10-03T10:56:55+00:00","dateModified":"2023-09-14T13:57:45+00:00","description":"Selon la victime qui s\u00e9journait \u00e0 Cannes pour sa participation \u00e0 une conf\u00e9rence, il aurait \u00e9t\u00e9 agress\u00e9 dans sa chambre.","breadcrumb":{"@id":"https:\/\/www.tunisie-chirurgie-esthetique.com\/blog\/par-qui-le-sosie-de-ken-sest-il-fait-agresser\/#breadcrumb"},"inLanguage":"fr-FR","potentialAction":[{"@type":"ReadAction","target":["https:\/\/www.tunisie-chirurgie-esthetique.com\/blog\/par-qui-le-sosie-de-ken-sest-il-fait-agresser\/"]}]},{"@type":"ImageObject","inLanguage":"fr-FR","@id":"https:\/\/www.tunisie-chirurgie-esthetique.com\/blog\/par-qui-le-sosie-de-ken-sest-il-fait-agresser\/#primaryimage","url":"https:\/\/www.tunisie-chirurgie-esthetique.com\/blog\/wp-content\/uploads\/2018\/10\/quentin-dehar-barbie-ken.jpg","contentUrl":"https:\/\/www.tunisie-chirurgie-esthetique.com\/blog\/wp-content\/uploads\/2018\/10\/quentin-dehar-barbie-ken.jpg","width":700,"height":465},{"@type":"BreadcrumbList","@id":"https:\/\/www.tunisie-chirurgie-esthetique.com\/blog\/par-qui-le-sosie-de-ken-sest-il-fait-agresser\/#breadcrumb","itemListElement":[{"@type":"ListItem","position":1,"name":"Accueil","item":"https:\/\/www.tunisie-chirurgie-esthetique.com\/blog\/"},{"@type":"ListItem","position":2,"name":"Guide &amp; Actualit\u00e9 chirurgie plastique","item":"https:\/\/www.tunisie-chirurgie-esthetique.com\/blog\/actualite-chirurgie-plastique\/"},{"@type":"ListItem","position":3,"name":"Par qui le sosie de Ken s\u2019est-il fait agresser ?"}]},{"@type":"WebSite","@id":"https:\/\/www.tunisie-chirurgie-esthetique.com\/blog\/#website","url":"https:\/\/www.tunisie-chirurgie-esthetique.com\/blog\/","name":"Actualit\u00e9s en chirurgie et m\u00e9decine esth\u00e9tique Tunisie","description":"Chirurgie en Tunisie","publisher":{"@id":"https:\/\/www.tunisie-chirurgie-esthetique.com\/blog\/#organization"},"alternateName":"Forfaits chirurgie esth\u00e9tique Tunisie prix tout compris","potentialAction":[{"@type":"SearchAction","target":{"@type":"EntryPoint","urlTemplate":"https:\/\/www.tunisie-chirurgie-esthetique.com\/blog\/?s={search_term_string}"},"query-input":{"@type":"PropertyValueSpecification","valueRequired":true,"valueName":"search_term_string"}}],"inLanguage":"fr-FR"},{"@type":"Organization","@id":"https:\/\/www.tunisie-chirurgie-esthetique.com\/blog\/#organization","name":"TCE TUNISIE","alternateName":"Chirurgie esth\u00e9tique en Tunisie","url":"https:\/\/www.tunisie-chirurgie-esthetique.com\/blog\/","logo":{"@type":"ImageObject","inLanguage":"fr-FR","@id":"https:\/\/www.tunisie-chirurgie-esthetique.com\/blog\/#\/schema\/logo\/image\/","url":"https:\/\/www.tunisie-chirurgie-esthetique.com\/blog\/wp-content\/uploads\/2022\/08\/fav-tce.png","contentUrl":"https:\/\/www.tunisie-chirurgie-esthetique.com\/blog\/wp-content\/uploads\/2022\/08\/fav-tce.png","width":512,"height":512,"caption":"TCE TUNISIE"},"image":{"@id":"https:\/\/www.tunisie-chirurgie-esthetique.com\/blog\/#\/schema\/logo\/image\/"},"sameAs":["https:\/\/www.facebook.com\/TCETUNISIE\/","https:\/\/x.com\/Tunisie_CE","https:\/\/www.instagram.com\/tunisiece\/","https:\/\/www.linkedin.com\/company\/tunisie-chirurgie-etshetique-tce\/","https:\/\/www.pinterest.fr\/tunisiechirurgi\/","https:\/\/www.youtube.com\/channel\/UCFZHPINDbYAa_yhOk121j7A\/?sub_confirmation=1"]},{"@type":"Person","@id":"https:\/\/www.tunisie-chirurgie-esthetique.com\/blog\/#\/schema\/person\/55f99d583f39ff82c83ea8d20bfb8dac","name":"Dina Legrand","description":"Je m'appelle Dina Legrand, dipl\u00f4m\u00e9e d'un Master en sciences de la sant\u00e9 de l'Universit\u00e9 de Tunis et de Paris. Forte d'une exp\u00e9rience de plus de 15 ans dans le domaine m\u00e9dical, je me suis sp\u00e9cialis\u00e9e dans la r\u00e9daction, la vulgarisation et la gestion de projets scientifiques. Dot\u00e9e d'une grande aisance r\u00e9dactionnelle, j'ai ensuite \u0153uvr\u00e9 en free-lance pour diverses institutions de sant\u00e9. J'ai organis\u00e9 avec succ\u00e8s plusieurs congr\u00e8s m\u00e9dicaux internationaux, requ\u00e9rant rigueur et capacit\u00e9 de gestion de projets complexes. Aimant partager mon savoir, j'anime aujourd'hui le blog Tunisie-chirurgie-esth\u00e9tique.com, v\u00e9ritable r\u00e9f\u00e9rence en mati\u00e8re d'information m\u00e9dicale grand public. Mon objectif est de rendre accessibles des notions parfois ardues, en adoptant un ton p\u00e9dagogique et une plume clarifiant les derni\u00e8res avanc\u00e9es. Forte de ma double comp\u00e9tence m\u00e9dicale et r\u00e9dactionnelle, je me tiens \u00e0 la disposition des professionnels et particuliers pour toute mission d'\u00e9criture, de traduction ou de vulgarisation scientifique.","url":"https:\/\/www.tunisie-chirurgie-esthetique.com\/blog\/author\/nisieshi_tunesth\/"}]}},"_links":{"self":[{"href":"https:\/\/www.tunisie-chirurgie-esthetique.com\/blog\/wp-json\/wp\/v2\/posts\/1810","targetHints":{"allow":["GET"]}}],"collection":[{"href":"https:\/\/www.tunisie-chirurgie-esthetique.com\/blog\/wp-json\/wp\/v2\/posts"}],"about":[{"href":"https:\/\/www.tunisie-chirurgie-esthetique.com\/blog\/wp-json\/wp\/v2\/types\/post"}],"author":[{"embeddable":true,"href":"https:\/\/www.tunisie-chirurgie-esthetique.com\/blog\/wp-json\/wp\/v2\/users\/1"}],"replies":[{"embeddable":true,"href":"https:\/\/www.tunisie-chirurgie-esthetique.com\/blog\/wp-json\/wp\/v2\/comments?post=1810"}],"version-history":[{"count":6,"href":"https:\/\/www.tunisie-chirurgie-esthetique.com\/blog\/wp-json\/wp\/v2\/posts\/1810\/revisions"}],"predecessor-version":[{"id":6409,"href":"https:\/\/www.tunisie-chirurgie-esthetique.com\/blog\/wp-json\/wp\/v2\/posts\/1810\/revisions\/6409"}],"wp:featuredmedia":[{"embeddable":true,"href":"https:\/\/www.tunisie-chirurgie-esthetique.com\/blog\/wp-json\/wp\/v2\/media\/1817"}],"wp:attachment":[{"href":"https:\/\/www.tunisie-chirurgie-esthetique.com\/blog\/wp-json\/wp\/v2\/media?parent=1810"}],"wp:term":[{"taxonomy":"category","embeddable":true,"href":"https:\/\/www.tunisie-chirurgie-esthetique.com\/blog\/wp-json\/wp\/v2\/categories?post=1810"},{"taxonomy":"post_tag","embeddable":true,"href":"https:\/\/www.tunisie-chirurgie-esthetique.com\/blog\/wp-json\/wp\/v2\/tags?post=1810"}],"curies":[{"name":"wp","href":"https:\/\/api.w.org\/{rel}","templated":true}]}}