{"id":1791,"date":"2018-09-26T16:04:12","date_gmt":"2018-09-26T14:04:12","guid":{"rendered":"https:\/\/www.tunisie-chirurgie-esthetique.com\/blog\/?p=1791"},"modified":"2023-11-14T10:04:41","modified_gmt":"2023-11-14T09:04:41","slug":"greffe-capillaire-david-beckham","status":"publish","type":"post","link":"https:\/\/www.tunisie-chirurgie-esthetique.com\/blog\/greffe-capillaire-david-beckham\/","title":{"rendered":"Est-il vrai que David Beckham a subit une greffe capillaire ?"},"content":{"rendered":"<p>Des nouvelles images de David Beckham ont conduit \u00e0 des sp\u00e9culations, selon lesquelles il aurait subi une chirurgie de\u00a0 <strong>greffe de cheveux.<\/strong><\/p>\n<figure id=\"attachment_1792\" aria-describedby=\"caption-attachment-1792\" style=\"width: 500px\" class=\"wp-caption aligncenter\"><img loading=\"lazy\" decoding=\"async\" class=\"wp-image-1792 size-full\" src=\"https:\/\/www.tunisie-chirurgie-esthetique.com\/blog\/wp-content\/uploads\/2018\/09\/greffe-cheveux-david-beckham.jpg\" alt=\"david beckham chirurgie\" width=\"500\" height=\"375\" srcset=\"https:\/\/www.tunisie-chirurgie-esthetique.com\/blog\/wp-content\/uploads\/2018\/09\/greffe-cheveux-david-beckham.jpg 500w, https:\/\/www.tunisie-chirurgie-esthetique.com\/blog\/wp-content\/uploads\/2018\/09\/greffe-cheveux-david-beckham-300x225.jpg 300w\" sizes=\"auto, (max-width: 500px) 100vw, 500px\" \/><figcaption id=\"caption-attachment-1792\" class=\"wp-caption-text\">David Beckham chirurgie<\/figcaption><\/figure>\n<p>L\u2019ancien footballeur britannique de 43 ans est apparu sur sc\u00e8ne avec une chevelure sombre dense et \u00e9paisse.<\/p>\n<p>Selon les images photographi\u00e9es avant cette p\u00e9riode, ses cheveux semblaient s&#8217;amincir, provoquant des rumeurs selon lesquelles le sportif allait devenir chauve.<\/p>\n<figure id=\"attachment_1794\" aria-describedby=\"caption-attachment-1794\" style=\"width: 400px\" class=\"wp-caption aligncenter\"><img loading=\"lazy\" decoding=\"async\" class=\"wp-image-1794 size-full\" src=\"https:\/\/www.tunisie-chirurgie-esthetique.com\/blog\/wp-content\/uploads\/2018\/09\/implants-capillaires-david-beckham.jpg\" alt=\"Chirurgie David Beckham \" width=\"400\" height=\"202\" srcset=\"https:\/\/www.tunisie-chirurgie-esthetique.com\/blog\/wp-content\/uploads\/2018\/09\/implants-capillaires-david-beckham.jpg 400w, https:\/\/www.tunisie-chirurgie-esthetique.com\/blog\/wp-content\/uploads\/2018\/09\/implants-capillaires-david-beckham-300x152.jpg 300w\" sizes=\"auto, (max-width: 400px) 100vw, 400px\" \/><figcaption id=\"caption-attachment-1794\" class=\"wp-caption-text\">Chirurgie David Beckham<\/figcaption><\/figure>\n<p>Au cours de l\u2019ann\u00e9e \u00e9coul\u00e9e, des photos ont r\u00e9v\u00e9l\u00e9 son parcours de <strong>perte de cheveux<\/strong>, et il a tout d\u2019abord montr\u00e9 son front d\u00e9garni apr\u00e8s avoir ras\u00e9 ses grosses m\u00e8ches en vacances en Asie.<\/p>\n<p>Par co\u00efncidence, plus t\u00f4t cette ann\u00e9e, alors qu&#8217;il aurait pu subir l&#8217;intense chirurgie, il a \u00e9t\u00e9 photographi\u00e9 \u00e0 plusieurs reprises avec des chapeaux.<\/p>\n<p>Le p\u00e8re de quatre a gard\u00e9 ses cheveux hors de vue pendant les vacances cet \u00e9t\u00e9. \u00c0 Bali, un simple aper\u00e7u de sa t\u00eate ras\u00e9e se glissa dans un claquement de famille et, dans le sud de la France, il portait un grand chapeau de soleil.<\/p>\n<p>Ses fluctuations folliculaires ont conduit \u00e0 des suggestions selon lesquelles, il aurait subi une <strong><a href=\"https:\/\/www.tunisie-chirurgie-esthetique.com\/\">chirurgie esth\u00e9tique<\/a><\/strong> co\u00fbteuse de <a href=\"https:\/\/www.tunisie-chirurgie-esthetique.com\/greffe-capillaire\">greffe de cheveux<\/a>, qui implique souvent de se raser la t\u00eate.<\/p>\n<figure id=\"attachment_1796\" aria-describedby=\"caption-attachment-1796\" style=\"width: 400px\" class=\"wp-caption aligncenter\"><img loading=\"lazy\" decoding=\"async\" class=\"wp-image-1796 size-full\" src=\"https:\/\/www.tunisie-chirurgie-esthetique.com\/blog\/wp-content\/uploads\/2018\/09\/beckham-greffe-cheveux.jpg\" alt=\"Chirurgie esth\u00e9tique David Beckham \" width=\"400\" height=\"270\" srcset=\"https:\/\/www.tunisie-chirurgie-esthetique.com\/blog\/wp-content\/uploads\/2018\/09\/beckham-greffe-cheveux.jpg 400w, https:\/\/www.tunisie-chirurgie-esthetique.com\/blog\/wp-content\/uploads\/2018\/09\/beckham-greffe-cheveux-300x203.jpg 300w\" sizes=\"auto, (max-width: 400px) 100vw, 400px\" \/><figcaption id=\"caption-attachment-1796\" class=\"wp-caption-text\">Chirurgie esth\u00e9tique David Beckham<\/figcaption><\/figure>\n<p>Avant lui,Wayne Rooney, 32 ans, ex-joueur de Manchester United, a subi plusieurs interventions, dont le prix s\u2019\u00e9l\u00e8ve \u00e0 15 000 livres sterling.<\/p>\n<p>Beckham, qui a sa propre gamme de produits capillaires, a parl\u00e9 de son apparence en Chine, o\u00f9 il a effectu\u00e9 un voyage de relations publiques pour la compagnie d\u2019assurance AIA. Il a r\u00e9v\u00e9l\u00e9 des cheveux plus \u00e9pais \u00e0 Hong Kong suite \u00e0 une \u00ab <strong>greffe de cheveux secr\u00e8te<\/strong> \u00bb, et a finalement montr\u00e9 ses cheveux plus \u00e9pais lors son apparition \u00e0 la compagnie d&#8217;assurance AIA.<\/p>\n<p>\u00abJe crois vraiment que les gens doivent prendre de petites mesures pour prendre des d\u00e9cisions plus saines et mieux prendre soin d&#8217;eux-m\u00eames \u00bb, a-t-il d\u00e9clar\u00e9. Par contre son \u00e9quipe n&#8217;a fait aucun commentaire.<\/p>\n<figure id=\"attachment_1797\" aria-describedby=\"caption-attachment-1797\" style=\"width: 300px\" class=\"wp-caption aligncenter\"><img loading=\"lazy\" decoding=\"async\" class=\"wp-image-1797 size-full\" src=\"https:\/\/www.tunisie-chirurgie-esthetique.com\/blog\/wp-content\/uploads\/2018\/09\/greffe-capillaire-david-beckham.jpg\" alt=\"Chirurgie new look David Beckham \" width=\"300\" height=\"370\" srcset=\"https:\/\/www.tunisie-chirurgie-esthetique.com\/blog\/wp-content\/uploads\/2018\/09\/greffe-capillaire-david-beckham.jpg 300w, https:\/\/www.tunisie-chirurgie-esthetique.com\/blog\/wp-content\/uploads\/2018\/09\/greffe-capillaire-david-beckham-243x300.jpg 243w\" sizes=\"auto, (max-width: 300px) 100vw, 300px\" \/><figcaption id=\"caption-attachment-1797\" class=\"wp-caption-text\">Chirurgie new look David Beckham<\/figcaption><\/figure>\n<p>David a opt\u00e9 pour une coupe soign\u00e9e autour du front et une couleur auburn chaude.<\/p>\n<p>Les m\u00e8ches fra\u00eechement coup\u00e9es ont \u00e9t\u00e9 d\u00e9coup\u00e9es dans une coupe bourdonnante et ombr\u00e9e sur les c\u00f4t\u00e9s, ce qui a r\u00e9v\u00e9l\u00e9 un tatouage sur son cuir chevelu.<\/p>\n<p>Et m\u00eame si Beckhamavait une barbe argent\u00e9e, il n&#8217;y avait pas de fil gris sur sa t\u00eate. Il avait l&#8217;air de bonne humeur en exhibant ses cheveux frais.<\/p>\n<figure id=\"attachment_1798\" aria-describedby=\"caption-attachment-1798\" style=\"width: 400px\" class=\"wp-caption aligncenter\"><img loading=\"lazy\" decoding=\"async\" class=\"wp-image-1798 size-full\" src=\"https:\/\/www.tunisie-chirurgie-esthetique.com\/blog\/wp-content\/uploads\/2018\/09\/david-beckham-greffe-cheveux.jpg\" alt=\"Greffe cheveux David Beckham \" width=\"400\" height=\"240\" srcset=\"https:\/\/www.tunisie-chirurgie-esthetique.com\/blog\/wp-content\/uploads\/2018\/09\/david-beckham-greffe-cheveux.jpg 400w, https:\/\/www.tunisie-chirurgie-esthetique.com\/blog\/wp-content\/uploads\/2018\/09\/david-beckham-greffe-cheveux-300x180.jpg 300w\" sizes=\"auto, (max-width: 400px) 100vw, 400px\" \/><figcaption id=\"caption-attachment-1798\" class=\"wp-caption-text\">Greffe cheveux David Beckham<\/figcaption><\/figure>\n<p>David aurait pr\u00e9vu de se lancer dans un nouveau d\u00e9lire il y a quelques mois, et semble \u00eatre devenu l&#8217;un des hommes d&#8217;\u00e2ge moyen \u00e0 subir une <strong><a href=\"https:\/\/www.tunisie-chirurgie-esthetique.com\/greffe-cheveux-dhi-tunisie\">greffe capillaire<\/a>.<\/strong><\/p>\n","protected":false},"excerpt":{"rendered":"<p>Des nouvelles images de David Beckham ont conduit \u00e0 des sp\u00e9culations, selon lesquelles il aurait subi une chirurgie de\u00a0 greffe de cheveux. L\u2019ancien footballeur britannique de 43 ans est apparu sur sc\u00e8ne avec une chevelure sombre dense et \u00e9paisse. Selon les images photographi\u00e9es avant cette p\u00e9riode, ses cheveux semblaient s&#8217;amincir, provoquant des rumeurs selon lesquelles [&hellip;]<\/p>\n","protected":false},"author":1,"featured_media":1794,"comment_status":"closed","ping_status":"closed","sticky":false,"template":"","format":"standard","meta":{"rop_custom_images_group":[],"rop_custom_messages_group":[],"rop_publish_now":"initial","rop_publish_now_accounts":{"facebook_2803965346576775_1735562453331861":"","twitter_4255985368_4255985368":""},"rop_publish_now_history":[],"rop_publish_now_status":"pending","footnotes":""},"categories":[1],"tags":[],"class_list":["post-1791","post","type-post","status-publish","format-standard","has-post-thumbnail","hentry","category-actualite-chirurgie-plastique"],"yoast_head":"<!-- This site is optimized with the Yoast SEO plugin v27.4 - https:\/\/yoast.com\/product\/yoast-seo-wordpress\/ -->\n<title>Greffe capillaire chirurgie David Beckham : chevelure sombre dense et \u00e9paisse<\/title>\n<meta name=\"description\" content=\"David Beckham chirurgie : L\u2019ancien footballeur britannique de 43 ans est apparu sur sc\u00e8ne avec une chevelure sombre dense et \u00e9paisse. Selon les images photographi\u00e9es avant cette p\u00e9riode, ses cheveux semblaient s&#039;amincir, provoquant des rumeurs selon lesquelles le sportif allait devenir chauve.\" \/>\n<meta name=\"robots\" content=\"index, follow, max-snippet:-1, max-image-preview:large, max-video-preview:-1\" \/>\n<link rel=\"canonical\" href=\"https:\/\/www.tunisie-chirurgie-esthetique.com\/blog\/greffe-capillaire-david-beckham\/\" \/>\n<meta property=\"og:locale\" content=\"fr_FR\" \/>\n<meta property=\"og:type\" content=\"article\" \/>\n<meta property=\"og:title\" content=\"Greffe capillaire chirurgie David Beckham : chevelure sombre dense et \u00e9paisse\" \/>\n<meta property=\"og:description\" content=\"David Beckham chirurgie : L\u2019ancien footballeur britannique de 43 ans est apparu sur sc\u00e8ne avec une chevelure sombre dense et \u00e9paisse. Selon les images photographi\u00e9es avant cette p\u00e9riode, ses cheveux semblaient s&#039;amincir, provoquant des rumeurs selon lesquelles le sportif allait devenir chauve.\" \/>\n<meta property=\"og:url\" content=\"https:\/\/www.tunisie-chirurgie-esthetique.com\/blog\/greffe-capillaire-david-beckham\/\" \/>\n<meta property=\"og:site_name\" content=\"Actualit\u00e9s Chirurgie Esth\u00e9tique Tunisie\" \/>\n<meta property=\"article:publisher\" content=\"https:\/\/www.facebook.com\/TCETUNISIE\/\" \/>\n<meta property=\"article:published_time\" content=\"2018-09-26T14:04:12+00:00\" \/>\n<meta property=\"article:modified_time\" content=\"2023-11-14T09:04:41+00:00\" \/>\n<meta property=\"og:image\" content=\"https:\/\/www.tunisie-chirurgie-esthetique.com\/blog\/wp-content\/uploads\/2018\/09\/implants-capillaires-david-beckham.jpg\" \/>\n\t<meta property=\"og:image:width\" content=\"400\" \/>\n\t<meta property=\"og:image:height\" content=\"202\" \/>\n\t<meta property=\"og:image:type\" content=\"image\/jpeg\" \/>\n<meta name=\"author\" content=\"Dina Legrand\" \/>\n<meta name=\"twitter:card\" content=\"summary_large_image\" \/>\n<meta name=\"twitter:creator\" content=\"@Tunisie_CE\" \/>\n<meta name=\"twitter:site\" content=\"@Tunisie_CE\" \/>\n<meta name=\"twitter:label1\" content=\"\u00c9crit par\" \/>\n\t<meta name=\"twitter:data1\" content=\"Dina Legrand\" \/>\n\t<meta name=\"twitter:label2\" content=\"Dur\u00e9e de lecture estim\u00e9e\" \/>\n\t<meta name=\"twitter:data2\" content=\"4 minutes\" \/>\n<!-- \/ Yoast SEO plugin. -->","yoast_head_json":{"title":"Greffe capillaire chirurgie David Beckham : chevelure sombre dense et \u00e9paisse","description":"David Beckham chirurgie : L\u2019ancien footballeur britannique de 43 ans est apparu sur sc\u00e8ne avec une chevelure sombre dense et \u00e9paisse. Selon les images photographi\u00e9es avant cette p\u00e9riode, ses cheveux semblaient s'amincir, provoquant des rumeurs selon lesquelles le sportif allait devenir chauve.","robots":{"index":"index","follow":"follow","max-snippet":"max-snippet:-1","max-image-preview":"max-image-preview:large","max-video-preview":"max-video-preview:-1"},"canonical":"https:\/\/www.tunisie-chirurgie-esthetique.com\/blog\/greffe-capillaire-david-beckham\/","og_locale":"fr_FR","og_type":"article","og_title":"Greffe capillaire chirurgie David Beckham : chevelure sombre dense et \u00e9paisse","og_description":"David Beckham chirurgie : L\u2019ancien footballeur britannique de 43 ans est apparu sur sc\u00e8ne avec une chevelure sombre dense et \u00e9paisse. Selon les images photographi\u00e9es avant cette p\u00e9riode, ses cheveux semblaient s'amincir, provoquant des rumeurs selon lesquelles le sportif allait devenir chauve.","og_url":"https:\/\/www.tunisie-chirurgie-esthetique.com\/blog\/greffe-capillaire-david-beckham\/","og_site_name":"Actualit\u00e9s Chirurgie Esth\u00e9tique Tunisie","article_publisher":"https:\/\/www.facebook.com\/TCETUNISIE\/","article_published_time":"2018-09-26T14:04:12+00:00","article_modified_time":"2023-11-14T09:04:41+00:00","og_image":[{"width":400,"height":202,"url":"https:\/\/www.tunisie-chirurgie-esthetique.com\/blog\/wp-content\/uploads\/2018\/09\/implants-capillaires-david-beckham.jpg","type":"image\/jpeg"}],"author":"Dina Legrand","twitter_card":"summary_large_image","twitter_creator":"@Tunisie_CE","twitter_site":"@Tunisie_CE","twitter_misc":{"\u00c9crit par":"Dina Legrand","Dur\u00e9e de lecture estim\u00e9e":"4 minutes"},"schema":{"@context":"https:\/\/schema.org","@graph":[{"@type":["Article","BlogPosting"],"@id":"https:\/\/www.tunisie-chirurgie-esthetique.com\/blog\/greffe-capillaire-david-beckham\/#article","isPartOf":{"@id":"https:\/\/www.tunisie-chirurgie-esthetique.com\/blog\/greffe-capillaire-david-beckham\/"},"author":{"name":"Dina Legrand","@id":"https:\/\/www.tunisie-chirurgie-esthetique.com\/blog\/#\/schema\/person\/55f99d583f39ff82c83ea8d20bfb8dac"},"headline":"Est-il vrai que David Beckham a subit une greffe capillaire ?","datePublished":"2018-09-26T14:04:12+00:00","dateModified":"2023-11-14T09:04:41+00:00","mainEntityOfPage":{"@id":"https:\/\/www.tunisie-chirurgie-esthetique.com\/blog\/greffe-capillaire-david-beckham\/"},"wordCount":510,"publisher":{"@id":"https:\/\/www.tunisie-chirurgie-esthetique.com\/blog\/#organization"},"image":{"@id":"https:\/\/www.tunisie-chirurgie-esthetique.com\/blog\/greffe-capillaire-david-beckham\/#primaryimage"},"thumbnailUrl":"https:\/\/www.tunisie-chirurgie-esthetique.com\/blog\/wp-content\/uploads\/2018\/09\/implants-capillaires-david-beckham.jpg","articleSection":["Guide &amp; Actualit\u00e9 chirurgie plastique"],"inLanguage":"fr-FR"},{"@type":"WebPage","@id":"https:\/\/www.tunisie-chirurgie-esthetique.com\/blog\/greffe-capillaire-david-beckham\/","url":"https:\/\/www.tunisie-chirurgie-esthetique.com\/blog\/greffe-capillaire-david-beckham\/","name":"Greffe capillaire chirurgie David Beckham : chevelure sombre dense et \u00e9paisse","isPartOf":{"@id":"https:\/\/www.tunisie-chirurgie-esthetique.com\/blog\/#website"},"primaryImageOfPage":{"@id":"https:\/\/www.tunisie-chirurgie-esthetique.com\/blog\/greffe-capillaire-david-beckham\/#primaryimage"},"image":{"@id":"https:\/\/www.tunisie-chirurgie-esthetique.com\/blog\/greffe-capillaire-david-beckham\/#primaryimage"},"thumbnailUrl":"https:\/\/www.tunisie-chirurgie-esthetique.com\/blog\/wp-content\/uploads\/2018\/09\/implants-capillaires-david-beckham.jpg","datePublished":"2018-09-26T14:04:12+00:00","dateModified":"2023-11-14T09:04:41+00:00","description":"David Beckham chirurgie : L\u2019ancien footballeur britannique de 43 ans est apparu sur sc\u00e8ne avec une chevelure sombre dense et \u00e9paisse. Selon les images photographi\u00e9es avant cette p\u00e9riode, ses cheveux semblaient s'amincir, provoquant des rumeurs selon lesquelles le sportif allait devenir chauve.","breadcrumb":{"@id":"https:\/\/www.tunisie-chirurgie-esthetique.com\/blog\/greffe-capillaire-david-beckham\/#breadcrumb"},"inLanguage":"fr-FR","potentialAction":[{"@type":"ReadAction","target":["https:\/\/www.tunisie-chirurgie-esthetique.com\/blog\/greffe-capillaire-david-beckham\/"]}]},{"@type":"ImageObject","inLanguage":"fr-FR","@id":"https:\/\/www.tunisie-chirurgie-esthetique.com\/blog\/greffe-capillaire-david-beckham\/#primaryimage","url":"https:\/\/www.tunisie-chirurgie-esthetique.com\/blog\/wp-content\/uploads\/2018\/09\/implants-capillaires-david-beckham.jpg","contentUrl":"https:\/\/www.tunisie-chirurgie-esthetique.com\/blog\/wp-content\/uploads\/2018\/09\/implants-capillaires-david-beckham.jpg","width":400,"height":202},{"@type":"BreadcrumbList","@id":"https:\/\/www.tunisie-chirurgie-esthetique.com\/blog\/greffe-capillaire-david-beckham\/#breadcrumb","itemListElement":[{"@type":"ListItem","position":1,"name":"Accueil","item":"https:\/\/www.tunisie-chirurgie-esthetique.com\/blog\/"},{"@type":"ListItem","position":2,"name":"Guide &amp; Actualit\u00e9 chirurgie plastique","item":"https:\/\/www.tunisie-chirurgie-esthetique.com\/blog\/actualite-chirurgie-plastique\/"},{"@type":"ListItem","position":3,"name":"Est-il vrai que David Beckham a subit une greffe capillaire ?"}]},{"@type":"WebSite","@id":"https:\/\/www.tunisie-chirurgie-esthetique.com\/blog\/#website","url":"https:\/\/www.tunisie-chirurgie-esthetique.com\/blog\/","name":"Actualit\u00e9s en chirurgie et m\u00e9decine esth\u00e9tique Tunisie","description":"Chirurgie en Tunisie","publisher":{"@id":"https:\/\/www.tunisie-chirurgie-esthetique.com\/blog\/#organization"},"alternateName":"Forfaits chirurgie esth\u00e9tique Tunisie prix tout compris","potentialAction":[{"@type":"SearchAction","target":{"@type":"EntryPoint","urlTemplate":"https:\/\/www.tunisie-chirurgie-esthetique.com\/blog\/?s={search_term_string}"},"query-input":{"@type":"PropertyValueSpecification","valueRequired":true,"valueName":"search_term_string"}}],"inLanguage":"fr-FR"},{"@type":"Organization","@id":"https:\/\/www.tunisie-chirurgie-esthetique.com\/blog\/#organization","name":"TCE TUNISIE","alternateName":"Chirurgie esth\u00e9tique en Tunisie","url":"https:\/\/www.tunisie-chirurgie-esthetique.com\/blog\/","logo":{"@type":"ImageObject","inLanguage":"fr-FR","@id":"https:\/\/www.tunisie-chirurgie-esthetique.com\/blog\/#\/schema\/logo\/image\/","url":"https:\/\/www.tunisie-chirurgie-esthetique.com\/blog\/wp-content\/uploads\/2022\/08\/fav-tce.png","contentUrl":"https:\/\/www.tunisie-chirurgie-esthetique.com\/blog\/wp-content\/uploads\/2022\/08\/fav-tce.png","width":512,"height":512,"caption":"TCE TUNISIE"},"image":{"@id":"https:\/\/www.tunisie-chirurgie-esthetique.com\/blog\/#\/schema\/logo\/image\/"},"sameAs":["https:\/\/www.facebook.com\/TCETUNISIE\/","https:\/\/x.com\/Tunisie_CE","https:\/\/www.instagram.com\/tunisiece\/","https:\/\/www.linkedin.com\/company\/tunisie-chirurgie-etshetique-tce\/","https:\/\/www.pinterest.fr\/tunisiechirurgi\/","https:\/\/www.youtube.com\/channel\/UCFZHPINDbYAa_yhOk121j7A\/?sub_confirmation=1"]},{"@type":"Person","@id":"https:\/\/www.tunisie-chirurgie-esthetique.com\/blog\/#\/schema\/person\/55f99d583f39ff82c83ea8d20bfb8dac","name":"Dina Legrand","description":"Je m'appelle Dina Legrand, dipl\u00f4m\u00e9e d'un Master en sciences de la sant\u00e9 de l'Universit\u00e9 de Tunis et de Paris. Forte d'une exp\u00e9rience de plus de 15 ans dans le domaine m\u00e9dical, je me suis sp\u00e9cialis\u00e9e dans la r\u00e9daction, la vulgarisation et la gestion de projets scientifiques. Dot\u00e9e d'une grande aisance r\u00e9dactionnelle, j'ai ensuite \u0153uvr\u00e9 en free-lance pour diverses institutions de sant\u00e9. J'ai organis\u00e9 avec succ\u00e8s plusieurs congr\u00e8s m\u00e9dicaux internationaux, requ\u00e9rant rigueur et capacit\u00e9 de gestion de projets complexes. Aimant partager mon savoir, j'anime aujourd'hui le blog Tunisie-chirurgie-esth\u00e9tique.com, v\u00e9ritable r\u00e9f\u00e9rence en mati\u00e8re d'information m\u00e9dicale grand public. Mon objectif est de rendre accessibles des notions parfois ardues, en adoptant un ton p\u00e9dagogique et une plume clarifiant les derni\u00e8res avanc\u00e9es. Forte de ma double comp\u00e9tence m\u00e9dicale et r\u00e9dactionnelle, je me tiens \u00e0 la disposition des professionnels et particuliers pour toute mission d'\u00e9criture, de traduction ou de vulgarisation scientifique.","url":"https:\/\/www.tunisie-chirurgie-esthetique.com\/blog\/author\/nisieshi_tunesth\/"}]}},"_links":{"self":[{"href":"https:\/\/www.tunisie-chirurgie-esthetique.com\/blog\/wp-json\/wp\/v2\/posts\/1791","targetHints":{"allow":["GET"]}}],"collection":[{"href":"https:\/\/www.tunisie-chirurgie-esthetique.com\/blog\/wp-json\/wp\/v2\/posts"}],"about":[{"href":"https:\/\/www.tunisie-chirurgie-esthetique.com\/blog\/wp-json\/wp\/v2\/types\/post"}],"author":[{"embeddable":true,"href":"https:\/\/www.tunisie-chirurgie-esthetique.com\/blog\/wp-json\/wp\/v2\/users\/1"}],"replies":[{"embeddable":true,"href":"https:\/\/www.tunisie-chirurgie-esthetique.com\/blog\/wp-json\/wp\/v2\/comments?post=1791"}],"version-history":[{"count":9,"href":"https:\/\/www.tunisie-chirurgie-esthetique.com\/blog\/wp-json\/wp\/v2\/posts\/1791\/revisions"}],"predecessor-version":[{"id":6773,"href":"https:\/\/www.tunisie-chirurgie-esthetique.com\/blog\/wp-json\/wp\/v2\/posts\/1791\/revisions\/6773"}],"wp:featuredmedia":[{"embeddable":true,"href":"https:\/\/www.tunisie-chirurgie-esthetique.com\/blog\/wp-json\/wp\/v2\/media\/1794"}],"wp:attachment":[{"href":"https:\/\/www.tunisie-chirurgie-esthetique.com\/blog\/wp-json\/wp\/v2\/media?parent=1791"}],"wp:term":[{"taxonomy":"category","embeddable":true,"href":"https:\/\/www.tunisie-chirurgie-esthetique.com\/blog\/wp-json\/wp\/v2\/categories?post=1791"},{"taxonomy":"post_tag","embeddable":true,"href":"https:\/\/www.tunisie-chirurgie-esthetique.com\/blog\/wp-json\/wp\/v2\/tags?post=1791"}],"curies":[{"name":"wp","href":"https:\/\/api.w.org\/{rel}","templated":true}]}}