{"id":1764,"date":"2018-08-28T10:53:46","date_gmt":"2018-08-28T08:53:46","guid":{"rendered":"https:\/\/www.tunisie-chirurgie-esthetique.com\/blog\/?p=1764"},"modified":"2022-08-30T13:42:38","modified_gmt":"2022-08-30T11:42:38","slug":"comment-lutter-contre-la-peau-seche-du-visage","status":"publish","type":"post","link":"https:\/\/www.tunisie-chirurgie-esthetique.com\/blog\/comment-lutter-contre-la-peau-seche-du-visage\/","title":{"rendered":"Comment lutter contre la peau s\u00e8che du visage ?"},"content":{"rendered":"<div id=\"ez-toc-container\" class=\"ez-toc-v2_0_82_2 counter-hierarchy ez-toc-counter ez-toc-light-blue ez-toc-container-direction\">\n<div class=\"ez-toc-title-container\">\n<p class=\"ez-toc-title ez-toc-toggle\" style=\"cursor:pointer\">Sommaire<\/p>\n<span class=\"ez-toc-title-toggle\"><a href=\"#\" class=\"ez-toc-pull-right ez-toc-btn ez-toc-btn-xs ez-toc-btn-default ez-toc-toggle\" aria-label=\"Toggle Table of Content\"><span class=\"ez-toc-js-icon-con\"><span class=\"\"><span class=\"eztoc-hide\" style=\"display:none;\">Toggle<\/span><span class=\"ez-toc-icon-toggle-span\"><svg style=\"fill: #999;color:#999\" xmlns=\"http:\/\/www.w3.org\/2000\/svg\" class=\"list-377408\" width=\"20px\" height=\"20px\" viewBox=\"0 0 24 24\" fill=\"none\"><path d=\"M6 6H4v2h2V6zm14 0H8v2h12V6zM4 11h2v2H4v-2zm16 0H8v2h12v-2zM4 16h2v2H4v-2zm16 0H8v2h12v-2z\" fill=\"currentColor\"><\/path><\/svg><svg style=\"fill: #999;color:#999\" class=\"arrow-unsorted-368013\" xmlns=\"http:\/\/www.w3.org\/2000\/svg\" width=\"10px\" height=\"10px\" viewBox=\"0 0 24 24\" version=\"1.2\" baseProfile=\"tiny\"><path d=\"M18.2 9.3l-6.2-6.3-6.2 6.3c-.2.2-.3.4-.3.7s.1.5.3.7c.2.2.4.3.7.3h11c.3 0 .5-.1.7-.3.2-.2.3-.5.3-.7s-.1-.5-.3-.7zM5.8 14.7l6.2 6.3 6.2-6.3c.2-.2.3-.5.3-.7s-.1-.5-.3-.7c-.2-.2-.4-.3-.7-.3h-11c-.3 0-.5.1-.7.3-.2.2-.3.5-.3.7s.1.5.3.7z\"\/><\/svg><\/span><\/span><\/span><\/a><\/span><\/div>\n<nav><ul class='ez-toc-list ez-toc-list-level-1 eztoc-toggle-hide-by-default' ><li class='ez-toc-page-1 ez-toc-heading-level-2'><a class=\"ez-toc-link ez-toc-heading-1\" href=\"https:\/\/www.tunisie-chirurgie-esthetique.com\/blog\/comment-lutter-contre-la-peau-seche-du-visage\/#Symptomes_de_la_peau_seche\" >Sympt\u00f4mes de la peau s\u00e8che<\/a><\/li><li class='ez-toc-page-1 ez-toc-heading-level-2'><a class=\"ez-toc-link ez-toc-heading-2\" href=\"https:\/\/www.tunisie-chirurgie-esthetique.com\/blog\/comment-lutter-contre-la-peau-seche-du-visage\/#Causes_de_la_peau_seche\" >Causes de la peau s\u00e8che<\/a><\/li><li class='ez-toc-page-1 ez-toc-heading-level-2'><a class=\"ez-toc-link ez-toc-heading-3\" href=\"https:\/\/www.tunisie-chirurgie-esthetique.com\/blog\/comment-lutter-contre-la-peau-seche-du-visage\/#Soins_de_la_peau_seche\" >Soins de la peau s\u00e8che<\/a><\/li><\/ul><\/nav><\/div>\n<p>La s\u00e9cheresse du visage peut entra\u00eener diverses cons\u00e9quences : rugosit\u00e9, desquamations, rougeurs, d\u00e9mangeaisons. Les facteurs expliquant la s\u00e9cheresse cutan\u00e9e du visage sont aussi nombreux que ses cons\u00e9quences. Une peau de visage s\u00e8che concerne aussi bien les peaux normales, les peaux grasses, les peaux mixtes que les peaux s\u00e8ches proprement dite. Quelles sont les solutions pour combattre la peau s\u00e8che du visage ?<\/p>\n<h2><span class=\"ez-toc-section\" id=\"Symptomes_de_la_peau_seche\"><\/span>Sympt\u00f4mes de la peau s\u00e8che<span class=\"ez-toc-section-end\"><\/span><\/h2>\n<p>Tous les types de peau peuvent faire l\u2019objet d\u2019une d\u00e9shydratation. Ce qui entra\u00eene la peau s\u00e8che. Les principaux signes permettant dans ces cas d\u2019identifier une peau s\u00e8che sont : un tiraillement, une rugosit\u00e9, une desquamation ou des d\u00e9mangeaisons. Le risque \u00e9ventuel que cela peut entra\u00eener est le vieillissement de la peau avec l\u2019apparition sur le visage des rides et des ridules pouvant exiger au niveau du traitement, une <a href=\"https:\/\/www.tunisie-chirurgie-esthetique.com\/injection-acide-hyaluronique-tunisie\">injection d\u2019acide hyaluronique<\/a>. Or, une bonne hydratation de la peau permettrait de pr\u00e9venir. Mais avant de parler des rem\u00e8des contre la peau s\u00e8che, il est important d\u2019identifier ses causes.<\/p>\n<h2><span class=\"ez-toc-section\" id=\"Causes_de_la_peau_seche\"><\/span>Causes de la peau s\u00e8che<span class=\"ez-toc-section-end\"><\/span><\/h2>\n<p>La s\u00e9cheresse cutan\u00e9e du visage est caus\u00e9e autant par des causes internes que par des causes externes.<br \/>\nPour parler des facteurs internes de la d\u00e9shydratation de la peau, il faut d\u00e9j\u00e0 rappeler que la peau est constitu\u00e9e d\u2019environ 60% d\u2019eau. L\u2019absence d\u2019\u00e9tanch\u00e9it\u00e9 de la peau fait qu\u2019on assiste \u00e0 une perte quotidienne de cette r\u00e9serve en eau, puisque la peau fait l\u2019objet d\u2019absorption et de rejet des substances pr\u00e9sentes dans l\u2019organisme et dans l\u2019environnement. Le dess\u00e8chement de la peau est, sur le plan interne, la r\u00e9sultante d\u2019une carence en lipides et en prot\u00e9ines qui normalement doivent emp\u00eacher l\u2019hydratation de la peau et assurer son hydratation. Notre capital g\u00e9n\u00e9tique peut aussi \u00eatre responsable de ce probl\u00e8me de peau.<br \/>\nLes facteurs externes du dess\u00e8chement cutan\u00e9 sont quant \u00e0 eux nombreux. Tout commence par la douche ou les bains que nous prenons avec des produits faits \u00e0 base de tensioactifs synth\u00e9tiques et qui d\u00e9truisent le manteau protecteur de la peau, sans oublier que trop de douches ou des douches tr\u00e8s chaudes ont un impact sur la peau. En plus, il y a une \u00e9vaporation de l\u2019eau de notre peau quand nous sortons de la douche.<br \/>\nD\u2019autres causes externes de la s\u00e9cheresse de la peau sont li\u00e9es aux produits cosm\u00e9tiques que nous utilisons, \u00e0 notre alimentation et notre hygi\u00e8ne de vie, le froid, les vents, l\u2019exposition au soleil, le stress, l\u2019\u00e2ge, etc.<\/p>\n<h2><span class=\"ez-toc-section\" id=\"Soins_de_la_peau_seche\"><\/span>Soins de la peau s\u00e8che<span class=\"ez-toc-section-end\"><\/span><\/h2>\n<p>Avant de songer \u00e0 des soins hydratants et nettoyants, il est d\u00e9j\u00e0 important d\u2019\u00e9viter tout ce qui peut contribuer \u00e0 la d\u00e9shydratation de la peau. Pour cette raison, il est d\u00e9conseill\u00e9 de s\u2019exposer longtemps au froid ou au soleil, de r\u00e9duire les bains chauds et leur dur\u00e9e, d\u2019\u00e9viter les soins avec parfum, colorant ou parab\u00e8ne.<br \/>\nPour les soins de la peau, il est n\u00e9cessaire de privil\u00e9gier les soins doux, d\u2019utiliser des cr\u00e8mes hydratantes, ou de recourir \u00e0 des masques de visage. Il existe aussi des huiles essentielles pour la peau s\u00e8che.<\/p>\n","protected":false},"excerpt":{"rendered":"<p>La s\u00e9cheresse du visage peut entra\u00eener diverses cons\u00e9quences : rugosit\u00e9, desquamations, rougeurs, d\u00e9mangeaisons. Les facteurs expliquant la s\u00e9cheresse cutan\u00e9e du visage sont aussi nombreux que ses cons\u00e9quences. Une peau de visage s\u00e8che concerne aussi bien les peaux normales, les peaux grasses, les peaux mixtes que les peaux s\u00e8ches proprement dite. Quelles sont les solutions pour [&hellip;]<\/p>\n","protected":false},"author":1,"featured_media":1766,"comment_status":"closed","ping_status":"closed","sticky":false,"template":"","format":"standard","meta":{"rop_custom_images_group":[],"rop_custom_messages_group":[],"rop_publish_now":"initial","rop_publish_now_accounts":{"facebook_2803965346576775_1735562453331861":"","twitter_4255985368_4255985368":""},"rop_publish_now_history":[],"rop_publish_now_status":"pending","footnotes":""},"categories":[1],"tags":[],"class_list":["post-1764","post","type-post","status-publish","format-standard","has-post-thumbnail","hentry","category-actualite-chirurgie-plastique"],"yoast_head":"<!-- This site is optimized with the Yoast SEO plugin v27.4 - https:\/\/yoast.com\/product\/yoast-seo-wordpress\/ -->\n<title>Comment lutter contre la peau s\u00e8che et rigeuse du visage ?<\/title>\n<meta name=\"description\" content=\"Avant de songer \u00e0 des soins hydratants et nettoyants, il est d\u00e9j\u00e0 important d\u2019\u00e9viter tout ce qui peut contribuer \u00e0 la d\u00e9shydratation de la peau.\" \/>\n<meta name=\"robots\" content=\"index, follow, max-snippet:-1, max-image-preview:large, max-video-preview:-1\" \/>\n<link rel=\"canonical\" href=\"https:\/\/www.tunisie-chirurgie-esthetique.com\/blog\/comment-lutter-contre-la-peau-seche-du-visage\/\" \/>\n<meta property=\"og:locale\" content=\"fr_FR\" \/>\n<meta property=\"og:type\" content=\"article\" \/>\n<meta property=\"og:title\" content=\"Comment lutter contre la peau s\u00e8che et rigeuse du visage ?\" \/>\n<meta property=\"og:description\" content=\"Avant de songer \u00e0 des soins hydratants et nettoyants, il est d\u00e9j\u00e0 important d\u2019\u00e9viter tout ce qui peut contribuer \u00e0 la d\u00e9shydratation de la peau.\" \/>\n<meta property=\"og:url\" content=\"https:\/\/www.tunisie-chirurgie-esthetique.com\/blog\/comment-lutter-contre-la-peau-seche-du-visage\/\" \/>\n<meta property=\"og:site_name\" content=\"Actualit\u00e9s Chirurgie Esth\u00e9tique Tunisie\" \/>\n<meta property=\"article:publisher\" content=\"https:\/\/www.facebook.com\/TCETUNISIE\/\" \/>\n<meta property=\"article:published_time\" content=\"2018-08-28T08:53:46+00:00\" \/>\n<meta property=\"article:modified_time\" content=\"2022-08-30T11:42:38+00:00\" \/>\n<meta property=\"og:image\" content=\"https:\/\/www.tunisie-chirurgie-esthetique.com\/blog\/wp-content\/uploads\/2018\/08\/peau-visage.jpg\" \/>\n\t<meta property=\"og:image:width\" content=\"575\" \/>\n\t<meta property=\"og:image:height\" content=\"262\" \/>\n\t<meta property=\"og:image:type\" content=\"image\/jpeg\" \/>\n<meta name=\"author\" content=\"Dina Legrand\" \/>\n<meta name=\"twitter:card\" content=\"summary_large_image\" \/>\n<meta name=\"twitter:creator\" content=\"@Tunisie_CE\" \/>\n<meta name=\"twitter:site\" content=\"@Tunisie_CE\" \/>\n<meta name=\"twitter:label1\" content=\"\u00c9crit par\" \/>\n\t<meta name=\"twitter:data1\" content=\"Dina Legrand\" \/>\n\t<meta name=\"twitter:label2\" content=\"Dur\u00e9e de lecture estim\u00e9e\" \/>\n\t<meta name=\"twitter:data2\" content=\"3 minutes\" \/>\n<!-- \/ Yoast SEO plugin. -->","yoast_head_json":{"title":"Comment lutter contre la peau s\u00e8che et rigeuse du visage ?","description":"Avant de songer \u00e0 des soins hydratants et nettoyants, il est d\u00e9j\u00e0 important d\u2019\u00e9viter tout ce qui peut contribuer \u00e0 la d\u00e9shydratation de la peau.","robots":{"index":"index","follow":"follow","max-snippet":"max-snippet:-1","max-image-preview":"max-image-preview:large","max-video-preview":"max-video-preview:-1"},"canonical":"https:\/\/www.tunisie-chirurgie-esthetique.com\/blog\/comment-lutter-contre-la-peau-seche-du-visage\/","og_locale":"fr_FR","og_type":"article","og_title":"Comment lutter contre la peau s\u00e8che et rigeuse du visage ?","og_description":"Avant de songer \u00e0 des soins hydratants et nettoyants, il est d\u00e9j\u00e0 important d\u2019\u00e9viter tout ce qui peut contribuer \u00e0 la d\u00e9shydratation de la peau.","og_url":"https:\/\/www.tunisie-chirurgie-esthetique.com\/blog\/comment-lutter-contre-la-peau-seche-du-visage\/","og_site_name":"Actualit\u00e9s Chirurgie Esth\u00e9tique Tunisie","article_publisher":"https:\/\/www.facebook.com\/TCETUNISIE\/","article_published_time":"2018-08-28T08:53:46+00:00","article_modified_time":"2022-08-30T11:42:38+00:00","og_image":[{"width":575,"height":262,"url":"https:\/\/www.tunisie-chirurgie-esthetique.com\/blog\/wp-content\/uploads\/2018\/08\/peau-visage.jpg","type":"image\/jpeg"}],"author":"Dina Legrand","twitter_card":"summary_large_image","twitter_creator":"@Tunisie_CE","twitter_site":"@Tunisie_CE","twitter_misc":{"\u00c9crit par":"Dina Legrand","Dur\u00e9e de lecture estim\u00e9e":"3 minutes"},"schema":{"@context":"https:\/\/schema.org","@graph":[{"@type":["Article","BlogPosting"],"@id":"https:\/\/www.tunisie-chirurgie-esthetique.com\/blog\/comment-lutter-contre-la-peau-seche-du-visage\/#article","isPartOf":{"@id":"https:\/\/www.tunisie-chirurgie-esthetique.com\/blog\/comment-lutter-contre-la-peau-seche-du-visage\/"},"author":{"name":"Dina Legrand","@id":"https:\/\/www.tunisie-chirurgie-esthetique.com\/blog\/#\/schema\/person\/55f99d583f39ff82c83ea8d20bfb8dac"},"headline":"Comment lutter contre la peau s\u00e8che du visage ?","datePublished":"2018-08-28T08:53:46+00:00","dateModified":"2022-08-30T11:42:38+00:00","mainEntityOfPage":{"@id":"https:\/\/www.tunisie-chirurgie-esthetique.com\/blog\/comment-lutter-contre-la-peau-seche-du-visage\/"},"wordCount":573,"publisher":{"@id":"https:\/\/www.tunisie-chirurgie-esthetique.com\/blog\/#organization"},"image":{"@id":"https:\/\/www.tunisie-chirurgie-esthetique.com\/blog\/comment-lutter-contre-la-peau-seche-du-visage\/#primaryimage"},"thumbnailUrl":"https:\/\/www.tunisie-chirurgie-esthetique.com\/blog\/wp-content\/uploads\/2018\/08\/peau-visage.jpg","articleSection":["Guide &amp; Actualit\u00e9 chirurgie plastique"],"inLanguage":"fr-FR"},{"@type":"WebPage","@id":"https:\/\/www.tunisie-chirurgie-esthetique.com\/blog\/comment-lutter-contre-la-peau-seche-du-visage\/","url":"https:\/\/www.tunisie-chirurgie-esthetique.com\/blog\/comment-lutter-contre-la-peau-seche-du-visage\/","name":"Comment lutter contre la peau s\u00e8che et rigeuse du visage ?","isPartOf":{"@id":"https:\/\/www.tunisie-chirurgie-esthetique.com\/blog\/#website"},"primaryImageOfPage":{"@id":"https:\/\/www.tunisie-chirurgie-esthetique.com\/blog\/comment-lutter-contre-la-peau-seche-du-visage\/#primaryimage"},"image":{"@id":"https:\/\/www.tunisie-chirurgie-esthetique.com\/blog\/comment-lutter-contre-la-peau-seche-du-visage\/#primaryimage"},"thumbnailUrl":"https:\/\/www.tunisie-chirurgie-esthetique.com\/blog\/wp-content\/uploads\/2018\/08\/peau-visage.jpg","datePublished":"2018-08-28T08:53:46+00:00","dateModified":"2022-08-30T11:42:38+00:00","description":"Avant de songer \u00e0 des soins hydratants et nettoyants, il est d\u00e9j\u00e0 important d\u2019\u00e9viter tout ce qui peut contribuer \u00e0 la d\u00e9shydratation de la peau.","breadcrumb":{"@id":"https:\/\/www.tunisie-chirurgie-esthetique.com\/blog\/comment-lutter-contre-la-peau-seche-du-visage\/#breadcrumb"},"inLanguage":"fr-FR","potentialAction":[{"@type":"ReadAction","target":["https:\/\/www.tunisie-chirurgie-esthetique.com\/blog\/comment-lutter-contre-la-peau-seche-du-visage\/"]}]},{"@type":"ImageObject","inLanguage":"fr-FR","@id":"https:\/\/www.tunisie-chirurgie-esthetique.com\/blog\/comment-lutter-contre-la-peau-seche-du-visage\/#primaryimage","url":"https:\/\/www.tunisie-chirurgie-esthetique.com\/blog\/wp-content\/uploads\/2018\/08\/peau-visage.jpg","contentUrl":"https:\/\/www.tunisie-chirurgie-esthetique.com\/blog\/wp-content\/uploads\/2018\/08\/peau-visage.jpg","width":575,"height":262},{"@type":"BreadcrumbList","@id":"https:\/\/www.tunisie-chirurgie-esthetique.com\/blog\/comment-lutter-contre-la-peau-seche-du-visage\/#breadcrumb","itemListElement":[{"@type":"ListItem","position":1,"name":"Accueil","item":"https:\/\/www.tunisie-chirurgie-esthetique.com\/blog\/"},{"@type":"ListItem","position":2,"name":"Guide &amp; Actualit\u00e9 chirurgie plastique","item":"https:\/\/www.tunisie-chirurgie-esthetique.com\/blog\/actualite-chirurgie-plastique\/"},{"@type":"ListItem","position":3,"name":"Comment lutter contre la peau s\u00e8che du visage ?"}]},{"@type":"WebSite","@id":"https:\/\/www.tunisie-chirurgie-esthetique.com\/blog\/#website","url":"https:\/\/www.tunisie-chirurgie-esthetique.com\/blog\/","name":"Actualit\u00e9s en chirurgie et m\u00e9decine esth\u00e9tique Tunisie","description":"Chirurgie en Tunisie","publisher":{"@id":"https:\/\/www.tunisie-chirurgie-esthetique.com\/blog\/#organization"},"alternateName":"Forfaits chirurgie esth\u00e9tique Tunisie prix tout compris","potentialAction":[{"@type":"SearchAction","target":{"@type":"EntryPoint","urlTemplate":"https:\/\/www.tunisie-chirurgie-esthetique.com\/blog\/?s={search_term_string}"},"query-input":{"@type":"PropertyValueSpecification","valueRequired":true,"valueName":"search_term_string"}}],"inLanguage":"fr-FR"},{"@type":"Organization","@id":"https:\/\/www.tunisie-chirurgie-esthetique.com\/blog\/#organization","name":"TCE TUNISIE","alternateName":"Chirurgie esth\u00e9tique en Tunisie","url":"https:\/\/www.tunisie-chirurgie-esthetique.com\/blog\/","logo":{"@type":"ImageObject","inLanguage":"fr-FR","@id":"https:\/\/www.tunisie-chirurgie-esthetique.com\/blog\/#\/schema\/logo\/image\/","url":"https:\/\/www.tunisie-chirurgie-esthetique.com\/blog\/wp-content\/uploads\/2022\/08\/fav-tce.png","contentUrl":"https:\/\/www.tunisie-chirurgie-esthetique.com\/blog\/wp-content\/uploads\/2022\/08\/fav-tce.png","width":512,"height":512,"caption":"TCE TUNISIE"},"image":{"@id":"https:\/\/www.tunisie-chirurgie-esthetique.com\/blog\/#\/schema\/logo\/image\/"},"sameAs":["https:\/\/www.facebook.com\/TCETUNISIE\/","https:\/\/x.com\/Tunisie_CE","https:\/\/www.instagram.com\/tunisiece\/","https:\/\/www.linkedin.com\/company\/tunisie-chirurgie-etshetique-tce\/","https:\/\/www.pinterest.fr\/tunisiechirurgi\/","https:\/\/www.youtube.com\/channel\/UCFZHPINDbYAa_yhOk121j7A\/?sub_confirmation=1"]},{"@type":"Person","@id":"https:\/\/www.tunisie-chirurgie-esthetique.com\/blog\/#\/schema\/person\/55f99d583f39ff82c83ea8d20bfb8dac","name":"Dina Legrand","description":"Je m'appelle Dina Legrand, dipl\u00f4m\u00e9e d'un Master en sciences de la sant\u00e9 de l'Universit\u00e9 de Tunis et de Paris. Forte d'une exp\u00e9rience de plus de 15 ans dans le domaine m\u00e9dical, je me suis sp\u00e9cialis\u00e9e dans la r\u00e9daction, la vulgarisation et la gestion de projets scientifiques. Dot\u00e9e d'une grande aisance r\u00e9dactionnelle, j'ai ensuite \u0153uvr\u00e9 en free-lance pour diverses institutions de sant\u00e9. J'ai organis\u00e9 avec succ\u00e8s plusieurs congr\u00e8s m\u00e9dicaux internationaux, requ\u00e9rant rigueur et capacit\u00e9 de gestion de projets complexes. Aimant partager mon savoir, j'anime aujourd'hui le blog Tunisie-chirurgie-esth\u00e9tique.com, v\u00e9ritable r\u00e9f\u00e9rence en mati\u00e8re d'information m\u00e9dicale grand public. Mon objectif est de rendre accessibles des notions parfois ardues, en adoptant un ton p\u00e9dagogique et une plume clarifiant les derni\u00e8res avanc\u00e9es. Forte de ma double comp\u00e9tence m\u00e9dicale et r\u00e9dactionnelle, je me tiens \u00e0 la disposition des professionnels et particuliers pour toute mission d'\u00e9criture, de traduction ou de vulgarisation scientifique.","url":"https:\/\/www.tunisie-chirurgie-esthetique.com\/blog\/author\/nisieshi_tunesth\/"}]}},"_links":{"self":[{"href":"https:\/\/www.tunisie-chirurgie-esthetique.com\/blog\/wp-json\/wp\/v2\/posts\/1764","targetHints":{"allow":["GET"]}}],"collection":[{"href":"https:\/\/www.tunisie-chirurgie-esthetique.com\/blog\/wp-json\/wp\/v2\/posts"}],"about":[{"href":"https:\/\/www.tunisie-chirurgie-esthetique.com\/blog\/wp-json\/wp\/v2\/types\/post"}],"author":[{"embeddable":true,"href":"https:\/\/www.tunisie-chirurgie-esthetique.com\/blog\/wp-json\/wp\/v2\/users\/1"}],"replies":[{"embeddable":true,"href":"https:\/\/www.tunisie-chirurgie-esthetique.com\/blog\/wp-json\/wp\/v2\/comments?post=1764"}],"version-history":[{"count":2,"href":"https:\/\/www.tunisie-chirurgie-esthetique.com\/blog\/wp-json\/wp\/v2\/posts\/1764\/revisions"}],"predecessor-version":[{"id":5397,"href":"https:\/\/www.tunisie-chirurgie-esthetique.com\/blog\/wp-json\/wp\/v2\/posts\/1764\/revisions\/5397"}],"wp:featuredmedia":[{"embeddable":true,"href":"https:\/\/www.tunisie-chirurgie-esthetique.com\/blog\/wp-json\/wp\/v2\/media\/1766"}],"wp:attachment":[{"href":"https:\/\/www.tunisie-chirurgie-esthetique.com\/blog\/wp-json\/wp\/v2\/media?parent=1764"}],"wp:term":[{"taxonomy":"category","embeddable":true,"href":"https:\/\/www.tunisie-chirurgie-esthetique.com\/blog\/wp-json\/wp\/v2\/categories?post=1764"},{"taxonomy":"post_tag","embeddable":true,"href":"https:\/\/www.tunisie-chirurgie-esthetique.com\/blog\/wp-json\/wp\/v2\/tags?post=1764"}],"curies":[{"name":"wp","href":"https:\/\/api.w.org\/{rel}","templated":true}]}}