{"id":1499,"date":"2018-05-29T11:59:55","date_gmt":"2018-05-29T09:59:55","guid":{"rendered":"https:\/\/www.tunisie-chirurgie-esthetique.com\/blog\/?p=1499"},"modified":"2024-07-11T12:35:58","modified_gmt":"2024-07-11T10:35:58","slug":"sarah-fraisou-nouvelle-apparence-apres-chirurgie-esthetique","status":"publish","type":"post","link":"https:\/\/www.tunisie-chirurgie-esthetique.com\/blog\/sarah-fraisou-nouvelle-apparence-apres-chirurgie-esthetique\/","title":{"rendered":"Sarah Fraisou et sa nouvelle apparence apr\u00e8s une chirurgie esth\u00e9tique"},"content":{"rendered":"<p>Sarah Fraisou, candidate des Anges 10, et apr\u00e8s son objectif de perte de poids a publi\u00e9 derni\u00e8rement sa nouvelle silhouette, en affichant toute ravie ses photos sur les r\u00e9seaux sociaux apr\u00e8s avoir r\u00e9alis\u00e9 sa chirurgie esth\u00e9tique.<\/p>\n<p>Suite \u00e0 sa perte de poids en suivant un r\u00e9gime alimentaire sec, Sarah Fraisou a pris sa destination vers la Tunisie pour perfectionner son corps en subissant une transformation par chirurgie esth\u00e9tique.<\/p>\n<p>La starlette de t\u00e9l\u00e9-r\u00e9alit\u00e9 a \u00e9t\u00e9 m\u00e9tamorphos\u00e9 par un lifting mammaire avec proth\u00e8se et une liposuccion compl\u00e8te ainsi qu\u2019une <a href=\"https:\/\/www.tunisie-chirurgie-esthetique.com\/liposuccion-faciale-tunisie\">lipoaspiration du double menton<\/a>.<\/p>\n<p>Le Samedi 21 avril 2018, une apparence souriante, en combinaison moulante, avec un visage tendu au niveau du menton est affich\u00e9e sur son compte priv\u00e9 Snapchat.<\/p>\n<p>La jeune femme a d\u00e9voil\u00e9 \u00e0 ses admirateurs depuis peu de temps qu&#8217;une \u00e9norme transformation allait lui arriver en affichant une photo d\u2019elle, et il s\u2019est av\u00e9r\u00e9 donc qu\u2019elle parlait de son <a href=\"https:\/\/www.tunisie-chirurgie-esthetique.com\/\">intervention esth\u00e9tique en Tunisie<\/a>.<\/p>\n<p>La jolie brune est bien consciente qu\u2019elle doit adopter une alimentation saine apr\u00e8s la chirurgie et qu\u2019elle doit faire attention \u00e0 ce qu\u2019elle mange pour avoir un bon r\u00e9sultat en compl\u00e9mentarit\u00e9 avec l\u2019<a href=\"https:\/\/www.tunisie-chirurgie-esthetique.com\/augmentation-fesses-tunisie\">intervention esth\u00e9tique<\/a> effectu\u00e9e.<\/p>\n<p>A ne pas oublier qu\u2019il ne s\u2019agit pas de la premi\u00e8re intervention esth\u00e9tique de la brunette Sarah Fraisou, puisqu\u2019elle a d\u00e9jaunir lipofilling des fesses (<a href=\"https:\/\/www.tunisie-chirurgie-esthetique.com\/lipofilling-fesses-tunisie\">injection de graisse dans le fessier<\/a>) suite \u00e0 une liposuccion et aspiration des amas graisseux au niveau de son ventre cherchant \u00e9videment \u00e0 obtenir un ventre aplatit et un fessier plus galb\u00e9 et plus arrondi.<\/p>\n<p>A titre d\u2019information, le lifting mammaire (correction pt\u00f4se mammaire et seins tombants) permet de <a href=\"https:\/\/www.tunisie-chirurgie-esthetique.com\/lifting-seins\">rehausser les seins<\/a> alors que les implants mammaires permettent une <a href=\"https:\/\/www.tunisie-chirurgie-esthetique.com\/augmentation-mammaire-tunisie\">restauration du galbe de la poitrine<\/a> en l\u2019arrondissant bien.<\/p>\n<p>Bient\u00f4t, la jeune star retournera dans Les Anges 10 apr\u00e8s avoir r\u00e9alis\u00e9 son projet personnel d\u2019<a href=\"https:\/\/www.tunisie-chirurgie-esthetique.com\/chirurgie-obesite-tunisie\">amincissement<\/a> d\u2019une dizaine de kilos non pas par complexit\u00e9 de son corps, mais plut\u00f4t elle envisage la protection de sa sant\u00e9 selon ses d\u00e9clarations.<\/p>\n","protected":false},"excerpt":{"rendered":"<p>Sarah Fraisou, candidate des Anges 10, et apr\u00e8s son objectif de perte de poids a publi\u00e9 derni\u00e8rement sa nouvelle silhouette, en affichant toute ravie ses photos sur les r\u00e9seaux sociaux apr\u00e8s avoir r\u00e9alis\u00e9 sa chirurgie esth\u00e9tique. Suite \u00e0 sa perte de poids en suivant un r\u00e9gime alimentaire sec, Sarah Fraisou a pris sa destination vers [&hellip;]<\/p>\n","protected":false},"author":1,"featured_media":1502,"comment_status":"closed","ping_status":"closed","sticky":false,"template":"","format":"standard","meta":{"rop_custom_images_group":[],"rop_custom_messages_group":[],"rop_publish_now":"initial","rop_publish_now_accounts":{"facebook_2803965346576775_1735562453331861":"","twitter_4255985368_4255985368":""},"rop_publish_now_history":[],"rop_publish_now_status":"pending","footnotes":""},"categories":[1,2740],"tags":[3369],"class_list":["post-1499","post","type-post","status-publish","format-standard","has-post-thumbnail","hentry","category-actualite-chirurgie-plastique","category-potins-stars-tele-realite","tag-sarah-fraisou-chirurgie-avant"],"yoast_head":"<!-- This site is optimized with the Yoast SEO plugin v27.4 - https:\/\/yoast.com\/product\/yoast-seo-wordpress\/ -->\n<title>Sarah Fraisou et sa nouvelle apparence apr\u00e8s une chirurgie esth\u00e9tique<\/title>\n<meta name=\"description\" content=\"Sarah Fraisou a pris sa destination vers la Tunisie pour perfectionner son corps en subissant une transformation par chirurgie esth\u00e9tique.\" \/>\n<meta name=\"robots\" content=\"index, follow, max-snippet:-1, max-image-preview:large, max-video-preview:-1\" \/>\n<link rel=\"canonical\" href=\"https:\/\/www.tunisie-chirurgie-esthetique.com\/blog\/sarah-fraisou-nouvelle-apparence-apres-chirurgie-esthetique\/\" \/>\n<meta property=\"og:locale\" content=\"fr_FR\" \/>\n<meta property=\"og:type\" content=\"article\" \/>\n<meta property=\"og:title\" content=\"Sarah Fraisou et sa nouvelle apparence apr\u00e8s une chirurgie esth\u00e9tique\" \/>\n<meta property=\"og:description\" content=\"Sarah Fraisou a pris sa destination vers la Tunisie pour perfectionner son corps en subissant une transformation par chirurgie esth\u00e9tique.\" \/>\n<meta property=\"og:url\" content=\"https:\/\/www.tunisie-chirurgie-esthetique.com\/blog\/sarah-fraisou-nouvelle-apparence-apres-chirurgie-esthetique\/\" \/>\n<meta property=\"og:site_name\" content=\"Actualit\u00e9s Chirurgie Esth\u00e9tique Tunisie\" \/>\n<meta property=\"article:publisher\" content=\"https:\/\/www.facebook.com\/TCETUNISIE\/\" \/>\n<meta property=\"article:published_time\" content=\"2018-05-29T09:59:55+00:00\" \/>\n<meta property=\"article:modified_time\" content=\"2024-07-11T10:35:58+00:00\" \/>\n<meta property=\"og:image\" content=\"https:\/\/www.tunisie-chirurgie-esthetique.com\/blog\/wp-content\/uploads\/2018\/04\/chirurgie-esthetique-sarah-fraisou.jpg\" \/>\n\t<meta property=\"og:image:width\" content=\"640\" \/>\n\t<meta property=\"og:image:height\" content=\"362\" \/>\n\t<meta property=\"og:image:type\" content=\"image\/jpeg\" \/>\n<meta name=\"author\" content=\"Dina Legrand\" \/>\n<meta name=\"twitter:card\" content=\"summary_large_image\" \/>\n<meta name=\"twitter:creator\" content=\"@Tunisie_CE\" \/>\n<meta name=\"twitter:site\" content=\"@Tunisie_CE\" \/>\n<meta name=\"twitter:label1\" content=\"\u00c9crit par\" \/>\n\t<meta name=\"twitter:data1\" content=\"Dina Legrand\" \/>\n\t<meta name=\"twitter:label2\" content=\"Dur\u00e9e de lecture estim\u00e9e\" \/>\n\t<meta name=\"twitter:data2\" content=\"2 minutes\" \/>\n<!-- \/ Yoast SEO plugin. -->","yoast_head_json":{"title":"Sarah Fraisou et sa nouvelle apparence apr\u00e8s une chirurgie esth\u00e9tique","description":"Sarah Fraisou a pris sa destination vers la Tunisie pour perfectionner son corps en subissant une transformation par chirurgie esth\u00e9tique.","robots":{"index":"index","follow":"follow","max-snippet":"max-snippet:-1","max-image-preview":"max-image-preview:large","max-video-preview":"max-video-preview:-1"},"canonical":"https:\/\/www.tunisie-chirurgie-esthetique.com\/blog\/sarah-fraisou-nouvelle-apparence-apres-chirurgie-esthetique\/","og_locale":"fr_FR","og_type":"article","og_title":"Sarah Fraisou et sa nouvelle apparence apr\u00e8s une chirurgie esth\u00e9tique","og_description":"Sarah Fraisou a pris sa destination vers la Tunisie pour perfectionner son corps en subissant une transformation par chirurgie esth\u00e9tique.","og_url":"https:\/\/www.tunisie-chirurgie-esthetique.com\/blog\/sarah-fraisou-nouvelle-apparence-apres-chirurgie-esthetique\/","og_site_name":"Actualit\u00e9s Chirurgie Esth\u00e9tique Tunisie","article_publisher":"https:\/\/www.facebook.com\/TCETUNISIE\/","article_published_time":"2018-05-29T09:59:55+00:00","article_modified_time":"2024-07-11T10:35:58+00:00","og_image":[{"width":640,"height":362,"url":"https:\/\/www.tunisie-chirurgie-esthetique.com\/blog\/wp-content\/uploads\/2018\/04\/chirurgie-esthetique-sarah-fraisou.jpg","type":"image\/jpeg"}],"author":"Dina Legrand","twitter_card":"summary_large_image","twitter_creator":"@Tunisie_CE","twitter_site":"@Tunisie_CE","twitter_misc":{"\u00c9crit par":"Dina Legrand","Dur\u00e9e de lecture estim\u00e9e":"2 minutes"},"schema":{"@context":"https:\/\/schema.org","@graph":[{"@type":["Article","BlogPosting"],"@id":"https:\/\/www.tunisie-chirurgie-esthetique.com\/blog\/sarah-fraisou-nouvelle-apparence-apres-chirurgie-esthetique\/#article","isPartOf":{"@id":"https:\/\/www.tunisie-chirurgie-esthetique.com\/blog\/sarah-fraisou-nouvelle-apparence-apres-chirurgie-esthetique\/"},"author":{"name":"Dina Legrand","@id":"https:\/\/www.tunisie-chirurgie-esthetique.com\/blog\/#\/schema\/person\/55f99d583f39ff82c83ea8d20bfb8dac"},"headline":"Sarah Fraisou et sa nouvelle apparence apr\u00e8s une chirurgie esth\u00e9tique","datePublished":"2018-05-29T09:59:55+00:00","dateModified":"2024-07-11T10:35:58+00:00","mainEntityOfPage":{"@id":"https:\/\/www.tunisie-chirurgie-esthetique.com\/blog\/sarah-fraisou-nouvelle-apparence-apres-chirurgie-esthetique\/"},"wordCount":369,"publisher":{"@id":"https:\/\/www.tunisie-chirurgie-esthetique.com\/blog\/#organization"},"image":{"@id":"https:\/\/www.tunisie-chirurgie-esthetique.com\/blog\/sarah-fraisou-nouvelle-apparence-apres-chirurgie-esthetique\/#primaryimage"},"thumbnailUrl":"https:\/\/www.tunisie-chirurgie-esthetique.com\/blog\/wp-content\/uploads\/2018\/04\/chirurgie-esthetique-sarah-fraisou.jpg","keywords":["sarah fraisou chirurgie avant"],"articleSection":["Guide &amp; Actualit\u00e9 chirurgie plastique","Potins Stars T\u00e9l\u00e9-r\u00e9alit\u00e9"],"inLanguage":"fr-FR"},{"@type":"WebPage","@id":"https:\/\/www.tunisie-chirurgie-esthetique.com\/blog\/sarah-fraisou-nouvelle-apparence-apres-chirurgie-esthetique\/","url":"https:\/\/www.tunisie-chirurgie-esthetique.com\/blog\/sarah-fraisou-nouvelle-apparence-apres-chirurgie-esthetique\/","name":"Sarah Fraisou et sa nouvelle apparence apr\u00e8s une chirurgie esth\u00e9tique","isPartOf":{"@id":"https:\/\/www.tunisie-chirurgie-esthetique.com\/blog\/#website"},"primaryImageOfPage":{"@id":"https:\/\/www.tunisie-chirurgie-esthetique.com\/blog\/sarah-fraisou-nouvelle-apparence-apres-chirurgie-esthetique\/#primaryimage"},"image":{"@id":"https:\/\/www.tunisie-chirurgie-esthetique.com\/blog\/sarah-fraisou-nouvelle-apparence-apres-chirurgie-esthetique\/#primaryimage"},"thumbnailUrl":"https:\/\/www.tunisie-chirurgie-esthetique.com\/blog\/wp-content\/uploads\/2018\/04\/chirurgie-esthetique-sarah-fraisou.jpg","datePublished":"2018-05-29T09:59:55+00:00","dateModified":"2024-07-11T10:35:58+00:00","description":"Sarah Fraisou a pris sa destination vers la Tunisie pour perfectionner son corps en subissant une transformation par chirurgie esth\u00e9tique.","breadcrumb":{"@id":"https:\/\/www.tunisie-chirurgie-esthetique.com\/blog\/sarah-fraisou-nouvelle-apparence-apres-chirurgie-esthetique\/#breadcrumb"},"inLanguage":"fr-FR","potentialAction":[{"@type":"ReadAction","target":["https:\/\/www.tunisie-chirurgie-esthetique.com\/blog\/sarah-fraisou-nouvelle-apparence-apres-chirurgie-esthetique\/"]}]},{"@type":"ImageObject","inLanguage":"fr-FR","@id":"https:\/\/www.tunisie-chirurgie-esthetique.com\/blog\/sarah-fraisou-nouvelle-apparence-apres-chirurgie-esthetique\/#primaryimage","url":"https:\/\/www.tunisie-chirurgie-esthetique.com\/blog\/wp-content\/uploads\/2018\/04\/chirurgie-esthetique-sarah-fraisou.jpg","contentUrl":"https:\/\/www.tunisie-chirurgie-esthetique.com\/blog\/wp-content\/uploads\/2018\/04\/chirurgie-esthetique-sarah-fraisou.jpg","width":640,"height":362},{"@type":"BreadcrumbList","@id":"https:\/\/www.tunisie-chirurgie-esthetique.com\/blog\/sarah-fraisou-nouvelle-apparence-apres-chirurgie-esthetique\/#breadcrumb","itemListElement":[{"@type":"ListItem","position":1,"name":"Accueil","item":"https:\/\/www.tunisie-chirurgie-esthetique.com\/blog\/"},{"@type":"ListItem","position":2,"name":"Guide &amp; Actualit\u00e9 chirurgie plastique","item":"https:\/\/www.tunisie-chirurgie-esthetique.com\/blog\/actualite-chirurgie-plastique\/"},{"@type":"ListItem","position":3,"name":"Sarah Fraisou et sa nouvelle apparence apr\u00e8s une chirurgie esth\u00e9tique"}]},{"@type":"WebSite","@id":"https:\/\/www.tunisie-chirurgie-esthetique.com\/blog\/#website","url":"https:\/\/www.tunisie-chirurgie-esthetique.com\/blog\/","name":"Actualit\u00e9s en chirurgie et m\u00e9decine esth\u00e9tique Tunisie","description":"Chirurgie en Tunisie","publisher":{"@id":"https:\/\/www.tunisie-chirurgie-esthetique.com\/blog\/#organization"},"alternateName":"Forfaits chirurgie esth\u00e9tique Tunisie prix tout compris","potentialAction":[{"@type":"SearchAction","target":{"@type":"EntryPoint","urlTemplate":"https:\/\/www.tunisie-chirurgie-esthetique.com\/blog\/?s={search_term_string}"},"query-input":{"@type":"PropertyValueSpecification","valueRequired":true,"valueName":"search_term_string"}}],"inLanguage":"fr-FR"},{"@type":"Organization","@id":"https:\/\/www.tunisie-chirurgie-esthetique.com\/blog\/#organization","name":"TCE TUNISIE","alternateName":"Chirurgie esth\u00e9tique en Tunisie","url":"https:\/\/www.tunisie-chirurgie-esthetique.com\/blog\/","logo":{"@type":"ImageObject","inLanguage":"fr-FR","@id":"https:\/\/www.tunisie-chirurgie-esthetique.com\/blog\/#\/schema\/logo\/image\/","url":"https:\/\/www.tunisie-chirurgie-esthetique.com\/blog\/wp-content\/uploads\/2022\/08\/fav-tce.png","contentUrl":"https:\/\/www.tunisie-chirurgie-esthetique.com\/blog\/wp-content\/uploads\/2022\/08\/fav-tce.png","width":512,"height":512,"caption":"TCE TUNISIE"},"image":{"@id":"https:\/\/www.tunisie-chirurgie-esthetique.com\/blog\/#\/schema\/logo\/image\/"},"sameAs":["https:\/\/www.facebook.com\/TCETUNISIE\/","https:\/\/x.com\/Tunisie_CE","https:\/\/www.instagram.com\/tunisiece\/","https:\/\/www.linkedin.com\/company\/tunisie-chirurgie-etshetique-tce\/","https:\/\/www.pinterest.fr\/tunisiechirurgi\/","https:\/\/www.youtube.com\/channel\/UCFZHPINDbYAa_yhOk121j7A\/?sub_confirmation=1"]},{"@type":"Person","@id":"https:\/\/www.tunisie-chirurgie-esthetique.com\/blog\/#\/schema\/person\/55f99d583f39ff82c83ea8d20bfb8dac","name":"Dina Legrand","description":"Je m'appelle Dina Legrand, dipl\u00f4m\u00e9e d'un Master en sciences de la sant\u00e9 de l'Universit\u00e9 de Tunis et de Paris. Forte d'une exp\u00e9rience de plus de 15 ans dans le domaine m\u00e9dical, je me suis sp\u00e9cialis\u00e9e dans la r\u00e9daction, la vulgarisation et la gestion de projets scientifiques. Dot\u00e9e d'une grande aisance r\u00e9dactionnelle, j'ai ensuite \u0153uvr\u00e9 en free-lance pour diverses institutions de sant\u00e9. J'ai organis\u00e9 avec succ\u00e8s plusieurs congr\u00e8s m\u00e9dicaux internationaux, requ\u00e9rant rigueur et capacit\u00e9 de gestion de projets complexes. Aimant partager mon savoir, j'anime aujourd'hui le blog Tunisie-chirurgie-esth\u00e9tique.com, v\u00e9ritable r\u00e9f\u00e9rence en mati\u00e8re d'information m\u00e9dicale grand public. Mon objectif est de rendre accessibles des notions parfois ardues, en adoptant un ton p\u00e9dagogique et une plume clarifiant les derni\u00e8res avanc\u00e9es. Forte de ma double comp\u00e9tence m\u00e9dicale et r\u00e9dactionnelle, je me tiens \u00e0 la disposition des professionnels et particuliers pour toute mission d'\u00e9criture, de traduction ou de vulgarisation scientifique.","url":"https:\/\/www.tunisie-chirurgie-esthetique.com\/blog\/author\/nisieshi_tunesth\/"}]}},"_links":{"self":[{"href":"https:\/\/www.tunisie-chirurgie-esthetique.com\/blog\/wp-json\/wp\/v2\/posts\/1499","targetHints":{"allow":["GET"]}}],"collection":[{"href":"https:\/\/www.tunisie-chirurgie-esthetique.com\/blog\/wp-json\/wp\/v2\/posts"}],"about":[{"href":"https:\/\/www.tunisie-chirurgie-esthetique.com\/blog\/wp-json\/wp\/v2\/types\/post"}],"author":[{"embeddable":true,"href":"https:\/\/www.tunisie-chirurgie-esthetique.com\/blog\/wp-json\/wp\/v2\/users\/1"}],"replies":[{"embeddable":true,"href":"https:\/\/www.tunisie-chirurgie-esthetique.com\/blog\/wp-json\/wp\/v2\/comments?post=1499"}],"version-history":[{"count":8,"href":"https:\/\/www.tunisie-chirurgie-esthetique.com\/blog\/wp-json\/wp\/v2\/posts\/1499\/revisions"}],"predecessor-version":[{"id":6429,"href":"https:\/\/www.tunisie-chirurgie-esthetique.com\/blog\/wp-json\/wp\/v2\/posts\/1499\/revisions\/6429"}],"wp:featuredmedia":[{"embeddable":true,"href":"https:\/\/www.tunisie-chirurgie-esthetique.com\/blog\/wp-json\/wp\/v2\/media\/1502"}],"wp:attachment":[{"href":"https:\/\/www.tunisie-chirurgie-esthetique.com\/blog\/wp-json\/wp\/v2\/media?parent=1499"}],"wp:term":[{"taxonomy":"category","embeddable":true,"href":"https:\/\/www.tunisie-chirurgie-esthetique.com\/blog\/wp-json\/wp\/v2\/categories?post=1499"},{"taxonomy":"post_tag","embeddable":true,"href":"https:\/\/www.tunisie-chirurgie-esthetique.com\/blog\/wp-json\/wp\/v2\/tags?post=1499"}],"curies":[{"name":"wp","href":"https:\/\/api.w.org\/{rel}","templated":true}]}}